{"id":14368,"date":"2026-04-23T07:36:56","date_gmt":"2026-04-23T07:36:56","guid":{"rendered":"https:\/\/www.fsegura.com\/?p=14368"},"modified":"2026-04-27T12:25:40","modified_gmt":"2026-04-27T12:25:40","slug":"xi-spanisch-marokkanisches-treffen-der-automobilindustrie","status":"publish","type":"post","link":"https:\/\/www.fsegura.com\/de\/xi-spanisch-marokkanisches-treffen-der-automobilindustrie\/","title":{"rendered":"XI. Spanisch-Marokkanisches Treffen der Automobilindustrie"},"content":{"rendered":"\n<p>Unsere Teilnahme an der spanisch-marokkanischen Veranstaltung im Hotel Barcel\u00f3 markiert einen weiteren Meilenstein auf dem Weg der Grupo Segura.<\/p>\n\n\n\n<p>Wir st\u00e4rken weiterhin unser Engagement im Automobilsektor und positionieren die Grupo Segura in einem dynamischen \u00d6kosystem, das Europa und Nordafrika verbindet und neue M\u00f6glichkeiten f\u00fcr nachhaltiges Wachstum er\u00f6ffnet.<\/p>\n\n\n\n<p>Als globaler Partner bringt die Grupo Segura fundierte Expertise in komplexen industriellen Prozessen ein, die auf die hohen Standards und die sich entwickelnden Anforderungen des marokkanischen Automobilmarktes abgestimmt sind.<\/p>\n\n\n\n<p>Ein besonderer Dank geht an AVIA (Cl\u00faster de Automoci\u00f3n y Movilidad) und dessen Direktorin, Jackie S\u00e1nchez-Molero Fern\u00e1ndez, f\u00fcr die hervorragende Organisation und Unterst\u00fctzung bei der Durchf\u00fchrung dieser wertvollen Veranstaltung<\/p>\n","protected":false},"excerpt":{"rendered":"<p>Unsere Teilnahme an der spanisch-marokkanischen Veranstaltung im Hotel Barcel\u00f3 markiert einen weiteren Meilenstein auf dem Weg der Grupo Segura. Wir st\u00e4rken weiterhin unser Engagement im Automobilsektor und positionieren die Grupo Segura in einem dynamischen \u00d6kosystem, das Europa und Nordafrika verbindet und neue M\u00f6glichkeiten f\u00fcr nachhaltiges Wachstum er\u00f6ffnet. Als globaler Partner bringt die Grupo Segura fundierte [&hellip;]<\/p>\n","protected":false},"author":2,"featured_media":14360,"comment_status":"open","ping_status":"open","sticky":false,"template":"","format":"standard","meta":{"_acf_changed":false,"_eb_attr":"","footnotes":""},"categories":[46],"tags":[],"class_list":["post-14368","post","type-post","status-publish","format-standard","has-post-thumbnail","hentry","category-nicht-kategorisiert"],"acf":[],"yoast_head":"<!-- This site is optimized with the Yoast SEO plugin v27.4 - https:\/\/yoast.com\/product\/yoast-seo-wordpress\/ -->\n<title>XI. Spanisch-Marokkanisches Treffen der Automobilindustrie - Grupo Segura<\/title>\n<meta name=\"robots\" content=\"index, follow, max-snippet:-1, max-image-preview:large, max-video-preview:-1\" \/>\n<link rel=\"canonical\" href=\"https:\/\/www.fsegura.com\/de\/xi-spanisch-marokkanisches-treffen-der-automobilindustrie\/\" \/>\n<meta property=\"og:locale\" content=\"de_DE\" \/>\n<meta property=\"og:type\" content=\"article\" \/>\n<meta property=\"og:title\" content=\"XI. Spanisch-Marokkanisches Treffen der Automobilindustrie - Grupo Segura\" \/>\n<meta property=\"og:description\" content=\"Unsere Teilnahme an der spanisch-marokkanischen Veranstaltung im Hotel Barcel\u00f3 markiert einen weiteren Meilenstein auf dem Weg der Grupo Segura. Wir st\u00e4rken weiterhin unser Engagement im Automobilsektor und positionieren die Grupo Segura in einem dynamischen \u00d6kosystem, das Europa und Nordafrika verbindet und neue M\u00f6glichkeiten f\u00fcr nachhaltiges Wachstum er\u00f6ffnet. Als globaler Partner bringt die Grupo Segura fundierte [&hellip;]\" \/>\n<meta property=\"og:url\" content=\"https:\/\/www.fsegura.com\/de\/xi-spanisch-marokkanisches-treffen-der-automobilindustrie\/\" \/>\n<meta property=\"og:site_name\" content=\"Grupo Segura\" \/>\n<meta property=\"article:published_time\" content=\"2026-04-23T07:36:56+00:00\" \/>\n<meta property=\"article:modified_time\" content=\"2026-04-27T12:25:40+00:00\" \/>\n<meta property=\"og:image\" content=\"https:\/\/www.fsegura.com\/wp-content\/uploads\/2026\/04\/Imagen-2-scaled.jpg\" \/>\n\t<meta property=\"og:image:width\" content=\"1920\" \/>\n\t<meta property=\"og:image:height\" content=\"2560\" \/>\n\t<meta property=\"og:image:type\" content=\"image\/jpeg\" \/>\n<meta name=\"author\" content=\"jolcina@fsegura.com\" \/>\n<meta name=\"twitter:card\" content=\"summary_large_image\" \/>\n<meta name=\"twitter:label1\" content=\"Verfasst von\" \/>\n\t<meta name=\"twitter:data1\" content=\"jolcina@fsegura.com\" \/>\n\t<meta name=\"twitter:label2\" content=\"Gesch\u00e4tzte Lesezeit\" \/>\n\t<meta name=\"twitter:data2\" content=\"1\u00a0Minute\" \/>\n<script type=\"application\/ld+json\" class=\"yoast-schema-graph\">{\"@context\":\"https:\\\/\\\/schema.org\",\"@graph\":[{\"@type\":\"Article\",\"@id\":\"https:\\\/\\\/www.fsegura.com\\\/de\\\/xi-spanisch-marokkanisches-treffen-der-automobilindustrie\\\/#article\",\"isPartOf\":{\"@id\":\"https:\\\/\\\/www.fsegura.com\\\/de\\\/xi-spanisch-marokkanisches-treffen-der-automobilindustrie\\\/\"},\"author\":{\"name\":\"jolcina@fsegura.com\",\"@id\":\"https:\\\/\\\/www.fsegura.com\\\/de\\\/#\\\/schema\\\/person\\\/58e29659d7ebc66e5805f25f8eece3b9\"},\"headline\":\"XI. Spanisch-Marokkanisches Treffen der Automobilindustrie\",\"datePublished\":\"2026-04-23T07:36:56+00:00\",\"dateModified\":\"2026-04-27T12:25:40+00:00\",\"mainEntityOfPage\":{\"@id\":\"https:\\\/\\\/www.fsegura.com\\\/de\\\/xi-spanisch-marokkanisches-treffen-der-automobilindustrie\\\/\"},\"wordCount\":121,\"commentCount\":0,\"publisher\":{\"@id\":\"https:\\\/\\\/www.fsegura.com\\\/de\\\/#organization\"},\"image\":{\"@id\":\"https:\\\/\\\/www.fsegura.com\\\/de\\\/xi-spanisch-marokkanisches-treffen-der-automobilindustrie\\\/#primaryimage\"},\"thumbnailUrl\":\"https:\\\/\\\/www.fsegura.com\\\/wp-content\\\/uploads\\\/2026\\\/04\\\/Imagen-2-scaled.jpg\",\"articleSection\":[\"Nicht kategorisiert\"],\"inLanguage\":\"de\",\"potentialAction\":[{\"@type\":\"CommentAction\",\"name\":\"Comment\",\"target\":[\"https:\\\/\\\/www.fsegura.com\\\/de\\\/xi-spanisch-marokkanisches-treffen-der-automobilindustrie\\\/#respond\"]}]},{\"@type\":\"WebPage\",\"@id\":\"https:\\\/\\\/www.fsegura.com\\\/de\\\/xi-spanisch-marokkanisches-treffen-der-automobilindustrie\\\/\",\"url\":\"https:\\\/\\\/www.fsegura.com\\\/de\\\/xi-spanisch-marokkanisches-treffen-der-automobilindustrie\\\/\",\"name\":\"XI. Spanisch-Marokkanisches Treffen der Automobilindustrie - Grupo Segura\",\"isPartOf\":{\"@id\":\"https:\\\/\\\/www.fsegura.com\\\/de\\\/#website\"},\"primaryImageOfPage\":{\"@id\":\"https:\\\/\\\/www.fsegura.com\\\/de\\\/xi-spanisch-marokkanisches-treffen-der-automobilindustrie\\\/#primaryimage\"},\"image\":{\"@id\":\"https:\\\/\\\/www.fsegura.com\\\/de\\\/xi-spanisch-marokkanisches-treffen-der-automobilindustrie\\\/#primaryimage\"},\"thumbnailUrl\":\"https:\\\/\\\/www.fsegura.com\\\/wp-content\\\/uploads\\\/2026\\\/04\\\/Imagen-2-scaled.jpg\",\"datePublished\":\"2026-04-23T07:36:56+00:00\",\"dateModified\":\"2026-04-27T12:25:40+00:00\",\"breadcrumb\":{\"@id\":\"https:\\\/\\\/www.fsegura.com\\\/de\\\/xi-spanisch-marokkanisches-treffen-der-automobilindustrie\\\/#breadcrumb\"},\"inLanguage\":\"de\",\"potentialAction\":[{\"@type\":\"ReadAction\",\"target\":[\"https:\\\/\\\/www.fsegura.com\\\/de\\\/xi-spanisch-marokkanisches-treffen-der-automobilindustrie\\\/\"]}]},{\"@type\":\"ImageObject\",\"inLanguage\":\"de\",\"@id\":\"https:\\\/\\\/www.fsegura.com\\\/de\\\/xi-spanisch-marokkanisches-treffen-der-automobilindustrie\\\/#primaryimage\",\"url\":\"https:\\\/\\\/www.fsegura.com\\\/wp-content\\\/uploads\\\/2026\\\/04\\\/Imagen-2-scaled.jpg\",\"contentUrl\":\"https:\\\/\\\/www.fsegura.com\\\/wp-content\\\/uploads\\\/2026\\\/04\\\/Imagen-2-scaled.jpg\",\"width\":1920,\"height\":2560},{\"@type\":\"BreadcrumbList\",\"@id\":\"https:\\\/\\\/www.fsegura.com\\\/de\\\/xi-spanisch-marokkanisches-treffen-der-automobilindustrie\\\/#breadcrumb\",\"itemListElement\":[{\"@type\":\"ListItem\",\"position\":1,\"name\":\"Portada\",\"item\":\"https:\\\/\\\/www.fsegura.com\\\/de\\\/\"},{\"@type\":\"ListItem\",\"position\":2,\"name\":\"XI. Spanisch-Marokkanisches Treffen der Automobilindustrie\"}]},{\"@type\":\"WebSite\",\"@id\":\"https:\\\/\\\/www.fsegura.com\\\/de\\\/#website\",\"url\":\"https:\\\/\\\/www.fsegura.com\\\/de\\\/\",\"name\":\"Grupo Segura\",\"description\":\"Partner global para componentes de la automoci\u00f3n\",\"publisher\":{\"@id\":\"https:\\\/\\\/www.fsegura.com\\\/de\\\/#organization\"},\"potentialAction\":[{\"@type\":\"SearchAction\",\"target\":{\"@type\":\"EntryPoint\",\"urlTemplate\":\"https:\\\/\\\/www.fsegura.com\\\/de\\\/?s={search_term_string}\"},\"query-input\":{\"@type\":\"PropertyValueSpecification\",\"valueRequired\":true,\"valueName\":\"search_term_string\"}}],\"inLanguage\":\"de\"},{\"@type\":\"Organization\",\"@id\":\"https:\\\/\\\/www.fsegura.com\\\/de\\\/#organization\",\"name\":\"Grupo Segura\",\"url\":\"https:\\\/\\\/www.fsegura.com\\\/de\\\/\",\"logo\":{\"@type\":\"ImageObject\",\"inLanguage\":\"de\",\"@id\":\"https:\\\/\\\/www.fsegura.com\\\/de\\\/#\\\/schema\\\/logo\\\/image\\\/\",\"url\":\"https:\\\/\\\/www.fsegura.com\\\/wp-content\\\/uploads\\\/2025\\\/09\\\/grupo-segura.jpg\",\"contentUrl\":\"https:\\\/\\\/www.fsegura.com\\\/wp-content\\\/uploads\\\/2025\\\/09\\\/grupo-segura.jpg\",\"width\":458,\"height\":136,\"caption\":\"Grupo Segura\"},\"image\":{\"@id\":\"https:\\\/\\\/www.fsegura.com\\\/de\\\/#\\\/schema\\\/logo\\\/image\\\/\"}},{\"@type\":\"Person\",\"@id\":\"https:\\\/\\\/www.fsegura.com\\\/de\\\/#\\\/schema\\\/person\\\/58e29659d7ebc66e5805f25f8eece3b9\",\"name\":\"jolcina@fsegura.com\",\"image\":{\"@type\":\"ImageObject\",\"inLanguage\":\"de\",\"@id\":\"https:\\\/\\\/secure.gravatar.com\\\/avatar\\\/39c144bd5dfad54977c993995b68d5a419fe0a712fa4f9238da13b48e472c511?s=96&d=mm&r=g\",\"url\":\"https:\\\/\\\/secure.gravatar.com\\\/avatar\\\/39c144bd5dfad54977c993995b68d5a419fe0a712fa4f9238da13b48e472c511?s=96&d=mm&r=g\",\"contentUrl\":\"https:\\\/\\\/secure.gravatar.com\\\/avatar\\\/39c144bd5dfad54977c993995b68d5a419fe0a712fa4f9238da13b48e472c511?s=96&d=mm&r=g\",\"caption\":\"jolcina@fsegura.com\"},\"url\":\"https:\\\/\\\/www.fsegura.com\\\/de\\\/author\\\/jolcinafsegura-com\\\/\"}]}<\/script>\n<!-- \/ Yoast SEO plugin. -->","yoast_head_json":{"title":"XI. Spanisch-Marokkanisches Treffen der Automobilindustrie - Grupo Segura","robots":{"index":"index","follow":"follow","max-snippet":"max-snippet:-1","max-image-preview":"max-image-preview:large","max-video-preview":"max-video-preview:-1"},"canonical":"https:\/\/www.fsegura.com\/de\/xi-spanisch-marokkanisches-treffen-der-automobilindustrie\/","og_locale":"de_DE","og_type":"article","og_title":"XI. Spanisch-Marokkanisches Treffen der Automobilindustrie - Grupo Segura","og_description":"Unsere Teilnahme an der spanisch-marokkanischen Veranstaltung im Hotel Barcel\u00f3 markiert einen weiteren Meilenstein auf dem Weg der Grupo Segura. Wir st\u00e4rken weiterhin unser Engagement im Automobilsektor und positionieren die Grupo Segura in einem dynamischen \u00d6kosystem, das Europa und Nordafrika verbindet und neue M\u00f6glichkeiten f\u00fcr nachhaltiges Wachstum er\u00f6ffnet. Als globaler Partner bringt die Grupo Segura fundierte [&hellip;]","og_url":"https:\/\/www.fsegura.com\/de\/xi-spanisch-marokkanisches-treffen-der-automobilindustrie\/","og_site_name":"Grupo Segura","article_published_time":"2026-04-23T07:36:56+00:00","article_modified_time":"2026-04-27T12:25:40+00:00","og_image":[{"width":1920,"height":2560,"url":"https:\/\/www.fsegura.com\/wp-content\/uploads\/2026\/04\/Imagen-2-scaled.jpg","type":"image\/jpeg"}],"author":"jolcina@fsegura.com","twitter_card":"summary_large_image","twitter_misc":{"Verfasst von":"jolcina@fsegura.com","Gesch\u00e4tzte Lesezeit":"1\u00a0Minute"},"schema":{"@context":"https:\/\/schema.org","@graph":[{"@type":"Article","@id":"https:\/\/www.fsegura.com\/de\/xi-spanisch-marokkanisches-treffen-der-automobilindustrie\/#article","isPartOf":{"@id":"https:\/\/www.fsegura.com\/de\/xi-spanisch-marokkanisches-treffen-der-automobilindustrie\/"},"author":{"name":"jolcina@fsegura.com","@id":"https:\/\/www.fsegura.com\/de\/#\/schema\/person\/58e29659d7ebc66e5805f25f8eece3b9"},"headline":"XI. Spanisch-Marokkanisches Treffen der Automobilindustrie","datePublished":"2026-04-23T07:36:56+00:00","dateModified":"2026-04-27T12:25:40+00:00","mainEntityOfPage":{"@id":"https:\/\/www.fsegura.com\/de\/xi-spanisch-marokkanisches-treffen-der-automobilindustrie\/"},"wordCount":121,"commentCount":0,"publisher":{"@id":"https:\/\/www.fsegura.com\/de\/#organization"},"image":{"@id":"https:\/\/www.fsegura.com\/de\/xi-spanisch-marokkanisches-treffen-der-automobilindustrie\/#primaryimage"},"thumbnailUrl":"https:\/\/www.fsegura.com\/wp-content\/uploads\/2026\/04\/Imagen-2-scaled.jpg","articleSection":["Nicht kategorisiert"],"inLanguage":"de","potentialAction":[{"@type":"CommentAction","name":"Comment","target":["https:\/\/www.fsegura.com\/de\/xi-spanisch-marokkanisches-treffen-der-automobilindustrie\/#respond"]}]},{"@type":"WebPage","@id":"https:\/\/www.fsegura.com\/de\/xi-spanisch-marokkanisches-treffen-der-automobilindustrie\/","url":"https:\/\/www.fsegura.com\/de\/xi-spanisch-marokkanisches-treffen-der-automobilindustrie\/","name":"XI. Spanisch-Marokkanisches Treffen der Automobilindustrie - Grupo Segura","isPartOf":{"@id":"https:\/\/www.fsegura.com\/de\/#website"},"primaryImageOfPage":{"@id":"https:\/\/www.fsegura.com\/de\/xi-spanisch-marokkanisches-treffen-der-automobilindustrie\/#primaryimage"},"image":{"@id":"https:\/\/www.fsegura.com\/de\/xi-spanisch-marokkanisches-treffen-der-automobilindustrie\/#primaryimage"},"thumbnailUrl":"https:\/\/www.fsegura.com\/wp-content\/uploads\/2026\/04\/Imagen-2-scaled.jpg","datePublished":"2026-04-23T07:36:56+00:00","dateModified":"2026-04-27T12:25:40+00:00","breadcrumb":{"@id":"https:\/\/www.fsegura.com\/de\/xi-spanisch-marokkanisches-treffen-der-automobilindustrie\/#breadcrumb"},"inLanguage":"de","potentialAction":[{"@type":"ReadAction","target":["https:\/\/www.fsegura.com\/de\/xi-spanisch-marokkanisches-treffen-der-automobilindustrie\/"]}]},{"@type":"ImageObject","inLanguage":"de","@id":"https:\/\/www.fsegura.com\/de\/xi-spanisch-marokkanisches-treffen-der-automobilindustrie\/#primaryimage","url":"https:\/\/www.fsegura.com\/wp-content\/uploads\/2026\/04\/Imagen-2-scaled.jpg","contentUrl":"https:\/\/www.fsegura.com\/wp-content\/uploads\/2026\/04\/Imagen-2-scaled.jpg","width":1920,"height":2560},{"@type":"BreadcrumbList","@id":"https:\/\/www.fsegura.com\/de\/xi-spanisch-marokkanisches-treffen-der-automobilindustrie\/#breadcrumb","itemListElement":[{"@type":"ListItem","position":1,"name":"Portada","item":"https:\/\/www.fsegura.com\/de\/"},{"@type":"ListItem","position":2,"name":"XI. Spanisch-Marokkanisches Treffen der Automobilindustrie"}]},{"@type":"WebSite","@id":"https:\/\/www.fsegura.com\/de\/#website","url":"https:\/\/www.fsegura.com\/de\/","name":"Grupo Segura","description":"Partner global para componentes de la automoci\u00f3n","publisher":{"@id":"https:\/\/www.fsegura.com\/de\/#organization"},"potentialAction":[{"@type":"SearchAction","target":{"@type":"EntryPoint","urlTemplate":"https:\/\/www.fsegura.com\/de\/?s={search_term_string}"},"query-input":{"@type":"PropertyValueSpecification","valueRequired":true,"valueName":"search_term_string"}}],"inLanguage":"de"},{"@type":"Organization","@id":"https:\/\/www.fsegura.com\/de\/#organization","name":"Grupo Segura","url":"https:\/\/www.fsegura.com\/de\/","logo":{"@type":"ImageObject","inLanguage":"de","@id":"https:\/\/www.fsegura.com\/de\/#\/schema\/logo\/image\/","url":"https:\/\/www.fsegura.com\/wp-content\/uploads\/2025\/09\/grupo-segura.jpg","contentUrl":"https:\/\/www.fsegura.com\/wp-content\/uploads\/2025\/09\/grupo-segura.jpg","width":458,"height":136,"caption":"Grupo Segura"},"image":{"@id":"https:\/\/www.fsegura.com\/de\/#\/schema\/logo\/image\/"}},{"@type":"Person","@id":"https:\/\/www.fsegura.com\/de\/#\/schema\/person\/58e29659d7ebc66e5805f25f8eece3b9","name":"jolcina@fsegura.com","image":{"@type":"ImageObject","inLanguage":"de","@id":"https:\/\/secure.gravatar.com\/avatar\/39c144bd5dfad54977c993995b68d5a419fe0a712fa4f9238da13b48e472c511?s=96&d=mm&r=g","url":"https:\/\/secure.gravatar.com\/avatar\/39c144bd5dfad54977c993995b68d5a419fe0a712fa4f9238da13b48e472c511?s=96&d=mm&r=g","contentUrl":"https:\/\/secure.gravatar.com\/avatar\/39c144bd5dfad54977c993995b68d5a419fe0a712fa4f9238da13b48e472c511?s=96&d=mm&r=g","caption":"jolcina@fsegura.com"},"url":"https:\/\/www.fsegura.com\/de\/author\/jolcinafsegura-com\/"}]}},"_links":{"self":[{"href":"https:\/\/www.fsegura.com\/de\/wp-json\/wp\/v2\/posts\/14368","targetHints":{"allow":["GET"]}}],"collection":[{"href":"https:\/\/www.fsegura.com\/de\/wp-json\/wp\/v2\/posts"}],"about":[{"href":"https:\/\/www.fsegura.com\/de\/wp-json\/wp\/v2\/types\/post"}],"author":[{"embeddable":true,"href":"https:\/\/www.fsegura.com\/de\/wp-json\/wp\/v2\/users\/2"}],"replies":[{"embeddable":true,"href":"https:\/\/www.fsegura.com\/de\/wp-json\/wp\/v2\/comments?post=14368"}],"version-history":[{"count":1,"href":"https:\/\/www.fsegura.com\/de\/wp-json\/wp\/v2\/posts\/14368\/revisions"}],"predecessor-version":[{"id":14369,"href":"https:\/\/www.fsegura.com\/de\/wp-json\/wp\/v2\/posts\/14368\/revisions\/14369"}],"wp:featuredmedia":[{"embeddable":true,"href":"https:\/\/www.fsegura.com\/de\/wp-json\/wp\/v2\/media\/14360"}],"wp:attachment":[{"href":"https:\/\/www.fsegura.com\/de\/wp-json\/wp\/v2\/media?parent=14368"}],"wp:term":[{"taxonomy":"category","embeddable":true,"href":"https:\/\/www.fsegura.com\/de\/wp-json\/wp\/v2\/categories?post=14368"},{"taxonomy":"post_tag","embeddable":true,"href":"https:\/\/www.fsegura.com\/de\/wp-json\/wp\/v2\/tags?post=14368"}],"curies":[{"name":"wp","href":"https:\/\/api.w.org\/{rel}","templated":true}]}}