{"id":5494,"date":"2016-06-02T12:27:26","date_gmt":"2016-06-02T12:27:26","guid":{"rendered":"https:\/\/www.fsegura.com\/2016\/06\/02\/visit-from-the-general-consul-of-hungary-and-the-consul-for-commercial-affairs-of-hungary\/"},"modified":"2016-06-02T12:27:26","modified_gmt":"2016-06-02T12:27:26","slug":"visit-from-the-general-consul-of-hungary-and-the-consul-for-commercial-affairs-of-hungary","status":"publish","type":"post","link":"https:\/\/www.fsegura.com\/en\/visit-from-the-general-consul-of-hungary-and-the-consul-for-commercial-affairs-of-hungary\/","title":{"rendered":"VISIT from the General Consul of Hungary and the Consul for Commercial Affairs of Hungary"},"content":{"rendered":"<p>On June 2nd we received at our headquarters in Paterna (Valencia) the visit of the General Consul of Hungary Mr Barnab\u00e1s Kov\u00e1cs, and Mrs \u00c9va Nasz\u00e1ly Consul of economic and trade issues, the visit was part of the good institutional relations existing between SEGURA GROUP, the Embassy and the General Consulate of Hungary.<\/p>\n<p>Both Mr Kov\u00e1cs and Mrs Nasz\u00e1ly expressed their interest in the growth of the Segura plant in Szolnok (Hungary), and the next investments that the Group intends to implement in the plant. Both were pleasantly surprised by the information received, and expressed their satisfaction with the magnitude of investments as well as our growth strategy in Hungary; after the visit, the General Consul expressed his personal interest and commitment \u00a0in continuing to work on developing closer ties between the two cultures, and fosters \u00a0our relations with the Hungarian institutions at all levels.<\/p>\n","protected":false},"excerpt":{"rendered":"<p>On June 2nd we received at our headquarters in Paterna (Valencia) the visit of the General Consul of Hungary Mr Barnab\u00e1s Kov\u00e1cs, and Mrs \u00c9va Nasz\u00e1ly Consul of economic and trade issues, the visit was part of the good institutional relations existing between SEGURA GROUP, the Embassy and the General Consulate of Hungary. Both Mr [&hellip;]<\/p>\n","protected":false},"author":1,"featured_media":5297,"comment_status":"open","ping_status":"open","sticky":false,"template":"","format":"standard","meta":{"_acf_changed":false,"_eb_attr":"","footnotes":""},"categories":[1],"tags":[],"class_list":["post-5494","post","type-post","status-publish","format-standard","has-post-thumbnail","hentry","category-sin-categorizar"],"acf":[],"yoast_head":"<!-- This site is optimized with the Yoast SEO plugin v27.4 - https:\/\/yoast.com\/product\/yoast-seo-wordpress\/ -->\n<title>VISIT from the General Consul of Hungary and the Consul for Commercial Affairs of Hungary - Grupo Segura<\/title>\n<meta name=\"robots\" content=\"index, follow, max-snippet:-1, max-image-preview:large, max-video-preview:-1\" \/>\n<link rel=\"canonical\" href=\"https:\/\/www.fsegura.com\/en\/visit-from-the-general-consul-of-hungary-and-the-consul-for-commercial-affairs-of-hungary\/\" \/>\n<meta property=\"og:locale\" content=\"en_US\" \/>\n<meta property=\"og:type\" content=\"article\" \/>\n<meta property=\"og:title\" content=\"VISIT from the General Consul of Hungary and the Consul for Commercial Affairs of Hungary - Grupo Segura\" \/>\n<meta property=\"og:description\" content=\"On June 2nd we received at our headquarters in Paterna (Valencia) the visit of the General Consul of Hungary Mr Barnab\u00e1s Kov\u00e1cs, and Mrs \u00c9va Nasz\u00e1ly Consul of economic and trade issues, the visit was part of the good institutional relations existing between SEGURA GROUP, the Embassy and the General Consulate of Hungary. Both Mr [&hellip;]\" \/>\n<meta property=\"og:url\" content=\"https:\/\/www.fsegura.com\/en\/visit-from-the-general-consul-of-hungary-and-the-consul-for-commercial-affairs-of-hungary\/\" \/>\n<meta property=\"og:site_name\" content=\"Grupo Segura\" \/>\n<meta property=\"article:published_time\" content=\"2016-06-02T12:27:26+00:00\" \/>\n<meta property=\"og:image\" content=\"https:\/\/www.fsegura.com\/wp-content\/uploads\/2025\/11\/Visita-Consul-Hungria.png\" \/>\n\t<meta property=\"og:image:width\" content=\"997\" \/>\n\t<meta property=\"og:image:height\" content=\"488\" \/>\n\t<meta property=\"og:image:type\" content=\"image\/png\" \/>\n<meta name=\"author\" content=\"desarrollo\" \/>\n<meta name=\"twitter:card\" content=\"summary_large_image\" \/>\n<meta name=\"twitter:label1\" content=\"Written by\" \/>\n\t<meta name=\"twitter:data1\" content=\"desarrollo\" \/>\n\t<meta name=\"twitter:label2\" content=\"Est. reading time\" \/>\n\t<meta name=\"twitter:data2\" content=\"1 minute\" \/>\n<script type=\"application\/ld+json\" class=\"yoast-schema-graph\">{\"@context\":\"https:\\\/\\\/schema.org\",\"@graph\":[{\"@type\":\"Article\",\"@id\":\"https:\\\/\\\/www.fsegura.com\\\/en\\\/visit-from-the-general-consul-of-hungary-and-the-consul-for-commercial-affairs-of-hungary\\\/#article\",\"isPartOf\":{\"@id\":\"https:\\\/\\\/www.fsegura.com\\\/en\\\/visit-from-the-general-consul-of-hungary-and-the-consul-for-commercial-affairs-of-hungary\\\/\"},\"author\":{\"name\":\"desarrollo\",\"@id\":\"https:\\\/\\\/www.fsegura.com\\\/en\\\/#\\\/schema\\\/person\\\/cf9d1abe35e7e038ac092685669e6ae5\"},\"headline\":\"VISIT from the General Consul of Hungary and the Consul for Commercial Affairs of Hungary\",\"datePublished\":\"2016-06-02T12:27:26+00:00\",\"mainEntityOfPage\":{\"@id\":\"https:\\\/\\\/www.fsegura.com\\\/en\\\/visit-from-the-general-consul-of-hungary-and-the-consul-for-commercial-affairs-of-hungary\\\/\"},\"wordCount\":165,\"commentCount\":0,\"publisher\":{\"@id\":\"https:\\\/\\\/www.fsegura.com\\\/en\\\/#organization\"},\"image\":{\"@id\":\"https:\\\/\\\/www.fsegura.com\\\/en\\\/visit-from-the-general-consul-of-hungary-and-the-consul-for-commercial-affairs-of-hungary\\\/#primaryimage\"},\"thumbnailUrl\":\"https:\\\/\\\/www.fsegura.com\\\/wp-content\\\/uploads\\\/2025\\\/11\\\/Visita-Consul-Hungria.png\",\"articleSection\":[\"Sin categorizar\"],\"inLanguage\":\"en-US\",\"potentialAction\":[{\"@type\":\"CommentAction\",\"name\":\"Comment\",\"target\":[\"https:\\\/\\\/www.fsegura.com\\\/en\\\/visit-from-the-general-consul-of-hungary-and-the-consul-for-commercial-affairs-of-hungary\\\/#respond\"]}]},{\"@type\":\"WebPage\",\"@id\":\"https:\\\/\\\/www.fsegura.com\\\/en\\\/visit-from-the-general-consul-of-hungary-and-the-consul-for-commercial-affairs-of-hungary\\\/\",\"url\":\"https:\\\/\\\/www.fsegura.com\\\/en\\\/visit-from-the-general-consul-of-hungary-and-the-consul-for-commercial-affairs-of-hungary\\\/\",\"name\":\"VISIT from the General Consul of Hungary and the Consul for Commercial Affairs of Hungary - Grupo Segura\",\"isPartOf\":{\"@id\":\"https:\\\/\\\/www.fsegura.com\\\/en\\\/#website\"},\"primaryImageOfPage\":{\"@id\":\"https:\\\/\\\/www.fsegura.com\\\/en\\\/visit-from-the-general-consul-of-hungary-and-the-consul-for-commercial-affairs-of-hungary\\\/#primaryimage\"},\"image\":{\"@id\":\"https:\\\/\\\/www.fsegura.com\\\/en\\\/visit-from-the-general-consul-of-hungary-and-the-consul-for-commercial-affairs-of-hungary\\\/#primaryimage\"},\"thumbnailUrl\":\"https:\\\/\\\/www.fsegura.com\\\/wp-content\\\/uploads\\\/2025\\\/11\\\/Visita-Consul-Hungria.png\",\"datePublished\":\"2016-06-02T12:27:26+00:00\",\"breadcrumb\":{\"@id\":\"https:\\\/\\\/www.fsegura.com\\\/en\\\/visit-from-the-general-consul-of-hungary-and-the-consul-for-commercial-affairs-of-hungary\\\/#breadcrumb\"},\"inLanguage\":\"en-US\",\"potentialAction\":[{\"@type\":\"ReadAction\",\"target\":[\"https:\\\/\\\/www.fsegura.com\\\/en\\\/visit-from-the-general-consul-of-hungary-and-the-consul-for-commercial-affairs-of-hungary\\\/\"]}]},{\"@type\":\"ImageObject\",\"inLanguage\":\"en-US\",\"@id\":\"https:\\\/\\\/www.fsegura.com\\\/en\\\/visit-from-the-general-consul-of-hungary-and-the-consul-for-commercial-affairs-of-hungary\\\/#primaryimage\",\"url\":\"https:\\\/\\\/www.fsegura.com\\\/wp-content\\\/uploads\\\/2025\\\/11\\\/Visita-Consul-Hungria.png\",\"contentUrl\":\"https:\\\/\\\/www.fsegura.com\\\/wp-content\\\/uploads\\\/2025\\\/11\\\/Visita-Consul-Hungria.png\",\"width\":997,\"height\":488,\"caption\":\"noticias\"},{\"@type\":\"BreadcrumbList\",\"@id\":\"https:\\\/\\\/www.fsegura.com\\\/en\\\/visit-from-the-general-consul-of-hungary-and-the-consul-for-commercial-affairs-of-hungary\\\/#breadcrumb\",\"itemListElement\":[{\"@type\":\"ListItem\",\"position\":1,\"name\":\"Portada\",\"item\":\"https:\\\/\\\/www.fsegura.com\\\/en\\\/\"},{\"@type\":\"ListItem\",\"position\":2,\"name\":\"VISIT from the General Consul of Hungary and the Consul for Commercial Affairs of Hungary\"}]},{\"@type\":\"WebSite\",\"@id\":\"https:\\\/\\\/www.fsegura.com\\\/en\\\/#website\",\"url\":\"https:\\\/\\\/www.fsegura.com\\\/en\\\/\",\"name\":\"Grupo Segura\",\"description\":\"Partner global para componentes de la automoci\u00f3n\",\"publisher\":{\"@id\":\"https:\\\/\\\/www.fsegura.com\\\/en\\\/#organization\"},\"potentialAction\":[{\"@type\":\"SearchAction\",\"target\":{\"@type\":\"EntryPoint\",\"urlTemplate\":\"https:\\\/\\\/www.fsegura.com\\\/en\\\/?s={search_term_string}\"},\"query-input\":{\"@type\":\"PropertyValueSpecification\",\"valueRequired\":true,\"valueName\":\"search_term_string\"}}],\"inLanguage\":\"en-US\"},{\"@type\":\"Organization\",\"@id\":\"https:\\\/\\\/www.fsegura.com\\\/en\\\/#organization\",\"name\":\"Grupo Segura\",\"url\":\"https:\\\/\\\/www.fsegura.com\\\/en\\\/\",\"logo\":{\"@type\":\"ImageObject\",\"inLanguage\":\"en-US\",\"@id\":\"https:\\\/\\\/www.fsegura.com\\\/en\\\/#\\\/schema\\\/logo\\\/image\\\/\",\"url\":\"https:\\\/\\\/www.fsegura.com\\\/wp-content\\\/uploads\\\/2025\\\/09\\\/grupo-segura.jpg\",\"contentUrl\":\"https:\\\/\\\/www.fsegura.com\\\/wp-content\\\/uploads\\\/2025\\\/09\\\/grupo-segura.jpg\",\"width\":458,\"height\":136,\"caption\":\"Grupo Segura\"},\"image\":{\"@id\":\"https:\\\/\\\/www.fsegura.com\\\/en\\\/#\\\/schema\\\/logo\\\/image\\\/\"}},{\"@type\":\"Person\",\"@id\":\"https:\\\/\\\/www.fsegura.com\\\/en\\\/#\\\/schema\\\/person\\\/cf9d1abe35e7e038ac092685669e6ae5\",\"name\":\"desarrollo\",\"image\":{\"@type\":\"ImageObject\",\"inLanguage\":\"en-US\",\"@id\":\"https:\\\/\\\/secure.gravatar.com\\\/avatar\\\/3b02f34f0ea5a10bc44d1813e23e909e4ef6fd1c0c78c7eed6d094a646af2836?s=96&d=mm&r=g\",\"url\":\"https:\\\/\\\/secure.gravatar.com\\\/avatar\\\/3b02f34f0ea5a10bc44d1813e23e909e4ef6fd1c0c78c7eed6d094a646af2836?s=96&d=mm&r=g\",\"contentUrl\":\"https:\\\/\\\/secure.gravatar.com\\\/avatar\\\/3b02f34f0ea5a10bc44d1813e23e909e4ef6fd1c0c78c7eed6d094a646af2836?s=96&d=mm&r=g\",\"caption\":\"desarrollo\"},\"sameAs\":[\"https:\\\/\\\/www.fsegura.com\"],\"url\":\"https:\\\/\\\/www.fsegura.com\\\/en\\\/author\\\/desarrollo\\\/\"}]}<\/script>\n<!-- \/ Yoast SEO plugin. -->","yoast_head_json":{"title":"VISIT from the General Consul of Hungary and the Consul for Commercial Affairs of Hungary - Grupo Segura","robots":{"index":"index","follow":"follow","max-snippet":"max-snippet:-1","max-image-preview":"max-image-preview:large","max-video-preview":"max-video-preview:-1"},"canonical":"https:\/\/www.fsegura.com\/en\/visit-from-the-general-consul-of-hungary-and-the-consul-for-commercial-affairs-of-hungary\/","og_locale":"en_US","og_type":"article","og_title":"VISIT from the General Consul of Hungary and the Consul for Commercial Affairs of Hungary - Grupo Segura","og_description":"On June 2nd we received at our headquarters in Paterna (Valencia) the visit of the General Consul of Hungary Mr Barnab\u00e1s Kov\u00e1cs, and Mrs \u00c9va Nasz\u00e1ly Consul of economic and trade issues, the visit was part of the good institutional relations existing between SEGURA GROUP, the Embassy and the General Consulate of Hungary. Both Mr [&hellip;]","og_url":"https:\/\/www.fsegura.com\/en\/visit-from-the-general-consul-of-hungary-and-the-consul-for-commercial-affairs-of-hungary\/","og_site_name":"Grupo Segura","article_published_time":"2016-06-02T12:27:26+00:00","og_image":[{"width":997,"height":488,"url":"https:\/\/www.fsegura.com\/wp-content\/uploads\/2025\/11\/Visita-Consul-Hungria.png","type":"image\/png"}],"author":"desarrollo","twitter_card":"summary_large_image","twitter_misc":{"Written by":"desarrollo","Est. reading time":"1 minute"},"schema":{"@context":"https:\/\/schema.org","@graph":[{"@type":"Article","@id":"https:\/\/www.fsegura.com\/en\/visit-from-the-general-consul-of-hungary-and-the-consul-for-commercial-affairs-of-hungary\/#article","isPartOf":{"@id":"https:\/\/www.fsegura.com\/en\/visit-from-the-general-consul-of-hungary-and-the-consul-for-commercial-affairs-of-hungary\/"},"author":{"name":"desarrollo","@id":"https:\/\/www.fsegura.com\/en\/#\/schema\/person\/cf9d1abe35e7e038ac092685669e6ae5"},"headline":"VISIT from the General Consul of Hungary and the Consul for Commercial Affairs of Hungary","datePublished":"2016-06-02T12:27:26+00:00","mainEntityOfPage":{"@id":"https:\/\/www.fsegura.com\/en\/visit-from-the-general-consul-of-hungary-and-the-consul-for-commercial-affairs-of-hungary\/"},"wordCount":165,"commentCount":0,"publisher":{"@id":"https:\/\/www.fsegura.com\/en\/#organization"},"image":{"@id":"https:\/\/www.fsegura.com\/en\/visit-from-the-general-consul-of-hungary-and-the-consul-for-commercial-affairs-of-hungary\/#primaryimage"},"thumbnailUrl":"https:\/\/www.fsegura.com\/wp-content\/uploads\/2025\/11\/Visita-Consul-Hungria.png","articleSection":["Sin categorizar"],"inLanguage":"en-US","potentialAction":[{"@type":"CommentAction","name":"Comment","target":["https:\/\/www.fsegura.com\/en\/visit-from-the-general-consul-of-hungary-and-the-consul-for-commercial-affairs-of-hungary\/#respond"]}]},{"@type":"WebPage","@id":"https:\/\/www.fsegura.com\/en\/visit-from-the-general-consul-of-hungary-and-the-consul-for-commercial-affairs-of-hungary\/","url":"https:\/\/www.fsegura.com\/en\/visit-from-the-general-consul-of-hungary-and-the-consul-for-commercial-affairs-of-hungary\/","name":"VISIT from the General Consul of Hungary and the Consul for Commercial Affairs of Hungary - Grupo Segura","isPartOf":{"@id":"https:\/\/www.fsegura.com\/en\/#website"},"primaryImageOfPage":{"@id":"https:\/\/www.fsegura.com\/en\/visit-from-the-general-consul-of-hungary-and-the-consul-for-commercial-affairs-of-hungary\/#primaryimage"},"image":{"@id":"https:\/\/www.fsegura.com\/en\/visit-from-the-general-consul-of-hungary-and-the-consul-for-commercial-affairs-of-hungary\/#primaryimage"},"thumbnailUrl":"https:\/\/www.fsegura.com\/wp-content\/uploads\/2025\/11\/Visita-Consul-Hungria.png","datePublished":"2016-06-02T12:27:26+00:00","breadcrumb":{"@id":"https:\/\/www.fsegura.com\/en\/visit-from-the-general-consul-of-hungary-and-the-consul-for-commercial-affairs-of-hungary\/#breadcrumb"},"inLanguage":"en-US","potentialAction":[{"@type":"ReadAction","target":["https:\/\/www.fsegura.com\/en\/visit-from-the-general-consul-of-hungary-and-the-consul-for-commercial-affairs-of-hungary\/"]}]},{"@type":"ImageObject","inLanguage":"en-US","@id":"https:\/\/www.fsegura.com\/en\/visit-from-the-general-consul-of-hungary-and-the-consul-for-commercial-affairs-of-hungary\/#primaryimage","url":"https:\/\/www.fsegura.com\/wp-content\/uploads\/2025\/11\/Visita-Consul-Hungria.png","contentUrl":"https:\/\/www.fsegura.com\/wp-content\/uploads\/2025\/11\/Visita-Consul-Hungria.png","width":997,"height":488,"caption":"noticias"},{"@type":"BreadcrumbList","@id":"https:\/\/www.fsegura.com\/en\/visit-from-the-general-consul-of-hungary-and-the-consul-for-commercial-affairs-of-hungary\/#breadcrumb","itemListElement":[{"@type":"ListItem","position":1,"name":"Portada","item":"https:\/\/www.fsegura.com\/en\/"},{"@type":"ListItem","position":2,"name":"VISIT from the General Consul of Hungary and the Consul for Commercial Affairs of Hungary"}]},{"@type":"WebSite","@id":"https:\/\/www.fsegura.com\/en\/#website","url":"https:\/\/www.fsegura.com\/en\/","name":"Grupo Segura","description":"Partner global para componentes de la automoci\u00f3n","publisher":{"@id":"https:\/\/www.fsegura.com\/en\/#organization"},"potentialAction":[{"@type":"SearchAction","target":{"@type":"EntryPoint","urlTemplate":"https:\/\/www.fsegura.com\/en\/?s={search_term_string}"},"query-input":{"@type":"PropertyValueSpecification","valueRequired":true,"valueName":"search_term_string"}}],"inLanguage":"en-US"},{"@type":"Organization","@id":"https:\/\/www.fsegura.com\/en\/#organization","name":"Grupo Segura","url":"https:\/\/www.fsegura.com\/en\/","logo":{"@type":"ImageObject","inLanguage":"en-US","@id":"https:\/\/www.fsegura.com\/en\/#\/schema\/logo\/image\/","url":"https:\/\/www.fsegura.com\/wp-content\/uploads\/2025\/09\/grupo-segura.jpg","contentUrl":"https:\/\/www.fsegura.com\/wp-content\/uploads\/2025\/09\/grupo-segura.jpg","width":458,"height":136,"caption":"Grupo Segura"},"image":{"@id":"https:\/\/www.fsegura.com\/en\/#\/schema\/logo\/image\/"}},{"@type":"Person","@id":"https:\/\/www.fsegura.com\/en\/#\/schema\/person\/cf9d1abe35e7e038ac092685669e6ae5","name":"desarrollo","image":{"@type":"ImageObject","inLanguage":"en-US","@id":"https:\/\/secure.gravatar.com\/avatar\/3b02f34f0ea5a10bc44d1813e23e909e4ef6fd1c0c78c7eed6d094a646af2836?s=96&d=mm&r=g","url":"https:\/\/secure.gravatar.com\/avatar\/3b02f34f0ea5a10bc44d1813e23e909e4ef6fd1c0c78c7eed6d094a646af2836?s=96&d=mm&r=g","contentUrl":"https:\/\/secure.gravatar.com\/avatar\/3b02f34f0ea5a10bc44d1813e23e909e4ef6fd1c0c78c7eed6d094a646af2836?s=96&d=mm&r=g","caption":"desarrollo"},"sameAs":["https:\/\/www.fsegura.com"],"url":"https:\/\/www.fsegura.com\/en\/author\/desarrollo\/"}]}},"_links":{"self":[{"href":"https:\/\/www.fsegura.com\/en\/wp-json\/wp\/v2\/posts\/5494","targetHints":{"allow":["GET"]}}],"collection":[{"href":"https:\/\/www.fsegura.com\/en\/wp-json\/wp\/v2\/posts"}],"about":[{"href":"https:\/\/www.fsegura.com\/en\/wp-json\/wp\/v2\/types\/post"}],"author":[{"embeddable":true,"href":"https:\/\/www.fsegura.com\/en\/wp-json\/wp\/v2\/users\/1"}],"replies":[{"embeddable":true,"href":"https:\/\/www.fsegura.com\/en\/wp-json\/wp\/v2\/comments?post=5494"}],"version-history":[{"count":0,"href":"https:\/\/www.fsegura.com\/en\/wp-json\/wp\/v2\/posts\/5494\/revisions"}],"wp:featuredmedia":[{"embeddable":true,"href":"https:\/\/www.fsegura.com\/en\/wp-json\/wp\/v2\/media\/5297"}],"wp:attachment":[{"href":"https:\/\/www.fsegura.com\/en\/wp-json\/wp\/v2\/media?parent=5494"}],"wp:term":[{"taxonomy":"category","embeddable":true,"href":"https:\/\/www.fsegura.com\/en\/wp-json\/wp\/v2\/categories?post=5494"},{"taxonomy":"post_tag","embeddable":true,"href":"https:\/\/www.fsegura.com\/en\/wp-json\/wp\/v2\/tags?post=5494"}],"curies":[{"name":"wp","href":"https:\/\/api.w.org\/{rel}","templated":true}]}}