{"id":5495,"date":"2016-06-16T06:48:15","date_gmt":"2016-06-16T06:48:15","guid":{"rendered":"https:\/\/www.fsegura.com\/2016\/06\/16\/segura-group-in-social-and-communication-media\/"},"modified":"2016-06-16T06:48:15","modified_gmt":"2016-06-16T06:48:15","slug":"segura-group-in-social-and-communication-media","status":"publish","type":"post","link":"https:\/\/www.fsegura.com\/en\/segura-group-in-social-and-communication-media\/","title":{"rendered":"Segura Group in social and communication media"},"content":{"rendered":"<p>On 2016 June 16, organized by Price Waterhouse Coopers, Asociaci\u00f3n para el progreso de la Direcci\u00f3n (APD) and the Asociaci\u00f3n Valenciana de Empresarios (AVE), took place the conference about &#8220;Valencia 2020&#8221; where Grupo Segura participated as presenter, in the person of Francisco Segura, President of the group. During that day, the economic and competitiveness of Valencian companies prospects were analysed, as well as the most relevant strategic lines of growth and innovation that Valencia companies are focusing. Attached to the <strong><a href=\"https:\/\/www.fsegura.com\/wp-content\/uploads\/2016\/06\/Noticia-Grupo-Segura.pdf\">press release<\/a><\/strong> of that event.<\/p>\n<p><a href=\"http:\/\/valenciaplaza.com\/grupo-segura-se-expande-con-su-llegada-este-ano-a-china-y-la-ampliacion-de-su-fabrica-en-hungria\" target=\"_blank\">http:\/\/valenciaplaza.com\/grupo-segura-se-expande-con-su-llegada-este-ano-a-china-y-la-ampliacion-de-su-fabrica-en-hungria<\/a><\/p>\n","protected":false},"excerpt":{"rendered":"<p>On 2016 June 16, organized by Price Waterhouse Coopers, Asociaci\u00f3n para el progreso de la Direcci\u00f3n (APD) and the Asociaci\u00f3n Valenciana de Empresarios (AVE), took place the conference about &#8220;Valencia 2020&#8221; where Grupo Segura participated as presenter, in the person of Francisco Segura, President of the group. During that day, the economic and competitiveness of [&hellip;]<\/p>\n","protected":false},"author":1,"featured_media":5301,"comment_status":"open","ping_status":"open","sticky":false,"template":"","format":"standard","meta":{"_acf_changed":false,"_eb_attr":"","footnotes":""},"categories":[1],"tags":[],"class_list":["post-5495","post","type-post","status-publish","format-standard","has-post-thumbnail","hentry","category-sin-categorizar"],"acf":[],"yoast_head":"<!-- This site is optimized with the Yoast SEO plugin v27.4 - https:\/\/yoast.com\/product\/yoast-seo-wordpress\/ -->\n<title>Segura Group in social and communication media - Grupo Segura<\/title>\n<meta name=\"robots\" content=\"index, follow, max-snippet:-1, max-image-preview:large, max-video-preview:-1\" \/>\n<link rel=\"canonical\" href=\"https:\/\/www.fsegura.com\/en\/segura-group-in-social-and-communication-media\/\" \/>\n<meta property=\"og:locale\" content=\"en_US\" \/>\n<meta property=\"og:type\" content=\"article\" \/>\n<meta property=\"og:title\" content=\"Segura Group in social and communication media - Grupo Segura\" \/>\n<meta property=\"og:description\" content=\"On 2016 June 16, organized by Price Waterhouse Coopers, Asociaci\u00f3n para el progreso de la Direcci\u00f3n (APD) and the Asociaci\u00f3n Valenciana de Empresarios (AVE), took place the conference about &#8220;Valencia 2020&#8221; where Grupo Segura participated as presenter, in the person of Francisco Segura, President of the group. During that day, the economic and competitiveness of [&hellip;]\" \/>\n<meta property=\"og:url\" content=\"https:\/\/www.fsegura.com\/en\/segura-group-in-social-and-communication-media\/\" \/>\n<meta property=\"og:site_name\" content=\"Grupo Segura\" \/>\n<meta property=\"article:published_time\" content=\"2016-06-16T06:48:15+00:00\" \/>\n<meta property=\"og:image\" content=\"https:\/\/www.fsegura.com\/wp-content\/uploads\/2025\/11\/FranciscoSeguraEVAMANEZ_NoticiaAmpliada.jpg\" \/>\n\t<meta property=\"og:image:width\" content=\"768\" \/>\n\t<meta property=\"og:image:height\" content=\"512\" \/>\n\t<meta property=\"og:image:type\" content=\"image\/jpeg\" \/>\n<meta name=\"author\" content=\"desarrollo\" \/>\n<meta name=\"twitter:card\" content=\"summary_large_image\" \/>\n<meta name=\"twitter:label1\" content=\"Written by\" \/>\n\t<meta name=\"twitter:data1\" content=\"desarrollo\" \/>\n<script type=\"application\/ld+json\" class=\"yoast-schema-graph\">{\"@context\":\"https:\\\/\\\/schema.org\",\"@graph\":[{\"@type\":\"Article\",\"@id\":\"https:\\\/\\\/www.fsegura.com\\\/en\\\/segura-group-in-social-and-communication-media\\\/#article\",\"isPartOf\":{\"@id\":\"https:\\\/\\\/www.fsegura.com\\\/en\\\/segura-group-in-social-and-communication-media\\\/\"},\"author\":{\"name\":\"desarrollo\",\"@id\":\"https:\\\/\\\/www.fsegura.com\\\/en\\\/#\\\/schema\\\/person\\\/cf9d1abe35e7e038ac092685669e6ae5\"},\"headline\":\"Segura Group in social and communication media\",\"datePublished\":\"2016-06-16T06:48:15+00:00\",\"mainEntityOfPage\":{\"@id\":\"https:\\\/\\\/www.fsegura.com\\\/en\\\/segura-group-in-social-and-communication-media\\\/\"},\"wordCount\":96,\"commentCount\":0,\"publisher\":{\"@id\":\"https:\\\/\\\/www.fsegura.com\\\/en\\\/#organization\"},\"image\":{\"@id\":\"https:\\\/\\\/www.fsegura.com\\\/en\\\/segura-group-in-social-and-communication-media\\\/#primaryimage\"},\"thumbnailUrl\":\"https:\\\/\\\/www.fsegura.com\\\/wp-content\\\/uploads\\\/2025\\\/11\\\/FranciscoSeguraEVAMANEZ_NoticiaAmpliada.jpg\",\"articleSection\":[\"Sin categorizar\"],\"inLanguage\":\"en-US\",\"potentialAction\":[{\"@type\":\"CommentAction\",\"name\":\"Comment\",\"target\":[\"https:\\\/\\\/www.fsegura.com\\\/en\\\/segura-group-in-social-and-communication-media\\\/#respond\"]}]},{\"@type\":\"WebPage\",\"@id\":\"https:\\\/\\\/www.fsegura.com\\\/en\\\/segura-group-in-social-and-communication-media\\\/\",\"url\":\"https:\\\/\\\/www.fsegura.com\\\/en\\\/segura-group-in-social-and-communication-media\\\/\",\"name\":\"Segura Group in social and communication media - Grupo Segura\",\"isPartOf\":{\"@id\":\"https:\\\/\\\/www.fsegura.com\\\/en\\\/#website\"},\"primaryImageOfPage\":{\"@id\":\"https:\\\/\\\/www.fsegura.com\\\/en\\\/segura-group-in-social-and-communication-media\\\/#primaryimage\"},\"image\":{\"@id\":\"https:\\\/\\\/www.fsegura.com\\\/en\\\/segura-group-in-social-and-communication-media\\\/#primaryimage\"},\"thumbnailUrl\":\"https:\\\/\\\/www.fsegura.com\\\/wp-content\\\/uploads\\\/2025\\\/11\\\/FranciscoSeguraEVAMANEZ_NoticiaAmpliada.jpg\",\"datePublished\":\"2016-06-16T06:48:15+00:00\",\"breadcrumb\":{\"@id\":\"https:\\\/\\\/www.fsegura.com\\\/en\\\/segura-group-in-social-and-communication-media\\\/#breadcrumb\"},\"inLanguage\":\"en-US\",\"potentialAction\":[{\"@type\":\"ReadAction\",\"target\":[\"https:\\\/\\\/www.fsegura.com\\\/en\\\/segura-group-in-social-and-communication-media\\\/\"]}]},{\"@type\":\"ImageObject\",\"inLanguage\":\"en-US\",\"@id\":\"https:\\\/\\\/www.fsegura.com\\\/en\\\/segura-group-in-social-and-communication-media\\\/#primaryimage\",\"url\":\"https:\\\/\\\/www.fsegura.com\\\/wp-content\\\/uploads\\\/2025\\\/11\\\/FranciscoSeguraEVAMANEZ_NoticiaAmpliada.jpg\",\"contentUrl\":\"https:\\\/\\\/www.fsegura.com\\\/wp-content\\\/uploads\\\/2025\\\/11\\\/FranciscoSeguraEVAMANEZ_NoticiaAmpliada.jpg\",\"width\":768,\"height\":512,\"caption\":\"noticias\"},{\"@type\":\"BreadcrumbList\",\"@id\":\"https:\\\/\\\/www.fsegura.com\\\/en\\\/segura-group-in-social-and-communication-media\\\/#breadcrumb\",\"itemListElement\":[{\"@type\":\"ListItem\",\"position\":1,\"name\":\"Portada\",\"item\":\"https:\\\/\\\/www.fsegura.com\\\/en\\\/\"},{\"@type\":\"ListItem\",\"position\":2,\"name\":\"Segura Group in social and communication media\"}]},{\"@type\":\"WebSite\",\"@id\":\"https:\\\/\\\/www.fsegura.com\\\/en\\\/#website\",\"url\":\"https:\\\/\\\/www.fsegura.com\\\/en\\\/\",\"name\":\"Grupo Segura\",\"description\":\"Partner global para componentes de la automoci\u00f3n\",\"publisher\":{\"@id\":\"https:\\\/\\\/www.fsegura.com\\\/en\\\/#organization\"},\"potentialAction\":[{\"@type\":\"SearchAction\",\"target\":{\"@type\":\"EntryPoint\",\"urlTemplate\":\"https:\\\/\\\/www.fsegura.com\\\/en\\\/?s={search_term_string}\"},\"query-input\":{\"@type\":\"PropertyValueSpecification\",\"valueRequired\":true,\"valueName\":\"search_term_string\"}}],\"inLanguage\":\"en-US\"},{\"@type\":\"Organization\",\"@id\":\"https:\\\/\\\/www.fsegura.com\\\/en\\\/#organization\",\"name\":\"Grupo Segura\",\"url\":\"https:\\\/\\\/www.fsegura.com\\\/en\\\/\",\"logo\":{\"@type\":\"ImageObject\",\"inLanguage\":\"en-US\",\"@id\":\"https:\\\/\\\/www.fsegura.com\\\/en\\\/#\\\/schema\\\/logo\\\/image\\\/\",\"url\":\"https:\\\/\\\/www.fsegura.com\\\/wp-content\\\/uploads\\\/2025\\\/09\\\/grupo-segura.jpg\",\"contentUrl\":\"https:\\\/\\\/www.fsegura.com\\\/wp-content\\\/uploads\\\/2025\\\/09\\\/grupo-segura.jpg\",\"width\":458,\"height\":136,\"caption\":\"Grupo Segura\"},\"image\":{\"@id\":\"https:\\\/\\\/www.fsegura.com\\\/en\\\/#\\\/schema\\\/logo\\\/image\\\/\"}},{\"@type\":\"Person\",\"@id\":\"https:\\\/\\\/www.fsegura.com\\\/en\\\/#\\\/schema\\\/person\\\/cf9d1abe35e7e038ac092685669e6ae5\",\"name\":\"desarrollo\",\"image\":{\"@type\":\"ImageObject\",\"inLanguage\":\"en-US\",\"@id\":\"https:\\\/\\\/secure.gravatar.com\\\/avatar\\\/3b02f34f0ea5a10bc44d1813e23e909e4ef6fd1c0c78c7eed6d094a646af2836?s=96&d=mm&r=g\",\"url\":\"https:\\\/\\\/secure.gravatar.com\\\/avatar\\\/3b02f34f0ea5a10bc44d1813e23e909e4ef6fd1c0c78c7eed6d094a646af2836?s=96&d=mm&r=g\",\"contentUrl\":\"https:\\\/\\\/secure.gravatar.com\\\/avatar\\\/3b02f34f0ea5a10bc44d1813e23e909e4ef6fd1c0c78c7eed6d094a646af2836?s=96&d=mm&r=g\",\"caption\":\"desarrollo\"},\"sameAs\":[\"https:\\\/\\\/www.fsegura.com\"],\"url\":\"https:\\\/\\\/www.fsegura.com\\\/en\\\/author\\\/desarrollo\\\/\"}]}<\/script>\n<!-- \/ Yoast SEO plugin. -->","yoast_head_json":{"title":"Segura Group in social and communication media - Grupo Segura","robots":{"index":"index","follow":"follow","max-snippet":"max-snippet:-1","max-image-preview":"max-image-preview:large","max-video-preview":"max-video-preview:-1"},"canonical":"https:\/\/www.fsegura.com\/en\/segura-group-in-social-and-communication-media\/","og_locale":"en_US","og_type":"article","og_title":"Segura Group in social and communication media - Grupo Segura","og_description":"On 2016 June 16, organized by Price Waterhouse Coopers, Asociaci\u00f3n para el progreso de la Direcci\u00f3n (APD) and the Asociaci\u00f3n Valenciana de Empresarios (AVE), took place the conference about &#8220;Valencia 2020&#8221; where Grupo Segura participated as presenter, in the person of Francisco Segura, President of the group. During that day, the economic and competitiveness of [&hellip;]","og_url":"https:\/\/www.fsegura.com\/en\/segura-group-in-social-and-communication-media\/","og_site_name":"Grupo Segura","article_published_time":"2016-06-16T06:48:15+00:00","og_image":[{"width":768,"height":512,"url":"https:\/\/www.fsegura.com\/wp-content\/uploads\/2025\/11\/FranciscoSeguraEVAMANEZ_NoticiaAmpliada.jpg","type":"image\/jpeg"}],"author":"desarrollo","twitter_card":"summary_large_image","twitter_misc":{"Written by":"desarrollo"},"schema":{"@context":"https:\/\/schema.org","@graph":[{"@type":"Article","@id":"https:\/\/www.fsegura.com\/en\/segura-group-in-social-and-communication-media\/#article","isPartOf":{"@id":"https:\/\/www.fsegura.com\/en\/segura-group-in-social-and-communication-media\/"},"author":{"name":"desarrollo","@id":"https:\/\/www.fsegura.com\/en\/#\/schema\/person\/cf9d1abe35e7e038ac092685669e6ae5"},"headline":"Segura Group in social and communication media","datePublished":"2016-06-16T06:48:15+00:00","mainEntityOfPage":{"@id":"https:\/\/www.fsegura.com\/en\/segura-group-in-social-and-communication-media\/"},"wordCount":96,"commentCount":0,"publisher":{"@id":"https:\/\/www.fsegura.com\/en\/#organization"},"image":{"@id":"https:\/\/www.fsegura.com\/en\/segura-group-in-social-and-communication-media\/#primaryimage"},"thumbnailUrl":"https:\/\/www.fsegura.com\/wp-content\/uploads\/2025\/11\/FranciscoSeguraEVAMANEZ_NoticiaAmpliada.jpg","articleSection":["Sin categorizar"],"inLanguage":"en-US","potentialAction":[{"@type":"CommentAction","name":"Comment","target":["https:\/\/www.fsegura.com\/en\/segura-group-in-social-and-communication-media\/#respond"]}]},{"@type":"WebPage","@id":"https:\/\/www.fsegura.com\/en\/segura-group-in-social-and-communication-media\/","url":"https:\/\/www.fsegura.com\/en\/segura-group-in-social-and-communication-media\/","name":"Segura Group in social and communication media - Grupo Segura","isPartOf":{"@id":"https:\/\/www.fsegura.com\/en\/#website"},"primaryImageOfPage":{"@id":"https:\/\/www.fsegura.com\/en\/segura-group-in-social-and-communication-media\/#primaryimage"},"image":{"@id":"https:\/\/www.fsegura.com\/en\/segura-group-in-social-and-communication-media\/#primaryimage"},"thumbnailUrl":"https:\/\/www.fsegura.com\/wp-content\/uploads\/2025\/11\/FranciscoSeguraEVAMANEZ_NoticiaAmpliada.jpg","datePublished":"2016-06-16T06:48:15+00:00","breadcrumb":{"@id":"https:\/\/www.fsegura.com\/en\/segura-group-in-social-and-communication-media\/#breadcrumb"},"inLanguage":"en-US","potentialAction":[{"@type":"ReadAction","target":["https:\/\/www.fsegura.com\/en\/segura-group-in-social-and-communication-media\/"]}]},{"@type":"ImageObject","inLanguage":"en-US","@id":"https:\/\/www.fsegura.com\/en\/segura-group-in-social-and-communication-media\/#primaryimage","url":"https:\/\/www.fsegura.com\/wp-content\/uploads\/2025\/11\/FranciscoSeguraEVAMANEZ_NoticiaAmpliada.jpg","contentUrl":"https:\/\/www.fsegura.com\/wp-content\/uploads\/2025\/11\/FranciscoSeguraEVAMANEZ_NoticiaAmpliada.jpg","width":768,"height":512,"caption":"noticias"},{"@type":"BreadcrumbList","@id":"https:\/\/www.fsegura.com\/en\/segura-group-in-social-and-communication-media\/#breadcrumb","itemListElement":[{"@type":"ListItem","position":1,"name":"Portada","item":"https:\/\/www.fsegura.com\/en\/"},{"@type":"ListItem","position":2,"name":"Segura Group in social and communication media"}]},{"@type":"WebSite","@id":"https:\/\/www.fsegura.com\/en\/#website","url":"https:\/\/www.fsegura.com\/en\/","name":"Grupo Segura","description":"Partner global para componentes de la automoci\u00f3n","publisher":{"@id":"https:\/\/www.fsegura.com\/en\/#organization"},"potentialAction":[{"@type":"SearchAction","target":{"@type":"EntryPoint","urlTemplate":"https:\/\/www.fsegura.com\/en\/?s={search_term_string}"},"query-input":{"@type":"PropertyValueSpecification","valueRequired":true,"valueName":"search_term_string"}}],"inLanguage":"en-US"},{"@type":"Organization","@id":"https:\/\/www.fsegura.com\/en\/#organization","name":"Grupo Segura","url":"https:\/\/www.fsegura.com\/en\/","logo":{"@type":"ImageObject","inLanguage":"en-US","@id":"https:\/\/www.fsegura.com\/en\/#\/schema\/logo\/image\/","url":"https:\/\/www.fsegura.com\/wp-content\/uploads\/2025\/09\/grupo-segura.jpg","contentUrl":"https:\/\/www.fsegura.com\/wp-content\/uploads\/2025\/09\/grupo-segura.jpg","width":458,"height":136,"caption":"Grupo Segura"},"image":{"@id":"https:\/\/www.fsegura.com\/en\/#\/schema\/logo\/image\/"}},{"@type":"Person","@id":"https:\/\/www.fsegura.com\/en\/#\/schema\/person\/cf9d1abe35e7e038ac092685669e6ae5","name":"desarrollo","image":{"@type":"ImageObject","inLanguage":"en-US","@id":"https:\/\/secure.gravatar.com\/avatar\/3b02f34f0ea5a10bc44d1813e23e909e4ef6fd1c0c78c7eed6d094a646af2836?s=96&d=mm&r=g","url":"https:\/\/secure.gravatar.com\/avatar\/3b02f34f0ea5a10bc44d1813e23e909e4ef6fd1c0c78c7eed6d094a646af2836?s=96&d=mm&r=g","contentUrl":"https:\/\/secure.gravatar.com\/avatar\/3b02f34f0ea5a10bc44d1813e23e909e4ef6fd1c0c78c7eed6d094a646af2836?s=96&d=mm&r=g","caption":"desarrollo"},"sameAs":["https:\/\/www.fsegura.com"],"url":"https:\/\/www.fsegura.com\/en\/author\/desarrollo\/"}]}},"_links":{"self":[{"href":"https:\/\/www.fsegura.com\/en\/wp-json\/wp\/v2\/posts\/5495","targetHints":{"allow":["GET"]}}],"collection":[{"href":"https:\/\/www.fsegura.com\/en\/wp-json\/wp\/v2\/posts"}],"about":[{"href":"https:\/\/www.fsegura.com\/en\/wp-json\/wp\/v2\/types\/post"}],"author":[{"embeddable":true,"href":"https:\/\/www.fsegura.com\/en\/wp-json\/wp\/v2\/users\/1"}],"replies":[{"embeddable":true,"href":"https:\/\/www.fsegura.com\/en\/wp-json\/wp\/v2\/comments?post=5495"}],"version-history":[{"count":0,"href":"https:\/\/www.fsegura.com\/en\/wp-json\/wp\/v2\/posts\/5495\/revisions"}],"wp:featuredmedia":[{"embeddable":true,"href":"https:\/\/www.fsegura.com\/en\/wp-json\/wp\/v2\/media\/5301"}],"wp:attachment":[{"href":"https:\/\/www.fsegura.com\/en\/wp-json\/wp\/v2\/media?parent=5495"}],"wp:term":[{"taxonomy":"category","embeddable":true,"href":"https:\/\/www.fsegura.com\/en\/wp-json\/wp\/v2\/categories?post=5495"},{"taxonomy":"post_tag","embeddable":true,"href":"https:\/\/www.fsegura.com\/en\/wp-json\/wp\/v2\/tags?post=5495"}],"curies":[{"name":"wp","href":"https:\/\/api.w.org\/{rel}","templated":true}]}}