{"id":5501,"date":"2016-10-28T14:45:44","date_gmt":"2016-10-28T14:45:44","guid":{"rendered":"https:\/\/www.fsegura.com\/2016\/10\/28\/segura-group-in-the-commemoration-of-the-60th-anniversary-of-the-hungarian-revolution-of-1956\/"},"modified":"2016-10-28T14:45:44","modified_gmt":"2016-10-28T14:45:44","slug":"segura-group-in-the-commemoration-of-the-60th-anniversary-of-the-hungarian-revolution-of-1956","status":"publish","type":"post","link":"https:\/\/www.fsegura.com\/en\/segura-group-in-the-commemoration-of-the-60th-anniversary-of-the-hungarian-revolution-of-1956\/","title":{"rendered":"Segura Group in the commemoration of the 60th anniversary of the Hungarian Revolution of 1956."},"content":{"rendered":"<p style=\"text-align: justify;\"><a href=\"https:\/\/www.fsegura.com\/wp-content\/uploads\/2016\/10\/Manuel.jpg\"><img fetchpriority=\"high\" decoding=\"async\" class=\"alignnone size-large wp-image-6072\" src=\"https:\/\/www.fsegura.com\/wp-content\/uploads\/2016\/10\/Manuel-1024x576.jpg\" alt=\"Manuel\" width=\"1024\" height=\"576\" \/><\/a><\/p>\n<p style=\"text-align: justify;\">On October 19, coinciding with the celebration of the 60th anniversary of the uprising of the Hungarian people against the oppression of pro-Stalinist government was inaugurated by the mayor of Madrid Mrs Manuela Carmena and the Ambassador of Hungary, Mrs Gy\u0151ri Enik\u0151, of a monument in iron and stone fruit of the work of Hungarian artist who lives in Spain, Zolt\u00e1n Fodor-Lengyel.<br \/>\nThis monument\u00a0 shows the courage and pride of the Hungarian people in their struggle for a universal ideal is freedom.<br \/>\nIn her speech the mayor shoulder the universal values that unite people and spoke of &#8220;la liberte, l&#8217;\u00e9galit\u00e9 et la fraternit\u00e9&#8221; present in the ideology of the French Revolution and how the Hungarian revolution had been worthy continuation of the ideology.<br \/>\nIn the event the President of the Hungarian National Assembly, L\u00e1szl\u00f3 K\u00f6v\u00e9r, spokespersons and representatives of municipal groups of the City, the District Councillor, Marta G\u00f3mez Lahoz, and members of the Hungarian community in Madrid were present, among others. Special guest was present <strong>T\u00f3th-Zele J\u00f3zsef<\/strong>, who was one of the &#8220;kids&#8221; participating in the 1956 revolution, forced to live abroad, specifically in Spain, wher ehe played for\u00a0 Atletico Madrid and who from a distance spoke of those bloody events that cost the lives of many of his countrymen.<br \/>\nIn case of GRUPO SEGURA, being a Spanish company with strong roots in Hungary, we were present to show our respect and solidarity at this emotional ceremony, full of connotations and gratitude to those young people in 1956 than their uprising helped create the foundation of European coexistence we enjoy today.<\/p>\n<p>&nbsp;<\/p>\n","protected":false},"excerpt":{"rendered":"<p>On October 19, coinciding with the celebration of the 60th anniversary of the uprising of the Hungarian people against the oppression of pro-Stalinist government was inaugurated by the mayor of Madrid Mrs Manuela Carmena and the Ambassador of Hungary, Mrs Gy\u0151ri Enik\u0151, of a monument in iron and stone fruit of the work of Hungarian [&hellip;]<\/p>\n","protected":false},"author":1,"featured_media":5322,"comment_status":"open","ping_status":"open","sticky":false,"template":"","format":"standard","meta":{"_acf_changed":false,"_eb_attr":"","footnotes":""},"categories":[1],"tags":[],"class_list":["post-5501","post","type-post","status-publish","format-standard","has-post-thumbnail","hentry","category-sin-categorizar"],"acf":[],"yoast_head":"<!-- This site is optimized with the Yoast SEO plugin v27.4 - https:\/\/yoast.com\/product\/yoast-seo-wordpress\/ -->\n<title>Segura Group in the commemoration of the 60th anniversary of the Hungarian Revolution of 1956. - Grupo Segura<\/title>\n<meta name=\"robots\" content=\"index, follow, max-snippet:-1, max-image-preview:large, max-video-preview:-1\" \/>\n<link rel=\"canonical\" href=\"https:\/\/www.fsegura.com\/en\/segura-group-in-the-commemoration-of-the-60th-anniversary-of-the-hungarian-revolution-of-1956\/\" \/>\n<meta property=\"og:locale\" content=\"en_US\" \/>\n<meta property=\"og:type\" content=\"article\" \/>\n<meta property=\"og:title\" content=\"Segura Group in the commemoration of the 60th anniversary of the Hungarian Revolution of 1956. - Grupo Segura\" \/>\n<meta property=\"og:description\" content=\"On October 19, coinciding with the celebration of the 60th anniversary of the uprising of the Hungarian people against the oppression of pro-Stalinist government was inaugurated by the mayor of Madrid Mrs Manuela Carmena and the Ambassador of Hungary, Mrs Gy\u0151ri Enik\u0151, of a monument in iron and stone fruit of the work of Hungarian [&hellip;]\" \/>\n<meta property=\"og:url\" content=\"https:\/\/www.fsegura.com\/en\/segura-group-in-the-commemoration-of-the-60th-anniversary-of-the-hungarian-revolution-of-1956\/\" \/>\n<meta property=\"og:site_name\" content=\"Grupo Segura\" \/>\n<meta property=\"article:published_time\" content=\"2016-10-28T14:45:44+00:00\" \/>\n<meta property=\"og:image\" content=\"https:\/\/www.fsegura.com\/wp-content\/uploads\/2025\/11\/IMG-20161021-WA0002.jpg\" \/>\n\t<meta property=\"og:image:width\" content=\"1400\" \/>\n\t<meta property=\"og:image:height\" content=\"787\" \/>\n\t<meta property=\"og:image:type\" content=\"image\/jpeg\" \/>\n<meta name=\"author\" content=\"desarrollo\" \/>\n<meta name=\"twitter:card\" content=\"summary_large_image\" \/>\n<meta name=\"twitter:label1\" content=\"Written by\" \/>\n\t<meta name=\"twitter:data1\" content=\"desarrollo\" \/>\n\t<meta name=\"twitter:label2\" content=\"Est. reading time\" \/>\n\t<meta name=\"twitter:data2\" content=\"1 minute\" \/>\n<script type=\"application\/ld+json\" class=\"yoast-schema-graph\">{\"@context\":\"https:\\\/\\\/schema.org\",\"@graph\":[{\"@type\":\"Article\",\"@id\":\"https:\\\/\\\/www.fsegura.com\\\/en\\\/segura-group-in-the-commemoration-of-the-60th-anniversary-of-the-hungarian-revolution-of-1956\\\/#article\",\"isPartOf\":{\"@id\":\"https:\\\/\\\/www.fsegura.com\\\/en\\\/segura-group-in-the-commemoration-of-the-60th-anniversary-of-the-hungarian-revolution-of-1956\\\/\"},\"author\":{\"name\":\"desarrollo\",\"@id\":\"https:\\\/\\\/www.fsegura.com\\\/en\\\/#\\\/schema\\\/person\\\/cf9d1abe35e7e038ac092685669e6ae5\"},\"headline\":\"Segura Group in the commemoration of the 60th anniversary of the Hungarian Revolution of 1956.\",\"datePublished\":\"2016-10-28T14:45:44+00:00\",\"mainEntityOfPage\":{\"@id\":\"https:\\\/\\\/www.fsegura.com\\\/en\\\/segura-group-in-the-commemoration-of-the-60th-anniversary-of-the-hungarian-revolution-of-1956\\\/\"},\"wordCount\":283,\"commentCount\":0,\"publisher\":{\"@id\":\"https:\\\/\\\/www.fsegura.com\\\/en\\\/#organization\"},\"image\":{\"@id\":\"https:\\\/\\\/www.fsegura.com\\\/en\\\/segura-group-in-the-commemoration-of-the-60th-anniversary-of-the-hungarian-revolution-of-1956\\\/#primaryimage\"},\"thumbnailUrl\":\"https:\\\/\\\/www.fsegura.com\\\/wp-content\\\/uploads\\\/2025\\\/11\\\/IMG-20161021-WA0002.jpg\",\"articleSection\":[\"Sin categorizar\"],\"inLanguage\":\"en-US\",\"potentialAction\":[{\"@type\":\"CommentAction\",\"name\":\"Comment\",\"target\":[\"https:\\\/\\\/www.fsegura.com\\\/en\\\/segura-group-in-the-commemoration-of-the-60th-anniversary-of-the-hungarian-revolution-of-1956\\\/#respond\"]}]},{\"@type\":\"WebPage\",\"@id\":\"https:\\\/\\\/www.fsegura.com\\\/en\\\/segura-group-in-the-commemoration-of-the-60th-anniversary-of-the-hungarian-revolution-of-1956\\\/\",\"url\":\"https:\\\/\\\/www.fsegura.com\\\/en\\\/segura-group-in-the-commemoration-of-the-60th-anniversary-of-the-hungarian-revolution-of-1956\\\/\",\"name\":\"Segura Group in the commemoration of the 60th anniversary of the Hungarian Revolution of 1956. - Grupo Segura\",\"isPartOf\":{\"@id\":\"https:\\\/\\\/www.fsegura.com\\\/en\\\/#website\"},\"primaryImageOfPage\":{\"@id\":\"https:\\\/\\\/www.fsegura.com\\\/en\\\/segura-group-in-the-commemoration-of-the-60th-anniversary-of-the-hungarian-revolution-of-1956\\\/#primaryimage\"},\"image\":{\"@id\":\"https:\\\/\\\/www.fsegura.com\\\/en\\\/segura-group-in-the-commemoration-of-the-60th-anniversary-of-the-hungarian-revolution-of-1956\\\/#primaryimage\"},\"thumbnailUrl\":\"https:\\\/\\\/www.fsegura.com\\\/wp-content\\\/uploads\\\/2025\\\/11\\\/IMG-20161021-WA0002.jpg\",\"datePublished\":\"2016-10-28T14:45:44+00:00\",\"breadcrumb\":{\"@id\":\"https:\\\/\\\/www.fsegura.com\\\/en\\\/segura-group-in-the-commemoration-of-the-60th-anniversary-of-the-hungarian-revolution-of-1956\\\/#breadcrumb\"},\"inLanguage\":\"en-US\",\"potentialAction\":[{\"@type\":\"ReadAction\",\"target\":[\"https:\\\/\\\/www.fsegura.com\\\/en\\\/segura-group-in-the-commemoration-of-the-60th-anniversary-of-the-hungarian-revolution-of-1956\\\/\"]}]},{\"@type\":\"ImageObject\",\"inLanguage\":\"en-US\",\"@id\":\"https:\\\/\\\/www.fsegura.com\\\/en\\\/segura-group-in-the-commemoration-of-the-60th-anniversary-of-the-hungarian-revolution-of-1956\\\/#primaryimage\",\"url\":\"https:\\\/\\\/www.fsegura.com\\\/wp-content\\\/uploads\\\/2025\\\/11\\\/IMG-20161021-WA0002.jpg\",\"contentUrl\":\"https:\\\/\\\/www.fsegura.com\\\/wp-content\\\/uploads\\\/2025\\\/11\\\/IMG-20161021-WA0002.jpg\",\"width\":1400,\"height\":787,\"caption\":\"noticias\"},{\"@type\":\"BreadcrumbList\",\"@id\":\"https:\\\/\\\/www.fsegura.com\\\/en\\\/segura-group-in-the-commemoration-of-the-60th-anniversary-of-the-hungarian-revolution-of-1956\\\/#breadcrumb\",\"itemListElement\":[{\"@type\":\"ListItem\",\"position\":1,\"name\":\"Portada\",\"item\":\"https:\\\/\\\/www.fsegura.com\\\/en\\\/\"},{\"@type\":\"ListItem\",\"position\":2,\"name\":\"Segura Group in the commemoration of the 60th anniversary of the Hungarian Revolution of 1956.\"}]},{\"@type\":\"WebSite\",\"@id\":\"https:\\\/\\\/www.fsegura.com\\\/en\\\/#website\",\"url\":\"https:\\\/\\\/www.fsegura.com\\\/en\\\/\",\"name\":\"Grupo Segura\",\"description\":\"Partner global para componentes de la automoci\u00f3n\",\"publisher\":{\"@id\":\"https:\\\/\\\/www.fsegura.com\\\/en\\\/#organization\"},\"potentialAction\":[{\"@type\":\"SearchAction\",\"target\":{\"@type\":\"EntryPoint\",\"urlTemplate\":\"https:\\\/\\\/www.fsegura.com\\\/en\\\/?s={search_term_string}\"},\"query-input\":{\"@type\":\"PropertyValueSpecification\",\"valueRequired\":true,\"valueName\":\"search_term_string\"}}],\"inLanguage\":\"en-US\"},{\"@type\":\"Organization\",\"@id\":\"https:\\\/\\\/www.fsegura.com\\\/en\\\/#organization\",\"name\":\"Grupo Segura\",\"url\":\"https:\\\/\\\/www.fsegura.com\\\/en\\\/\",\"logo\":{\"@type\":\"ImageObject\",\"inLanguage\":\"en-US\",\"@id\":\"https:\\\/\\\/www.fsegura.com\\\/en\\\/#\\\/schema\\\/logo\\\/image\\\/\",\"url\":\"https:\\\/\\\/www.fsegura.com\\\/wp-content\\\/uploads\\\/2025\\\/09\\\/grupo-segura.jpg\",\"contentUrl\":\"https:\\\/\\\/www.fsegura.com\\\/wp-content\\\/uploads\\\/2025\\\/09\\\/grupo-segura.jpg\",\"width\":458,\"height\":136,\"caption\":\"Grupo Segura\"},\"image\":{\"@id\":\"https:\\\/\\\/www.fsegura.com\\\/en\\\/#\\\/schema\\\/logo\\\/image\\\/\"}},{\"@type\":\"Person\",\"@id\":\"https:\\\/\\\/www.fsegura.com\\\/en\\\/#\\\/schema\\\/person\\\/cf9d1abe35e7e038ac092685669e6ae5\",\"name\":\"desarrollo\",\"image\":{\"@type\":\"ImageObject\",\"inLanguage\":\"en-US\",\"@id\":\"https:\\\/\\\/secure.gravatar.com\\\/avatar\\\/3b02f34f0ea5a10bc44d1813e23e909e4ef6fd1c0c78c7eed6d094a646af2836?s=96&d=mm&r=g\",\"url\":\"https:\\\/\\\/secure.gravatar.com\\\/avatar\\\/3b02f34f0ea5a10bc44d1813e23e909e4ef6fd1c0c78c7eed6d094a646af2836?s=96&d=mm&r=g\",\"contentUrl\":\"https:\\\/\\\/secure.gravatar.com\\\/avatar\\\/3b02f34f0ea5a10bc44d1813e23e909e4ef6fd1c0c78c7eed6d094a646af2836?s=96&d=mm&r=g\",\"caption\":\"desarrollo\"},\"sameAs\":[\"https:\\\/\\\/www.fsegura.com\"],\"url\":\"https:\\\/\\\/www.fsegura.com\\\/en\\\/author\\\/desarrollo\\\/\"}]}<\/script>\n<!-- \/ Yoast SEO plugin. -->","yoast_head_json":{"title":"Segura Group in the commemoration of the 60th anniversary of the Hungarian Revolution of 1956. - Grupo Segura","robots":{"index":"index","follow":"follow","max-snippet":"max-snippet:-1","max-image-preview":"max-image-preview:large","max-video-preview":"max-video-preview:-1"},"canonical":"https:\/\/www.fsegura.com\/en\/segura-group-in-the-commemoration-of-the-60th-anniversary-of-the-hungarian-revolution-of-1956\/","og_locale":"en_US","og_type":"article","og_title":"Segura Group in the commemoration of the 60th anniversary of the Hungarian Revolution of 1956. - Grupo Segura","og_description":"On October 19, coinciding with the celebration of the 60th anniversary of the uprising of the Hungarian people against the oppression of pro-Stalinist government was inaugurated by the mayor of Madrid Mrs Manuela Carmena and the Ambassador of Hungary, Mrs Gy\u0151ri Enik\u0151, of a monument in iron and stone fruit of the work of Hungarian [&hellip;]","og_url":"https:\/\/www.fsegura.com\/en\/segura-group-in-the-commemoration-of-the-60th-anniversary-of-the-hungarian-revolution-of-1956\/","og_site_name":"Grupo Segura","article_published_time":"2016-10-28T14:45:44+00:00","og_image":[{"width":1400,"height":787,"url":"https:\/\/www.fsegura.com\/wp-content\/uploads\/2025\/11\/IMG-20161021-WA0002.jpg","type":"image\/jpeg"}],"author":"desarrollo","twitter_card":"summary_large_image","twitter_misc":{"Written by":"desarrollo","Est. reading time":"1 minute"},"schema":{"@context":"https:\/\/schema.org","@graph":[{"@type":"Article","@id":"https:\/\/www.fsegura.com\/en\/segura-group-in-the-commemoration-of-the-60th-anniversary-of-the-hungarian-revolution-of-1956\/#article","isPartOf":{"@id":"https:\/\/www.fsegura.com\/en\/segura-group-in-the-commemoration-of-the-60th-anniversary-of-the-hungarian-revolution-of-1956\/"},"author":{"name":"desarrollo","@id":"https:\/\/www.fsegura.com\/en\/#\/schema\/person\/cf9d1abe35e7e038ac092685669e6ae5"},"headline":"Segura Group in the commemoration of the 60th anniversary of the Hungarian Revolution of 1956.","datePublished":"2016-10-28T14:45:44+00:00","mainEntityOfPage":{"@id":"https:\/\/www.fsegura.com\/en\/segura-group-in-the-commemoration-of-the-60th-anniversary-of-the-hungarian-revolution-of-1956\/"},"wordCount":283,"commentCount":0,"publisher":{"@id":"https:\/\/www.fsegura.com\/en\/#organization"},"image":{"@id":"https:\/\/www.fsegura.com\/en\/segura-group-in-the-commemoration-of-the-60th-anniversary-of-the-hungarian-revolution-of-1956\/#primaryimage"},"thumbnailUrl":"https:\/\/www.fsegura.com\/wp-content\/uploads\/2025\/11\/IMG-20161021-WA0002.jpg","articleSection":["Sin categorizar"],"inLanguage":"en-US","potentialAction":[{"@type":"CommentAction","name":"Comment","target":["https:\/\/www.fsegura.com\/en\/segura-group-in-the-commemoration-of-the-60th-anniversary-of-the-hungarian-revolution-of-1956\/#respond"]}]},{"@type":"WebPage","@id":"https:\/\/www.fsegura.com\/en\/segura-group-in-the-commemoration-of-the-60th-anniversary-of-the-hungarian-revolution-of-1956\/","url":"https:\/\/www.fsegura.com\/en\/segura-group-in-the-commemoration-of-the-60th-anniversary-of-the-hungarian-revolution-of-1956\/","name":"Segura Group in the commemoration of the 60th anniversary of the Hungarian Revolution of 1956. - Grupo Segura","isPartOf":{"@id":"https:\/\/www.fsegura.com\/en\/#website"},"primaryImageOfPage":{"@id":"https:\/\/www.fsegura.com\/en\/segura-group-in-the-commemoration-of-the-60th-anniversary-of-the-hungarian-revolution-of-1956\/#primaryimage"},"image":{"@id":"https:\/\/www.fsegura.com\/en\/segura-group-in-the-commemoration-of-the-60th-anniversary-of-the-hungarian-revolution-of-1956\/#primaryimage"},"thumbnailUrl":"https:\/\/www.fsegura.com\/wp-content\/uploads\/2025\/11\/IMG-20161021-WA0002.jpg","datePublished":"2016-10-28T14:45:44+00:00","breadcrumb":{"@id":"https:\/\/www.fsegura.com\/en\/segura-group-in-the-commemoration-of-the-60th-anniversary-of-the-hungarian-revolution-of-1956\/#breadcrumb"},"inLanguage":"en-US","potentialAction":[{"@type":"ReadAction","target":["https:\/\/www.fsegura.com\/en\/segura-group-in-the-commemoration-of-the-60th-anniversary-of-the-hungarian-revolution-of-1956\/"]}]},{"@type":"ImageObject","inLanguage":"en-US","@id":"https:\/\/www.fsegura.com\/en\/segura-group-in-the-commemoration-of-the-60th-anniversary-of-the-hungarian-revolution-of-1956\/#primaryimage","url":"https:\/\/www.fsegura.com\/wp-content\/uploads\/2025\/11\/IMG-20161021-WA0002.jpg","contentUrl":"https:\/\/www.fsegura.com\/wp-content\/uploads\/2025\/11\/IMG-20161021-WA0002.jpg","width":1400,"height":787,"caption":"noticias"},{"@type":"BreadcrumbList","@id":"https:\/\/www.fsegura.com\/en\/segura-group-in-the-commemoration-of-the-60th-anniversary-of-the-hungarian-revolution-of-1956\/#breadcrumb","itemListElement":[{"@type":"ListItem","position":1,"name":"Portada","item":"https:\/\/www.fsegura.com\/en\/"},{"@type":"ListItem","position":2,"name":"Segura Group in the commemoration of the 60th anniversary of the Hungarian Revolution of 1956."}]},{"@type":"WebSite","@id":"https:\/\/www.fsegura.com\/en\/#website","url":"https:\/\/www.fsegura.com\/en\/","name":"Grupo Segura","description":"Partner global para componentes de la automoci\u00f3n","publisher":{"@id":"https:\/\/www.fsegura.com\/en\/#organization"},"potentialAction":[{"@type":"SearchAction","target":{"@type":"EntryPoint","urlTemplate":"https:\/\/www.fsegura.com\/en\/?s={search_term_string}"},"query-input":{"@type":"PropertyValueSpecification","valueRequired":true,"valueName":"search_term_string"}}],"inLanguage":"en-US"},{"@type":"Organization","@id":"https:\/\/www.fsegura.com\/en\/#organization","name":"Grupo Segura","url":"https:\/\/www.fsegura.com\/en\/","logo":{"@type":"ImageObject","inLanguage":"en-US","@id":"https:\/\/www.fsegura.com\/en\/#\/schema\/logo\/image\/","url":"https:\/\/www.fsegura.com\/wp-content\/uploads\/2025\/09\/grupo-segura.jpg","contentUrl":"https:\/\/www.fsegura.com\/wp-content\/uploads\/2025\/09\/grupo-segura.jpg","width":458,"height":136,"caption":"Grupo Segura"},"image":{"@id":"https:\/\/www.fsegura.com\/en\/#\/schema\/logo\/image\/"}},{"@type":"Person","@id":"https:\/\/www.fsegura.com\/en\/#\/schema\/person\/cf9d1abe35e7e038ac092685669e6ae5","name":"desarrollo","image":{"@type":"ImageObject","inLanguage":"en-US","@id":"https:\/\/secure.gravatar.com\/avatar\/3b02f34f0ea5a10bc44d1813e23e909e4ef6fd1c0c78c7eed6d094a646af2836?s=96&d=mm&r=g","url":"https:\/\/secure.gravatar.com\/avatar\/3b02f34f0ea5a10bc44d1813e23e909e4ef6fd1c0c78c7eed6d094a646af2836?s=96&d=mm&r=g","contentUrl":"https:\/\/secure.gravatar.com\/avatar\/3b02f34f0ea5a10bc44d1813e23e909e4ef6fd1c0c78c7eed6d094a646af2836?s=96&d=mm&r=g","caption":"desarrollo"},"sameAs":["https:\/\/www.fsegura.com"],"url":"https:\/\/www.fsegura.com\/en\/author\/desarrollo\/"}]}},"_links":{"self":[{"href":"https:\/\/www.fsegura.com\/en\/wp-json\/wp\/v2\/posts\/5501","targetHints":{"allow":["GET"]}}],"collection":[{"href":"https:\/\/www.fsegura.com\/en\/wp-json\/wp\/v2\/posts"}],"about":[{"href":"https:\/\/www.fsegura.com\/en\/wp-json\/wp\/v2\/types\/post"}],"author":[{"embeddable":true,"href":"https:\/\/www.fsegura.com\/en\/wp-json\/wp\/v2\/users\/1"}],"replies":[{"embeddable":true,"href":"https:\/\/www.fsegura.com\/en\/wp-json\/wp\/v2\/comments?post=5501"}],"version-history":[{"count":0,"href":"https:\/\/www.fsegura.com\/en\/wp-json\/wp\/v2\/posts\/5501\/revisions"}],"wp:featuredmedia":[{"embeddable":true,"href":"https:\/\/www.fsegura.com\/en\/wp-json\/wp\/v2\/media\/5322"}],"wp:attachment":[{"href":"https:\/\/www.fsegura.com\/en\/wp-json\/wp\/v2\/media?parent=5501"}],"wp:term":[{"taxonomy":"category","embeddable":true,"href":"https:\/\/www.fsegura.com\/en\/wp-json\/wp\/v2\/categories?post=5501"},{"taxonomy":"post_tag","embeddable":true,"href":"https:\/\/www.fsegura.com\/en\/wp-json\/wp\/v2\/tags?post=5501"}],"curies":[{"name":"wp","href":"https:\/\/api.w.org\/{rel}","templated":true}]}}