{"id":5503,"date":"2016-11-22T09:35:55","date_gmt":"2016-11-22T09:35:55","guid":{"rendered":"https:\/\/www.fsegura.com\/2016\/11\/22\/grupo-segura-becomes-member-of-the-chair-of-management-and-business-culture-of-the-social-council-of-the-universitat-politecnica-de-valencia-upv\/"},"modified":"2016-11-22T09:35:55","modified_gmt":"2016-11-22T09:35:55","slug":"grupo-segura-becomes-member-of-the-chair-of-management-and-business-culture-of-the-social-council-of-the-universitat-politecnica-de-valencia-upv","status":"publish","type":"post","link":"https:\/\/www.fsegura.com\/en\/grupo-segura-becomes-member-of-the-chair-of-management-and-business-culture-of-the-social-council-of-the-universitat-politecnica-de-valencia-upv\/","title":{"rendered":"Grupo Segura becomes member of the Chair of Management and Business Culture of the Social Council of the Universitat Polit\u00e8cnica de Val\u00e8ncia (UPV)"},"content":{"rendered":"<p>The Social Council of the Universitat Polit\u00e8cnica de Val\u00e8ncia (UPV) has confirmed last Tuesday the adhesion of four new employers to its Chair of Management and Business Culture Grupo Segura, G\u00f3mez Acebo &amp; Pombo Abogados, GD Energy Services and Seguros Uni\u00f3n la Alcoyana join the recent incorporations of Air Nostrum, Fundaci\u00f3n IVO and Pinturas Isaval, which in turn make this Chair the only one in the whole of the UPV has the support and cooperation of 19 employers between companies and entities.<\/p>\n<p><a href=\"http:\/\/www.lavanguardia.com\/vida\/20161115\/411890106522\/la-catedra-cultura-directiva-y-empresarial-del-consejo-social-de-la-upv-suma-cuatro-nuevos-patronos.html\" target=\"_blank\">La Vanguardia<\/a><\/p>\n<p><a href=\"http:\/\/www.lasprovincias.es\/agencias\/valencia\/201611\/15\/catedra-cultura-directiva-empresarial-821032.html\" target=\"_blank\">Las Provincias<\/a><\/p>\n<p>&nbsp;<\/p>\n<p>&nbsp;<\/p>\n<p>&nbsp;<\/p>\n","protected":false},"excerpt":{"rendered":"<p>The Social Council of the Universitat Polit\u00e8cnica de Val\u00e8ncia (UPV) has confirmed last Tuesday the adhesion of four new employers to its Chair of Management and Business Culture Grupo Segura, G\u00f3mez Acebo &amp; Pombo Abogados, GD Energy Services and Seguros Uni\u00f3n la Alcoyana join the recent incorporations of Air Nostrum, Fundaci\u00f3n IVO and Pinturas Isaval, [&hellip;]<\/p>\n","protected":false},"author":1,"featured_media":0,"comment_status":"open","ping_status":"open","sticky":false,"template":"","format":"standard","meta":{"_acf_changed":false,"_eb_attr":"","footnotes":""},"categories":[1],"tags":[],"class_list":["post-5503","post","type-post","status-publish","format-standard","hentry","category-sin-categorizar"],"acf":[],"yoast_head":"<!-- This site is optimized with the Yoast SEO plugin v27.4 - https:\/\/yoast.com\/product\/yoast-seo-wordpress\/ -->\n<title>Grupo Segura becomes member of the Chair of Management and Business Culture of the Social Council of the Universitat Polit\u00e8cnica de Val\u00e8ncia (UPV) - Grupo Segura<\/title>\n<meta name=\"robots\" content=\"index, follow, max-snippet:-1, max-image-preview:large, max-video-preview:-1\" \/>\n<link rel=\"canonical\" href=\"https:\/\/www.fsegura.com\/en\/grupo-segura-becomes-member-of-the-chair-of-management-and-business-culture-of-the-social-council-of-the-universitat-politecnica-de-valencia-upv\/\" \/>\n<meta property=\"og:locale\" content=\"en_US\" \/>\n<meta property=\"og:type\" content=\"article\" \/>\n<meta property=\"og:title\" content=\"Grupo Segura becomes member of the Chair of Management and Business Culture of the Social Council of the Universitat Polit\u00e8cnica de Val\u00e8ncia (UPV) - Grupo Segura\" \/>\n<meta property=\"og:description\" content=\"The Social Council of the Universitat Polit\u00e8cnica de Val\u00e8ncia (UPV) has confirmed last Tuesday the adhesion of four new employers to its Chair of Management and Business Culture Grupo Segura, G\u00f3mez Acebo &amp; Pombo Abogados, GD Energy Services and Seguros Uni\u00f3n la Alcoyana join the recent incorporations of Air Nostrum, Fundaci\u00f3n IVO and Pinturas Isaval, [&hellip;]\" \/>\n<meta property=\"og:url\" content=\"https:\/\/www.fsegura.com\/en\/grupo-segura-becomes-member-of-the-chair-of-management-and-business-culture-of-the-social-council-of-the-universitat-politecnica-de-valencia-upv\/\" \/>\n<meta property=\"og:site_name\" content=\"Grupo Segura\" \/>\n<meta property=\"article:published_time\" content=\"2016-11-22T09:35:55+00:00\" \/>\n<meta name=\"author\" content=\"desarrollo\" \/>\n<meta name=\"twitter:card\" content=\"summary_large_image\" \/>\n<meta name=\"twitter:label1\" content=\"Written by\" \/>\n\t<meta name=\"twitter:data1\" content=\"desarrollo\" \/>\n<script type=\"application\/ld+json\" class=\"yoast-schema-graph\">{\"@context\":\"https:\\\/\\\/schema.org\",\"@graph\":[{\"@type\":\"Article\",\"@id\":\"https:\\\/\\\/www.fsegura.com\\\/en\\\/grupo-segura-becomes-member-of-the-chair-of-management-and-business-culture-of-the-social-council-of-the-universitat-politecnica-de-valencia-upv\\\/#article\",\"isPartOf\":{\"@id\":\"https:\\\/\\\/www.fsegura.com\\\/en\\\/grupo-segura-becomes-member-of-the-chair-of-management-and-business-culture-of-the-social-council-of-the-universitat-politecnica-de-valencia-upv\\\/\"},\"author\":{\"name\":\"desarrollo\",\"@id\":\"https:\\\/\\\/www.fsegura.com\\\/en\\\/#\\\/schema\\\/person\\\/cf9d1abe35e7e038ac092685669e6ae5\"},\"headline\":\"Grupo Segura becomes member of the Chair of Management and Business Culture of the Social Council of the Universitat Polit\u00e8cnica de Val\u00e8ncia (UPV)\",\"datePublished\":\"2016-11-22T09:35:55+00:00\",\"mainEntityOfPage\":{\"@id\":\"https:\\\/\\\/www.fsegura.com\\\/en\\\/grupo-segura-becomes-member-of-the-chair-of-management-and-business-culture-of-the-social-council-of-the-universitat-politecnica-de-valencia-upv\\\/\"},\"wordCount\":118,\"commentCount\":0,\"publisher\":{\"@id\":\"https:\\\/\\\/www.fsegura.com\\\/en\\\/#organization\"},\"articleSection\":[\"Sin categorizar\"],\"inLanguage\":\"en-US\",\"potentialAction\":[{\"@type\":\"CommentAction\",\"name\":\"Comment\",\"target\":[\"https:\\\/\\\/www.fsegura.com\\\/en\\\/grupo-segura-becomes-member-of-the-chair-of-management-and-business-culture-of-the-social-council-of-the-universitat-politecnica-de-valencia-upv\\\/#respond\"]}]},{\"@type\":\"WebPage\",\"@id\":\"https:\\\/\\\/www.fsegura.com\\\/en\\\/grupo-segura-becomes-member-of-the-chair-of-management-and-business-culture-of-the-social-council-of-the-universitat-politecnica-de-valencia-upv\\\/\",\"url\":\"https:\\\/\\\/www.fsegura.com\\\/en\\\/grupo-segura-becomes-member-of-the-chair-of-management-and-business-culture-of-the-social-council-of-the-universitat-politecnica-de-valencia-upv\\\/\",\"name\":\"Grupo Segura becomes member of the Chair of Management and Business Culture of the Social Council of the Universitat Polit\u00e8cnica de Val\u00e8ncia (UPV) - Grupo Segura\",\"isPartOf\":{\"@id\":\"https:\\\/\\\/www.fsegura.com\\\/en\\\/#website\"},\"datePublished\":\"2016-11-22T09:35:55+00:00\",\"breadcrumb\":{\"@id\":\"https:\\\/\\\/www.fsegura.com\\\/en\\\/grupo-segura-becomes-member-of-the-chair-of-management-and-business-culture-of-the-social-council-of-the-universitat-politecnica-de-valencia-upv\\\/#breadcrumb\"},\"inLanguage\":\"en-US\",\"potentialAction\":[{\"@type\":\"ReadAction\",\"target\":[\"https:\\\/\\\/www.fsegura.com\\\/en\\\/grupo-segura-becomes-member-of-the-chair-of-management-and-business-culture-of-the-social-council-of-the-universitat-politecnica-de-valencia-upv\\\/\"]}]},{\"@type\":\"BreadcrumbList\",\"@id\":\"https:\\\/\\\/www.fsegura.com\\\/en\\\/grupo-segura-becomes-member-of-the-chair-of-management-and-business-culture-of-the-social-council-of-the-universitat-politecnica-de-valencia-upv\\\/#breadcrumb\",\"itemListElement\":[{\"@type\":\"ListItem\",\"position\":1,\"name\":\"Portada\",\"item\":\"https:\\\/\\\/www.fsegura.com\\\/en\\\/\"},{\"@type\":\"ListItem\",\"position\":2,\"name\":\"Grupo Segura becomes member of the Chair of Management and Business Culture of the Social Council of the Universitat Polit\u00e8cnica de Val\u00e8ncia (UPV)\"}]},{\"@type\":\"WebSite\",\"@id\":\"https:\\\/\\\/www.fsegura.com\\\/en\\\/#website\",\"url\":\"https:\\\/\\\/www.fsegura.com\\\/en\\\/\",\"name\":\"Grupo Segura\",\"description\":\"Partner global para componentes de la automoci\u00f3n\",\"publisher\":{\"@id\":\"https:\\\/\\\/www.fsegura.com\\\/en\\\/#organization\"},\"potentialAction\":[{\"@type\":\"SearchAction\",\"target\":{\"@type\":\"EntryPoint\",\"urlTemplate\":\"https:\\\/\\\/www.fsegura.com\\\/en\\\/?s={search_term_string}\"},\"query-input\":{\"@type\":\"PropertyValueSpecification\",\"valueRequired\":true,\"valueName\":\"search_term_string\"}}],\"inLanguage\":\"en-US\"},{\"@type\":\"Organization\",\"@id\":\"https:\\\/\\\/www.fsegura.com\\\/en\\\/#organization\",\"name\":\"Grupo Segura\",\"url\":\"https:\\\/\\\/www.fsegura.com\\\/en\\\/\",\"logo\":{\"@type\":\"ImageObject\",\"inLanguage\":\"en-US\",\"@id\":\"https:\\\/\\\/www.fsegura.com\\\/en\\\/#\\\/schema\\\/logo\\\/image\\\/\",\"url\":\"https:\\\/\\\/www.fsegura.com\\\/wp-content\\\/uploads\\\/2025\\\/09\\\/grupo-segura.jpg\",\"contentUrl\":\"https:\\\/\\\/www.fsegura.com\\\/wp-content\\\/uploads\\\/2025\\\/09\\\/grupo-segura.jpg\",\"width\":458,\"height\":136,\"caption\":\"Grupo Segura\"},\"image\":{\"@id\":\"https:\\\/\\\/www.fsegura.com\\\/en\\\/#\\\/schema\\\/logo\\\/image\\\/\"}},{\"@type\":\"Person\",\"@id\":\"https:\\\/\\\/www.fsegura.com\\\/en\\\/#\\\/schema\\\/person\\\/cf9d1abe35e7e038ac092685669e6ae5\",\"name\":\"desarrollo\",\"image\":{\"@type\":\"ImageObject\",\"inLanguage\":\"en-US\",\"@id\":\"https:\\\/\\\/secure.gravatar.com\\\/avatar\\\/3b02f34f0ea5a10bc44d1813e23e909e4ef6fd1c0c78c7eed6d094a646af2836?s=96&d=mm&r=g\",\"url\":\"https:\\\/\\\/secure.gravatar.com\\\/avatar\\\/3b02f34f0ea5a10bc44d1813e23e909e4ef6fd1c0c78c7eed6d094a646af2836?s=96&d=mm&r=g\",\"contentUrl\":\"https:\\\/\\\/secure.gravatar.com\\\/avatar\\\/3b02f34f0ea5a10bc44d1813e23e909e4ef6fd1c0c78c7eed6d094a646af2836?s=96&d=mm&r=g\",\"caption\":\"desarrollo\"},\"sameAs\":[\"https:\\\/\\\/www.fsegura.com\"],\"url\":\"https:\\\/\\\/www.fsegura.com\\\/en\\\/author\\\/desarrollo\\\/\"}]}<\/script>\n<!-- \/ Yoast SEO plugin. -->","yoast_head_json":{"title":"Grupo Segura becomes member of the Chair of Management and Business Culture of the Social Council of the Universitat Polit\u00e8cnica de Val\u00e8ncia (UPV) - Grupo Segura","robots":{"index":"index","follow":"follow","max-snippet":"max-snippet:-1","max-image-preview":"max-image-preview:large","max-video-preview":"max-video-preview:-1"},"canonical":"https:\/\/www.fsegura.com\/en\/grupo-segura-becomes-member-of-the-chair-of-management-and-business-culture-of-the-social-council-of-the-universitat-politecnica-de-valencia-upv\/","og_locale":"en_US","og_type":"article","og_title":"Grupo Segura becomes member of the Chair of Management and Business Culture of the Social Council of the Universitat Polit\u00e8cnica de Val\u00e8ncia (UPV) - Grupo Segura","og_description":"The Social Council of the Universitat Polit\u00e8cnica de Val\u00e8ncia (UPV) has confirmed last Tuesday the adhesion of four new employers to its Chair of Management and Business Culture Grupo Segura, G\u00f3mez Acebo &amp; Pombo Abogados, GD Energy Services and Seguros Uni\u00f3n la Alcoyana join the recent incorporations of Air Nostrum, Fundaci\u00f3n IVO and Pinturas Isaval, [&hellip;]","og_url":"https:\/\/www.fsegura.com\/en\/grupo-segura-becomes-member-of-the-chair-of-management-and-business-culture-of-the-social-council-of-the-universitat-politecnica-de-valencia-upv\/","og_site_name":"Grupo Segura","article_published_time":"2016-11-22T09:35:55+00:00","author":"desarrollo","twitter_card":"summary_large_image","twitter_misc":{"Written by":"desarrollo"},"schema":{"@context":"https:\/\/schema.org","@graph":[{"@type":"Article","@id":"https:\/\/www.fsegura.com\/en\/grupo-segura-becomes-member-of-the-chair-of-management-and-business-culture-of-the-social-council-of-the-universitat-politecnica-de-valencia-upv\/#article","isPartOf":{"@id":"https:\/\/www.fsegura.com\/en\/grupo-segura-becomes-member-of-the-chair-of-management-and-business-culture-of-the-social-council-of-the-universitat-politecnica-de-valencia-upv\/"},"author":{"name":"desarrollo","@id":"https:\/\/www.fsegura.com\/en\/#\/schema\/person\/cf9d1abe35e7e038ac092685669e6ae5"},"headline":"Grupo Segura becomes member of the Chair of Management and Business Culture of the Social Council of the Universitat Polit\u00e8cnica de Val\u00e8ncia (UPV)","datePublished":"2016-11-22T09:35:55+00:00","mainEntityOfPage":{"@id":"https:\/\/www.fsegura.com\/en\/grupo-segura-becomes-member-of-the-chair-of-management-and-business-culture-of-the-social-council-of-the-universitat-politecnica-de-valencia-upv\/"},"wordCount":118,"commentCount":0,"publisher":{"@id":"https:\/\/www.fsegura.com\/en\/#organization"},"articleSection":["Sin categorizar"],"inLanguage":"en-US","potentialAction":[{"@type":"CommentAction","name":"Comment","target":["https:\/\/www.fsegura.com\/en\/grupo-segura-becomes-member-of-the-chair-of-management-and-business-culture-of-the-social-council-of-the-universitat-politecnica-de-valencia-upv\/#respond"]}]},{"@type":"WebPage","@id":"https:\/\/www.fsegura.com\/en\/grupo-segura-becomes-member-of-the-chair-of-management-and-business-culture-of-the-social-council-of-the-universitat-politecnica-de-valencia-upv\/","url":"https:\/\/www.fsegura.com\/en\/grupo-segura-becomes-member-of-the-chair-of-management-and-business-culture-of-the-social-council-of-the-universitat-politecnica-de-valencia-upv\/","name":"Grupo Segura becomes member of the Chair of Management and Business Culture of the Social Council of the Universitat Polit\u00e8cnica de Val\u00e8ncia (UPV) - Grupo Segura","isPartOf":{"@id":"https:\/\/www.fsegura.com\/en\/#website"},"datePublished":"2016-11-22T09:35:55+00:00","breadcrumb":{"@id":"https:\/\/www.fsegura.com\/en\/grupo-segura-becomes-member-of-the-chair-of-management-and-business-culture-of-the-social-council-of-the-universitat-politecnica-de-valencia-upv\/#breadcrumb"},"inLanguage":"en-US","potentialAction":[{"@type":"ReadAction","target":["https:\/\/www.fsegura.com\/en\/grupo-segura-becomes-member-of-the-chair-of-management-and-business-culture-of-the-social-council-of-the-universitat-politecnica-de-valencia-upv\/"]}]},{"@type":"BreadcrumbList","@id":"https:\/\/www.fsegura.com\/en\/grupo-segura-becomes-member-of-the-chair-of-management-and-business-culture-of-the-social-council-of-the-universitat-politecnica-de-valencia-upv\/#breadcrumb","itemListElement":[{"@type":"ListItem","position":1,"name":"Portada","item":"https:\/\/www.fsegura.com\/en\/"},{"@type":"ListItem","position":2,"name":"Grupo Segura becomes member of the Chair of Management and Business Culture of the Social Council of the Universitat Polit\u00e8cnica de Val\u00e8ncia (UPV)"}]},{"@type":"WebSite","@id":"https:\/\/www.fsegura.com\/en\/#website","url":"https:\/\/www.fsegura.com\/en\/","name":"Grupo Segura","description":"Partner global para componentes de la automoci\u00f3n","publisher":{"@id":"https:\/\/www.fsegura.com\/en\/#organization"},"potentialAction":[{"@type":"SearchAction","target":{"@type":"EntryPoint","urlTemplate":"https:\/\/www.fsegura.com\/en\/?s={search_term_string}"},"query-input":{"@type":"PropertyValueSpecification","valueRequired":true,"valueName":"search_term_string"}}],"inLanguage":"en-US"},{"@type":"Organization","@id":"https:\/\/www.fsegura.com\/en\/#organization","name":"Grupo Segura","url":"https:\/\/www.fsegura.com\/en\/","logo":{"@type":"ImageObject","inLanguage":"en-US","@id":"https:\/\/www.fsegura.com\/en\/#\/schema\/logo\/image\/","url":"https:\/\/www.fsegura.com\/wp-content\/uploads\/2025\/09\/grupo-segura.jpg","contentUrl":"https:\/\/www.fsegura.com\/wp-content\/uploads\/2025\/09\/grupo-segura.jpg","width":458,"height":136,"caption":"Grupo Segura"},"image":{"@id":"https:\/\/www.fsegura.com\/en\/#\/schema\/logo\/image\/"}},{"@type":"Person","@id":"https:\/\/www.fsegura.com\/en\/#\/schema\/person\/cf9d1abe35e7e038ac092685669e6ae5","name":"desarrollo","image":{"@type":"ImageObject","inLanguage":"en-US","@id":"https:\/\/secure.gravatar.com\/avatar\/3b02f34f0ea5a10bc44d1813e23e909e4ef6fd1c0c78c7eed6d094a646af2836?s=96&d=mm&r=g","url":"https:\/\/secure.gravatar.com\/avatar\/3b02f34f0ea5a10bc44d1813e23e909e4ef6fd1c0c78c7eed6d094a646af2836?s=96&d=mm&r=g","contentUrl":"https:\/\/secure.gravatar.com\/avatar\/3b02f34f0ea5a10bc44d1813e23e909e4ef6fd1c0c78c7eed6d094a646af2836?s=96&d=mm&r=g","caption":"desarrollo"},"sameAs":["https:\/\/www.fsegura.com"],"url":"https:\/\/www.fsegura.com\/en\/author\/desarrollo\/"}]}},"_links":{"self":[{"href":"https:\/\/www.fsegura.com\/en\/wp-json\/wp\/v2\/posts\/5503","targetHints":{"allow":["GET"]}}],"collection":[{"href":"https:\/\/www.fsegura.com\/en\/wp-json\/wp\/v2\/posts"}],"about":[{"href":"https:\/\/www.fsegura.com\/en\/wp-json\/wp\/v2\/types\/post"}],"author":[{"embeddable":true,"href":"https:\/\/www.fsegura.com\/en\/wp-json\/wp\/v2\/users\/1"}],"replies":[{"embeddable":true,"href":"https:\/\/www.fsegura.com\/en\/wp-json\/wp\/v2\/comments?post=5503"}],"version-history":[{"count":0,"href":"https:\/\/www.fsegura.com\/en\/wp-json\/wp\/v2\/posts\/5503\/revisions"}],"wp:attachment":[{"href":"https:\/\/www.fsegura.com\/en\/wp-json\/wp\/v2\/media?parent=5503"}],"wp:term":[{"taxonomy":"category","embeddable":true,"href":"https:\/\/www.fsegura.com\/en\/wp-json\/wp\/v2\/categories?post=5503"},{"taxonomy":"post_tag","embeddable":true,"href":"https:\/\/www.fsegura.com\/en\/wp-json\/wp\/v2\/tags?post=5503"}],"curies":[{"name":"wp","href":"https:\/\/api.w.org\/{rel}","templated":true}]}}