{"id":5504,"date":"2016-12-07T08:28:01","date_gmt":"2016-12-07T08:28:01","guid":{"rendered":"https:\/\/www.fsegura.com\/2016\/12\/07\/maraton-valencia-trinidad-alfonso-edp\/"},"modified":"2016-12-07T08:28:01","modified_gmt":"2016-12-07T08:28:01","slug":"maraton-valencia-trinidad-alfonso-edp","status":"publish","type":"post","link":"https:\/\/www.fsegura.com\/en\/maraton-valencia-trinidad-alfonso-edp\/","title":{"rendered":"Marat\u00f3n Valencia Trinidad Alfonso EDP."},"content":{"rendered":"<p>On Sunday 20th of November took place in Valencia the Valencia Trinidad Marathon EDP race, which this year received the award from the IAAF \u201cRoad Race Gold Label\u201d, and has been confirmed as one of the best race in the distance of the 42,195 meters of the world. Among the more than 19,000 runners who took the start in the marathon race, we stand out as successful all employees of the company that have participated, between them our General Manager Jorge Segura , with race time 3:19:07 , and our employees Salvador Solera Calduch\u00a0 2:58:33, Joaqu\u00edn Illueca Embuena 4:00:03, Ra\u00fal Mart\u00ednez Capella 3:02:41, Montse Solbes Camarena 4:00:03, Antonio Ruiz Morante 3:30:17 y Adrian Benlloch Fern\u00e1ndez 4:16:38.<\/p>\n<p>Participating in a Marathon event is an example of personal improvement and perseverance that reflects the most representatives values of the sport, and that also mirrors our company values as IMPROVEMENT, ENTERPRENEURSHIP, WILLINGNESS, UNION, RESPECT, ADAPTABILITY. With your participation also, Grupo Segura demonstrates that has a remarkable team for its constancy, effort, dedication, desire and improvement, capable of facing high challenges and responsibilities, Values that you apply to your daily work, and at the same time make Grupo Segura a company with a strong sense of corporatism.<\/p>\n<p>To all, our warmest congratulations.<\/p>\n<figure style=\"width: 457px\" class=\"wp-caption alignnone\"><a href=\"https:\/\/www.fsegura.com\/wp-content\/uploads\/2016\/12\/JORGE-1.jpg\"><img fetchpriority=\"high\" decoding=\"async\" class=\"wp-image-6292 size-full\" src=\"https:\/\/www.fsegura.com\/wp-content\/uploads\/2016\/12\/JORGE-1.jpg\" alt=\"JORGE\" width=\"457\" height=\"601\" \/><\/a><figcaption class=\"wp-caption-text\">Jorge Segura<\/figcaption><\/figure>\n<p>&nbsp;<\/p>\n<figure style=\"width: 1024px\" class=\"wp-caption alignnone\"><a href=\"https:\/\/www.fsegura.com\/wp-content\/uploads\/2016\/12\/IMG_0012-2.jpg\"><img decoding=\"async\" class=\"wp-image-6298 size-large\" src=\"https:\/\/www.fsegura.com\/wp-content\/uploads\/2016\/12\/IMG_0012-2-1024x576.jpg\" alt=\"IMG_0012\" width=\"1024\" height=\"576\" \/><\/a><figcaption class=\"wp-caption-text\">Montse Solbes<\/figcaption><\/figure>\n<p>&nbsp;<\/p>\n<figure style=\"width: 400px\" class=\"wp-caption alignleft\"><a href=\"https:\/\/www.fsegura.com\/wp-content\/uploads\/2016\/12\/IMG_3167-2.jpg\"><img decoding=\"async\" class=\"wp-image-6295 size-full\" src=\"https:\/\/www.fsegura.com\/wp-content\/uploads\/2016\/12\/IMG_3167-2.jpg\" alt=\"IMG_3167\" width=\"400\" height=\"601\" \/><\/a><figcaption class=\"wp-caption-text\">Salva Solera<\/figcaption><\/figure>\n<p>&nbsp;<\/p>\n<figure id=\"attachment_6301\" aria-describedby=\"caption-attachment-6301\" style=\"width: 338px\" class=\"wp-caption alignleft\"><a href=\"https:\/\/www.fsegura.com\/wp-content\/uploads\/2016\/12\/IMG-20161120-WA0007-2.jpg\"><img loading=\"lazy\" decoding=\"async\" class=\"wp-image-6301 size-full\" src=\"https:\/\/www.fsegura.com\/wp-content\/uploads\/2016\/12\/IMG-20161120-WA0007-2.jpg\" alt=\"IMG-20161120-WA0007\" width=\"338\" height=\"601\" \/><\/a><figcaption id=\"caption-attachment-6301\" class=\"wp-caption-text\">Antonio ruiz<\/figcaption><\/figure>\n","protected":false},"excerpt":{"rendered":"<p>On Sunday 20th of November took place in Valencia the Valencia Trinidad Marathon EDP race, which this year received the award from the IAAF \u201cRoad Race Gold Label\u201d, and has been confirmed as one of the best race in the distance of the 42,195 meters of the world. Among the more than 19,000 runners who [&hellip;]<\/p>\n","protected":false},"author":1,"featured_media":5331,"comment_status":"open","ping_status":"open","sticky":false,"template":"","format":"standard","meta":{"_acf_changed":false,"_eb_attr":"","footnotes":""},"categories":[1],"tags":[],"class_list":["post-5504","post","type-post","status-publish","format-standard","has-post-thumbnail","hentry","category-sin-categorizar"],"acf":[],"yoast_head":"<!-- This site is optimized with the Yoast SEO plugin v27.4 - https:\/\/yoast.com\/product\/yoast-seo-wordpress\/ -->\n<title>Marat\u00f3n Valencia Trinidad Alfonso EDP. - Grupo Segura<\/title>\n<meta name=\"robots\" content=\"index, follow, max-snippet:-1, max-image-preview:large, max-video-preview:-1\" \/>\n<link rel=\"canonical\" href=\"https:\/\/www.fsegura.com\/en\/maraton-valencia-trinidad-alfonso-edp\/\" \/>\n<meta property=\"og:locale\" content=\"en_US\" \/>\n<meta property=\"og:type\" content=\"article\" \/>\n<meta property=\"og:title\" content=\"Marat\u00f3n Valencia Trinidad Alfonso EDP. - Grupo Segura\" \/>\n<meta property=\"og:description\" content=\"On Sunday 20th of November took place in Valencia the Valencia Trinidad Marathon EDP race, which this year received the award from the IAAF \u201cRoad Race Gold Label\u201d, and has been confirmed as one of the best race in the distance of the 42,195 meters of the world. Among the more than 19,000 runners who [&hellip;]\" \/>\n<meta property=\"og:url\" content=\"https:\/\/www.fsegura.com\/en\/maraton-valencia-trinidad-alfonso-edp\/\" \/>\n<meta property=\"og:site_name\" content=\"Grupo Segura\" \/>\n<meta property=\"article:published_time\" content=\"2016-12-07T08:28:01+00:00\" \/>\n<meta property=\"og:image\" content=\"https:\/\/www.fsegura.com\/wp-content\/uploads\/2025\/11\/maraton-valencia-2015-cartel-1.jpg\" \/>\n\t<meta property=\"og:image:width\" content=\"400\" \/>\n\t<meta property=\"og:image:height\" content=\"237\" \/>\n\t<meta property=\"og:image:type\" content=\"image\/jpeg\" \/>\n<meta name=\"author\" content=\"desarrollo\" \/>\n<meta name=\"twitter:card\" content=\"summary_large_image\" \/>\n<meta name=\"twitter:label1\" content=\"Written by\" \/>\n\t<meta name=\"twitter:data1\" content=\"desarrollo\" \/>\n\t<meta name=\"twitter:label2\" content=\"Est. reading time\" \/>\n\t<meta name=\"twitter:data2\" content=\"1 minute\" \/>\n<script type=\"application\/ld+json\" class=\"yoast-schema-graph\">{\"@context\":\"https:\\\/\\\/schema.org\",\"@graph\":[{\"@type\":\"Article\",\"@id\":\"https:\\\/\\\/www.fsegura.com\\\/en\\\/maraton-valencia-trinidad-alfonso-edp\\\/#article\",\"isPartOf\":{\"@id\":\"https:\\\/\\\/www.fsegura.com\\\/en\\\/maraton-valencia-trinidad-alfonso-edp\\\/\"},\"author\":{\"name\":\"desarrollo\",\"@id\":\"https:\\\/\\\/www.fsegura.com\\\/en\\\/#\\\/schema\\\/person\\\/cf9d1abe35e7e038ac092685669e6ae5\"},\"headline\":\"Marat\u00f3n Valencia Trinidad Alfonso EDP.\",\"datePublished\":\"2016-12-07T08:28:01+00:00\",\"mainEntityOfPage\":{\"@id\":\"https:\\\/\\\/www.fsegura.com\\\/en\\\/maraton-valencia-trinidad-alfonso-edp\\\/\"},\"wordCount\":243,\"commentCount\":0,\"publisher\":{\"@id\":\"https:\\\/\\\/www.fsegura.com\\\/en\\\/#organization\"},\"image\":{\"@id\":\"https:\\\/\\\/www.fsegura.com\\\/en\\\/maraton-valencia-trinidad-alfonso-edp\\\/#primaryimage\"},\"thumbnailUrl\":\"https:\\\/\\\/www.fsegura.com\\\/wp-content\\\/uploads\\\/2025\\\/11\\\/maraton-valencia-2015-cartel-1.jpg\",\"articleSection\":[\"Sin categorizar\"],\"inLanguage\":\"en-US\",\"potentialAction\":[{\"@type\":\"CommentAction\",\"name\":\"Comment\",\"target\":[\"https:\\\/\\\/www.fsegura.com\\\/en\\\/maraton-valencia-trinidad-alfonso-edp\\\/#respond\"]}]},{\"@type\":\"WebPage\",\"@id\":\"https:\\\/\\\/www.fsegura.com\\\/en\\\/maraton-valencia-trinidad-alfonso-edp\\\/\",\"url\":\"https:\\\/\\\/www.fsegura.com\\\/en\\\/maraton-valencia-trinidad-alfonso-edp\\\/\",\"name\":\"Marat\u00f3n Valencia Trinidad Alfonso EDP. - Grupo Segura\",\"isPartOf\":{\"@id\":\"https:\\\/\\\/www.fsegura.com\\\/en\\\/#website\"},\"primaryImageOfPage\":{\"@id\":\"https:\\\/\\\/www.fsegura.com\\\/en\\\/maraton-valencia-trinidad-alfonso-edp\\\/#primaryimage\"},\"image\":{\"@id\":\"https:\\\/\\\/www.fsegura.com\\\/en\\\/maraton-valencia-trinidad-alfonso-edp\\\/#primaryimage\"},\"thumbnailUrl\":\"https:\\\/\\\/www.fsegura.com\\\/wp-content\\\/uploads\\\/2025\\\/11\\\/maraton-valencia-2015-cartel-1.jpg\",\"datePublished\":\"2016-12-07T08:28:01+00:00\",\"breadcrumb\":{\"@id\":\"https:\\\/\\\/www.fsegura.com\\\/en\\\/maraton-valencia-trinidad-alfonso-edp\\\/#breadcrumb\"},\"inLanguage\":\"en-US\",\"potentialAction\":[{\"@type\":\"ReadAction\",\"target\":[\"https:\\\/\\\/www.fsegura.com\\\/en\\\/maraton-valencia-trinidad-alfonso-edp\\\/\"]}]},{\"@type\":\"ImageObject\",\"inLanguage\":\"en-US\",\"@id\":\"https:\\\/\\\/www.fsegura.com\\\/en\\\/maraton-valencia-trinidad-alfonso-edp\\\/#primaryimage\",\"url\":\"https:\\\/\\\/www.fsegura.com\\\/wp-content\\\/uploads\\\/2025\\\/11\\\/maraton-valencia-2015-cartel-1.jpg\",\"contentUrl\":\"https:\\\/\\\/www.fsegura.com\\\/wp-content\\\/uploads\\\/2025\\\/11\\\/maraton-valencia-2015-cartel-1.jpg\",\"width\":400,\"height\":237,\"caption\":\"maraton-valencia\"},{\"@type\":\"BreadcrumbList\",\"@id\":\"https:\\\/\\\/www.fsegura.com\\\/en\\\/maraton-valencia-trinidad-alfonso-edp\\\/#breadcrumb\",\"itemListElement\":[{\"@type\":\"ListItem\",\"position\":1,\"name\":\"Portada\",\"item\":\"https:\\\/\\\/www.fsegura.com\\\/en\\\/\"},{\"@type\":\"ListItem\",\"position\":2,\"name\":\"Marat\u00f3n Valencia Trinidad Alfonso EDP.\"}]},{\"@type\":\"WebSite\",\"@id\":\"https:\\\/\\\/www.fsegura.com\\\/en\\\/#website\",\"url\":\"https:\\\/\\\/www.fsegura.com\\\/en\\\/\",\"name\":\"Grupo Segura\",\"description\":\"Partner global para componentes de la automoci\u00f3n\",\"publisher\":{\"@id\":\"https:\\\/\\\/www.fsegura.com\\\/en\\\/#organization\"},\"potentialAction\":[{\"@type\":\"SearchAction\",\"target\":{\"@type\":\"EntryPoint\",\"urlTemplate\":\"https:\\\/\\\/www.fsegura.com\\\/en\\\/?s={search_term_string}\"},\"query-input\":{\"@type\":\"PropertyValueSpecification\",\"valueRequired\":true,\"valueName\":\"search_term_string\"}}],\"inLanguage\":\"en-US\"},{\"@type\":\"Organization\",\"@id\":\"https:\\\/\\\/www.fsegura.com\\\/en\\\/#organization\",\"name\":\"Grupo Segura\",\"url\":\"https:\\\/\\\/www.fsegura.com\\\/en\\\/\",\"logo\":{\"@type\":\"ImageObject\",\"inLanguage\":\"en-US\",\"@id\":\"https:\\\/\\\/www.fsegura.com\\\/en\\\/#\\\/schema\\\/logo\\\/image\\\/\",\"url\":\"https:\\\/\\\/www.fsegura.com\\\/wp-content\\\/uploads\\\/2025\\\/09\\\/grupo-segura.jpg\",\"contentUrl\":\"https:\\\/\\\/www.fsegura.com\\\/wp-content\\\/uploads\\\/2025\\\/09\\\/grupo-segura.jpg\",\"width\":458,\"height\":136,\"caption\":\"Grupo Segura\"},\"image\":{\"@id\":\"https:\\\/\\\/www.fsegura.com\\\/en\\\/#\\\/schema\\\/logo\\\/image\\\/\"}},{\"@type\":\"Person\",\"@id\":\"https:\\\/\\\/www.fsegura.com\\\/en\\\/#\\\/schema\\\/person\\\/cf9d1abe35e7e038ac092685669e6ae5\",\"name\":\"desarrollo\",\"image\":{\"@type\":\"ImageObject\",\"inLanguage\":\"en-US\",\"@id\":\"https:\\\/\\\/secure.gravatar.com\\\/avatar\\\/3b02f34f0ea5a10bc44d1813e23e909e4ef6fd1c0c78c7eed6d094a646af2836?s=96&d=mm&r=g\",\"url\":\"https:\\\/\\\/secure.gravatar.com\\\/avatar\\\/3b02f34f0ea5a10bc44d1813e23e909e4ef6fd1c0c78c7eed6d094a646af2836?s=96&d=mm&r=g\",\"contentUrl\":\"https:\\\/\\\/secure.gravatar.com\\\/avatar\\\/3b02f34f0ea5a10bc44d1813e23e909e4ef6fd1c0c78c7eed6d094a646af2836?s=96&d=mm&r=g\",\"caption\":\"desarrollo\"},\"sameAs\":[\"https:\\\/\\\/www.fsegura.com\"],\"url\":\"https:\\\/\\\/www.fsegura.com\\\/en\\\/author\\\/desarrollo\\\/\"}]}<\/script>\n<!-- \/ Yoast SEO plugin. -->","yoast_head_json":{"title":"Marat\u00f3n Valencia Trinidad Alfonso EDP. - Grupo Segura","robots":{"index":"index","follow":"follow","max-snippet":"max-snippet:-1","max-image-preview":"max-image-preview:large","max-video-preview":"max-video-preview:-1"},"canonical":"https:\/\/www.fsegura.com\/en\/maraton-valencia-trinidad-alfonso-edp\/","og_locale":"en_US","og_type":"article","og_title":"Marat\u00f3n Valencia Trinidad Alfonso EDP. - Grupo Segura","og_description":"On Sunday 20th of November took place in Valencia the Valencia Trinidad Marathon EDP race, which this year received the award from the IAAF \u201cRoad Race Gold Label\u201d, and has been confirmed as one of the best race in the distance of the 42,195 meters of the world. Among the more than 19,000 runners who [&hellip;]","og_url":"https:\/\/www.fsegura.com\/en\/maraton-valencia-trinidad-alfonso-edp\/","og_site_name":"Grupo Segura","article_published_time":"2016-12-07T08:28:01+00:00","og_image":[{"width":400,"height":237,"url":"https:\/\/www.fsegura.com\/wp-content\/uploads\/2025\/11\/maraton-valencia-2015-cartel-1.jpg","type":"image\/jpeg"}],"author":"desarrollo","twitter_card":"summary_large_image","twitter_misc":{"Written by":"desarrollo","Est. reading time":"1 minute"},"schema":{"@context":"https:\/\/schema.org","@graph":[{"@type":"Article","@id":"https:\/\/www.fsegura.com\/en\/maraton-valencia-trinidad-alfonso-edp\/#article","isPartOf":{"@id":"https:\/\/www.fsegura.com\/en\/maraton-valencia-trinidad-alfonso-edp\/"},"author":{"name":"desarrollo","@id":"https:\/\/www.fsegura.com\/en\/#\/schema\/person\/cf9d1abe35e7e038ac092685669e6ae5"},"headline":"Marat\u00f3n Valencia Trinidad Alfonso EDP.","datePublished":"2016-12-07T08:28:01+00:00","mainEntityOfPage":{"@id":"https:\/\/www.fsegura.com\/en\/maraton-valencia-trinidad-alfonso-edp\/"},"wordCount":243,"commentCount":0,"publisher":{"@id":"https:\/\/www.fsegura.com\/en\/#organization"},"image":{"@id":"https:\/\/www.fsegura.com\/en\/maraton-valencia-trinidad-alfonso-edp\/#primaryimage"},"thumbnailUrl":"https:\/\/www.fsegura.com\/wp-content\/uploads\/2025\/11\/maraton-valencia-2015-cartel-1.jpg","articleSection":["Sin categorizar"],"inLanguage":"en-US","potentialAction":[{"@type":"CommentAction","name":"Comment","target":["https:\/\/www.fsegura.com\/en\/maraton-valencia-trinidad-alfonso-edp\/#respond"]}]},{"@type":"WebPage","@id":"https:\/\/www.fsegura.com\/en\/maraton-valencia-trinidad-alfonso-edp\/","url":"https:\/\/www.fsegura.com\/en\/maraton-valencia-trinidad-alfonso-edp\/","name":"Marat\u00f3n Valencia Trinidad Alfonso EDP. - Grupo Segura","isPartOf":{"@id":"https:\/\/www.fsegura.com\/en\/#website"},"primaryImageOfPage":{"@id":"https:\/\/www.fsegura.com\/en\/maraton-valencia-trinidad-alfonso-edp\/#primaryimage"},"image":{"@id":"https:\/\/www.fsegura.com\/en\/maraton-valencia-trinidad-alfonso-edp\/#primaryimage"},"thumbnailUrl":"https:\/\/www.fsegura.com\/wp-content\/uploads\/2025\/11\/maraton-valencia-2015-cartel-1.jpg","datePublished":"2016-12-07T08:28:01+00:00","breadcrumb":{"@id":"https:\/\/www.fsegura.com\/en\/maraton-valencia-trinidad-alfonso-edp\/#breadcrumb"},"inLanguage":"en-US","potentialAction":[{"@type":"ReadAction","target":["https:\/\/www.fsegura.com\/en\/maraton-valencia-trinidad-alfonso-edp\/"]}]},{"@type":"ImageObject","inLanguage":"en-US","@id":"https:\/\/www.fsegura.com\/en\/maraton-valencia-trinidad-alfonso-edp\/#primaryimage","url":"https:\/\/www.fsegura.com\/wp-content\/uploads\/2025\/11\/maraton-valencia-2015-cartel-1.jpg","contentUrl":"https:\/\/www.fsegura.com\/wp-content\/uploads\/2025\/11\/maraton-valencia-2015-cartel-1.jpg","width":400,"height":237,"caption":"maraton-valencia"},{"@type":"BreadcrumbList","@id":"https:\/\/www.fsegura.com\/en\/maraton-valencia-trinidad-alfonso-edp\/#breadcrumb","itemListElement":[{"@type":"ListItem","position":1,"name":"Portada","item":"https:\/\/www.fsegura.com\/en\/"},{"@type":"ListItem","position":2,"name":"Marat\u00f3n Valencia Trinidad Alfonso EDP."}]},{"@type":"WebSite","@id":"https:\/\/www.fsegura.com\/en\/#website","url":"https:\/\/www.fsegura.com\/en\/","name":"Grupo Segura","description":"Partner global para componentes de la automoci\u00f3n","publisher":{"@id":"https:\/\/www.fsegura.com\/en\/#organization"},"potentialAction":[{"@type":"SearchAction","target":{"@type":"EntryPoint","urlTemplate":"https:\/\/www.fsegura.com\/en\/?s={search_term_string}"},"query-input":{"@type":"PropertyValueSpecification","valueRequired":true,"valueName":"search_term_string"}}],"inLanguage":"en-US"},{"@type":"Organization","@id":"https:\/\/www.fsegura.com\/en\/#organization","name":"Grupo Segura","url":"https:\/\/www.fsegura.com\/en\/","logo":{"@type":"ImageObject","inLanguage":"en-US","@id":"https:\/\/www.fsegura.com\/en\/#\/schema\/logo\/image\/","url":"https:\/\/www.fsegura.com\/wp-content\/uploads\/2025\/09\/grupo-segura.jpg","contentUrl":"https:\/\/www.fsegura.com\/wp-content\/uploads\/2025\/09\/grupo-segura.jpg","width":458,"height":136,"caption":"Grupo Segura"},"image":{"@id":"https:\/\/www.fsegura.com\/en\/#\/schema\/logo\/image\/"}},{"@type":"Person","@id":"https:\/\/www.fsegura.com\/en\/#\/schema\/person\/cf9d1abe35e7e038ac092685669e6ae5","name":"desarrollo","image":{"@type":"ImageObject","inLanguage":"en-US","@id":"https:\/\/secure.gravatar.com\/avatar\/3b02f34f0ea5a10bc44d1813e23e909e4ef6fd1c0c78c7eed6d094a646af2836?s=96&d=mm&r=g","url":"https:\/\/secure.gravatar.com\/avatar\/3b02f34f0ea5a10bc44d1813e23e909e4ef6fd1c0c78c7eed6d094a646af2836?s=96&d=mm&r=g","contentUrl":"https:\/\/secure.gravatar.com\/avatar\/3b02f34f0ea5a10bc44d1813e23e909e4ef6fd1c0c78c7eed6d094a646af2836?s=96&d=mm&r=g","caption":"desarrollo"},"sameAs":["https:\/\/www.fsegura.com"],"url":"https:\/\/www.fsegura.com\/en\/author\/desarrollo\/"}]}},"_links":{"self":[{"href":"https:\/\/www.fsegura.com\/en\/wp-json\/wp\/v2\/posts\/5504","targetHints":{"allow":["GET"]}}],"collection":[{"href":"https:\/\/www.fsegura.com\/en\/wp-json\/wp\/v2\/posts"}],"about":[{"href":"https:\/\/www.fsegura.com\/en\/wp-json\/wp\/v2\/types\/post"}],"author":[{"embeddable":true,"href":"https:\/\/www.fsegura.com\/en\/wp-json\/wp\/v2\/users\/1"}],"replies":[{"embeddable":true,"href":"https:\/\/www.fsegura.com\/en\/wp-json\/wp\/v2\/comments?post=5504"}],"version-history":[{"count":0,"href":"https:\/\/www.fsegura.com\/en\/wp-json\/wp\/v2\/posts\/5504\/revisions"}],"wp:featuredmedia":[{"embeddable":true,"href":"https:\/\/www.fsegura.com\/en\/wp-json\/wp\/v2\/media\/5331"}],"wp:attachment":[{"href":"https:\/\/www.fsegura.com\/en\/wp-json\/wp\/v2\/media?parent=5504"}],"wp:term":[{"taxonomy":"category","embeddable":true,"href":"https:\/\/www.fsegura.com\/en\/wp-json\/wp\/v2\/categories?post=5504"},{"taxonomy":"post_tag","embeddable":true,"href":"https:\/\/www.fsegura.com\/en\/wp-json\/wp\/v2\/tags?post=5504"}],"curies":[{"name":"wp","href":"https:\/\/api.w.org\/{rel}","templated":true}]}}