{"id":5520,"date":"2017-10-18T10:00:53","date_gmt":"2017-10-18T10:00:53","guid":{"rendered":"https:\/\/www.fsegura.com\/2017\/10\/18\/grupo-segura-takes-part-in-the-appis-commemoration-for-its-first-two-decades-of-trayectory\/"},"modified":"2017-10-18T10:00:53","modified_gmt":"2017-10-18T10:00:53","slug":"grupo-segura-takes-part-in-the-appis-commemoration-for-its-first-two-decades-of-trayectory","status":"publish","type":"post","link":"https:\/\/www.fsegura.com\/en\/grupo-segura-takes-part-in-the-appis-commemoration-for-its-first-two-decades-of-trayectory\/","title":{"rendered":"Grupo Segura takes part in the  APPI\u2019s commemoration for its first two decades of trayectory"},"content":{"rendered":"<p>Last 28th of September, APPI, the Association of Industrial Park of Almussafes gathered more than 200 people to celebrate its twentieth anniversary. In that commemoration, in addition to the Company representatives, \u00a0attended the Mayor of Almussafes, Toni Gonz\u00e1lez, the General Director of Industry and Energy of the Generalitat Valenciana, Diego Maci\u00e1, also former presidents of that entity as our HR Director Luis S\u00e1nchez, and\u00a0various special guests, in order to look back and review the most outstanding achievements of these two decades of its trajectory.\u00a0Both political leaders reaffirmed their commitment to APPI to &#8220;continue to move forward together&#8221;.<\/p>\n<p><a href=\"https:\/\/www.fsegura.com\/wp-content\/uploads\/2017\/10\/Luis-foto.jpg\"><img fetchpriority=\"high\" decoding=\"async\" class=\"alignnone size-full wp-image-6855\" src=\"https:\/\/www.fsegura.com\/wp-content\/uploads\/2017\/10\/Luis-foto.jpg\" alt=\"\" width=\"1000\" height=\"667\" \/><\/a><\/p>\n<p>It was in 1997, when the project began to take shape and was officially constituted the entity, which currently groups a total of 88 companies. &#8220;We were just a few companies, surrounded by orange fields, it was difficult to indicate how to get to our factories because of the necessary infrastructures to facilitate access have not yet been developed&#8221;, explained the first president of the association, Luis S\u00e1nchez, our coworker and Director of Human Resources. &#8220;At the beginning, we did not have a medical service or a post office, which created the need to do something that would allow us to organize better,&#8221; he recalls.<\/p>\n<p><a href=\"https:\/\/www.fsegura.com\/wp-content\/uploads\/2017\/10\/FullSizeRender-004.jpg\"><img decoding=\"async\" class=\"alignnone size-large wp-image-6852\" src=\"https:\/\/www.fsegura.com\/wp-content\/uploads\/2017\/10\/FullSizeRender-004-1024x675.jpg\" alt=\"\" width=\"1024\" height=\"675\" \/><\/a><\/p>\n<p>APPI interrelates companies with others and is a vital forum for the participation and the search of ideas that provide Juan Carlos I Industrial Park with all the necessary tools for development, innovation, technology, growth and job creation and wealth. Grupo Segura, as a partner of the APPI, remains committed to continue to coordinate with the permanent commission of the APPI and continue to progress together, both in adapting the park to the new market and in achieving common improvements. Grupo Segura continues showing its support in the initiatives and new joint projects of the APPI, and contributing in the knowledge and business development.<\/p>\n<p>Thanks\u00a0!<\/p>\n<p>&nbsp;<\/p>\n<p>&nbsp;<\/p>\n<p>&nbsp;<\/p>\n<p>&nbsp;<\/p>\n<p>&nbsp;<\/p>\n<p>&nbsp;<\/p>\n<p>&nbsp;<\/p>\n","protected":false},"excerpt":{"rendered":"<p>Last 28th of September, APPI, the Association of Industrial Park of Almussafes gathered more than 200 people to celebrate its twentieth anniversary. In that commemoration, in addition to the Company representatives, \u00a0attended the Mayor of Almussafes, Toni Gonz\u00e1lez, the General Director of Industry and Energy of the Generalitat Valenciana, Diego Maci\u00e1, also former presidents of [&hellip;]<\/p>\n","protected":false},"author":1,"featured_media":5387,"comment_status":"open","ping_status":"open","sticky":false,"template":"","format":"standard","meta":{"_acf_changed":false,"_eb_attr":"","footnotes":""},"categories":[1],"tags":[],"class_list":["post-5520","post","type-post","status-publish","format-standard","has-post-thumbnail","hentry","category-sin-categorizar"],"acf":[],"yoast_head":"<!-- This site is optimized with the Yoast SEO plugin v27.4 - https:\/\/yoast.com\/product\/yoast-seo-wordpress\/ -->\n<title>Grupo Segura takes part in the APPI\u2019s commemoration for its first two decades of trayectory - Grupo Segura<\/title>\n<meta name=\"robots\" content=\"index, follow, max-snippet:-1, max-image-preview:large, max-video-preview:-1\" \/>\n<link rel=\"canonical\" href=\"https:\/\/www.fsegura.com\/en\/grupo-segura-takes-part-in-the-appis-commemoration-for-its-first-two-decades-of-trayectory\/\" \/>\n<meta property=\"og:locale\" content=\"en_US\" \/>\n<meta property=\"og:type\" content=\"article\" \/>\n<meta property=\"og:title\" content=\"Grupo Segura takes part in the APPI\u2019s commemoration for its first two decades of trayectory - Grupo Segura\" \/>\n<meta property=\"og:description\" content=\"Last 28th of September, APPI, the Association of Industrial Park of Almussafes gathered more than 200 people to celebrate its twentieth anniversary. In that commemoration, in addition to the Company representatives, \u00a0attended the Mayor of Almussafes, Toni Gonz\u00e1lez, the General Director of Industry and Energy of the Generalitat Valenciana, Diego Maci\u00e1, also former presidents of [&hellip;]\" \/>\n<meta property=\"og:url\" content=\"https:\/\/www.fsegura.com\/en\/grupo-segura-takes-part-in-the-appis-commemoration-for-its-first-two-decades-of-trayectory\/\" \/>\n<meta property=\"og:site_name\" content=\"Grupo Segura\" \/>\n<meta property=\"article:published_time\" content=\"2017-10-18T10:00:53+00:00\" \/>\n<meta property=\"og:image\" content=\"https:\/\/www.fsegura.com\/wp-content\/uploads\/2025\/11\/APPI-.jpg\" \/>\n\t<meta property=\"og:image:width\" content=\"991\" \/>\n\t<meta property=\"og:image:height\" content=\"991\" \/>\n\t<meta property=\"og:image:type\" content=\"image\/jpeg\" \/>\n<meta name=\"author\" content=\"desarrollo\" \/>\n<meta name=\"twitter:card\" content=\"summary_large_image\" \/>\n<meta name=\"twitter:label1\" content=\"Written by\" \/>\n\t<meta name=\"twitter:data1\" content=\"desarrollo\" \/>\n\t<meta name=\"twitter:label2\" content=\"Est. reading time\" \/>\n\t<meta name=\"twitter:data2\" content=\"2 minutes\" \/>\n<script type=\"application\/ld+json\" class=\"yoast-schema-graph\">{\"@context\":\"https:\\\/\\\/schema.org\",\"@graph\":[{\"@type\":\"Article\",\"@id\":\"https:\\\/\\\/www.fsegura.com\\\/en\\\/grupo-segura-takes-part-in-the-appis-commemoration-for-its-first-two-decades-of-trayectory\\\/#article\",\"isPartOf\":{\"@id\":\"https:\\\/\\\/www.fsegura.com\\\/en\\\/grupo-segura-takes-part-in-the-appis-commemoration-for-its-first-two-decades-of-trayectory\\\/\"},\"author\":{\"name\":\"desarrollo\",\"@id\":\"https:\\\/\\\/www.fsegura.com\\\/en\\\/#\\\/schema\\\/person\\\/cf9d1abe35e7e038ac092685669e6ae5\"},\"headline\":\"Grupo Segura takes part in the APPI\u2019s commemoration for its first two decades of trayectory\",\"datePublished\":\"2017-10-18T10:00:53+00:00\",\"mainEntityOfPage\":{\"@id\":\"https:\\\/\\\/www.fsegura.com\\\/en\\\/grupo-segura-takes-part-in-the-appis-commemoration-for-its-first-two-decades-of-trayectory\\\/\"},\"wordCount\":332,\"commentCount\":0,\"publisher\":{\"@id\":\"https:\\\/\\\/www.fsegura.com\\\/en\\\/#organization\"},\"image\":{\"@id\":\"https:\\\/\\\/www.fsegura.com\\\/en\\\/grupo-segura-takes-part-in-the-appis-commemoration-for-its-first-two-decades-of-trayectory\\\/#primaryimage\"},\"thumbnailUrl\":\"https:\\\/\\\/www.fsegura.com\\\/wp-content\\\/uploads\\\/2025\\\/11\\\/APPI-.jpg\",\"articleSection\":[\"Sin categorizar\"],\"inLanguage\":\"en-US\",\"potentialAction\":[{\"@type\":\"CommentAction\",\"name\":\"Comment\",\"target\":[\"https:\\\/\\\/www.fsegura.com\\\/en\\\/grupo-segura-takes-part-in-the-appis-commemoration-for-its-first-two-decades-of-trayectory\\\/#respond\"]}]},{\"@type\":\"WebPage\",\"@id\":\"https:\\\/\\\/www.fsegura.com\\\/en\\\/grupo-segura-takes-part-in-the-appis-commemoration-for-its-first-two-decades-of-trayectory\\\/\",\"url\":\"https:\\\/\\\/www.fsegura.com\\\/en\\\/grupo-segura-takes-part-in-the-appis-commemoration-for-its-first-two-decades-of-trayectory\\\/\",\"name\":\"Grupo Segura takes part in the APPI\u2019s commemoration for its first two decades of trayectory - Grupo Segura\",\"isPartOf\":{\"@id\":\"https:\\\/\\\/www.fsegura.com\\\/en\\\/#website\"},\"primaryImageOfPage\":{\"@id\":\"https:\\\/\\\/www.fsegura.com\\\/en\\\/grupo-segura-takes-part-in-the-appis-commemoration-for-its-first-two-decades-of-trayectory\\\/#primaryimage\"},\"image\":{\"@id\":\"https:\\\/\\\/www.fsegura.com\\\/en\\\/grupo-segura-takes-part-in-the-appis-commemoration-for-its-first-two-decades-of-trayectory\\\/#primaryimage\"},\"thumbnailUrl\":\"https:\\\/\\\/www.fsegura.com\\\/wp-content\\\/uploads\\\/2025\\\/11\\\/APPI-.jpg\",\"datePublished\":\"2017-10-18T10:00:53+00:00\",\"breadcrumb\":{\"@id\":\"https:\\\/\\\/www.fsegura.com\\\/en\\\/grupo-segura-takes-part-in-the-appis-commemoration-for-its-first-two-decades-of-trayectory\\\/#breadcrumb\"},\"inLanguage\":\"en-US\",\"potentialAction\":[{\"@type\":\"ReadAction\",\"target\":[\"https:\\\/\\\/www.fsegura.com\\\/en\\\/grupo-segura-takes-part-in-the-appis-commemoration-for-its-first-two-decades-of-trayectory\\\/\"]}]},{\"@type\":\"ImageObject\",\"inLanguage\":\"en-US\",\"@id\":\"https:\\\/\\\/www.fsegura.com\\\/en\\\/grupo-segura-takes-part-in-the-appis-commemoration-for-its-first-two-decades-of-trayectory\\\/#primaryimage\",\"url\":\"https:\\\/\\\/www.fsegura.com\\\/wp-content\\\/uploads\\\/2025\\\/11\\\/APPI-.jpg\",\"contentUrl\":\"https:\\\/\\\/www.fsegura.com\\\/wp-content\\\/uploads\\\/2025\\\/11\\\/APPI-.jpg\",\"width\":991,\"height\":991,\"caption\":\"APPI\"},{\"@type\":\"BreadcrumbList\",\"@id\":\"https:\\\/\\\/www.fsegura.com\\\/en\\\/grupo-segura-takes-part-in-the-appis-commemoration-for-its-first-two-decades-of-trayectory\\\/#breadcrumb\",\"itemListElement\":[{\"@type\":\"ListItem\",\"position\":1,\"name\":\"Portada\",\"item\":\"https:\\\/\\\/www.fsegura.com\\\/en\\\/\"},{\"@type\":\"ListItem\",\"position\":2,\"name\":\"Grupo Segura takes part in the APPI\u2019s commemoration for its first two decades of trayectory\"}]},{\"@type\":\"WebSite\",\"@id\":\"https:\\\/\\\/www.fsegura.com\\\/en\\\/#website\",\"url\":\"https:\\\/\\\/www.fsegura.com\\\/en\\\/\",\"name\":\"Grupo Segura\",\"description\":\"Partner global para componentes de la automoci\u00f3n\",\"publisher\":{\"@id\":\"https:\\\/\\\/www.fsegura.com\\\/en\\\/#organization\"},\"potentialAction\":[{\"@type\":\"SearchAction\",\"target\":{\"@type\":\"EntryPoint\",\"urlTemplate\":\"https:\\\/\\\/www.fsegura.com\\\/en\\\/?s={search_term_string}\"},\"query-input\":{\"@type\":\"PropertyValueSpecification\",\"valueRequired\":true,\"valueName\":\"search_term_string\"}}],\"inLanguage\":\"en-US\"},{\"@type\":\"Organization\",\"@id\":\"https:\\\/\\\/www.fsegura.com\\\/en\\\/#organization\",\"name\":\"Grupo Segura\",\"url\":\"https:\\\/\\\/www.fsegura.com\\\/en\\\/\",\"logo\":{\"@type\":\"ImageObject\",\"inLanguage\":\"en-US\",\"@id\":\"https:\\\/\\\/www.fsegura.com\\\/en\\\/#\\\/schema\\\/logo\\\/image\\\/\",\"url\":\"https:\\\/\\\/www.fsegura.com\\\/wp-content\\\/uploads\\\/2025\\\/09\\\/grupo-segura.jpg\",\"contentUrl\":\"https:\\\/\\\/www.fsegura.com\\\/wp-content\\\/uploads\\\/2025\\\/09\\\/grupo-segura.jpg\",\"width\":458,\"height\":136,\"caption\":\"Grupo Segura\"},\"image\":{\"@id\":\"https:\\\/\\\/www.fsegura.com\\\/en\\\/#\\\/schema\\\/logo\\\/image\\\/\"}},{\"@type\":\"Person\",\"@id\":\"https:\\\/\\\/www.fsegura.com\\\/en\\\/#\\\/schema\\\/person\\\/cf9d1abe35e7e038ac092685669e6ae5\",\"name\":\"desarrollo\",\"image\":{\"@type\":\"ImageObject\",\"inLanguage\":\"en-US\",\"@id\":\"https:\\\/\\\/secure.gravatar.com\\\/avatar\\\/3b02f34f0ea5a10bc44d1813e23e909e4ef6fd1c0c78c7eed6d094a646af2836?s=96&d=mm&r=g\",\"url\":\"https:\\\/\\\/secure.gravatar.com\\\/avatar\\\/3b02f34f0ea5a10bc44d1813e23e909e4ef6fd1c0c78c7eed6d094a646af2836?s=96&d=mm&r=g\",\"contentUrl\":\"https:\\\/\\\/secure.gravatar.com\\\/avatar\\\/3b02f34f0ea5a10bc44d1813e23e909e4ef6fd1c0c78c7eed6d094a646af2836?s=96&d=mm&r=g\",\"caption\":\"desarrollo\"},\"sameAs\":[\"https:\\\/\\\/www.fsegura.com\"],\"url\":\"https:\\\/\\\/www.fsegura.com\\\/en\\\/author\\\/desarrollo\\\/\"}]}<\/script>\n<!-- \/ Yoast SEO plugin. -->","yoast_head_json":{"title":"Grupo Segura takes part in the APPI\u2019s commemoration for its first two decades of trayectory - Grupo Segura","robots":{"index":"index","follow":"follow","max-snippet":"max-snippet:-1","max-image-preview":"max-image-preview:large","max-video-preview":"max-video-preview:-1"},"canonical":"https:\/\/www.fsegura.com\/en\/grupo-segura-takes-part-in-the-appis-commemoration-for-its-first-two-decades-of-trayectory\/","og_locale":"en_US","og_type":"article","og_title":"Grupo Segura takes part in the APPI\u2019s commemoration for its first two decades of trayectory - Grupo Segura","og_description":"Last 28th of September, APPI, the Association of Industrial Park of Almussafes gathered more than 200 people to celebrate its twentieth anniversary. In that commemoration, in addition to the Company representatives, \u00a0attended the Mayor of Almussafes, Toni Gonz\u00e1lez, the General Director of Industry and Energy of the Generalitat Valenciana, Diego Maci\u00e1, also former presidents of [&hellip;]","og_url":"https:\/\/www.fsegura.com\/en\/grupo-segura-takes-part-in-the-appis-commemoration-for-its-first-two-decades-of-trayectory\/","og_site_name":"Grupo Segura","article_published_time":"2017-10-18T10:00:53+00:00","og_image":[{"width":991,"height":991,"url":"https:\/\/www.fsegura.com\/wp-content\/uploads\/2025\/11\/APPI-.jpg","type":"image\/jpeg"}],"author":"desarrollo","twitter_card":"summary_large_image","twitter_misc":{"Written by":"desarrollo","Est. reading time":"2 minutes"},"schema":{"@context":"https:\/\/schema.org","@graph":[{"@type":"Article","@id":"https:\/\/www.fsegura.com\/en\/grupo-segura-takes-part-in-the-appis-commemoration-for-its-first-two-decades-of-trayectory\/#article","isPartOf":{"@id":"https:\/\/www.fsegura.com\/en\/grupo-segura-takes-part-in-the-appis-commemoration-for-its-first-two-decades-of-trayectory\/"},"author":{"name":"desarrollo","@id":"https:\/\/www.fsegura.com\/en\/#\/schema\/person\/cf9d1abe35e7e038ac092685669e6ae5"},"headline":"Grupo Segura takes part in the APPI\u2019s commemoration for its first two decades of trayectory","datePublished":"2017-10-18T10:00:53+00:00","mainEntityOfPage":{"@id":"https:\/\/www.fsegura.com\/en\/grupo-segura-takes-part-in-the-appis-commemoration-for-its-first-two-decades-of-trayectory\/"},"wordCount":332,"commentCount":0,"publisher":{"@id":"https:\/\/www.fsegura.com\/en\/#organization"},"image":{"@id":"https:\/\/www.fsegura.com\/en\/grupo-segura-takes-part-in-the-appis-commemoration-for-its-first-two-decades-of-trayectory\/#primaryimage"},"thumbnailUrl":"https:\/\/www.fsegura.com\/wp-content\/uploads\/2025\/11\/APPI-.jpg","articleSection":["Sin categorizar"],"inLanguage":"en-US","potentialAction":[{"@type":"CommentAction","name":"Comment","target":["https:\/\/www.fsegura.com\/en\/grupo-segura-takes-part-in-the-appis-commemoration-for-its-first-two-decades-of-trayectory\/#respond"]}]},{"@type":"WebPage","@id":"https:\/\/www.fsegura.com\/en\/grupo-segura-takes-part-in-the-appis-commemoration-for-its-first-two-decades-of-trayectory\/","url":"https:\/\/www.fsegura.com\/en\/grupo-segura-takes-part-in-the-appis-commemoration-for-its-first-two-decades-of-trayectory\/","name":"Grupo Segura takes part in the APPI\u2019s commemoration for its first two decades of trayectory - Grupo Segura","isPartOf":{"@id":"https:\/\/www.fsegura.com\/en\/#website"},"primaryImageOfPage":{"@id":"https:\/\/www.fsegura.com\/en\/grupo-segura-takes-part-in-the-appis-commemoration-for-its-first-two-decades-of-trayectory\/#primaryimage"},"image":{"@id":"https:\/\/www.fsegura.com\/en\/grupo-segura-takes-part-in-the-appis-commemoration-for-its-first-two-decades-of-trayectory\/#primaryimage"},"thumbnailUrl":"https:\/\/www.fsegura.com\/wp-content\/uploads\/2025\/11\/APPI-.jpg","datePublished":"2017-10-18T10:00:53+00:00","breadcrumb":{"@id":"https:\/\/www.fsegura.com\/en\/grupo-segura-takes-part-in-the-appis-commemoration-for-its-first-two-decades-of-trayectory\/#breadcrumb"},"inLanguage":"en-US","potentialAction":[{"@type":"ReadAction","target":["https:\/\/www.fsegura.com\/en\/grupo-segura-takes-part-in-the-appis-commemoration-for-its-first-two-decades-of-trayectory\/"]}]},{"@type":"ImageObject","inLanguage":"en-US","@id":"https:\/\/www.fsegura.com\/en\/grupo-segura-takes-part-in-the-appis-commemoration-for-its-first-two-decades-of-trayectory\/#primaryimage","url":"https:\/\/www.fsegura.com\/wp-content\/uploads\/2025\/11\/APPI-.jpg","contentUrl":"https:\/\/www.fsegura.com\/wp-content\/uploads\/2025\/11\/APPI-.jpg","width":991,"height":991,"caption":"APPI"},{"@type":"BreadcrumbList","@id":"https:\/\/www.fsegura.com\/en\/grupo-segura-takes-part-in-the-appis-commemoration-for-its-first-two-decades-of-trayectory\/#breadcrumb","itemListElement":[{"@type":"ListItem","position":1,"name":"Portada","item":"https:\/\/www.fsegura.com\/en\/"},{"@type":"ListItem","position":2,"name":"Grupo Segura takes part in the APPI\u2019s commemoration for its first two decades of trayectory"}]},{"@type":"WebSite","@id":"https:\/\/www.fsegura.com\/en\/#website","url":"https:\/\/www.fsegura.com\/en\/","name":"Grupo Segura","description":"Partner global para componentes de la automoci\u00f3n","publisher":{"@id":"https:\/\/www.fsegura.com\/en\/#organization"},"potentialAction":[{"@type":"SearchAction","target":{"@type":"EntryPoint","urlTemplate":"https:\/\/www.fsegura.com\/en\/?s={search_term_string}"},"query-input":{"@type":"PropertyValueSpecification","valueRequired":true,"valueName":"search_term_string"}}],"inLanguage":"en-US"},{"@type":"Organization","@id":"https:\/\/www.fsegura.com\/en\/#organization","name":"Grupo Segura","url":"https:\/\/www.fsegura.com\/en\/","logo":{"@type":"ImageObject","inLanguage":"en-US","@id":"https:\/\/www.fsegura.com\/en\/#\/schema\/logo\/image\/","url":"https:\/\/www.fsegura.com\/wp-content\/uploads\/2025\/09\/grupo-segura.jpg","contentUrl":"https:\/\/www.fsegura.com\/wp-content\/uploads\/2025\/09\/grupo-segura.jpg","width":458,"height":136,"caption":"Grupo Segura"},"image":{"@id":"https:\/\/www.fsegura.com\/en\/#\/schema\/logo\/image\/"}},{"@type":"Person","@id":"https:\/\/www.fsegura.com\/en\/#\/schema\/person\/cf9d1abe35e7e038ac092685669e6ae5","name":"desarrollo","image":{"@type":"ImageObject","inLanguage":"en-US","@id":"https:\/\/secure.gravatar.com\/avatar\/3b02f34f0ea5a10bc44d1813e23e909e4ef6fd1c0c78c7eed6d094a646af2836?s=96&d=mm&r=g","url":"https:\/\/secure.gravatar.com\/avatar\/3b02f34f0ea5a10bc44d1813e23e909e4ef6fd1c0c78c7eed6d094a646af2836?s=96&d=mm&r=g","contentUrl":"https:\/\/secure.gravatar.com\/avatar\/3b02f34f0ea5a10bc44d1813e23e909e4ef6fd1c0c78c7eed6d094a646af2836?s=96&d=mm&r=g","caption":"desarrollo"},"sameAs":["https:\/\/www.fsegura.com"],"url":"https:\/\/www.fsegura.com\/en\/author\/desarrollo\/"}]}},"_links":{"self":[{"href":"https:\/\/www.fsegura.com\/en\/wp-json\/wp\/v2\/posts\/5520","targetHints":{"allow":["GET"]}}],"collection":[{"href":"https:\/\/www.fsegura.com\/en\/wp-json\/wp\/v2\/posts"}],"about":[{"href":"https:\/\/www.fsegura.com\/en\/wp-json\/wp\/v2\/types\/post"}],"author":[{"embeddable":true,"href":"https:\/\/www.fsegura.com\/en\/wp-json\/wp\/v2\/users\/1"}],"replies":[{"embeddable":true,"href":"https:\/\/www.fsegura.com\/en\/wp-json\/wp\/v2\/comments?post=5520"}],"version-history":[{"count":0,"href":"https:\/\/www.fsegura.com\/en\/wp-json\/wp\/v2\/posts\/5520\/revisions"}],"wp:featuredmedia":[{"embeddable":true,"href":"https:\/\/www.fsegura.com\/en\/wp-json\/wp\/v2\/media\/5387"}],"wp:attachment":[{"href":"https:\/\/www.fsegura.com\/en\/wp-json\/wp\/v2\/media?parent=5520"}],"wp:term":[{"taxonomy":"category","embeddable":true,"href":"https:\/\/www.fsegura.com\/en\/wp-json\/wp\/v2\/categories?post=5520"},{"taxonomy":"post_tag","embeddable":true,"href":"https:\/\/www.fsegura.com\/en\/wp-json\/wp\/v2\/tags?post=5520"}],"curies":[{"name":"wp","href":"https:\/\/api.w.org\/{rel}","templated":true}]}}