{"id":14370,"date":"2026-04-23T07:36:56","date_gmt":"2026-04-23T07:36:56","guid":{"rendered":"https:\/\/www.fsegura.com\/?p=14370"},"modified":"2026-04-27T12:28:34","modified_gmt":"2026-04-27T12:28:34","slug":"xi-spanyol-marokkoi-autoipari-talalkozo","status":"publish","type":"post","link":"https:\/\/www.fsegura.com\/hu\/xi-spanyol-marokkoi-autoipari-talalkozo\/","title":{"rendered":"XI. Spanyol-Marokk\u00f3i Aut\u00f3ipari Tal\u00e1lkoz\u00f3"},"content":{"rendered":"\n<p>A Barcel\u00f3 Hotelben megrendezett spanyol-marokk\u00f3i esem\u00e9nyen val\u00f3 r\u00e9szv\u00e9tel\u00fcnk \u00fajabb m\u00e9rf\u00f6ldk\u00f6vet jelent a Grupo Segura fejl\u0151d\u00e9s\u00e9ben.<\/p>\n\n\n\n<p>Tov\u00e1bbra is er\u0151s\u00edtj\u00fck elk\u00f6telezetts\u00e9g\u00fcnket az aut\u00f3ipar ir\u00e1nt, a Grupo Segur\u00e1t egy olyan dinamikus \u00f6kosziszt\u00e9m\u00e1ba pozicion\u00e1lva, amely \u00f6sszek\u00f6ti Eur\u00f3p\u00e1t \u00e9s \u00c9szak-Afrik\u00e1t, \u00e9s \u00faj lehet\u0151s\u00e9geket nyit a fenntarthat\u00f3 n\u00f6veked\u00e9s el\u0151tt.<\/p>\n\n\n\n<p>Glob\u00e1lis partnerk\u00e9nt a Grupo Segura alapos szak\u00e9rtelmet biztos\u00edt a komplex ipari folyamatokban, igazodva a marokk\u00f3i aut\u00f3piac magas sz\u00ednvonal\u00e1hoz \u00e9s folyamatosan v\u00e1ltoz\u00f3 ig\u00e9nyeihez.<\/p>\n\n\n\n<p>K\u00fcl\u00f6n k\u00f6sz\u00f6net az AVIA Aut\u00f3ipari \u00e9s Mobilit\u00e1si Klaszternek (Cl\u00faster de Automoci\u00f3n y Movilidad) \u00e9s igazgat\u00f3j\u00e1nak, Jackie S\u00e1nchez-Molero Fern\u00e1ndeznek a kiv\u00e1l\u00f3 szervez\u00e9s\u00e9rt \u00e9s t\u00e1mogat\u00e1s\u00e9rt ezen \u00e9rt\u00e9kes esem\u00e9ny megval\u00f3s\u00edt\u00e1s\u00e1ban.<\/p>\n","protected":false},"excerpt":{"rendered":"<p>A Barcel\u00f3 Hotelben megrendezett spanyol-marokk\u00f3i esem\u00e9nyen val\u00f3 r\u00e9szv\u00e9tel\u00fcnk \u00fajabb m\u00e9rf\u00f6ldk\u00f6vet jelent a Grupo Segura fejl\u0151d\u00e9s\u00e9ben. Tov\u00e1bbra is er\u0151s\u00edtj\u00fck elk\u00f6telezetts\u00e9g\u00fcnket az aut\u00f3ipar ir\u00e1nt, a Grupo Segur\u00e1t egy olyan dinamikus \u00f6kosziszt\u00e9m\u00e1ba pozicion\u00e1lva, amely \u00f6sszek\u00f6ti Eur\u00f3p\u00e1t \u00e9s \u00c9szak-Afrik\u00e1t, \u00e9s \u00faj lehet\u0151s\u00e9geket nyit a fenntarthat\u00f3 n\u00f6veked\u00e9s el\u0151tt. Glob\u00e1lis partnerk\u00e9nt a Grupo Segura alapos szak\u00e9rtelmet biztos\u00edt a komplex ipari folyamatokban, [&hellip;]<\/p>\n","protected":false},"author":2,"featured_media":14361,"comment_status":"open","ping_status":"open","sticky":false,"template":"","format":"standard","meta":{"_acf_changed":false,"_eb_attr":"","footnotes":""},"categories":[1],"tags":[],"class_list":["post-14370","post","type-post","status-publish","format-standard","has-post-thumbnail","hentry","category-sin-categorizar"],"acf":[],"yoast_head":"<!-- This site is optimized with the Yoast SEO plugin v27.4 - https:\/\/yoast.com\/product\/yoast-seo-wordpress\/ -->\n<title>XI. Spanyol-Marokk\u00f3i Aut\u00f3ipari Tal\u00e1lkoz\u00f3 - Grupo Segura<\/title>\n<meta name=\"robots\" content=\"index, follow, max-snippet:-1, max-image-preview:large, max-video-preview:-1\" \/>\n<link rel=\"canonical\" href=\"https:\/\/www.fsegura.com\/hu\/xi-spanyol-marokkoi-autoipari-talalkozo\/\" \/>\n<meta property=\"og:locale\" content=\"hu_HU\" \/>\n<meta property=\"og:type\" content=\"article\" \/>\n<meta property=\"og:title\" content=\"XI. Spanyol-Marokk\u00f3i Aut\u00f3ipari Tal\u00e1lkoz\u00f3 - Grupo Segura\" \/>\n<meta property=\"og:description\" content=\"A Barcel\u00f3 Hotelben megrendezett spanyol-marokk\u00f3i esem\u00e9nyen val\u00f3 r\u00e9szv\u00e9tel\u00fcnk \u00fajabb m\u00e9rf\u00f6ldk\u00f6vet jelent a Grupo Segura fejl\u0151d\u00e9s\u00e9ben. Tov\u00e1bbra is er\u0151s\u00edtj\u00fck elk\u00f6telezetts\u00e9g\u00fcnket az aut\u00f3ipar ir\u00e1nt, a Grupo Segur\u00e1t egy olyan dinamikus \u00f6kosziszt\u00e9m\u00e1ba pozicion\u00e1lva, amely \u00f6sszek\u00f6ti Eur\u00f3p\u00e1t \u00e9s \u00c9szak-Afrik\u00e1t, \u00e9s \u00faj lehet\u0151s\u00e9geket nyit a fenntarthat\u00f3 n\u00f6veked\u00e9s el\u0151tt. Glob\u00e1lis partnerk\u00e9nt a Grupo Segura alapos szak\u00e9rtelmet biztos\u00edt a komplex ipari folyamatokban, [&hellip;]\" \/>\n<meta property=\"og:url\" content=\"https:\/\/www.fsegura.com\/hu\/xi-spanyol-marokkoi-autoipari-talalkozo\/\" \/>\n<meta property=\"og:site_name\" content=\"Grupo Segura\" \/>\n<meta property=\"article:published_time\" content=\"2026-04-23T07:36:56+00:00\" \/>\n<meta property=\"article:modified_time\" content=\"2026-04-27T12:28:34+00:00\" \/>\n<meta property=\"og:image\" content=\"https:\/\/www.fsegura.com\/wp-content\/uploads\/2026\/04\/Imagen-2-scaled.jpg\" \/>\n\t<meta property=\"og:image:width\" content=\"1920\" \/>\n\t<meta property=\"og:image:height\" content=\"2560\" \/>\n\t<meta property=\"og:image:type\" content=\"image\/jpeg\" \/>\n<meta name=\"author\" content=\"jolcina@fsegura.com\" \/>\n<meta name=\"twitter:card\" content=\"summary_large_image\" \/>\n<meta name=\"twitter:label1\" content=\"Szerz\u0151:\" \/>\n\t<meta name=\"twitter:data1\" content=\"jolcina@fsegura.com\" \/>\n\t<meta name=\"twitter:label2\" content=\"Becs\u00fclt olvas\u00e1si id\u0151\" \/>\n\t<meta name=\"twitter:data2\" content=\"1 perc\" \/>\n<script type=\"application\/ld+json\" class=\"yoast-schema-graph\">{\"@context\":\"https:\\\/\\\/schema.org\",\"@graph\":[{\"@type\":\"Article\",\"@id\":\"https:\\\/\\\/www.fsegura.com\\\/hu\\\/xi-spanyol-marokkoi-autoipari-talalkozo\\\/#article\",\"isPartOf\":{\"@id\":\"https:\\\/\\\/www.fsegura.com\\\/hu\\\/xi-spanyol-marokkoi-autoipari-talalkozo\\\/\"},\"author\":{\"name\":\"jolcina@fsegura.com\",\"@id\":\"https:\\\/\\\/www.fsegura.com\\\/hu\\\/#\\\/schema\\\/person\\\/58e29659d7ebc66e5805f25f8eece3b9\"},\"headline\":\"XI. Spanyol-Marokk\u00f3i Aut\u00f3ipari Tal\u00e1lkoz\u00f3\",\"datePublished\":\"2026-04-23T07:36:56+00:00\",\"dateModified\":\"2026-04-27T12:28:34+00:00\",\"mainEntityOfPage\":{\"@id\":\"https:\\\/\\\/www.fsegura.com\\\/hu\\\/xi-spanyol-marokkoi-autoipari-talalkozo\\\/\"},\"wordCount\":166,\"commentCount\":0,\"publisher\":{\"@id\":\"https:\\\/\\\/www.fsegura.com\\\/hu\\\/#organization\"},\"image\":{\"@id\":\"https:\\\/\\\/www.fsegura.com\\\/hu\\\/xi-spanyol-marokkoi-autoipari-talalkozo\\\/#primaryimage\"},\"thumbnailUrl\":\"https:\\\/\\\/www.fsegura.com\\\/wp-content\\\/uploads\\\/2026\\\/04\\\/Imagen-2-scaled.jpg\",\"articleSection\":[\"Sin categorizar\"],\"inLanguage\":\"hu\",\"potentialAction\":[{\"@type\":\"CommentAction\",\"name\":\"Comment\",\"target\":[\"https:\\\/\\\/www.fsegura.com\\\/hu\\\/xi-spanyol-marokkoi-autoipari-talalkozo\\\/#respond\"]}]},{\"@type\":\"WebPage\",\"@id\":\"https:\\\/\\\/www.fsegura.com\\\/hu\\\/xi-spanyol-marokkoi-autoipari-talalkozo\\\/\",\"url\":\"https:\\\/\\\/www.fsegura.com\\\/hu\\\/xi-spanyol-marokkoi-autoipari-talalkozo\\\/\",\"name\":\"XI. Spanyol-Marokk\u00f3i Aut\u00f3ipari Tal\u00e1lkoz\u00f3 - Grupo Segura\",\"isPartOf\":{\"@id\":\"https:\\\/\\\/www.fsegura.com\\\/hu\\\/#website\"},\"primaryImageOfPage\":{\"@id\":\"https:\\\/\\\/www.fsegura.com\\\/hu\\\/xi-spanyol-marokkoi-autoipari-talalkozo\\\/#primaryimage\"},\"image\":{\"@id\":\"https:\\\/\\\/www.fsegura.com\\\/hu\\\/xi-spanyol-marokkoi-autoipari-talalkozo\\\/#primaryimage\"},\"thumbnailUrl\":\"https:\\\/\\\/www.fsegura.com\\\/wp-content\\\/uploads\\\/2026\\\/04\\\/Imagen-2-scaled.jpg\",\"datePublished\":\"2026-04-23T07:36:56+00:00\",\"dateModified\":\"2026-04-27T12:28:34+00:00\",\"breadcrumb\":{\"@id\":\"https:\\\/\\\/www.fsegura.com\\\/hu\\\/xi-spanyol-marokkoi-autoipari-talalkozo\\\/#breadcrumb\"},\"inLanguage\":\"hu\",\"potentialAction\":[{\"@type\":\"ReadAction\",\"target\":[\"https:\\\/\\\/www.fsegura.com\\\/hu\\\/xi-spanyol-marokkoi-autoipari-talalkozo\\\/\"]}]},{\"@type\":\"ImageObject\",\"inLanguage\":\"hu\",\"@id\":\"https:\\\/\\\/www.fsegura.com\\\/hu\\\/xi-spanyol-marokkoi-autoipari-talalkozo\\\/#primaryimage\",\"url\":\"https:\\\/\\\/www.fsegura.com\\\/wp-content\\\/uploads\\\/2026\\\/04\\\/Imagen-2-scaled.jpg\",\"contentUrl\":\"https:\\\/\\\/www.fsegura.com\\\/wp-content\\\/uploads\\\/2026\\\/04\\\/Imagen-2-scaled.jpg\",\"width\":1920,\"height\":2560},{\"@type\":\"BreadcrumbList\",\"@id\":\"https:\\\/\\\/www.fsegura.com\\\/hu\\\/xi-spanyol-marokkoi-autoipari-talalkozo\\\/#breadcrumb\",\"itemListElement\":[{\"@type\":\"ListItem\",\"position\":1,\"name\":\"Portada\",\"item\":\"https:\\\/\\\/www.fsegura.com\\\/hu\\\/\"},{\"@type\":\"ListItem\",\"position\":2,\"name\":\"XI. Spanyol-Marokk\u00f3i Aut\u00f3ipari Tal\u00e1lkoz\u00f3\"}]},{\"@type\":\"WebSite\",\"@id\":\"https:\\\/\\\/www.fsegura.com\\\/hu\\\/#website\",\"url\":\"https:\\\/\\\/www.fsegura.com\\\/hu\\\/\",\"name\":\"Grupo Segura\",\"description\":\"Partner global para componentes de la automoci\u00f3n\",\"publisher\":{\"@id\":\"https:\\\/\\\/www.fsegura.com\\\/hu\\\/#organization\"},\"potentialAction\":[{\"@type\":\"SearchAction\",\"target\":{\"@type\":\"EntryPoint\",\"urlTemplate\":\"https:\\\/\\\/www.fsegura.com\\\/hu\\\/?s={search_term_string}\"},\"query-input\":{\"@type\":\"PropertyValueSpecification\",\"valueRequired\":true,\"valueName\":\"search_term_string\"}}],\"inLanguage\":\"hu\"},{\"@type\":\"Organization\",\"@id\":\"https:\\\/\\\/www.fsegura.com\\\/hu\\\/#organization\",\"name\":\"Grupo Segura\",\"url\":\"https:\\\/\\\/www.fsegura.com\\\/hu\\\/\",\"logo\":{\"@type\":\"ImageObject\",\"inLanguage\":\"hu\",\"@id\":\"https:\\\/\\\/www.fsegura.com\\\/hu\\\/#\\\/schema\\\/logo\\\/image\\\/\",\"url\":\"https:\\\/\\\/www.fsegura.com\\\/wp-content\\\/uploads\\\/2025\\\/09\\\/grupo-segura.jpg\",\"contentUrl\":\"https:\\\/\\\/www.fsegura.com\\\/wp-content\\\/uploads\\\/2025\\\/09\\\/grupo-segura.jpg\",\"width\":458,\"height\":136,\"caption\":\"Grupo Segura\"},\"image\":{\"@id\":\"https:\\\/\\\/www.fsegura.com\\\/hu\\\/#\\\/schema\\\/logo\\\/image\\\/\"}},{\"@type\":\"Person\",\"@id\":\"https:\\\/\\\/www.fsegura.com\\\/hu\\\/#\\\/schema\\\/person\\\/58e29659d7ebc66e5805f25f8eece3b9\",\"name\":\"jolcina@fsegura.com\",\"image\":{\"@type\":\"ImageObject\",\"inLanguage\":\"hu\",\"@id\":\"https:\\\/\\\/secure.gravatar.com\\\/avatar\\\/39c144bd5dfad54977c993995b68d5a419fe0a712fa4f9238da13b48e472c511?s=96&d=mm&r=g\",\"url\":\"https:\\\/\\\/secure.gravatar.com\\\/avatar\\\/39c144bd5dfad54977c993995b68d5a419fe0a712fa4f9238da13b48e472c511?s=96&d=mm&r=g\",\"contentUrl\":\"https:\\\/\\\/secure.gravatar.com\\\/avatar\\\/39c144bd5dfad54977c993995b68d5a419fe0a712fa4f9238da13b48e472c511?s=96&d=mm&r=g\",\"caption\":\"jolcina@fsegura.com\"},\"url\":\"https:\\\/\\\/www.fsegura.com\\\/hu\\\/author\\\/jolcinafsegura-com\\\/\"}]}<\/script>\n<!-- \/ Yoast SEO plugin. -->","yoast_head_json":{"title":"XI. Spanyol-Marokk\u00f3i Aut\u00f3ipari Tal\u00e1lkoz\u00f3 - Grupo Segura","robots":{"index":"index","follow":"follow","max-snippet":"max-snippet:-1","max-image-preview":"max-image-preview:large","max-video-preview":"max-video-preview:-1"},"canonical":"https:\/\/www.fsegura.com\/hu\/xi-spanyol-marokkoi-autoipari-talalkozo\/","og_locale":"hu_HU","og_type":"article","og_title":"XI. Spanyol-Marokk\u00f3i Aut\u00f3ipari Tal\u00e1lkoz\u00f3 - Grupo Segura","og_description":"A Barcel\u00f3 Hotelben megrendezett spanyol-marokk\u00f3i esem\u00e9nyen val\u00f3 r\u00e9szv\u00e9tel\u00fcnk \u00fajabb m\u00e9rf\u00f6ldk\u00f6vet jelent a Grupo Segura fejl\u0151d\u00e9s\u00e9ben. Tov\u00e1bbra is er\u0151s\u00edtj\u00fck elk\u00f6telezetts\u00e9g\u00fcnket az aut\u00f3ipar ir\u00e1nt, a Grupo Segur\u00e1t egy olyan dinamikus \u00f6kosziszt\u00e9m\u00e1ba pozicion\u00e1lva, amely \u00f6sszek\u00f6ti Eur\u00f3p\u00e1t \u00e9s \u00c9szak-Afrik\u00e1t, \u00e9s \u00faj lehet\u0151s\u00e9geket nyit a fenntarthat\u00f3 n\u00f6veked\u00e9s el\u0151tt. Glob\u00e1lis partnerk\u00e9nt a Grupo Segura alapos szak\u00e9rtelmet biztos\u00edt a komplex ipari folyamatokban, [&hellip;]","og_url":"https:\/\/www.fsegura.com\/hu\/xi-spanyol-marokkoi-autoipari-talalkozo\/","og_site_name":"Grupo Segura","article_published_time":"2026-04-23T07:36:56+00:00","article_modified_time":"2026-04-27T12:28:34+00:00","og_image":[{"width":1920,"height":2560,"url":"https:\/\/www.fsegura.com\/wp-content\/uploads\/2026\/04\/Imagen-2-scaled.jpg","type":"image\/jpeg"}],"author":"jolcina@fsegura.com","twitter_card":"summary_large_image","twitter_misc":{"Szerz\u0151:":"jolcina@fsegura.com","Becs\u00fclt olvas\u00e1si id\u0151":"1 perc"},"schema":{"@context":"https:\/\/schema.org","@graph":[{"@type":"Article","@id":"https:\/\/www.fsegura.com\/hu\/xi-spanyol-marokkoi-autoipari-talalkozo\/#article","isPartOf":{"@id":"https:\/\/www.fsegura.com\/hu\/xi-spanyol-marokkoi-autoipari-talalkozo\/"},"author":{"name":"jolcina@fsegura.com","@id":"https:\/\/www.fsegura.com\/hu\/#\/schema\/person\/58e29659d7ebc66e5805f25f8eece3b9"},"headline":"XI. Spanyol-Marokk\u00f3i Aut\u00f3ipari Tal\u00e1lkoz\u00f3","datePublished":"2026-04-23T07:36:56+00:00","dateModified":"2026-04-27T12:28:34+00:00","mainEntityOfPage":{"@id":"https:\/\/www.fsegura.com\/hu\/xi-spanyol-marokkoi-autoipari-talalkozo\/"},"wordCount":166,"commentCount":0,"publisher":{"@id":"https:\/\/www.fsegura.com\/hu\/#organization"},"image":{"@id":"https:\/\/www.fsegura.com\/hu\/xi-spanyol-marokkoi-autoipari-talalkozo\/#primaryimage"},"thumbnailUrl":"https:\/\/www.fsegura.com\/wp-content\/uploads\/2026\/04\/Imagen-2-scaled.jpg","articleSection":["Sin categorizar"],"inLanguage":"hu","potentialAction":[{"@type":"CommentAction","name":"Comment","target":["https:\/\/www.fsegura.com\/hu\/xi-spanyol-marokkoi-autoipari-talalkozo\/#respond"]}]},{"@type":"WebPage","@id":"https:\/\/www.fsegura.com\/hu\/xi-spanyol-marokkoi-autoipari-talalkozo\/","url":"https:\/\/www.fsegura.com\/hu\/xi-spanyol-marokkoi-autoipari-talalkozo\/","name":"XI. Spanyol-Marokk\u00f3i Aut\u00f3ipari Tal\u00e1lkoz\u00f3 - Grupo Segura","isPartOf":{"@id":"https:\/\/www.fsegura.com\/hu\/#website"},"primaryImageOfPage":{"@id":"https:\/\/www.fsegura.com\/hu\/xi-spanyol-marokkoi-autoipari-talalkozo\/#primaryimage"},"image":{"@id":"https:\/\/www.fsegura.com\/hu\/xi-spanyol-marokkoi-autoipari-talalkozo\/#primaryimage"},"thumbnailUrl":"https:\/\/www.fsegura.com\/wp-content\/uploads\/2026\/04\/Imagen-2-scaled.jpg","datePublished":"2026-04-23T07:36:56+00:00","dateModified":"2026-04-27T12:28:34+00:00","breadcrumb":{"@id":"https:\/\/www.fsegura.com\/hu\/xi-spanyol-marokkoi-autoipari-talalkozo\/#breadcrumb"},"inLanguage":"hu","potentialAction":[{"@type":"ReadAction","target":["https:\/\/www.fsegura.com\/hu\/xi-spanyol-marokkoi-autoipari-talalkozo\/"]}]},{"@type":"ImageObject","inLanguage":"hu","@id":"https:\/\/www.fsegura.com\/hu\/xi-spanyol-marokkoi-autoipari-talalkozo\/#primaryimage","url":"https:\/\/www.fsegura.com\/wp-content\/uploads\/2026\/04\/Imagen-2-scaled.jpg","contentUrl":"https:\/\/www.fsegura.com\/wp-content\/uploads\/2026\/04\/Imagen-2-scaled.jpg","width":1920,"height":2560},{"@type":"BreadcrumbList","@id":"https:\/\/www.fsegura.com\/hu\/xi-spanyol-marokkoi-autoipari-talalkozo\/#breadcrumb","itemListElement":[{"@type":"ListItem","position":1,"name":"Portada","item":"https:\/\/www.fsegura.com\/hu\/"},{"@type":"ListItem","position":2,"name":"XI. Spanyol-Marokk\u00f3i Aut\u00f3ipari Tal\u00e1lkoz\u00f3"}]},{"@type":"WebSite","@id":"https:\/\/www.fsegura.com\/hu\/#website","url":"https:\/\/www.fsegura.com\/hu\/","name":"Grupo Segura","description":"Partner global para componentes de la automoci\u00f3n","publisher":{"@id":"https:\/\/www.fsegura.com\/hu\/#organization"},"potentialAction":[{"@type":"SearchAction","target":{"@type":"EntryPoint","urlTemplate":"https:\/\/www.fsegura.com\/hu\/?s={search_term_string}"},"query-input":{"@type":"PropertyValueSpecification","valueRequired":true,"valueName":"search_term_string"}}],"inLanguage":"hu"},{"@type":"Organization","@id":"https:\/\/www.fsegura.com\/hu\/#organization","name":"Grupo Segura","url":"https:\/\/www.fsegura.com\/hu\/","logo":{"@type":"ImageObject","inLanguage":"hu","@id":"https:\/\/www.fsegura.com\/hu\/#\/schema\/logo\/image\/","url":"https:\/\/www.fsegura.com\/wp-content\/uploads\/2025\/09\/grupo-segura.jpg","contentUrl":"https:\/\/www.fsegura.com\/wp-content\/uploads\/2025\/09\/grupo-segura.jpg","width":458,"height":136,"caption":"Grupo Segura"},"image":{"@id":"https:\/\/www.fsegura.com\/hu\/#\/schema\/logo\/image\/"}},{"@type":"Person","@id":"https:\/\/www.fsegura.com\/hu\/#\/schema\/person\/58e29659d7ebc66e5805f25f8eece3b9","name":"jolcina@fsegura.com","image":{"@type":"ImageObject","inLanguage":"hu","@id":"https:\/\/secure.gravatar.com\/avatar\/39c144bd5dfad54977c993995b68d5a419fe0a712fa4f9238da13b48e472c511?s=96&d=mm&r=g","url":"https:\/\/secure.gravatar.com\/avatar\/39c144bd5dfad54977c993995b68d5a419fe0a712fa4f9238da13b48e472c511?s=96&d=mm&r=g","contentUrl":"https:\/\/secure.gravatar.com\/avatar\/39c144bd5dfad54977c993995b68d5a419fe0a712fa4f9238da13b48e472c511?s=96&d=mm&r=g","caption":"jolcina@fsegura.com"},"url":"https:\/\/www.fsegura.com\/hu\/author\/jolcinafsegura-com\/"}]}},"_links":{"self":[{"href":"https:\/\/www.fsegura.com\/hu\/wp-json\/wp\/v2\/posts\/14370","targetHints":{"allow":["GET"]}}],"collection":[{"href":"https:\/\/www.fsegura.com\/hu\/wp-json\/wp\/v2\/posts"}],"about":[{"href":"https:\/\/www.fsegura.com\/hu\/wp-json\/wp\/v2\/types\/post"}],"author":[{"embeddable":true,"href":"https:\/\/www.fsegura.com\/hu\/wp-json\/wp\/v2\/users\/2"}],"replies":[{"embeddable":true,"href":"https:\/\/www.fsegura.com\/hu\/wp-json\/wp\/v2\/comments?post=14370"}],"version-history":[{"count":1,"href":"https:\/\/www.fsegura.com\/hu\/wp-json\/wp\/v2\/posts\/14370\/revisions"}],"predecessor-version":[{"id":14371,"href":"https:\/\/www.fsegura.com\/hu\/wp-json\/wp\/v2\/posts\/14370\/revisions\/14371"}],"wp:featuredmedia":[{"embeddable":true,"href":"https:\/\/www.fsegura.com\/hu\/wp-json\/wp\/v2\/media\/14361"}],"wp:attachment":[{"href":"https:\/\/www.fsegura.com\/hu\/wp-json\/wp\/v2\/media?parent=14370"}],"wp:term":[{"taxonomy":"category","embeddable":true,"href":"https:\/\/www.fsegura.com\/hu\/wp-json\/wp\/v2\/categories?post=14370"},{"taxonomy":"post_tag","embeddable":true,"href":"https:\/\/www.fsegura.com\/hu\/wp-json\/wp\/v2\/tags?post=14370"}],"curies":[{"name":"wp","href":"https:\/\/api.w.org\/{rel}","templated":true}]}}