{"id":5539,"date":"2013-05-24T09:06:12","date_gmt":"2013-05-24T09:06:12","guid":{"rendered":"https:\/\/www.fsegura.com\/2013\/05\/24\/a-segura-csoport-elnyerte-a-2012-es-ford-world-excellence-award-arany-dijat\/"},"modified":"2013-05-24T09:06:12","modified_gmt":"2013-05-24T09:06:12","slug":"a-segura-csoport-elnyerte-a-2012-es-ford-world-excellence-award-arany-dijat","status":"publish","type":"post","link":"https:\/\/www.fsegura.com\/hu\/a-segura-csoport-elnyerte-a-2012-es-ford-world-excellence-award-arany-dijat\/","title":{"rendered":"A Segura Csoport elnyerte a 2012-es Ford World Excellence Award arany d\u00edj\u00e1t."},"content":{"rendered":"<ol start=\"2013\">\n<li>m\u00e1jus 24-\u00e9n az Egyes\u00fclt \u00c1llamok Michigan \u00e1llam\u00e1ban tal\u00e1lhat\u00f3 Dearbornban 15-\u00f6dsz\u00f6rre adta \u00e1t a Ford Motor Company<\/li>\n<li>az \u00e9ves \u201eWorld Excellence Award\u201d-d\u00edjakat a 2012-es \u00e9v 47 legjobb besz\u00e1ll\u00edt\u00f3j\u00e1nak.<\/li>\n<li>A WEA transOur Group arany d\u00edj\u00e1t sajtol\u00f3 szolg\u00e1ltat\u00f3k kapt\u00e1k. A d\u00edjat Manuel Montalb\u00e1n vette \u00e1t, majd megk\u00f6sz\u00f6nte a<\/li>\n<li>Ford Motor Companynak az elismer\u00e9st, \u00e9s a Segura Csoport teljes csapat\u00e1nak aj\u00e1nlotta a d\u00edjat mindennapi kem\u00e9ny<\/li>\n<li>munk\u00e1juk elismer\u00e9s\u00e9\u00fcl.<\/li>\n<\/ol>\n<p>Tony Brown, a Ford Glob\u00e1lis Elad\u00e1sainak aleln\u00f6ke megk\u00f6sz\u00f6nte a d\u00edjazottaknak a v\u00e1llalat munk\u00e1j\u00e1hoz val\u00f3 hozz\u00e1j\u00e1rul\u00e1sukat \u00e9s magas min\u0151s\u00e9g\u0171 term\u00e9keiket.\u00a0Ez az arany d\u00edj elismeri, hogy a legjobb term\u00e9kmin\u0151s\u00e9get lesz\u00e1ll\u00edt\u00e1st \u00e9s \u00e1rat ny\u00fajt\u00f3 szolg\u00e1ltat\u00f3k fels\u0151 5%-\u00e1ba tartozunk.<\/p>\n<p>A Segura Csoport vezet\u0151s\u00e9ge nev\u00e9ben szeretn\u00e9nk megk\u00f6sz\u00f6nni a Ford v\u00e1llalatnak ezt a fontos d\u00edjat \u00e9s a bizalmat, amellyel c\u00e9g\u00fcnket imm\u00e1ron t\u00f6bb mint 30 \u00e9ve jutalmazza.<\/p>\n<p>Emellett szeretn\u00e9nk megk\u00f6sz\u00f6nni az elk\u00f6telezetts\u00e9get \u00e9s az er\u0151fesz\u00edt\u00e9seket a Segura Csoport teljes csapat\u00e1nak, hiszen ez tette lehet\u0151v\u00e9 ezt a fontos elismer\u00e9st.<\/p>\n","protected":false},"excerpt":{"rendered":"<p>m\u00e1jus 24-\u00e9n az Egyes\u00fclt \u00c1llamok Michigan \u00e1llam\u00e1ban tal\u00e1lhat\u00f3 Dearbornban 15-\u00f6dsz\u00f6rre adta \u00e1t a Ford Motor Company az \u00e9ves \u201eWorld Excellence Award\u201d-d\u00edjakat a 2012-es \u00e9v 47 legjobb besz\u00e1ll\u00edt\u00f3j\u00e1nak. A WEA transOur Group arany d\u00edj\u00e1t sajtol\u00f3 szolg\u00e1ltat\u00f3k kapt\u00e1k. A d\u00edjat Manuel Montalb\u00e1n vette \u00e1t, majd megk\u00f6sz\u00f6nte a Ford Motor Companynak az elismer\u00e9st, \u00e9s a Segura Csoport teljes [&hellip;]<\/p>\n","protected":false},"author":1,"featured_media":5264,"comment_status":"open","ping_status":"open","sticky":false,"template":"","format":"standard","meta":{"_acf_changed":false,"_eb_attr":"","footnotes":""},"categories":[1],"tags":[],"class_list":["post-5539","post","type-post","status-publish","format-standard","has-post-thumbnail","hentry","category-sin-categorizar"],"acf":[],"yoast_head":"<!-- This site is optimized with the Yoast SEO plugin v27.4 - https:\/\/yoast.com\/product\/yoast-seo-wordpress\/ -->\n<title>A Segura Csoport elnyerte a 2012-es Ford World Excellence Award arany d\u00edj\u00e1t. - Grupo Segura<\/title>\n<meta name=\"robots\" content=\"index, follow, max-snippet:-1, max-image-preview:large, max-video-preview:-1\" \/>\n<link rel=\"canonical\" href=\"https:\/\/www.fsegura.com\/hu\/a-segura-csoport-elnyerte-a-2012-es-ford-world-excellence-award-arany-dijat\/\" \/>\n<meta property=\"og:locale\" content=\"hu_HU\" \/>\n<meta property=\"og:type\" content=\"article\" \/>\n<meta property=\"og:title\" content=\"A Segura Csoport elnyerte a 2012-es Ford World Excellence Award arany d\u00edj\u00e1t. - Grupo Segura\" \/>\n<meta property=\"og:description\" content=\"m\u00e1jus 24-\u00e9n az Egyes\u00fclt \u00c1llamok Michigan \u00e1llam\u00e1ban tal\u00e1lhat\u00f3 Dearbornban 15-\u00f6dsz\u00f6rre adta \u00e1t a Ford Motor Company az \u00e9ves \u201eWorld Excellence Award\u201d-d\u00edjakat a 2012-es \u00e9v 47 legjobb besz\u00e1ll\u00edt\u00f3j\u00e1nak. A WEA transOur Group arany d\u00edj\u00e1t sajtol\u00f3 szolg\u00e1ltat\u00f3k kapt\u00e1k. A d\u00edjat Manuel Montalb\u00e1n vette \u00e1t, majd megk\u00f6sz\u00f6nte a Ford Motor Companynak az elismer\u00e9st, \u00e9s a Segura Csoport teljes [&hellip;]\" \/>\n<meta property=\"og:url\" content=\"https:\/\/www.fsegura.com\/hu\/a-segura-csoport-elnyerte-a-2012-es-ford-world-excellence-award-arany-dijat\/\" \/>\n<meta property=\"og:site_name\" content=\"Grupo Segura\" \/>\n<meta property=\"article:published_time\" content=\"2013-05-24T09:06:12+00:00\" \/>\n<meta property=\"og:image\" content=\"https:\/\/www.fsegura.com\/wp-content\/uploads\/2025\/11\/entrega_wea_Manuel.jpg\" \/>\n\t<meta property=\"og:image:width\" content=\"1024\" \/>\n\t<meta property=\"og:image:height\" content=\"681\" \/>\n\t<meta property=\"og:image:type\" content=\"image\/jpeg\" \/>\n<meta name=\"author\" content=\"desarrollo\" \/>\n<meta name=\"twitter:card\" content=\"summary_large_image\" \/>\n<meta name=\"twitter:label1\" content=\"Szerz\u0151:\" \/>\n\t<meta name=\"twitter:data1\" content=\"desarrollo\" \/>\n\t<meta name=\"twitter:label2\" content=\"Becs\u00fclt olvas\u00e1si id\u0151\" \/>\n\t<meta name=\"twitter:data2\" content=\"1 perc\" \/>\n<script type=\"application\/ld+json\" class=\"yoast-schema-graph\">{\"@context\":\"https:\\\/\\\/schema.org\",\"@graph\":[{\"@type\":\"Article\",\"@id\":\"https:\\\/\\\/www.fsegura.com\\\/hu\\\/a-segura-csoport-elnyerte-a-2012-es-ford-world-excellence-award-arany-dijat\\\/#article\",\"isPartOf\":{\"@id\":\"https:\\\/\\\/www.fsegura.com\\\/hu\\\/a-segura-csoport-elnyerte-a-2012-es-ford-world-excellence-award-arany-dijat\\\/\"},\"author\":{\"name\":\"desarrollo\",\"@id\":\"https:\\\/\\\/www.fsegura.com\\\/hu\\\/#\\\/schema\\\/person\\\/cf9d1abe35e7e038ac092685669e6ae5\"},\"headline\":\"A Segura Csoport elnyerte a 2012-es Ford World Excellence Award arany d\u00edj\u00e1t.\",\"datePublished\":\"2013-05-24T09:06:12+00:00\",\"mainEntityOfPage\":{\"@id\":\"https:\\\/\\\/www.fsegura.com\\\/hu\\\/a-segura-csoport-elnyerte-a-2012-es-ford-world-excellence-award-arany-dijat\\\/\"},\"wordCount\":236,\"commentCount\":0,\"publisher\":{\"@id\":\"https:\\\/\\\/www.fsegura.com\\\/hu\\\/#organization\"},\"image\":{\"@id\":\"https:\\\/\\\/www.fsegura.com\\\/hu\\\/a-segura-csoport-elnyerte-a-2012-es-ford-world-excellence-award-arany-dijat\\\/#primaryimage\"},\"thumbnailUrl\":\"https:\\\/\\\/www.fsegura.com\\\/wp-content\\\/uploads\\\/2025\\\/11\\\/entrega_wea_Manuel.jpg\",\"articleSection\":[\"Sin categorizar\"],\"inLanguage\":\"hu\",\"potentialAction\":[{\"@type\":\"CommentAction\",\"name\":\"Comment\",\"target\":[\"https:\\\/\\\/www.fsegura.com\\\/hu\\\/a-segura-csoport-elnyerte-a-2012-es-ford-world-excellence-award-arany-dijat\\\/#respond\"]}]},{\"@type\":\"WebPage\",\"@id\":\"https:\\\/\\\/www.fsegura.com\\\/hu\\\/a-segura-csoport-elnyerte-a-2012-es-ford-world-excellence-award-arany-dijat\\\/\",\"url\":\"https:\\\/\\\/www.fsegura.com\\\/hu\\\/a-segura-csoport-elnyerte-a-2012-es-ford-world-excellence-award-arany-dijat\\\/\",\"name\":\"A Segura Csoport elnyerte a 2012-es Ford World Excellence Award arany d\u00edj\u00e1t. - Grupo Segura\",\"isPartOf\":{\"@id\":\"https:\\\/\\\/www.fsegura.com\\\/hu\\\/#website\"},\"primaryImageOfPage\":{\"@id\":\"https:\\\/\\\/www.fsegura.com\\\/hu\\\/a-segura-csoport-elnyerte-a-2012-es-ford-world-excellence-award-arany-dijat\\\/#primaryimage\"},\"image\":{\"@id\":\"https:\\\/\\\/www.fsegura.com\\\/hu\\\/a-segura-csoport-elnyerte-a-2012-es-ford-world-excellence-award-arany-dijat\\\/#primaryimage\"},\"thumbnailUrl\":\"https:\\\/\\\/www.fsegura.com\\\/wp-content\\\/uploads\\\/2025\\\/11\\\/entrega_wea_Manuel.jpg\",\"datePublished\":\"2013-05-24T09:06:12+00:00\",\"breadcrumb\":{\"@id\":\"https:\\\/\\\/www.fsegura.com\\\/hu\\\/a-segura-csoport-elnyerte-a-2012-es-ford-world-excellence-award-arany-dijat\\\/#breadcrumb\"},\"inLanguage\":\"hu\",\"potentialAction\":[{\"@type\":\"ReadAction\",\"target\":[\"https:\\\/\\\/www.fsegura.com\\\/hu\\\/a-segura-csoport-elnyerte-a-2012-es-ford-world-excellence-award-arany-dijat\\\/\"]}]},{\"@type\":\"ImageObject\",\"inLanguage\":\"hu\",\"@id\":\"https:\\\/\\\/www.fsegura.com\\\/hu\\\/a-segura-csoport-elnyerte-a-2012-es-ford-world-excellence-award-arany-dijat\\\/#primaryimage\",\"url\":\"https:\\\/\\\/www.fsegura.com\\\/wp-content\\\/uploads\\\/2025\\\/11\\\/entrega_wea_Manuel.jpg\",\"contentUrl\":\"https:\\\/\\\/www.fsegura.com\\\/wp-content\\\/uploads\\\/2025\\\/11\\\/entrega_wea_Manuel.jpg\",\"width\":1024,\"height\":681,\"caption\":\"entrega_wea_Manuel\"},{\"@type\":\"BreadcrumbList\",\"@id\":\"https:\\\/\\\/www.fsegura.com\\\/hu\\\/a-segura-csoport-elnyerte-a-2012-es-ford-world-excellence-award-arany-dijat\\\/#breadcrumb\",\"itemListElement\":[{\"@type\":\"ListItem\",\"position\":1,\"name\":\"Portada\",\"item\":\"https:\\\/\\\/www.fsegura.com\\\/hu\\\/\"},{\"@type\":\"ListItem\",\"position\":2,\"name\":\"A Segura Csoport elnyerte a 2012-es Ford World Excellence Award arany d\u00edj\u00e1t.\"}]},{\"@type\":\"WebSite\",\"@id\":\"https:\\\/\\\/www.fsegura.com\\\/hu\\\/#website\",\"url\":\"https:\\\/\\\/www.fsegura.com\\\/hu\\\/\",\"name\":\"Grupo Segura\",\"description\":\"Partner global para componentes de la automoci\u00f3n\",\"publisher\":{\"@id\":\"https:\\\/\\\/www.fsegura.com\\\/hu\\\/#organization\"},\"potentialAction\":[{\"@type\":\"SearchAction\",\"target\":{\"@type\":\"EntryPoint\",\"urlTemplate\":\"https:\\\/\\\/www.fsegura.com\\\/hu\\\/?s={search_term_string}\"},\"query-input\":{\"@type\":\"PropertyValueSpecification\",\"valueRequired\":true,\"valueName\":\"search_term_string\"}}],\"inLanguage\":\"hu\"},{\"@type\":\"Organization\",\"@id\":\"https:\\\/\\\/www.fsegura.com\\\/hu\\\/#organization\",\"name\":\"Grupo Segura\",\"url\":\"https:\\\/\\\/www.fsegura.com\\\/hu\\\/\",\"logo\":{\"@type\":\"ImageObject\",\"inLanguage\":\"hu\",\"@id\":\"https:\\\/\\\/www.fsegura.com\\\/hu\\\/#\\\/schema\\\/logo\\\/image\\\/\",\"url\":\"https:\\\/\\\/www.fsegura.com\\\/wp-content\\\/uploads\\\/2025\\\/09\\\/grupo-segura.jpg\",\"contentUrl\":\"https:\\\/\\\/www.fsegura.com\\\/wp-content\\\/uploads\\\/2025\\\/09\\\/grupo-segura.jpg\",\"width\":458,\"height\":136,\"caption\":\"Grupo Segura\"},\"image\":{\"@id\":\"https:\\\/\\\/www.fsegura.com\\\/hu\\\/#\\\/schema\\\/logo\\\/image\\\/\"}},{\"@type\":\"Person\",\"@id\":\"https:\\\/\\\/www.fsegura.com\\\/hu\\\/#\\\/schema\\\/person\\\/cf9d1abe35e7e038ac092685669e6ae5\",\"name\":\"desarrollo\",\"image\":{\"@type\":\"ImageObject\",\"inLanguage\":\"hu\",\"@id\":\"https:\\\/\\\/secure.gravatar.com\\\/avatar\\\/3b02f34f0ea5a10bc44d1813e23e909e4ef6fd1c0c78c7eed6d094a646af2836?s=96&d=mm&r=g\",\"url\":\"https:\\\/\\\/secure.gravatar.com\\\/avatar\\\/3b02f34f0ea5a10bc44d1813e23e909e4ef6fd1c0c78c7eed6d094a646af2836?s=96&d=mm&r=g\",\"contentUrl\":\"https:\\\/\\\/secure.gravatar.com\\\/avatar\\\/3b02f34f0ea5a10bc44d1813e23e909e4ef6fd1c0c78c7eed6d094a646af2836?s=96&d=mm&r=g\",\"caption\":\"desarrollo\"},\"sameAs\":[\"https:\\\/\\\/www.fsegura.com\"],\"url\":\"https:\\\/\\\/www.fsegura.com\\\/hu\\\/author\\\/desarrollo\\\/\"}]}<\/script>\n<!-- \/ Yoast SEO plugin. -->","yoast_head_json":{"title":"A Segura Csoport elnyerte a 2012-es Ford World Excellence Award arany d\u00edj\u00e1t. - Grupo Segura","robots":{"index":"index","follow":"follow","max-snippet":"max-snippet:-1","max-image-preview":"max-image-preview:large","max-video-preview":"max-video-preview:-1"},"canonical":"https:\/\/www.fsegura.com\/hu\/a-segura-csoport-elnyerte-a-2012-es-ford-world-excellence-award-arany-dijat\/","og_locale":"hu_HU","og_type":"article","og_title":"A Segura Csoport elnyerte a 2012-es Ford World Excellence Award arany d\u00edj\u00e1t. - Grupo Segura","og_description":"m\u00e1jus 24-\u00e9n az Egyes\u00fclt \u00c1llamok Michigan \u00e1llam\u00e1ban tal\u00e1lhat\u00f3 Dearbornban 15-\u00f6dsz\u00f6rre adta \u00e1t a Ford Motor Company az \u00e9ves \u201eWorld Excellence Award\u201d-d\u00edjakat a 2012-es \u00e9v 47 legjobb besz\u00e1ll\u00edt\u00f3j\u00e1nak. A WEA transOur Group arany d\u00edj\u00e1t sajtol\u00f3 szolg\u00e1ltat\u00f3k kapt\u00e1k. A d\u00edjat Manuel Montalb\u00e1n vette \u00e1t, majd megk\u00f6sz\u00f6nte a Ford Motor Companynak az elismer\u00e9st, \u00e9s a Segura Csoport teljes [&hellip;]","og_url":"https:\/\/www.fsegura.com\/hu\/a-segura-csoport-elnyerte-a-2012-es-ford-world-excellence-award-arany-dijat\/","og_site_name":"Grupo Segura","article_published_time":"2013-05-24T09:06:12+00:00","og_image":[{"width":1024,"height":681,"url":"https:\/\/www.fsegura.com\/wp-content\/uploads\/2025\/11\/entrega_wea_Manuel.jpg","type":"image\/jpeg"}],"author":"desarrollo","twitter_card":"summary_large_image","twitter_misc":{"Szerz\u0151:":"desarrollo","Becs\u00fclt olvas\u00e1si id\u0151":"1 perc"},"schema":{"@context":"https:\/\/schema.org","@graph":[{"@type":"Article","@id":"https:\/\/www.fsegura.com\/hu\/a-segura-csoport-elnyerte-a-2012-es-ford-world-excellence-award-arany-dijat\/#article","isPartOf":{"@id":"https:\/\/www.fsegura.com\/hu\/a-segura-csoport-elnyerte-a-2012-es-ford-world-excellence-award-arany-dijat\/"},"author":{"name":"desarrollo","@id":"https:\/\/www.fsegura.com\/hu\/#\/schema\/person\/cf9d1abe35e7e038ac092685669e6ae5"},"headline":"A Segura Csoport elnyerte a 2012-es Ford World Excellence Award arany d\u00edj\u00e1t.","datePublished":"2013-05-24T09:06:12+00:00","mainEntityOfPage":{"@id":"https:\/\/www.fsegura.com\/hu\/a-segura-csoport-elnyerte-a-2012-es-ford-world-excellence-award-arany-dijat\/"},"wordCount":236,"commentCount":0,"publisher":{"@id":"https:\/\/www.fsegura.com\/hu\/#organization"},"image":{"@id":"https:\/\/www.fsegura.com\/hu\/a-segura-csoport-elnyerte-a-2012-es-ford-world-excellence-award-arany-dijat\/#primaryimage"},"thumbnailUrl":"https:\/\/www.fsegura.com\/wp-content\/uploads\/2025\/11\/entrega_wea_Manuel.jpg","articleSection":["Sin categorizar"],"inLanguage":"hu","potentialAction":[{"@type":"CommentAction","name":"Comment","target":["https:\/\/www.fsegura.com\/hu\/a-segura-csoport-elnyerte-a-2012-es-ford-world-excellence-award-arany-dijat\/#respond"]}]},{"@type":"WebPage","@id":"https:\/\/www.fsegura.com\/hu\/a-segura-csoport-elnyerte-a-2012-es-ford-world-excellence-award-arany-dijat\/","url":"https:\/\/www.fsegura.com\/hu\/a-segura-csoport-elnyerte-a-2012-es-ford-world-excellence-award-arany-dijat\/","name":"A Segura Csoport elnyerte a 2012-es Ford World Excellence Award arany d\u00edj\u00e1t. - Grupo Segura","isPartOf":{"@id":"https:\/\/www.fsegura.com\/hu\/#website"},"primaryImageOfPage":{"@id":"https:\/\/www.fsegura.com\/hu\/a-segura-csoport-elnyerte-a-2012-es-ford-world-excellence-award-arany-dijat\/#primaryimage"},"image":{"@id":"https:\/\/www.fsegura.com\/hu\/a-segura-csoport-elnyerte-a-2012-es-ford-world-excellence-award-arany-dijat\/#primaryimage"},"thumbnailUrl":"https:\/\/www.fsegura.com\/wp-content\/uploads\/2025\/11\/entrega_wea_Manuel.jpg","datePublished":"2013-05-24T09:06:12+00:00","breadcrumb":{"@id":"https:\/\/www.fsegura.com\/hu\/a-segura-csoport-elnyerte-a-2012-es-ford-world-excellence-award-arany-dijat\/#breadcrumb"},"inLanguage":"hu","potentialAction":[{"@type":"ReadAction","target":["https:\/\/www.fsegura.com\/hu\/a-segura-csoport-elnyerte-a-2012-es-ford-world-excellence-award-arany-dijat\/"]}]},{"@type":"ImageObject","inLanguage":"hu","@id":"https:\/\/www.fsegura.com\/hu\/a-segura-csoport-elnyerte-a-2012-es-ford-world-excellence-award-arany-dijat\/#primaryimage","url":"https:\/\/www.fsegura.com\/wp-content\/uploads\/2025\/11\/entrega_wea_Manuel.jpg","contentUrl":"https:\/\/www.fsegura.com\/wp-content\/uploads\/2025\/11\/entrega_wea_Manuel.jpg","width":1024,"height":681,"caption":"entrega_wea_Manuel"},{"@type":"BreadcrumbList","@id":"https:\/\/www.fsegura.com\/hu\/a-segura-csoport-elnyerte-a-2012-es-ford-world-excellence-award-arany-dijat\/#breadcrumb","itemListElement":[{"@type":"ListItem","position":1,"name":"Portada","item":"https:\/\/www.fsegura.com\/hu\/"},{"@type":"ListItem","position":2,"name":"A Segura Csoport elnyerte a 2012-es Ford World Excellence Award arany d\u00edj\u00e1t."}]},{"@type":"WebSite","@id":"https:\/\/www.fsegura.com\/hu\/#website","url":"https:\/\/www.fsegura.com\/hu\/","name":"Grupo Segura","description":"Partner global para componentes de la automoci\u00f3n","publisher":{"@id":"https:\/\/www.fsegura.com\/hu\/#organization"},"potentialAction":[{"@type":"SearchAction","target":{"@type":"EntryPoint","urlTemplate":"https:\/\/www.fsegura.com\/hu\/?s={search_term_string}"},"query-input":{"@type":"PropertyValueSpecification","valueRequired":true,"valueName":"search_term_string"}}],"inLanguage":"hu"},{"@type":"Organization","@id":"https:\/\/www.fsegura.com\/hu\/#organization","name":"Grupo Segura","url":"https:\/\/www.fsegura.com\/hu\/","logo":{"@type":"ImageObject","inLanguage":"hu","@id":"https:\/\/www.fsegura.com\/hu\/#\/schema\/logo\/image\/","url":"https:\/\/www.fsegura.com\/wp-content\/uploads\/2025\/09\/grupo-segura.jpg","contentUrl":"https:\/\/www.fsegura.com\/wp-content\/uploads\/2025\/09\/grupo-segura.jpg","width":458,"height":136,"caption":"Grupo Segura"},"image":{"@id":"https:\/\/www.fsegura.com\/hu\/#\/schema\/logo\/image\/"}},{"@type":"Person","@id":"https:\/\/www.fsegura.com\/hu\/#\/schema\/person\/cf9d1abe35e7e038ac092685669e6ae5","name":"desarrollo","image":{"@type":"ImageObject","inLanguage":"hu","@id":"https:\/\/secure.gravatar.com\/avatar\/3b02f34f0ea5a10bc44d1813e23e909e4ef6fd1c0c78c7eed6d094a646af2836?s=96&d=mm&r=g","url":"https:\/\/secure.gravatar.com\/avatar\/3b02f34f0ea5a10bc44d1813e23e909e4ef6fd1c0c78c7eed6d094a646af2836?s=96&d=mm&r=g","contentUrl":"https:\/\/secure.gravatar.com\/avatar\/3b02f34f0ea5a10bc44d1813e23e909e4ef6fd1c0c78c7eed6d094a646af2836?s=96&d=mm&r=g","caption":"desarrollo"},"sameAs":["https:\/\/www.fsegura.com"],"url":"https:\/\/www.fsegura.com\/hu\/author\/desarrollo\/"}]}},"_links":{"self":[{"href":"https:\/\/www.fsegura.com\/hu\/wp-json\/wp\/v2\/posts\/5539","targetHints":{"allow":["GET"]}}],"collection":[{"href":"https:\/\/www.fsegura.com\/hu\/wp-json\/wp\/v2\/posts"}],"about":[{"href":"https:\/\/www.fsegura.com\/hu\/wp-json\/wp\/v2\/types\/post"}],"author":[{"embeddable":true,"href":"https:\/\/www.fsegura.com\/hu\/wp-json\/wp\/v2\/users\/1"}],"replies":[{"embeddable":true,"href":"https:\/\/www.fsegura.com\/hu\/wp-json\/wp\/v2\/comments?post=5539"}],"version-history":[{"count":0,"href":"https:\/\/www.fsegura.com\/hu\/wp-json\/wp\/v2\/posts\/5539\/revisions"}],"wp:featuredmedia":[{"embeddable":true,"href":"https:\/\/www.fsegura.com\/hu\/wp-json\/wp\/v2\/media\/5264"}],"wp:attachment":[{"href":"https:\/\/www.fsegura.com\/hu\/wp-json\/wp\/v2\/media?parent=5539"}],"wp:term":[{"taxonomy":"category","embeddable":true,"href":"https:\/\/www.fsegura.com\/hu\/wp-json\/wp\/v2\/categories?post=5539"},{"taxonomy":"post_tag","embeddable":true,"href":"https:\/\/www.fsegura.com\/hu\/wp-json\/wp\/v2\/tags?post=5539"}],"curies":[{"name":"wp","href":"https:\/\/api.w.org\/{rel}","templated":true}]}}