{"id":5542,"date":"2013-01-16T09:07:54","date_gmt":"2013-01-16T09:07:54","guid":{"rendered":"https:\/\/www.fsegura.com\/2013\/01\/16\/a-volvo-elismeri-a-segura-csoportot\/"},"modified":"2013-01-16T09:07:54","modified_gmt":"2013-01-16T09:07:54","slug":"a-volvo-elismeri-a-segura-csoportot","status":"publish","type":"post","link":"https:\/\/www.fsegura.com\/hu\/a-volvo-elismeri-a-segura-csoportot\/","title":{"rendered":"A Volvo elismeri a Segura Csoportot"},"content":{"rendered":"<p>A Segura Csoport \u00e1tvette a \u201eVolvo Cars Quality Excellence Award 2012\u201d d\u00edjat, amely elismeri a Csoportunk \u00e1ltal a Volvo besz\u00e1ll\u00edt\u00f3jak\u00e9nt v\u00e9gzett munk\u00e1t, amely sor\u00e1n mindig a legmagasabb term\u00e9kmin\u0151s\u00e9get \u00e9s szolg\u00e1ltat\u00e1st ny\u00fajtjuk egy olyan aut\u00f3gy\u00e1rt\u00f3nak, amely min\u0151s\u00e9gi szabv\u00e1nyai vil\u00e1gszinten is az egyik legnagyobb elismer\u00e9snek \u00f6rvendenek.<\/p>\n<p>Ezt a d\u00edjat egy decemberben, G\u00f6teborgban megtartott \u00fcnneps\u00e9gen adt\u00e1k \u00e1t, ahol jelen volt vez\u00e9rigazgat\u00f3nk, Jorge Segura, valamint Miguel Gutierrez \u00e9s Jos\u00e9 Soriano \u00fczemigazgat\u00f3k<\/p>\n","protected":false},"excerpt":{"rendered":"<p>A Segura Csoport \u00e1tvette a \u201eVolvo Cars Quality Excellence Award 2012\u201d d\u00edjat, amely elismeri a Csoportunk \u00e1ltal a Volvo besz\u00e1ll\u00edt\u00f3jak\u00e9nt v\u00e9gzett munk\u00e1t, amely sor\u00e1n mindig a legmagasabb term\u00e9kmin\u0151s\u00e9get \u00e9s szolg\u00e1ltat\u00e1st ny\u00fajtjuk egy olyan aut\u00f3gy\u00e1rt\u00f3nak, amely min\u0151s\u00e9gi szabv\u00e1nyai vil\u00e1gszinten is az egyik legnagyobb elismer\u00e9snek \u00f6rvendenek. Ezt a d\u00edjat egy decemberben, G\u00f6teborgban megtartott \u00fcnneps\u00e9gen adt\u00e1k \u00e1t, ahol [&hellip;]<\/p>\n","protected":false},"author":1,"featured_media":5269,"comment_status":"open","ping_status":"open","sticky":false,"template":"","format":"standard","meta":{"_acf_changed":false,"_eb_attr":"","footnotes":""},"categories":[1],"tags":[],"class_list":["post-5542","post","type-post","status-publish","format-standard","has-post-thumbnail","hentry","category-sin-categorizar"],"acf":[],"yoast_head":"<!-- This site is optimized with the Yoast SEO plugin v27.4 - https:\/\/yoast.com\/product\/yoast-seo-wordpress\/ -->\n<title>A Volvo elismeri a Segura Csoportot - Grupo Segura<\/title>\n<meta name=\"robots\" content=\"index, follow, max-snippet:-1, max-image-preview:large, max-video-preview:-1\" \/>\n<link rel=\"canonical\" href=\"https:\/\/www.fsegura.com\/hu\/a-volvo-elismeri-a-segura-csoportot\/\" \/>\n<meta property=\"og:locale\" content=\"hu_HU\" \/>\n<meta property=\"og:type\" content=\"article\" \/>\n<meta property=\"og:title\" content=\"A Volvo elismeri a Segura Csoportot - Grupo Segura\" \/>\n<meta property=\"og:description\" content=\"A Segura Csoport \u00e1tvette a \u201eVolvo Cars Quality Excellence Award 2012\u201d d\u00edjat, amely elismeri a Csoportunk \u00e1ltal a Volvo besz\u00e1ll\u00edt\u00f3jak\u00e9nt v\u00e9gzett munk\u00e1t, amely sor\u00e1n mindig a legmagasabb term\u00e9kmin\u0151s\u00e9get \u00e9s szolg\u00e1ltat\u00e1st ny\u00fajtjuk egy olyan aut\u00f3gy\u00e1rt\u00f3nak, amely min\u0151s\u00e9gi szabv\u00e1nyai vil\u00e1gszinten is az egyik legnagyobb elismer\u00e9snek \u00f6rvendenek. Ezt a d\u00edjat egy decemberben, G\u00f6teborgban megtartott \u00fcnneps\u00e9gen adt\u00e1k \u00e1t, ahol [&hellip;]\" \/>\n<meta property=\"og:url\" content=\"https:\/\/www.fsegura.com\/hu\/a-volvo-elismeri-a-segura-csoportot\/\" \/>\n<meta property=\"og:site_name\" content=\"Grupo Segura\" \/>\n<meta property=\"article:published_time\" content=\"2013-01-16T09:07:54+00:00\" \/>\n<meta property=\"og:image\" content=\"https:\/\/www.fsegura.com\/wp-content\/uploads\/2025\/11\/premio-volvo.jpg\" \/>\n\t<meta property=\"og:image:width\" content=\"1409\" \/>\n\t<meta property=\"og:image:height\" content=\"1648\" \/>\n\t<meta property=\"og:image:type\" content=\"image\/jpeg\" \/>\n<meta name=\"author\" content=\"desarrollo\" \/>\n<meta name=\"twitter:card\" content=\"summary_large_image\" \/>\n<meta name=\"twitter:label1\" content=\"Szerz\u0151:\" \/>\n\t<meta name=\"twitter:data1\" content=\"desarrollo\" \/>\n<script type=\"application\/ld+json\" class=\"yoast-schema-graph\">{\"@context\":\"https:\\\/\\\/schema.org\",\"@graph\":[{\"@type\":\"Article\",\"@id\":\"https:\\\/\\\/www.fsegura.com\\\/hu\\\/a-volvo-elismeri-a-segura-csoportot\\\/#article\",\"isPartOf\":{\"@id\":\"https:\\\/\\\/www.fsegura.com\\\/hu\\\/a-volvo-elismeri-a-segura-csoportot\\\/\"},\"author\":{\"name\":\"desarrollo\",\"@id\":\"https:\\\/\\\/www.fsegura.com\\\/hu\\\/#\\\/schema\\\/person\\\/cf9d1abe35e7e038ac092685669e6ae5\"},\"headline\":\"A Volvo elismeri a Segura Csoportot\",\"datePublished\":\"2013-01-16T09:07:54+00:00\",\"mainEntityOfPage\":{\"@id\":\"https:\\\/\\\/www.fsegura.com\\\/hu\\\/a-volvo-elismeri-a-segura-csoportot\\\/\"},\"wordCount\":101,\"commentCount\":0,\"publisher\":{\"@id\":\"https:\\\/\\\/www.fsegura.com\\\/hu\\\/#organization\"},\"image\":{\"@id\":\"https:\\\/\\\/www.fsegura.com\\\/hu\\\/a-volvo-elismeri-a-segura-csoportot\\\/#primaryimage\"},\"thumbnailUrl\":\"https:\\\/\\\/www.fsegura.com\\\/wp-content\\\/uploads\\\/2025\\\/11\\\/premio-volvo.jpg\",\"articleSection\":[\"Sin categorizar\"],\"inLanguage\":\"hu\",\"potentialAction\":[{\"@type\":\"CommentAction\",\"name\":\"Comment\",\"target\":[\"https:\\\/\\\/www.fsegura.com\\\/hu\\\/a-volvo-elismeri-a-segura-csoportot\\\/#respond\"]}]},{\"@type\":\"WebPage\",\"@id\":\"https:\\\/\\\/www.fsegura.com\\\/hu\\\/a-volvo-elismeri-a-segura-csoportot\\\/\",\"url\":\"https:\\\/\\\/www.fsegura.com\\\/hu\\\/a-volvo-elismeri-a-segura-csoportot\\\/\",\"name\":\"A Volvo elismeri a Segura Csoportot - Grupo Segura\",\"isPartOf\":{\"@id\":\"https:\\\/\\\/www.fsegura.com\\\/hu\\\/#website\"},\"primaryImageOfPage\":{\"@id\":\"https:\\\/\\\/www.fsegura.com\\\/hu\\\/a-volvo-elismeri-a-segura-csoportot\\\/#primaryimage\"},\"image\":{\"@id\":\"https:\\\/\\\/www.fsegura.com\\\/hu\\\/a-volvo-elismeri-a-segura-csoportot\\\/#primaryimage\"},\"thumbnailUrl\":\"https:\\\/\\\/www.fsegura.com\\\/wp-content\\\/uploads\\\/2025\\\/11\\\/premio-volvo.jpg\",\"datePublished\":\"2013-01-16T09:07:54+00:00\",\"breadcrumb\":{\"@id\":\"https:\\\/\\\/www.fsegura.com\\\/hu\\\/a-volvo-elismeri-a-segura-csoportot\\\/#breadcrumb\"},\"inLanguage\":\"hu\",\"potentialAction\":[{\"@type\":\"ReadAction\",\"target\":[\"https:\\\/\\\/www.fsegura.com\\\/hu\\\/a-volvo-elismeri-a-segura-csoportot\\\/\"]}]},{\"@type\":\"ImageObject\",\"inLanguage\":\"hu\",\"@id\":\"https:\\\/\\\/www.fsegura.com\\\/hu\\\/a-volvo-elismeri-a-segura-csoportot\\\/#primaryimage\",\"url\":\"https:\\\/\\\/www.fsegura.com\\\/wp-content\\\/uploads\\\/2025\\\/11\\\/premio-volvo.jpg\",\"contentUrl\":\"https:\\\/\\\/www.fsegura.com\\\/wp-content\\\/uploads\\\/2025\\\/11\\\/premio-volvo.jpg\",\"width\":1409,\"height\":1648,\"caption\":\"premio-volvo\"},{\"@type\":\"BreadcrumbList\",\"@id\":\"https:\\\/\\\/www.fsegura.com\\\/hu\\\/a-volvo-elismeri-a-segura-csoportot\\\/#breadcrumb\",\"itemListElement\":[{\"@type\":\"ListItem\",\"position\":1,\"name\":\"Portada\",\"item\":\"https:\\\/\\\/www.fsegura.com\\\/hu\\\/\"},{\"@type\":\"ListItem\",\"position\":2,\"name\":\"A Volvo elismeri a Segura Csoportot\"}]},{\"@type\":\"WebSite\",\"@id\":\"https:\\\/\\\/www.fsegura.com\\\/hu\\\/#website\",\"url\":\"https:\\\/\\\/www.fsegura.com\\\/hu\\\/\",\"name\":\"Grupo Segura\",\"description\":\"Partner global para componentes de la automoci\u00f3n\",\"publisher\":{\"@id\":\"https:\\\/\\\/www.fsegura.com\\\/hu\\\/#organization\"},\"potentialAction\":[{\"@type\":\"SearchAction\",\"target\":{\"@type\":\"EntryPoint\",\"urlTemplate\":\"https:\\\/\\\/www.fsegura.com\\\/hu\\\/?s={search_term_string}\"},\"query-input\":{\"@type\":\"PropertyValueSpecification\",\"valueRequired\":true,\"valueName\":\"search_term_string\"}}],\"inLanguage\":\"hu\"},{\"@type\":\"Organization\",\"@id\":\"https:\\\/\\\/www.fsegura.com\\\/hu\\\/#organization\",\"name\":\"Grupo Segura\",\"url\":\"https:\\\/\\\/www.fsegura.com\\\/hu\\\/\",\"logo\":{\"@type\":\"ImageObject\",\"inLanguage\":\"hu\",\"@id\":\"https:\\\/\\\/www.fsegura.com\\\/hu\\\/#\\\/schema\\\/logo\\\/image\\\/\",\"url\":\"https:\\\/\\\/www.fsegura.com\\\/wp-content\\\/uploads\\\/2025\\\/09\\\/grupo-segura.jpg\",\"contentUrl\":\"https:\\\/\\\/www.fsegura.com\\\/wp-content\\\/uploads\\\/2025\\\/09\\\/grupo-segura.jpg\",\"width\":458,\"height\":136,\"caption\":\"Grupo Segura\"},\"image\":{\"@id\":\"https:\\\/\\\/www.fsegura.com\\\/hu\\\/#\\\/schema\\\/logo\\\/image\\\/\"}},{\"@type\":\"Person\",\"@id\":\"https:\\\/\\\/www.fsegura.com\\\/hu\\\/#\\\/schema\\\/person\\\/cf9d1abe35e7e038ac092685669e6ae5\",\"name\":\"desarrollo\",\"image\":{\"@type\":\"ImageObject\",\"inLanguage\":\"hu\",\"@id\":\"https:\\\/\\\/secure.gravatar.com\\\/avatar\\\/3b02f34f0ea5a10bc44d1813e23e909e4ef6fd1c0c78c7eed6d094a646af2836?s=96&d=mm&r=g\",\"url\":\"https:\\\/\\\/secure.gravatar.com\\\/avatar\\\/3b02f34f0ea5a10bc44d1813e23e909e4ef6fd1c0c78c7eed6d094a646af2836?s=96&d=mm&r=g\",\"contentUrl\":\"https:\\\/\\\/secure.gravatar.com\\\/avatar\\\/3b02f34f0ea5a10bc44d1813e23e909e4ef6fd1c0c78c7eed6d094a646af2836?s=96&d=mm&r=g\",\"caption\":\"desarrollo\"},\"sameAs\":[\"https:\\\/\\\/www.fsegura.com\"],\"url\":\"https:\\\/\\\/www.fsegura.com\\\/hu\\\/author\\\/desarrollo\\\/\"}]}<\/script>\n<!-- \/ Yoast SEO plugin. -->","yoast_head_json":{"title":"A Volvo elismeri a Segura Csoportot - Grupo Segura","robots":{"index":"index","follow":"follow","max-snippet":"max-snippet:-1","max-image-preview":"max-image-preview:large","max-video-preview":"max-video-preview:-1"},"canonical":"https:\/\/www.fsegura.com\/hu\/a-volvo-elismeri-a-segura-csoportot\/","og_locale":"hu_HU","og_type":"article","og_title":"A Volvo elismeri a Segura Csoportot - Grupo Segura","og_description":"A Segura Csoport \u00e1tvette a \u201eVolvo Cars Quality Excellence Award 2012\u201d d\u00edjat, amely elismeri a Csoportunk \u00e1ltal a Volvo besz\u00e1ll\u00edt\u00f3jak\u00e9nt v\u00e9gzett munk\u00e1t, amely sor\u00e1n mindig a legmagasabb term\u00e9kmin\u0151s\u00e9get \u00e9s szolg\u00e1ltat\u00e1st ny\u00fajtjuk egy olyan aut\u00f3gy\u00e1rt\u00f3nak, amely min\u0151s\u00e9gi szabv\u00e1nyai vil\u00e1gszinten is az egyik legnagyobb elismer\u00e9snek \u00f6rvendenek. Ezt a d\u00edjat egy decemberben, G\u00f6teborgban megtartott \u00fcnneps\u00e9gen adt\u00e1k \u00e1t, ahol [&hellip;]","og_url":"https:\/\/www.fsegura.com\/hu\/a-volvo-elismeri-a-segura-csoportot\/","og_site_name":"Grupo Segura","article_published_time":"2013-01-16T09:07:54+00:00","og_image":[{"width":1409,"height":1648,"url":"https:\/\/www.fsegura.com\/wp-content\/uploads\/2025\/11\/premio-volvo.jpg","type":"image\/jpeg"}],"author":"desarrollo","twitter_card":"summary_large_image","twitter_misc":{"Szerz\u0151:":"desarrollo"},"schema":{"@context":"https:\/\/schema.org","@graph":[{"@type":"Article","@id":"https:\/\/www.fsegura.com\/hu\/a-volvo-elismeri-a-segura-csoportot\/#article","isPartOf":{"@id":"https:\/\/www.fsegura.com\/hu\/a-volvo-elismeri-a-segura-csoportot\/"},"author":{"name":"desarrollo","@id":"https:\/\/www.fsegura.com\/hu\/#\/schema\/person\/cf9d1abe35e7e038ac092685669e6ae5"},"headline":"A Volvo elismeri a Segura Csoportot","datePublished":"2013-01-16T09:07:54+00:00","mainEntityOfPage":{"@id":"https:\/\/www.fsegura.com\/hu\/a-volvo-elismeri-a-segura-csoportot\/"},"wordCount":101,"commentCount":0,"publisher":{"@id":"https:\/\/www.fsegura.com\/hu\/#organization"},"image":{"@id":"https:\/\/www.fsegura.com\/hu\/a-volvo-elismeri-a-segura-csoportot\/#primaryimage"},"thumbnailUrl":"https:\/\/www.fsegura.com\/wp-content\/uploads\/2025\/11\/premio-volvo.jpg","articleSection":["Sin categorizar"],"inLanguage":"hu","potentialAction":[{"@type":"CommentAction","name":"Comment","target":["https:\/\/www.fsegura.com\/hu\/a-volvo-elismeri-a-segura-csoportot\/#respond"]}]},{"@type":"WebPage","@id":"https:\/\/www.fsegura.com\/hu\/a-volvo-elismeri-a-segura-csoportot\/","url":"https:\/\/www.fsegura.com\/hu\/a-volvo-elismeri-a-segura-csoportot\/","name":"A Volvo elismeri a Segura Csoportot - Grupo Segura","isPartOf":{"@id":"https:\/\/www.fsegura.com\/hu\/#website"},"primaryImageOfPage":{"@id":"https:\/\/www.fsegura.com\/hu\/a-volvo-elismeri-a-segura-csoportot\/#primaryimage"},"image":{"@id":"https:\/\/www.fsegura.com\/hu\/a-volvo-elismeri-a-segura-csoportot\/#primaryimage"},"thumbnailUrl":"https:\/\/www.fsegura.com\/wp-content\/uploads\/2025\/11\/premio-volvo.jpg","datePublished":"2013-01-16T09:07:54+00:00","breadcrumb":{"@id":"https:\/\/www.fsegura.com\/hu\/a-volvo-elismeri-a-segura-csoportot\/#breadcrumb"},"inLanguage":"hu","potentialAction":[{"@type":"ReadAction","target":["https:\/\/www.fsegura.com\/hu\/a-volvo-elismeri-a-segura-csoportot\/"]}]},{"@type":"ImageObject","inLanguage":"hu","@id":"https:\/\/www.fsegura.com\/hu\/a-volvo-elismeri-a-segura-csoportot\/#primaryimage","url":"https:\/\/www.fsegura.com\/wp-content\/uploads\/2025\/11\/premio-volvo.jpg","contentUrl":"https:\/\/www.fsegura.com\/wp-content\/uploads\/2025\/11\/premio-volvo.jpg","width":1409,"height":1648,"caption":"premio-volvo"},{"@type":"BreadcrumbList","@id":"https:\/\/www.fsegura.com\/hu\/a-volvo-elismeri-a-segura-csoportot\/#breadcrumb","itemListElement":[{"@type":"ListItem","position":1,"name":"Portada","item":"https:\/\/www.fsegura.com\/hu\/"},{"@type":"ListItem","position":2,"name":"A Volvo elismeri a Segura Csoportot"}]},{"@type":"WebSite","@id":"https:\/\/www.fsegura.com\/hu\/#website","url":"https:\/\/www.fsegura.com\/hu\/","name":"Grupo Segura","description":"Partner global para componentes de la automoci\u00f3n","publisher":{"@id":"https:\/\/www.fsegura.com\/hu\/#organization"},"potentialAction":[{"@type":"SearchAction","target":{"@type":"EntryPoint","urlTemplate":"https:\/\/www.fsegura.com\/hu\/?s={search_term_string}"},"query-input":{"@type":"PropertyValueSpecification","valueRequired":true,"valueName":"search_term_string"}}],"inLanguage":"hu"},{"@type":"Organization","@id":"https:\/\/www.fsegura.com\/hu\/#organization","name":"Grupo Segura","url":"https:\/\/www.fsegura.com\/hu\/","logo":{"@type":"ImageObject","inLanguage":"hu","@id":"https:\/\/www.fsegura.com\/hu\/#\/schema\/logo\/image\/","url":"https:\/\/www.fsegura.com\/wp-content\/uploads\/2025\/09\/grupo-segura.jpg","contentUrl":"https:\/\/www.fsegura.com\/wp-content\/uploads\/2025\/09\/grupo-segura.jpg","width":458,"height":136,"caption":"Grupo Segura"},"image":{"@id":"https:\/\/www.fsegura.com\/hu\/#\/schema\/logo\/image\/"}},{"@type":"Person","@id":"https:\/\/www.fsegura.com\/hu\/#\/schema\/person\/cf9d1abe35e7e038ac092685669e6ae5","name":"desarrollo","image":{"@type":"ImageObject","inLanguage":"hu","@id":"https:\/\/secure.gravatar.com\/avatar\/3b02f34f0ea5a10bc44d1813e23e909e4ef6fd1c0c78c7eed6d094a646af2836?s=96&d=mm&r=g","url":"https:\/\/secure.gravatar.com\/avatar\/3b02f34f0ea5a10bc44d1813e23e909e4ef6fd1c0c78c7eed6d094a646af2836?s=96&d=mm&r=g","contentUrl":"https:\/\/secure.gravatar.com\/avatar\/3b02f34f0ea5a10bc44d1813e23e909e4ef6fd1c0c78c7eed6d094a646af2836?s=96&d=mm&r=g","caption":"desarrollo"},"sameAs":["https:\/\/www.fsegura.com"],"url":"https:\/\/www.fsegura.com\/hu\/author\/desarrollo\/"}]}},"_links":{"self":[{"href":"https:\/\/www.fsegura.com\/hu\/wp-json\/wp\/v2\/posts\/5542","targetHints":{"allow":["GET"]}}],"collection":[{"href":"https:\/\/www.fsegura.com\/hu\/wp-json\/wp\/v2\/posts"}],"about":[{"href":"https:\/\/www.fsegura.com\/hu\/wp-json\/wp\/v2\/types\/post"}],"author":[{"embeddable":true,"href":"https:\/\/www.fsegura.com\/hu\/wp-json\/wp\/v2\/users\/1"}],"replies":[{"embeddable":true,"href":"https:\/\/www.fsegura.com\/hu\/wp-json\/wp\/v2\/comments?post=5542"}],"version-history":[{"count":0,"href":"https:\/\/www.fsegura.com\/hu\/wp-json\/wp\/v2\/posts\/5542\/revisions"}],"wp:featuredmedia":[{"embeddable":true,"href":"https:\/\/www.fsegura.com\/hu\/wp-json\/wp\/v2\/media\/5269"}],"wp:attachment":[{"href":"https:\/\/www.fsegura.com\/hu\/wp-json\/wp\/v2\/media?parent=5542"}],"wp:term":[{"taxonomy":"category","embeddable":true,"href":"https:\/\/www.fsegura.com\/hu\/wp-json\/wp\/v2\/categories?post=5542"},{"taxonomy":"post_tag","embeddable":true,"href":"https:\/\/www.fsegura.com\/hu\/wp-json\/wp\/v2\/tags?post=5542"}],"curies":[{"name":"wp","href":"https:\/\/api.w.org\/{rel}","templated":true}]}}