{"id":5544,"date":"2013-01-08T09:12:44","date_gmt":"2013-01-08T09:12:44","guid":{"rendered":"https:\/\/www.fsegura.com\/2013\/01\/08\/bucsu-don-francisco-segura-seguratol-a-segura-csoport-alapitojatol\/"},"modified":"2013-01-08T09:12:44","modified_gmt":"2013-01-08T09:12:44","slug":"bucsu-don-francisco-segura-seguratol-a-segura-csoport-alapitojatol","status":"publish","type":"post","link":"https:\/\/www.fsegura.com\/hu\/bucsu-don-francisco-segura-seguratol-a-segura-csoport-alapitojatol\/","title":{"rendered":"B\u00facs\u00fa Don Francisco Segura Segur\u00e1t\u00f3l, a Segura csoport alap\u00edt\u00f3j\u00e1t\u00f3l"},"content":{"rendered":"<p>C\u00e9gcsoportunk gy\u00e1szol: Don Francisco Segura Segura, a c\u00e9gcsoport alap\u00edt\u00f3ja febru\u00e1r 25-\u00e1n szombaton Valenci\u00e1ban 71 \u00e9vesen hosszan tart\u00f3 betegs\u00e9g ut\u00e1n elhunyt.<\/p>\n<p>Don Francisco Segur\u00e1n\u00e1l senki sem k\u00e9pviselte jobban a lend\u00fcletet \u00e9s az er\u0151fesz\u00edt\u00e9s ir\u00e1nti elk\u00f6telezetts\u00e9get, ami a v\u00e1llalatcsoportot gyakorlatilag a semmib\u0151l emelte fel, hogy eg\u00e9szen mostan\u00e1ig vigye mag\u00e1val n\u00e9gy gy\u00e1r h\u00e1rom eur\u00f3pai orsz\u00e1gban t\u00f6rt\u00e9n\u0151 megalak\u00edt\u00e1s\u00e1ig, ahol t\u00f6bb mint 450 ember dolgozik.<\/p>\n<p>Don Francisco Segura, aki szakm\u00e1j\u00e1t tekintve formagy\u00e1rt\u00f3 volt, az oktat\u00e1s ter\u00fclet\u00e9n kezdte meg szakmai karrierj\u00e9t. Ehhez a munk\u00e1hoz 1968-ban n\u00e9h\u00e1ny pr\u00e9sg\u00e9pet v\u00e1s\u00e1rolt, hogy a di\u00e1kok azokon gyakoroljanak, valamint azzal a c\u00e9llal, hogy n\u00e9h\u00e1ny helyi c\u00e9gnek b\u00fatorokhoz val\u00f3 csatokat \u00e9s szerelv\u00e9nyeket k\u00e9sz\u00edthessen.<\/p>\n<p>\u00cdgy kezdett el n\u00f6vekedni az \u00fczlet, \u00e9s Segura \u00fagy d\u00f6nt\u00f6tt, hogy egy burjassoti (Valencia, Spanyolorsz\u00e1g) gy\u00e1r megv\u00e1s\u00e1rl\u00e1s\u00e1val saj\u00e1t v\u00e1llalkoz\u00e1sba kezd. 1970-et \u00edrtunk. A gy\u00e1r tev\u00e9kenys\u00e9ge a b\u00fator- \u00e9s a j\u00e1t\u00e9kiparra terjedt ki.<\/p>\n<p>A 80-as \u00e9vekben a Ford valenciai l\u00e9tes\u00edtm\u00e9ny\u00e9vel a c\u00e9g megszil\u00e1rd\u00edtotta piaci helyzet\u00e9t, \u00e9s \u00e1lland\u00f3 n\u00f6veked\u00e9snek indult, ami az\u00f3ta sem lankadt.<\/p>\n<p>A XXI. sz\u00e1zadban azt\u00e1n nemzetk\u00f6zi vizekre evezett, \u00e9s a meg\u00fajul\u00f3 energi\u00e1kkal diverzifik\u00e1lta tev\u00e9kenys\u00e9g\u00e9t, jelenleg pedig m\u00e1r n\u00e9gy gy\u00e1rt\u00f3\u00fczeme van.<\/p>\n<p>Don Francisco Segura nem csak a c\u00e9gcsoport v\u00e1llalkoz\u00f3i lend\u00fclet\u00e9t k\u00e9pviselte, hanem a h\u00edres valenciai \u00fcnneps\u00e9g, a Las Fallas el\u0151k\u00e9sz\u00fcleteiben is r\u00e9szt vett, emellett pedig m\u00e1sik nagy szenved\u00e9ly\u00e9nek, a labdar\u00fag\u00e1snak is akt\u00edvan h\u00f3dolt. Megnyer\u0151 term\u00e9szet\u00e9vel \u00e9s rendk\u00edv\u00fcli szem\u00e9lyis\u00e9g\u00e9vel elnyerte mindenki szeretet\u00e9t \u00e9s bar\u00e1ts\u00e1g\u00e1t. A Valencia CF futballklub \u00e9lete r\u00e9sz\u00e9t k\u00e9pezte. B\u00e1r nem t\u00f6lt\u00f6tt be tisztvisel\u0151i funkci\u00f3t, hossz\u00fa \u00e9veken \u00e1t r\u00e9szese volt a csapat fejl\u0151d\u00e9s\u00e9nek, t\u00f6bb \u00edzben k\u00eds\u00e9rve el \u0151ket spanyolorsz\u00e1gi \u00e9s eur\u00f3pai \u00fatjain.<\/p>\n<p>M\u00e1sik szenved\u00e9lye, a Las Fallas, \u00e9lete kiemelt r\u00e9sz\u00e9t jelentette. A Las Fallas Jeruzs\u00e1lem Rendj\u00e9nek aleln\u00f6ke volt. L\u00e1nya, Laura az egyik \u00e9vben m\u00e9g Fallera Mayor (a Las Fallas els\u0151 helyezettje) is volt, ami hatalmas boldogs\u00e1got jelentett \u00e9desapja sz\u00e1m\u00e1ra. Don Francisco mindig szerette a valenciai hagyom\u00e1nyokat, \u00e9s b\u00e1rhol is j\u00e1rt, mindig a sz\u00edv\u00e9ben hordozta Valenci\u00e1t.<\/p>\n<p>Elveszt\u00e9s\u00e9vel a valenciai t\u00e1rsadalom sz\u00e1mos ter\u00fclete marad \u00e1rv\u00e1n. Mindannyian egy nagy embert, egy bar\u00e1tot vesz\u00edtett\u00fcnk el. Feles\u00e9ge, n\u00e9gy gyermeke (Paco, Jorge, Esther \u00e9s Laura) \u00e9s h\u00e9t unok\u00e1ja gy\u00e1szolja. N\u00e9gy gyermeke, akik m\u00e1r \u00e9vek \u00f3ta r\u00e9szt vesznek a v\u00e1llalat tev\u00e9kenys\u00e9g\u00e9ben, ugyanazzal a lend\u00fclettel folytatj\u00e1k majd az \u00e1ltala megkezdett v\u00e1llalkoz\u00f3i munk\u00e1t, \u00e9s az ut\u00f3bbi id\u0151ben m\u00e1r \u00e1t is vett\u00e9k apjukt\u00f3l a v\u00e1llalat igazgat\u00e1si feladatait.<\/p>\n","protected":false},"excerpt":{"rendered":"<p>C\u00e9gcsoportunk gy\u00e1szol: Don Francisco Segura Segura, a c\u00e9gcsoport alap\u00edt\u00f3ja febru\u00e1r 25-\u00e1n szombaton Valenci\u00e1ban 71 \u00e9vesen hosszan tart\u00f3 betegs\u00e9g ut\u00e1n elhunyt. Don Francisco Segur\u00e1n\u00e1l senki sem k\u00e9pviselte jobban a lend\u00fcletet \u00e9s az er\u0151fesz\u00edt\u00e9s ir\u00e1nti elk\u00f6telezetts\u00e9get, ami a v\u00e1llalatcsoportot gyakorlatilag a semmib\u0151l emelte fel, hogy eg\u00e9szen mostan\u00e1ig vigye mag\u00e1val n\u00e9gy gy\u00e1r h\u00e1rom eur\u00f3pai orsz\u00e1gban t\u00f6rt\u00e9n\u0151 megalak\u00edt\u00e1s\u00e1ig, ahol [&hellip;]<\/p>\n","protected":false},"author":1,"featured_media":0,"comment_status":"open","ping_status":"open","sticky":false,"template":"","format":"standard","meta":{"_acf_changed":false,"_eb_attr":"","footnotes":""},"categories":[1],"tags":[],"class_list":["post-5544","post","type-post","status-publish","format-standard","hentry","category-sin-categorizar"],"acf":[],"yoast_head":"<!-- This site is optimized with the Yoast SEO plugin v27.4 - https:\/\/yoast.com\/product\/yoast-seo-wordpress\/ -->\n<title>B\u00facs\u00fa Don Francisco Segura Segur\u00e1t\u00f3l, a Segura csoport alap\u00edt\u00f3j\u00e1t\u00f3l - Grupo Segura<\/title>\n<meta name=\"robots\" content=\"index, follow, max-snippet:-1, max-image-preview:large, max-video-preview:-1\" \/>\n<link rel=\"canonical\" href=\"https:\/\/www.fsegura.com\/hu\/bucsu-don-francisco-segura-seguratol-a-segura-csoport-alapitojatol\/\" \/>\n<meta property=\"og:locale\" content=\"hu_HU\" \/>\n<meta property=\"og:type\" content=\"article\" \/>\n<meta property=\"og:title\" content=\"B\u00facs\u00fa Don Francisco Segura Segur\u00e1t\u00f3l, a Segura csoport alap\u00edt\u00f3j\u00e1t\u00f3l - Grupo Segura\" \/>\n<meta property=\"og:description\" content=\"C\u00e9gcsoportunk gy\u00e1szol: Don Francisco Segura Segura, a c\u00e9gcsoport alap\u00edt\u00f3ja febru\u00e1r 25-\u00e1n szombaton Valenci\u00e1ban 71 \u00e9vesen hosszan tart\u00f3 betegs\u00e9g ut\u00e1n elhunyt. Don Francisco Segur\u00e1n\u00e1l senki sem k\u00e9pviselte jobban a lend\u00fcletet \u00e9s az er\u0151fesz\u00edt\u00e9s ir\u00e1nti elk\u00f6telezetts\u00e9get, ami a v\u00e1llalatcsoportot gyakorlatilag a semmib\u0151l emelte fel, hogy eg\u00e9szen mostan\u00e1ig vigye mag\u00e1val n\u00e9gy gy\u00e1r h\u00e1rom eur\u00f3pai orsz\u00e1gban t\u00f6rt\u00e9n\u0151 megalak\u00edt\u00e1s\u00e1ig, ahol [&hellip;]\" \/>\n<meta property=\"og:url\" content=\"https:\/\/www.fsegura.com\/hu\/bucsu-don-francisco-segura-seguratol-a-segura-csoport-alapitojatol\/\" \/>\n<meta property=\"og:site_name\" content=\"Grupo Segura\" \/>\n<meta property=\"article:published_time\" content=\"2013-01-08T09:12:44+00:00\" \/>\n<meta name=\"author\" content=\"desarrollo\" \/>\n<meta name=\"twitter:card\" content=\"summary_large_image\" \/>\n<meta name=\"twitter:label1\" content=\"Szerz\u0151:\" \/>\n\t<meta name=\"twitter:data1\" content=\"desarrollo\" \/>\n\t<meta name=\"twitter:label2\" content=\"Becs\u00fclt olvas\u00e1si id\u0151\" \/>\n\t<meta name=\"twitter:data2\" content=\"3 perc\" \/>\n<script type=\"application\/ld+json\" class=\"yoast-schema-graph\">{\"@context\":\"https:\\\/\\\/schema.org\",\"@graph\":[{\"@type\":\"Article\",\"@id\":\"https:\\\/\\\/www.fsegura.com\\\/hu\\\/bucsu-don-francisco-segura-seguratol-a-segura-csoport-alapitojatol\\\/#article\",\"isPartOf\":{\"@id\":\"https:\\\/\\\/www.fsegura.com\\\/hu\\\/bucsu-don-francisco-segura-seguratol-a-segura-csoport-alapitojatol\\\/\"},\"author\":{\"name\":\"desarrollo\",\"@id\":\"https:\\\/\\\/www.fsegura.com\\\/hu\\\/#\\\/schema\\\/person\\\/cf9d1abe35e7e038ac092685669e6ae5\"},\"headline\":\"B\u00facs\u00fa Don Francisco Segura Segur\u00e1t\u00f3l, a Segura csoport alap\u00edt\u00f3j\u00e1t\u00f3l\",\"datePublished\":\"2013-01-08T09:12:44+00:00\",\"mainEntityOfPage\":{\"@id\":\"https:\\\/\\\/www.fsegura.com\\\/hu\\\/bucsu-don-francisco-segura-seguratol-a-segura-csoport-alapitojatol\\\/\"},\"wordCount\":572,\"commentCount\":0,\"publisher\":{\"@id\":\"https:\\\/\\\/www.fsegura.com\\\/hu\\\/#organization\"},\"articleSection\":[\"Sin categorizar\"],\"inLanguage\":\"hu\",\"potentialAction\":[{\"@type\":\"CommentAction\",\"name\":\"Comment\",\"target\":[\"https:\\\/\\\/www.fsegura.com\\\/hu\\\/bucsu-don-francisco-segura-seguratol-a-segura-csoport-alapitojatol\\\/#respond\"]}]},{\"@type\":\"WebPage\",\"@id\":\"https:\\\/\\\/www.fsegura.com\\\/hu\\\/bucsu-don-francisco-segura-seguratol-a-segura-csoport-alapitojatol\\\/\",\"url\":\"https:\\\/\\\/www.fsegura.com\\\/hu\\\/bucsu-don-francisco-segura-seguratol-a-segura-csoport-alapitojatol\\\/\",\"name\":\"B\u00facs\u00fa Don Francisco Segura Segur\u00e1t\u00f3l, a Segura csoport alap\u00edt\u00f3j\u00e1t\u00f3l - Grupo Segura\",\"isPartOf\":{\"@id\":\"https:\\\/\\\/www.fsegura.com\\\/hu\\\/#website\"},\"datePublished\":\"2013-01-08T09:12:44+00:00\",\"breadcrumb\":{\"@id\":\"https:\\\/\\\/www.fsegura.com\\\/hu\\\/bucsu-don-francisco-segura-seguratol-a-segura-csoport-alapitojatol\\\/#breadcrumb\"},\"inLanguage\":\"hu\",\"potentialAction\":[{\"@type\":\"ReadAction\",\"target\":[\"https:\\\/\\\/www.fsegura.com\\\/hu\\\/bucsu-don-francisco-segura-seguratol-a-segura-csoport-alapitojatol\\\/\"]}]},{\"@type\":\"BreadcrumbList\",\"@id\":\"https:\\\/\\\/www.fsegura.com\\\/hu\\\/bucsu-don-francisco-segura-seguratol-a-segura-csoport-alapitojatol\\\/#breadcrumb\",\"itemListElement\":[{\"@type\":\"ListItem\",\"position\":1,\"name\":\"Portada\",\"item\":\"https:\\\/\\\/www.fsegura.com\\\/hu\\\/\"},{\"@type\":\"ListItem\",\"position\":2,\"name\":\"B\u00facs\u00fa Don Francisco Segura Segur\u00e1t\u00f3l, a Segura csoport alap\u00edt\u00f3j\u00e1t\u00f3l\"}]},{\"@type\":\"WebSite\",\"@id\":\"https:\\\/\\\/www.fsegura.com\\\/hu\\\/#website\",\"url\":\"https:\\\/\\\/www.fsegura.com\\\/hu\\\/\",\"name\":\"Grupo Segura\",\"description\":\"Partner global para componentes de la automoci\u00f3n\",\"publisher\":{\"@id\":\"https:\\\/\\\/www.fsegura.com\\\/hu\\\/#organization\"},\"potentialAction\":[{\"@type\":\"SearchAction\",\"target\":{\"@type\":\"EntryPoint\",\"urlTemplate\":\"https:\\\/\\\/www.fsegura.com\\\/hu\\\/?s={search_term_string}\"},\"query-input\":{\"@type\":\"PropertyValueSpecification\",\"valueRequired\":true,\"valueName\":\"search_term_string\"}}],\"inLanguage\":\"hu\"},{\"@type\":\"Organization\",\"@id\":\"https:\\\/\\\/www.fsegura.com\\\/hu\\\/#organization\",\"name\":\"Grupo Segura\",\"url\":\"https:\\\/\\\/www.fsegura.com\\\/hu\\\/\",\"logo\":{\"@type\":\"ImageObject\",\"inLanguage\":\"hu\",\"@id\":\"https:\\\/\\\/www.fsegura.com\\\/hu\\\/#\\\/schema\\\/logo\\\/image\\\/\",\"url\":\"https:\\\/\\\/www.fsegura.com\\\/wp-content\\\/uploads\\\/2025\\\/09\\\/grupo-segura.jpg\",\"contentUrl\":\"https:\\\/\\\/www.fsegura.com\\\/wp-content\\\/uploads\\\/2025\\\/09\\\/grupo-segura.jpg\",\"width\":458,\"height\":136,\"caption\":\"Grupo Segura\"},\"image\":{\"@id\":\"https:\\\/\\\/www.fsegura.com\\\/hu\\\/#\\\/schema\\\/logo\\\/image\\\/\"}},{\"@type\":\"Person\",\"@id\":\"https:\\\/\\\/www.fsegura.com\\\/hu\\\/#\\\/schema\\\/person\\\/cf9d1abe35e7e038ac092685669e6ae5\",\"name\":\"desarrollo\",\"image\":{\"@type\":\"ImageObject\",\"inLanguage\":\"hu\",\"@id\":\"https:\\\/\\\/secure.gravatar.com\\\/avatar\\\/3b02f34f0ea5a10bc44d1813e23e909e4ef6fd1c0c78c7eed6d094a646af2836?s=96&d=mm&r=g\",\"url\":\"https:\\\/\\\/secure.gravatar.com\\\/avatar\\\/3b02f34f0ea5a10bc44d1813e23e909e4ef6fd1c0c78c7eed6d094a646af2836?s=96&d=mm&r=g\",\"contentUrl\":\"https:\\\/\\\/secure.gravatar.com\\\/avatar\\\/3b02f34f0ea5a10bc44d1813e23e909e4ef6fd1c0c78c7eed6d094a646af2836?s=96&d=mm&r=g\",\"caption\":\"desarrollo\"},\"sameAs\":[\"https:\\\/\\\/www.fsegura.com\"],\"url\":\"https:\\\/\\\/www.fsegura.com\\\/hu\\\/author\\\/desarrollo\\\/\"}]}<\/script>\n<!-- \/ Yoast SEO plugin. -->","yoast_head_json":{"title":"B\u00facs\u00fa Don Francisco Segura Segur\u00e1t\u00f3l, a Segura csoport alap\u00edt\u00f3j\u00e1t\u00f3l - Grupo Segura","robots":{"index":"index","follow":"follow","max-snippet":"max-snippet:-1","max-image-preview":"max-image-preview:large","max-video-preview":"max-video-preview:-1"},"canonical":"https:\/\/www.fsegura.com\/hu\/bucsu-don-francisco-segura-seguratol-a-segura-csoport-alapitojatol\/","og_locale":"hu_HU","og_type":"article","og_title":"B\u00facs\u00fa Don Francisco Segura Segur\u00e1t\u00f3l, a Segura csoport alap\u00edt\u00f3j\u00e1t\u00f3l - Grupo Segura","og_description":"C\u00e9gcsoportunk gy\u00e1szol: Don Francisco Segura Segura, a c\u00e9gcsoport alap\u00edt\u00f3ja febru\u00e1r 25-\u00e1n szombaton Valenci\u00e1ban 71 \u00e9vesen hosszan tart\u00f3 betegs\u00e9g ut\u00e1n elhunyt. Don Francisco Segur\u00e1n\u00e1l senki sem k\u00e9pviselte jobban a lend\u00fcletet \u00e9s az er\u0151fesz\u00edt\u00e9s ir\u00e1nti elk\u00f6telezetts\u00e9get, ami a v\u00e1llalatcsoportot gyakorlatilag a semmib\u0151l emelte fel, hogy eg\u00e9szen mostan\u00e1ig vigye mag\u00e1val n\u00e9gy gy\u00e1r h\u00e1rom eur\u00f3pai orsz\u00e1gban t\u00f6rt\u00e9n\u0151 megalak\u00edt\u00e1s\u00e1ig, ahol [&hellip;]","og_url":"https:\/\/www.fsegura.com\/hu\/bucsu-don-francisco-segura-seguratol-a-segura-csoport-alapitojatol\/","og_site_name":"Grupo Segura","article_published_time":"2013-01-08T09:12:44+00:00","author":"desarrollo","twitter_card":"summary_large_image","twitter_misc":{"Szerz\u0151:":"desarrollo","Becs\u00fclt olvas\u00e1si id\u0151":"3 perc"},"schema":{"@context":"https:\/\/schema.org","@graph":[{"@type":"Article","@id":"https:\/\/www.fsegura.com\/hu\/bucsu-don-francisco-segura-seguratol-a-segura-csoport-alapitojatol\/#article","isPartOf":{"@id":"https:\/\/www.fsegura.com\/hu\/bucsu-don-francisco-segura-seguratol-a-segura-csoport-alapitojatol\/"},"author":{"name":"desarrollo","@id":"https:\/\/www.fsegura.com\/hu\/#\/schema\/person\/cf9d1abe35e7e038ac092685669e6ae5"},"headline":"B\u00facs\u00fa Don Francisco Segura Segur\u00e1t\u00f3l, a Segura csoport alap\u00edt\u00f3j\u00e1t\u00f3l","datePublished":"2013-01-08T09:12:44+00:00","mainEntityOfPage":{"@id":"https:\/\/www.fsegura.com\/hu\/bucsu-don-francisco-segura-seguratol-a-segura-csoport-alapitojatol\/"},"wordCount":572,"commentCount":0,"publisher":{"@id":"https:\/\/www.fsegura.com\/hu\/#organization"},"articleSection":["Sin categorizar"],"inLanguage":"hu","potentialAction":[{"@type":"CommentAction","name":"Comment","target":["https:\/\/www.fsegura.com\/hu\/bucsu-don-francisco-segura-seguratol-a-segura-csoport-alapitojatol\/#respond"]}]},{"@type":"WebPage","@id":"https:\/\/www.fsegura.com\/hu\/bucsu-don-francisco-segura-seguratol-a-segura-csoport-alapitojatol\/","url":"https:\/\/www.fsegura.com\/hu\/bucsu-don-francisco-segura-seguratol-a-segura-csoport-alapitojatol\/","name":"B\u00facs\u00fa Don Francisco Segura Segur\u00e1t\u00f3l, a Segura csoport alap\u00edt\u00f3j\u00e1t\u00f3l - Grupo Segura","isPartOf":{"@id":"https:\/\/www.fsegura.com\/hu\/#website"},"datePublished":"2013-01-08T09:12:44+00:00","breadcrumb":{"@id":"https:\/\/www.fsegura.com\/hu\/bucsu-don-francisco-segura-seguratol-a-segura-csoport-alapitojatol\/#breadcrumb"},"inLanguage":"hu","potentialAction":[{"@type":"ReadAction","target":["https:\/\/www.fsegura.com\/hu\/bucsu-don-francisco-segura-seguratol-a-segura-csoport-alapitojatol\/"]}]},{"@type":"BreadcrumbList","@id":"https:\/\/www.fsegura.com\/hu\/bucsu-don-francisco-segura-seguratol-a-segura-csoport-alapitojatol\/#breadcrumb","itemListElement":[{"@type":"ListItem","position":1,"name":"Portada","item":"https:\/\/www.fsegura.com\/hu\/"},{"@type":"ListItem","position":2,"name":"B\u00facs\u00fa Don Francisco Segura Segur\u00e1t\u00f3l, a Segura csoport alap\u00edt\u00f3j\u00e1t\u00f3l"}]},{"@type":"WebSite","@id":"https:\/\/www.fsegura.com\/hu\/#website","url":"https:\/\/www.fsegura.com\/hu\/","name":"Grupo Segura","description":"Partner global para componentes de la automoci\u00f3n","publisher":{"@id":"https:\/\/www.fsegura.com\/hu\/#organization"},"potentialAction":[{"@type":"SearchAction","target":{"@type":"EntryPoint","urlTemplate":"https:\/\/www.fsegura.com\/hu\/?s={search_term_string}"},"query-input":{"@type":"PropertyValueSpecification","valueRequired":true,"valueName":"search_term_string"}}],"inLanguage":"hu"},{"@type":"Organization","@id":"https:\/\/www.fsegura.com\/hu\/#organization","name":"Grupo Segura","url":"https:\/\/www.fsegura.com\/hu\/","logo":{"@type":"ImageObject","inLanguage":"hu","@id":"https:\/\/www.fsegura.com\/hu\/#\/schema\/logo\/image\/","url":"https:\/\/www.fsegura.com\/wp-content\/uploads\/2025\/09\/grupo-segura.jpg","contentUrl":"https:\/\/www.fsegura.com\/wp-content\/uploads\/2025\/09\/grupo-segura.jpg","width":458,"height":136,"caption":"Grupo Segura"},"image":{"@id":"https:\/\/www.fsegura.com\/hu\/#\/schema\/logo\/image\/"}},{"@type":"Person","@id":"https:\/\/www.fsegura.com\/hu\/#\/schema\/person\/cf9d1abe35e7e038ac092685669e6ae5","name":"desarrollo","image":{"@type":"ImageObject","inLanguage":"hu","@id":"https:\/\/secure.gravatar.com\/avatar\/3b02f34f0ea5a10bc44d1813e23e909e4ef6fd1c0c78c7eed6d094a646af2836?s=96&d=mm&r=g","url":"https:\/\/secure.gravatar.com\/avatar\/3b02f34f0ea5a10bc44d1813e23e909e4ef6fd1c0c78c7eed6d094a646af2836?s=96&d=mm&r=g","contentUrl":"https:\/\/secure.gravatar.com\/avatar\/3b02f34f0ea5a10bc44d1813e23e909e4ef6fd1c0c78c7eed6d094a646af2836?s=96&d=mm&r=g","caption":"desarrollo"},"sameAs":["https:\/\/www.fsegura.com"],"url":"https:\/\/www.fsegura.com\/hu\/author\/desarrollo\/"}]}},"_links":{"self":[{"href":"https:\/\/www.fsegura.com\/hu\/wp-json\/wp\/v2\/posts\/5544","targetHints":{"allow":["GET"]}}],"collection":[{"href":"https:\/\/www.fsegura.com\/hu\/wp-json\/wp\/v2\/posts"}],"about":[{"href":"https:\/\/www.fsegura.com\/hu\/wp-json\/wp\/v2\/types\/post"}],"author":[{"embeddable":true,"href":"https:\/\/www.fsegura.com\/hu\/wp-json\/wp\/v2\/users\/1"}],"replies":[{"embeddable":true,"href":"https:\/\/www.fsegura.com\/hu\/wp-json\/wp\/v2\/comments?post=5544"}],"version-history":[{"count":0,"href":"https:\/\/www.fsegura.com\/hu\/wp-json\/wp\/v2\/posts\/5544\/revisions"}],"wp:attachment":[{"href":"https:\/\/www.fsegura.com\/hu\/wp-json\/wp\/v2\/media?parent=5544"}],"wp:term":[{"taxonomy":"category","embeddable":true,"href":"https:\/\/www.fsegura.com\/hu\/wp-json\/wp\/v2\/categories?post=5544"},{"taxonomy":"post_tag","embeddable":true,"href":"https:\/\/www.fsegura.com\/hu\/wp-json\/wp\/v2\/tags?post=5544"}],"curies":[{"name":"wp","href":"https:\/\/api.w.org\/{rel}","templated":true}]}}