{"id":5545,"date":"2011-05-18T09:13:56","date_gmt":"2011-05-18T09:13:56","guid":{"rendered":"https:\/\/www.fsegura.com\/2011\/05\/18\/a-magyarorszagi-uzem-kapacitasbovitese\/"},"modified":"2011-05-18T09:13:56","modified_gmt":"2011-05-18T09:13:56","slug":"a-magyarorszagi-uzem-kapacitasbovitese","status":"publish","type":"post","link":"https:\/\/www.fsegura.com\/hu\/a-magyarorszagi-uzem-kapacitasbovitese\/","title":{"rendered":"A magyarorsz\u00e1gi \u00fczem kapacit\u00e1sb\u0151v\u00edt\u00e9se"},"content":{"rendered":"<ol start=\"2011\">\n<li>j\u00fanius 15-\u00e9n a Segura Csoport befejezte a szolnoki \u00fczem b\u0151v\u00edt\u00e9si projektj\u00e9t.<\/li>\n<\/ol>\n<p>Folyik a k\u00e9t \u00faj, p\u00e1rhuzamosan \u00f6sszekapcsolt 2 000 Tn-es FAGOR transzferpr\u00e9sg\u00e9p telep\u00edt\u00e9se.<\/p>\n<p>Ezzel a b\u0151v\u00edt\u00e9ssel a Segura Csoport Eur\u00f3pa egyik legnagyobb pr\u00e9sszerkezet\u00e9re tett szert 4500 n\u00e9gyzetm\u00e9teren.<\/p>\n","protected":false},"excerpt":{"rendered":"<p>j\u00fanius 15-\u00e9n a Segura Csoport befejezte a szolnoki \u00fczem b\u0151v\u00edt\u00e9si projektj\u00e9t. Folyik a k\u00e9t \u00faj, p\u00e1rhuzamosan \u00f6sszekapcsolt 2 000 Tn-es FAGOR transzferpr\u00e9sg\u00e9p telep\u00edt\u00e9se. Ezzel a b\u0151v\u00edt\u00e9ssel a Segura Csoport Eur\u00f3pa egyik legnagyobb pr\u00e9sszerkezet\u00e9re tett szert 4500 n\u00e9gyzetm\u00e9teren.<\/p>\n","protected":false},"author":1,"featured_media":5278,"comment_status":"open","ping_status":"open","sticky":false,"template":"","format":"standard","meta":{"_acf_changed":false,"_eb_attr":"","footnotes":""},"categories":[1],"tags":[],"class_list":["post-5545","post","type-post","status-publish","format-standard","has-post-thumbnail","hentry","category-sin-categorizar"],"acf":[],"yoast_head":"<!-- This site is optimized with the Yoast SEO plugin v27.4 - https:\/\/yoast.com\/product\/yoast-seo-wordpress\/ -->\n<title>A magyarorsz\u00e1gi \u00fczem kapacit\u00e1sb\u0151v\u00edt\u00e9se - Grupo Segura<\/title>\n<meta name=\"robots\" content=\"index, follow, max-snippet:-1, max-image-preview:large, max-video-preview:-1\" \/>\n<link rel=\"canonical\" href=\"https:\/\/www.fsegura.com\/hu\/a-magyarorszagi-uzem-kapacitasbovitese\/\" \/>\n<meta property=\"og:locale\" content=\"hu_HU\" \/>\n<meta property=\"og:type\" content=\"article\" \/>\n<meta property=\"og:title\" content=\"A magyarorsz\u00e1gi \u00fczem kapacit\u00e1sb\u0151v\u00edt\u00e9se - Grupo Segura\" \/>\n<meta property=\"og:description\" content=\"j\u00fanius 15-\u00e9n a Segura Csoport befejezte a szolnoki \u00fczem b\u0151v\u00edt\u00e9si projektj\u00e9t. Folyik a k\u00e9t \u00faj, p\u00e1rhuzamosan \u00f6sszekapcsolt 2 000 Tn-es FAGOR transzferpr\u00e9sg\u00e9p telep\u00edt\u00e9se. Ezzel a b\u0151v\u00edt\u00e9ssel a Segura Csoport Eur\u00f3pa egyik legnagyobb pr\u00e9sszerkezet\u00e9re tett szert 4500 n\u00e9gyzetm\u00e9teren.\" \/>\n<meta property=\"og:url\" content=\"https:\/\/www.fsegura.com\/hu\/a-magyarorszagi-uzem-kapacitasbovitese\/\" \/>\n<meta property=\"og:site_name\" content=\"Grupo Segura\" \/>\n<meta property=\"article:published_time\" content=\"2011-05-18T09:13:56+00:00\" \/>\n<meta property=\"og:image\" content=\"https:\/\/www.fsegura.com\/wp-content\/uploads\/2025\/11\/ampliacion-nave-1.jpg\" \/>\n\t<meta property=\"og:image:width\" content=\"1854\" \/>\n\t<meta property=\"og:image:height\" content=\"1189\" \/>\n\t<meta property=\"og:image:type\" content=\"image\/jpeg\" \/>\n<meta name=\"author\" content=\"desarrollo\" \/>\n<meta name=\"twitter:card\" content=\"summary_large_image\" \/>\n<meta name=\"twitter:label1\" content=\"Szerz\u0151:\" \/>\n\t<meta name=\"twitter:data1\" content=\"desarrollo\" \/>\n<script type=\"application\/ld+json\" class=\"yoast-schema-graph\">{\"@context\":\"https:\\\/\\\/schema.org\",\"@graph\":[{\"@type\":\"Article\",\"@id\":\"https:\\\/\\\/www.fsegura.com\\\/hu\\\/a-magyarorszagi-uzem-kapacitasbovitese\\\/#article\",\"isPartOf\":{\"@id\":\"https:\\\/\\\/www.fsegura.com\\\/hu\\\/a-magyarorszagi-uzem-kapacitasbovitese\\\/\"},\"author\":{\"name\":\"desarrollo\",\"@id\":\"https:\\\/\\\/www.fsegura.com\\\/hu\\\/#\\\/schema\\\/person\\\/cf9d1abe35e7e038ac092685669e6ae5\"},\"headline\":\"A magyarorsz\u00e1gi \u00fczem kapacit\u00e1sb\u0151v\u00edt\u00e9se\",\"datePublished\":\"2011-05-18T09:13:56+00:00\",\"mainEntityOfPage\":{\"@id\":\"https:\\\/\\\/www.fsegura.com\\\/hu\\\/a-magyarorszagi-uzem-kapacitasbovitese\\\/\"},\"wordCount\":63,\"commentCount\":0,\"publisher\":{\"@id\":\"https:\\\/\\\/www.fsegura.com\\\/hu\\\/#organization\"},\"image\":{\"@id\":\"https:\\\/\\\/www.fsegura.com\\\/hu\\\/a-magyarorszagi-uzem-kapacitasbovitese\\\/#primaryimage\"},\"thumbnailUrl\":\"https:\\\/\\\/www.fsegura.com\\\/wp-content\\\/uploads\\\/2025\\\/11\\\/ampliacion-nave-1.jpg\",\"articleSection\":[\"Sin categorizar\"],\"inLanguage\":\"hu\",\"potentialAction\":[{\"@type\":\"CommentAction\",\"name\":\"Comment\",\"target\":[\"https:\\\/\\\/www.fsegura.com\\\/hu\\\/a-magyarorszagi-uzem-kapacitasbovitese\\\/#respond\"]}]},{\"@type\":\"WebPage\",\"@id\":\"https:\\\/\\\/www.fsegura.com\\\/hu\\\/a-magyarorszagi-uzem-kapacitasbovitese\\\/\",\"url\":\"https:\\\/\\\/www.fsegura.com\\\/hu\\\/a-magyarorszagi-uzem-kapacitasbovitese\\\/\",\"name\":\"A magyarorsz\u00e1gi \u00fczem kapacit\u00e1sb\u0151v\u00edt\u00e9se - Grupo Segura\",\"isPartOf\":{\"@id\":\"https:\\\/\\\/www.fsegura.com\\\/hu\\\/#website\"},\"primaryImageOfPage\":{\"@id\":\"https:\\\/\\\/www.fsegura.com\\\/hu\\\/a-magyarorszagi-uzem-kapacitasbovitese\\\/#primaryimage\"},\"image\":{\"@id\":\"https:\\\/\\\/www.fsegura.com\\\/hu\\\/a-magyarorszagi-uzem-kapacitasbovitese\\\/#primaryimage\"},\"thumbnailUrl\":\"https:\\\/\\\/www.fsegura.com\\\/wp-content\\\/uploads\\\/2025\\\/11\\\/ampliacion-nave-1.jpg\",\"datePublished\":\"2011-05-18T09:13:56+00:00\",\"breadcrumb\":{\"@id\":\"https:\\\/\\\/www.fsegura.com\\\/hu\\\/a-magyarorszagi-uzem-kapacitasbovitese\\\/#breadcrumb\"},\"inLanguage\":\"hu\",\"potentialAction\":[{\"@type\":\"ReadAction\",\"target\":[\"https:\\\/\\\/www.fsegura.com\\\/hu\\\/a-magyarorszagi-uzem-kapacitasbovitese\\\/\"]}]},{\"@type\":\"ImageObject\",\"inLanguage\":\"hu\",\"@id\":\"https:\\\/\\\/www.fsegura.com\\\/hu\\\/a-magyarorszagi-uzem-kapacitasbovitese\\\/#primaryimage\",\"url\":\"https:\\\/\\\/www.fsegura.com\\\/wp-content\\\/uploads\\\/2025\\\/11\\\/ampliacion-nave-1.jpg\",\"contentUrl\":\"https:\\\/\\\/www.fsegura.com\\\/wp-content\\\/uploads\\\/2025\\\/11\\\/ampliacion-nave-1.jpg\",\"width\":1854,\"height\":1189,\"caption\":\"ampliacion-nave-1\"},{\"@type\":\"BreadcrumbList\",\"@id\":\"https:\\\/\\\/www.fsegura.com\\\/hu\\\/a-magyarorszagi-uzem-kapacitasbovitese\\\/#breadcrumb\",\"itemListElement\":[{\"@type\":\"ListItem\",\"position\":1,\"name\":\"Portada\",\"item\":\"https:\\\/\\\/www.fsegura.com\\\/hu\\\/\"},{\"@type\":\"ListItem\",\"position\":2,\"name\":\"A magyarorsz\u00e1gi \u00fczem kapacit\u00e1sb\u0151v\u00edt\u00e9se\"}]},{\"@type\":\"WebSite\",\"@id\":\"https:\\\/\\\/www.fsegura.com\\\/hu\\\/#website\",\"url\":\"https:\\\/\\\/www.fsegura.com\\\/hu\\\/\",\"name\":\"Grupo Segura\",\"description\":\"Partner global para componentes de la automoci\u00f3n\",\"publisher\":{\"@id\":\"https:\\\/\\\/www.fsegura.com\\\/hu\\\/#organization\"},\"potentialAction\":[{\"@type\":\"SearchAction\",\"target\":{\"@type\":\"EntryPoint\",\"urlTemplate\":\"https:\\\/\\\/www.fsegura.com\\\/hu\\\/?s={search_term_string}\"},\"query-input\":{\"@type\":\"PropertyValueSpecification\",\"valueRequired\":true,\"valueName\":\"search_term_string\"}}],\"inLanguage\":\"hu\"},{\"@type\":\"Organization\",\"@id\":\"https:\\\/\\\/www.fsegura.com\\\/hu\\\/#organization\",\"name\":\"Grupo Segura\",\"url\":\"https:\\\/\\\/www.fsegura.com\\\/hu\\\/\",\"logo\":{\"@type\":\"ImageObject\",\"inLanguage\":\"hu\",\"@id\":\"https:\\\/\\\/www.fsegura.com\\\/hu\\\/#\\\/schema\\\/logo\\\/image\\\/\",\"url\":\"https:\\\/\\\/www.fsegura.com\\\/wp-content\\\/uploads\\\/2025\\\/09\\\/grupo-segura.jpg\",\"contentUrl\":\"https:\\\/\\\/www.fsegura.com\\\/wp-content\\\/uploads\\\/2025\\\/09\\\/grupo-segura.jpg\",\"width\":458,\"height\":136,\"caption\":\"Grupo Segura\"},\"image\":{\"@id\":\"https:\\\/\\\/www.fsegura.com\\\/hu\\\/#\\\/schema\\\/logo\\\/image\\\/\"}},{\"@type\":\"Person\",\"@id\":\"https:\\\/\\\/www.fsegura.com\\\/hu\\\/#\\\/schema\\\/person\\\/cf9d1abe35e7e038ac092685669e6ae5\",\"name\":\"desarrollo\",\"image\":{\"@type\":\"ImageObject\",\"inLanguage\":\"hu\",\"@id\":\"https:\\\/\\\/secure.gravatar.com\\\/avatar\\\/3b02f34f0ea5a10bc44d1813e23e909e4ef6fd1c0c78c7eed6d094a646af2836?s=96&d=mm&r=g\",\"url\":\"https:\\\/\\\/secure.gravatar.com\\\/avatar\\\/3b02f34f0ea5a10bc44d1813e23e909e4ef6fd1c0c78c7eed6d094a646af2836?s=96&d=mm&r=g\",\"contentUrl\":\"https:\\\/\\\/secure.gravatar.com\\\/avatar\\\/3b02f34f0ea5a10bc44d1813e23e909e4ef6fd1c0c78c7eed6d094a646af2836?s=96&d=mm&r=g\",\"caption\":\"desarrollo\"},\"sameAs\":[\"https:\\\/\\\/www.fsegura.com\"],\"url\":\"https:\\\/\\\/www.fsegura.com\\\/hu\\\/author\\\/desarrollo\\\/\"}]}<\/script>\n<!-- \/ Yoast SEO plugin. -->","yoast_head_json":{"title":"A magyarorsz\u00e1gi \u00fczem kapacit\u00e1sb\u0151v\u00edt\u00e9se - Grupo Segura","robots":{"index":"index","follow":"follow","max-snippet":"max-snippet:-1","max-image-preview":"max-image-preview:large","max-video-preview":"max-video-preview:-1"},"canonical":"https:\/\/www.fsegura.com\/hu\/a-magyarorszagi-uzem-kapacitasbovitese\/","og_locale":"hu_HU","og_type":"article","og_title":"A magyarorsz\u00e1gi \u00fczem kapacit\u00e1sb\u0151v\u00edt\u00e9se - Grupo Segura","og_description":"j\u00fanius 15-\u00e9n a Segura Csoport befejezte a szolnoki \u00fczem b\u0151v\u00edt\u00e9si projektj\u00e9t. Folyik a k\u00e9t \u00faj, p\u00e1rhuzamosan \u00f6sszekapcsolt 2 000 Tn-es FAGOR transzferpr\u00e9sg\u00e9p telep\u00edt\u00e9se. Ezzel a b\u0151v\u00edt\u00e9ssel a Segura Csoport Eur\u00f3pa egyik legnagyobb pr\u00e9sszerkezet\u00e9re tett szert 4500 n\u00e9gyzetm\u00e9teren.","og_url":"https:\/\/www.fsegura.com\/hu\/a-magyarorszagi-uzem-kapacitasbovitese\/","og_site_name":"Grupo Segura","article_published_time":"2011-05-18T09:13:56+00:00","og_image":[{"width":1854,"height":1189,"url":"https:\/\/www.fsegura.com\/wp-content\/uploads\/2025\/11\/ampliacion-nave-1.jpg","type":"image\/jpeg"}],"author":"desarrollo","twitter_card":"summary_large_image","twitter_misc":{"Szerz\u0151:":"desarrollo"},"schema":{"@context":"https:\/\/schema.org","@graph":[{"@type":"Article","@id":"https:\/\/www.fsegura.com\/hu\/a-magyarorszagi-uzem-kapacitasbovitese\/#article","isPartOf":{"@id":"https:\/\/www.fsegura.com\/hu\/a-magyarorszagi-uzem-kapacitasbovitese\/"},"author":{"name":"desarrollo","@id":"https:\/\/www.fsegura.com\/hu\/#\/schema\/person\/cf9d1abe35e7e038ac092685669e6ae5"},"headline":"A magyarorsz\u00e1gi \u00fczem kapacit\u00e1sb\u0151v\u00edt\u00e9se","datePublished":"2011-05-18T09:13:56+00:00","mainEntityOfPage":{"@id":"https:\/\/www.fsegura.com\/hu\/a-magyarorszagi-uzem-kapacitasbovitese\/"},"wordCount":63,"commentCount":0,"publisher":{"@id":"https:\/\/www.fsegura.com\/hu\/#organization"},"image":{"@id":"https:\/\/www.fsegura.com\/hu\/a-magyarorszagi-uzem-kapacitasbovitese\/#primaryimage"},"thumbnailUrl":"https:\/\/www.fsegura.com\/wp-content\/uploads\/2025\/11\/ampliacion-nave-1.jpg","articleSection":["Sin categorizar"],"inLanguage":"hu","potentialAction":[{"@type":"CommentAction","name":"Comment","target":["https:\/\/www.fsegura.com\/hu\/a-magyarorszagi-uzem-kapacitasbovitese\/#respond"]}]},{"@type":"WebPage","@id":"https:\/\/www.fsegura.com\/hu\/a-magyarorszagi-uzem-kapacitasbovitese\/","url":"https:\/\/www.fsegura.com\/hu\/a-magyarorszagi-uzem-kapacitasbovitese\/","name":"A magyarorsz\u00e1gi \u00fczem kapacit\u00e1sb\u0151v\u00edt\u00e9se - Grupo Segura","isPartOf":{"@id":"https:\/\/www.fsegura.com\/hu\/#website"},"primaryImageOfPage":{"@id":"https:\/\/www.fsegura.com\/hu\/a-magyarorszagi-uzem-kapacitasbovitese\/#primaryimage"},"image":{"@id":"https:\/\/www.fsegura.com\/hu\/a-magyarorszagi-uzem-kapacitasbovitese\/#primaryimage"},"thumbnailUrl":"https:\/\/www.fsegura.com\/wp-content\/uploads\/2025\/11\/ampliacion-nave-1.jpg","datePublished":"2011-05-18T09:13:56+00:00","breadcrumb":{"@id":"https:\/\/www.fsegura.com\/hu\/a-magyarorszagi-uzem-kapacitasbovitese\/#breadcrumb"},"inLanguage":"hu","potentialAction":[{"@type":"ReadAction","target":["https:\/\/www.fsegura.com\/hu\/a-magyarorszagi-uzem-kapacitasbovitese\/"]}]},{"@type":"ImageObject","inLanguage":"hu","@id":"https:\/\/www.fsegura.com\/hu\/a-magyarorszagi-uzem-kapacitasbovitese\/#primaryimage","url":"https:\/\/www.fsegura.com\/wp-content\/uploads\/2025\/11\/ampliacion-nave-1.jpg","contentUrl":"https:\/\/www.fsegura.com\/wp-content\/uploads\/2025\/11\/ampliacion-nave-1.jpg","width":1854,"height":1189,"caption":"ampliacion-nave-1"},{"@type":"BreadcrumbList","@id":"https:\/\/www.fsegura.com\/hu\/a-magyarorszagi-uzem-kapacitasbovitese\/#breadcrumb","itemListElement":[{"@type":"ListItem","position":1,"name":"Portada","item":"https:\/\/www.fsegura.com\/hu\/"},{"@type":"ListItem","position":2,"name":"A magyarorsz\u00e1gi \u00fczem kapacit\u00e1sb\u0151v\u00edt\u00e9se"}]},{"@type":"WebSite","@id":"https:\/\/www.fsegura.com\/hu\/#website","url":"https:\/\/www.fsegura.com\/hu\/","name":"Grupo Segura","description":"Partner global para componentes de la automoci\u00f3n","publisher":{"@id":"https:\/\/www.fsegura.com\/hu\/#organization"},"potentialAction":[{"@type":"SearchAction","target":{"@type":"EntryPoint","urlTemplate":"https:\/\/www.fsegura.com\/hu\/?s={search_term_string}"},"query-input":{"@type":"PropertyValueSpecification","valueRequired":true,"valueName":"search_term_string"}}],"inLanguage":"hu"},{"@type":"Organization","@id":"https:\/\/www.fsegura.com\/hu\/#organization","name":"Grupo Segura","url":"https:\/\/www.fsegura.com\/hu\/","logo":{"@type":"ImageObject","inLanguage":"hu","@id":"https:\/\/www.fsegura.com\/hu\/#\/schema\/logo\/image\/","url":"https:\/\/www.fsegura.com\/wp-content\/uploads\/2025\/09\/grupo-segura.jpg","contentUrl":"https:\/\/www.fsegura.com\/wp-content\/uploads\/2025\/09\/grupo-segura.jpg","width":458,"height":136,"caption":"Grupo Segura"},"image":{"@id":"https:\/\/www.fsegura.com\/hu\/#\/schema\/logo\/image\/"}},{"@type":"Person","@id":"https:\/\/www.fsegura.com\/hu\/#\/schema\/person\/cf9d1abe35e7e038ac092685669e6ae5","name":"desarrollo","image":{"@type":"ImageObject","inLanguage":"hu","@id":"https:\/\/secure.gravatar.com\/avatar\/3b02f34f0ea5a10bc44d1813e23e909e4ef6fd1c0c78c7eed6d094a646af2836?s=96&d=mm&r=g","url":"https:\/\/secure.gravatar.com\/avatar\/3b02f34f0ea5a10bc44d1813e23e909e4ef6fd1c0c78c7eed6d094a646af2836?s=96&d=mm&r=g","contentUrl":"https:\/\/secure.gravatar.com\/avatar\/3b02f34f0ea5a10bc44d1813e23e909e4ef6fd1c0c78c7eed6d094a646af2836?s=96&d=mm&r=g","caption":"desarrollo"},"sameAs":["https:\/\/www.fsegura.com"],"url":"https:\/\/www.fsegura.com\/hu\/author\/desarrollo\/"}]}},"_links":{"self":[{"href":"https:\/\/www.fsegura.com\/hu\/wp-json\/wp\/v2\/posts\/5545","targetHints":{"allow":["GET"]}}],"collection":[{"href":"https:\/\/www.fsegura.com\/hu\/wp-json\/wp\/v2\/posts"}],"about":[{"href":"https:\/\/www.fsegura.com\/hu\/wp-json\/wp\/v2\/types\/post"}],"author":[{"embeddable":true,"href":"https:\/\/www.fsegura.com\/hu\/wp-json\/wp\/v2\/users\/1"}],"replies":[{"embeddable":true,"href":"https:\/\/www.fsegura.com\/hu\/wp-json\/wp\/v2\/comments?post=5545"}],"version-history":[{"count":0,"href":"https:\/\/www.fsegura.com\/hu\/wp-json\/wp\/v2\/posts\/5545\/revisions"}],"wp:featuredmedia":[{"embeddable":true,"href":"https:\/\/www.fsegura.com\/hu\/wp-json\/wp\/v2\/media\/5278"}],"wp:attachment":[{"href":"https:\/\/www.fsegura.com\/hu\/wp-json\/wp\/v2\/media?parent=5545"}],"wp:term":[{"taxonomy":"category","embeddable":true,"href":"https:\/\/www.fsegura.com\/hu\/wp-json\/wp\/v2\/categories?post=5545"},{"taxonomy":"post_tag","embeddable":true,"href":"https:\/\/www.fsegura.com\/hu\/wp-json\/wp\/v2\/tags?post=5545"}],"curies":[{"name":"wp","href":"https:\/\/api.w.org\/{rel}","templated":true}]}}