{"id":5546,"date":"2010-05-21T09:14:31","date_gmt":"2010-05-21T09:14:31","guid":{"rendered":"https:\/\/www.fsegura.com\/2010\/05\/21\/uj-berendezesek-beszerzese\/"},"modified":"2010-05-21T09:14:31","modified_gmt":"2010-05-21T09:14:31","slug":"uj-berendezesek-beszerzese","status":"publish","type":"post","link":"https:\/\/www.fsegura.com\/hu\/uj-berendezesek-beszerzese\/","title":{"rendered":"\u00daj berendez\u00e9sek beszerz\u00e9se"},"content":{"rendered":"<p>A Segura Csoport k\u00e9t \u00faj, p\u00e1rhuzamosan \u00f6sszekapcsolt, bet\u00e1pl\u00e1l\u00f3 vezet\u00e9kkel felszerelt, 2000 Tm-es transzferpr\u00e9sg\u00e9p beszerz\u00e9s\u00e9vel b\u0151v\u00edti gy\u00e1rt\u00f3kapacit\u00e1s\u00e1t.<\/p>\n<p>Ezek a pr\u00e9sg\u00e9pek az \u00faj SERVO-technol\u00f3gi\u00e1t alkalmazz\u00e1k a gy\u00e1rt\u00e1sn\u00e1l, ami nagyobb rugalmass\u00e1got k\u00f6lcs\u00f6n\u00f6z a c\u00e9gcsoportnak, mivel hat\u00e9konyabbakk\u00e1 v\u00e1lnak a termel\u00e9kenys\u00e9g, a fenntart\u00e1si k\u00f6lts\u00e9gek, az energiafelhaszn\u00e1l\u00e1s \u00e9s a hullad\u00e9ktermel\u00e9s tekintet\u00e9ben.<\/p>\n","protected":false},"excerpt":{"rendered":"<p>A Segura Csoport k\u00e9t \u00faj, p\u00e1rhuzamosan \u00f6sszekapcsolt, bet\u00e1pl\u00e1l\u00f3 vezet\u00e9kkel felszerelt, 2000 Tm-es transzferpr\u00e9sg\u00e9p beszerz\u00e9s\u00e9vel b\u0151v\u00edti gy\u00e1rt\u00f3kapacit\u00e1s\u00e1t. Ezek a pr\u00e9sg\u00e9pek az \u00faj SERVO-technol\u00f3gi\u00e1t alkalmazz\u00e1k a gy\u00e1rt\u00e1sn\u00e1l, ami nagyobb rugalmass\u00e1got k\u00f6lcs\u00f6n\u00f6z a c\u00e9gcsoportnak, mivel hat\u00e9konyabbakk\u00e1 v\u00e1lnak a termel\u00e9kenys\u00e9g, a fenntart\u00e1si k\u00f6lts\u00e9gek, az energiafelhaszn\u00e1l\u00e1s \u00e9s a hullad\u00e9ktermel\u00e9s tekintet\u00e9ben.<\/p>\n","protected":false},"author":1,"featured_media":5282,"comment_status":"open","ping_status":"open","sticky":false,"template":"","format":"standard","meta":{"_acf_changed":false,"_eb_attr":"","footnotes":""},"categories":[1],"tags":[],"class_list":["post-5546","post","type-post","status-publish","format-standard","has-post-thumbnail","hentry","category-sin-categorizar"],"acf":[],"yoast_head":"<!-- This site is optimized with the Yoast SEO plugin v27.4 - https:\/\/yoast.com\/product\/yoast-seo-wordpress\/ -->\n<title>\u00daj berendez\u00e9sek beszerz\u00e9se - Grupo Segura<\/title>\n<meta name=\"robots\" content=\"index, follow, max-snippet:-1, max-image-preview:large, max-video-preview:-1\" \/>\n<link rel=\"canonical\" href=\"https:\/\/www.fsegura.com\/hu\/uj-berendezesek-beszerzese\/\" \/>\n<meta property=\"og:locale\" content=\"hu_HU\" \/>\n<meta property=\"og:type\" content=\"article\" \/>\n<meta property=\"og:title\" content=\"\u00daj berendez\u00e9sek beszerz\u00e9se - Grupo Segura\" \/>\n<meta property=\"og:description\" content=\"A Segura Csoport k\u00e9t \u00faj, p\u00e1rhuzamosan \u00f6sszekapcsolt, bet\u00e1pl\u00e1l\u00f3 vezet\u00e9kkel felszerelt, 2000 Tm-es transzferpr\u00e9sg\u00e9p beszerz\u00e9s\u00e9vel b\u0151v\u00edti gy\u00e1rt\u00f3kapacit\u00e1s\u00e1t. Ezek a pr\u00e9sg\u00e9pek az \u00faj SERVO-technol\u00f3gi\u00e1t alkalmazz\u00e1k a gy\u00e1rt\u00e1sn\u00e1l, ami nagyobb rugalmass\u00e1got k\u00f6lcs\u00f6n\u00f6z a c\u00e9gcsoportnak, mivel hat\u00e9konyabbakk\u00e1 v\u00e1lnak a termel\u00e9kenys\u00e9g, a fenntart\u00e1si k\u00f6lts\u00e9gek, az energiafelhaszn\u00e1l\u00e1s \u00e9s a hullad\u00e9ktermel\u00e9s tekintet\u00e9ben.\" \/>\n<meta property=\"og:url\" content=\"https:\/\/www.fsegura.com\/hu\/uj-berendezesek-beszerzese\/\" \/>\n<meta property=\"og:site_name\" content=\"Grupo Segura\" \/>\n<meta property=\"article:published_time\" content=\"2010-05-21T09:14:31+00:00\" \/>\n<meta property=\"og:image\" content=\"https:\/\/www.fsegura.com\/wp-content\/uploads\/2025\/11\/prensas.jpg\" \/>\n\t<meta property=\"og:image:width\" content=\"1217\" \/>\n\t<meta property=\"og:image:height\" content=\"861\" \/>\n\t<meta property=\"og:image:type\" content=\"image\/jpeg\" \/>\n<meta name=\"author\" content=\"desarrollo\" \/>\n<meta name=\"twitter:card\" content=\"summary_large_image\" \/>\n<meta name=\"twitter:label1\" content=\"Szerz\u0151:\" \/>\n\t<meta name=\"twitter:data1\" content=\"desarrollo\" \/>\n<script type=\"application\/ld+json\" class=\"yoast-schema-graph\">{\"@context\":\"https:\\\/\\\/schema.org\",\"@graph\":[{\"@type\":\"Article\",\"@id\":\"https:\\\/\\\/www.fsegura.com\\\/hu\\\/uj-berendezesek-beszerzese\\\/#article\",\"isPartOf\":{\"@id\":\"https:\\\/\\\/www.fsegura.com\\\/hu\\\/uj-berendezesek-beszerzese\\\/\"},\"author\":{\"name\":\"desarrollo\",\"@id\":\"https:\\\/\\\/www.fsegura.com\\\/hu\\\/#\\\/schema\\\/person\\\/cf9d1abe35e7e038ac092685669e6ae5\"},\"headline\":\"\u00daj berendez\u00e9sek beszerz\u00e9se\",\"datePublished\":\"2010-05-21T09:14:31+00:00\",\"mainEntityOfPage\":{\"@id\":\"https:\\\/\\\/www.fsegura.com\\\/hu\\\/uj-berendezesek-beszerzese\\\/\"},\"wordCount\":89,\"commentCount\":0,\"publisher\":{\"@id\":\"https:\\\/\\\/www.fsegura.com\\\/hu\\\/#organization\"},\"image\":{\"@id\":\"https:\\\/\\\/www.fsegura.com\\\/hu\\\/uj-berendezesek-beszerzese\\\/#primaryimage\"},\"thumbnailUrl\":\"https:\\\/\\\/www.fsegura.com\\\/wp-content\\\/uploads\\\/2025\\\/11\\\/prensas.jpg\",\"articleSection\":[\"Sin categorizar\"],\"inLanguage\":\"hu\",\"potentialAction\":[{\"@type\":\"CommentAction\",\"name\":\"Comment\",\"target\":[\"https:\\\/\\\/www.fsegura.com\\\/hu\\\/uj-berendezesek-beszerzese\\\/#respond\"]}]},{\"@type\":\"WebPage\",\"@id\":\"https:\\\/\\\/www.fsegura.com\\\/hu\\\/uj-berendezesek-beszerzese\\\/\",\"url\":\"https:\\\/\\\/www.fsegura.com\\\/hu\\\/uj-berendezesek-beszerzese\\\/\",\"name\":\"\u00daj berendez\u00e9sek beszerz\u00e9se - Grupo Segura\",\"isPartOf\":{\"@id\":\"https:\\\/\\\/www.fsegura.com\\\/hu\\\/#website\"},\"primaryImageOfPage\":{\"@id\":\"https:\\\/\\\/www.fsegura.com\\\/hu\\\/uj-berendezesek-beszerzese\\\/#primaryimage\"},\"image\":{\"@id\":\"https:\\\/\\\/www.fsegura.com\\\/hu\\\/uj-berendezesek-beszerzese\\\/#primaryimage\"},\"thumbnailUrl\":\"https:\\\/\\\/www.fsegura.com\\\/wp-content\\\/uploads\\\/2025\\\/11\\\/prensas.jpg\",\"datePublished\":\"2010-05-21T09:14:31+00:00\",\"breadcrumb\":{\"@id\":\"https:\\\/\\\/www.fsegura.com\\\/hu\\\/uj-berendezesek-beszerzese\\\/#breadcrumb\"},\"inLanguage\":\"hu\",\"potentialAction\":[{\"@type\":\"ReadAction\",\"target\":[\"https:\\\/\\\/www.fsegura.com\\\/hu\\\/uj-berendezesek-beszerzese\\\/\"]}]},{\"@type\":\"ImageObject\",\"inLanguage\":\"hu\",\"@id\":\"https:\\\/\\\/www.fsegura.com\\\/hu\\\/uj-berendezesek-beszerzese\\\/#primaryimage\",\"url\":\"https:\\\/\\\/www.fsegura.com\\\/wp-content\\\/uploads\\\/2025\\\/11\\\/prensas.jpg\",\"contentUrl\":\"https:\\\/\\\/www.fsegura.com\\\/wp-content\\\/uploads\\\/2025\\\/11\\\/prensas.jpg\",\"width\":1217,\"height\":861,\"caption\":\"prensas\"},{\"@type\":\"BreadcrumbList\",\"@id\":\"https:\\\/\\\/www.fsegura.com\\\/hu\\\/uj-berendezesek-beszerzese\\\/#breadcrumb\",\"itemListElement\":[{\"@type\":\"ListItem\",\"position\":1,\"name\":\"Portada\",\"item\":\"https:\\\/\\\/www.fsegura.com\\\/hu\\\/\"},{\"@type\":\"ListItem\",\"position\":2,\"name\":\"\u00daj berendez\u00e9sek beszerz\u00e9se\"}]},{\"@type\":\"WebSite\",\"@id\":\"https:\\\/\\\/www.fsegura.com\\\/hu\\\/#website\",\"url\":\"https:\\\/\\\/www.fsegura.com\\\/hu\\\/\",\"name\":\"Grupo Segura\",\"description\":\"Partner global para componentes de la automoci\u00f3n\",\"publisher\":{\"@id\":\"https:\\\/\\\/www.fsegura.com\\\/hu\\\/#organization\"},\"potentialAction\":[{\"@type\":\"SearchAction\",\"target\":{\"@type\":\"EntryPoint\",\"urlTemplate\":\"https:\\\/\\\/www.fsegura.com\\\/hu\\\/?s={search_term_string}\"},\"query-input\":{\"@type\":\"PropertyValueSpecification\",\"valueRequired\":true,\"valueName\":\"search_term_string\"}}],\"inLanguage\":\"hu\"},{\"@type\":\"Organization\",\"@id\":\"https:\\\/\\\/www.fsegura.com\\\/hu\\\/#organization\",\"name\":\"Grupo Segura\",\"url\":\"https:\\\/\\\/www.fsegura.com\\\/hu\\\/\",\"logo\":{\"@type\":\"ImageObject\",\"inLanguage\":\"hu\",\"@id\":\"https:\\\/\\\/www.fsegura.com\\\/hu\\\/#\\\/schema\\\/logo\\\/image\\\/\",\"url\":\"https:\\\/\\\/www.fsegura.com\\\/wp-content\\\/uploads\\\/2025\\\/09\\\/grupo-segura.jpg\",\"contentUrl\":\"https:\\\/\\\/www.fsegura.com\\\/wp-content\\\/uploads\\\/2025\\\/09\\\/grupo-segura.jpg\",\"width\":458,\"height\":136,\"caption\":\"Grupo Segura\"},\"image\":{\"@id\":\"https:\\\/\\\/www.fsegura.com\\\/hu\\\/#\\\/schema\\\/logo\\\/image\\\/\"}},{\"@type\":\"Person\",\"@id\":\"https:\\\/\\\/www.fsegura.com\\\/hu\\\/#\\\/schema\\\/person\\\/cf9d1abe35e7e038ac092685669e6ae5\",\"name\":\"desarrollo\",\"image\":{\"@type\":\"ImageObject\",\"inLanguage\":\"hu\",\"@id\":\"https:\\\/\\\/secure.gravatar.com\\\/avatar\\\/3b02f34f0ea5a10bc44d1813e23e909e4ef6fd1c0c78c7eed6d094a646af2836?s=96&d=mm&r=g\",\"url\":\"https:\\\/\\\/secure.gravatar.com\\\/avatar\\\/3b02f34f0ea5a10bc44d1813e23e909e4ef6fd1c0c78c7eed6d094a646af2836?s=96&d=mm&r=g\",\"contentUrl\":\"https:\\\/\\\/secure.gravatar.com\\\/avatar\\\/3b02f34f0ea5a10bc44d1813e23e909e4ef6fd1c0c78c7eed6d094a646af2836?s=96&d=mm&r=g\",\"caption\":\"desarrollo\"},\"sameAs\":[\"https:\\\/\\\/www.fsegura.com\"],\"url\":\"https:\\\/\\\/www.fsegura.com\\\/hu\\\/author\\\/desarrollo\\\/\"}]}<\/script>\n<!-- \/ Yoast SEO plugin. -->","yoast_head_json":{"title":"\u00daj berendez\u00e9sek beszerz\u00e9se - Grupo Segura","robots":{"index":"index","follow":"follow","max-snippet":"max-snippet:-1","max-image-preview":"max-image-preview:large","max-video-preview":"max-video-preview:-1"},"canonical":"https:\/\/www.fsegura.com\/hu\/uj-berendezesek-beszerzese\/","og_locale":"hu_HU","og_type":"article","og_title":"\u00daj berendez\u00e9sek beszerz\u00e9se - Grupo Segura","og_description":"A Segura Csoport k\u00e9t \u00faj, p\u00e1rhuzamosan \u00f6sszekapcsolt, bet\u00e1pl\u00e1l\u00f3 vezet\u00e9kkel felszerelt, 2000 Tm-es transzferpr\u00e9sg\u00e9p beszerz\u00e9s\u00e9vel b\u0151v\u00edti gy\u00e1rt\u00f3kapacit\u00e1s\u00e1t. Ezek a pr\u00e9sg\u00e9pek az \u00faj SERVO-technol\u00f3gi\u00e1t alkalmazz\u00e1k a gy\u00e1rt\u00e1sn\u00e1l, ami nagyobb rugalmass\u00e1got k\u00f6lcs\u00f6n\u00f6z a c\u00e9gcsoportnak, mivel hat\u00e9konyabbakk\u00e1 v\u00e1lnak a termel\u00e9kenys\u00e9g, a fenntart\u00e1si k\u00f6lts\u00e9gek, az energiafelhaszn\u00e1l\u00e1s \u00e9s a hullad\u00e9ktermel\u00e9s tekintet\u00e9ben.","og_url":"https:\/\/www.fsegura.com\/hu\/uj-berendezesek-beszerzese\/","og_site_name":"Grupo Segura","article_published_time":"2010-05-21T09:14:31+00:00","og_image":[{"width":1217,"height":861,"url":"https:\/\/www.fsegura.com\/wp-content\/uploads\/2025\/11\/prensas.jpg","type":"image\/jpeg"}],"author":"desarrollo","twitter_card":"summary_large_image","twitter_misc":{"Szerz\u0151:":"desarrollo"},"schema":{"@context":"https:\/\/schema.org","@graph":[{"@type":"Article","@id":"https:\/\/www.fsegura.com\/hu\/uj-berendezesek-beszerzese\/#article","isPartOf":{"@id":"https:\/\/www.fsegura.com\/hu\/uj-berendezesek-beszerzese\/"},"author":{"name":"desarrollo","@id":"https:\/\/www.fsegura.com\/hu\/#\/schema\/person\/cf9d1abe35e7e038ac092685669e6ae5"},"headline":"\u00daj berendez\u00e9sek beszerz\u00e9se","datePublished":"2010-05-21T09:14:31+00:00","mainEntityOfPage":{"@id":"https:\/\/www.fsegura.com\/hu\/uj-berendezesek-beszerzese\/"},"wordCount":89,"commentCount":0,"publisher":{"@id":"https:\/\/www.fsegura.com\/hu\/#organization"},"image":{"@id":"https:\/\/www.fsegura.com\/hu\/uj-berendezesek-beszerzese\/#primaryimage"},"thumbnailUrl":"https:\/\/www.fsegura.com\/wp-content\/uploads\/2025\/11\/prensas.jpg","articleSection":["Sin categorizar"],"inLanguage":"hu","potentialAction":[{"@type":"CommentAction","name":"Comment","target":["https:\/\/www.fsegura.com\/hu\/uj-berendezesek-beszerzese\/#respond"]}]},{"@type":"WebPage","@id":"https:\/\/www.fsegura.com\/hu\/uj-berendezesek-beszerzese\/","url":"https:\/\/www.fsegura.com\/hu\/uj-berendezesek-beszerzese\/","name":"\u00daj berendez\u00e9sek beszerz\u00e9se - Grupo Segura","isPartOf":{"@id":"https:\/\/www.fsegura.com\/hu\/#website"},"primaryImageOfPage":{"@id":"https:\/\/www.fsegura.com\/hu\/uj-berendezesek-beszerzese\/#primaryimage"},"image":{"@id":"https:\/\/www.fsegura.com\/hu\/uj-berendezesek-beszerzese\/#primaryimage"},"thumbnailUrl":"https:\/\/www.fsegura.com\/wp-content\/uploads\/2025\/11\/prensas.jpg","datePublished":"2010-05-21T09:14:31+00:00","breadcrumb":{"@id":"https:\/\/www.fsegura.com\/hu\/uj-berendezesek-beszerzese\/#breadcrumb"},"inLanguage":"hu","potentialAction":[{"@type":"ReadAction","target":["https:\/\/www.fsegura.com\/hu\/uj-berendezesek-beszerzese\/"]}]},{"@type":"ImageObject","inLanguage":"hu","@id":"https:\/\/www.fsegura.com\/hu\/uj-berendezesek-beszerzese\/#primaryimage","url":"https:\/\/www.fsegura.com\/wp-content\/uploads\/2025\/11\/prensas.jpg","contentUrl":"https:\/\/www.fsegura.com\/wp-content\/uploads\/2025\/11\/prensas.jpg","width":1217,"height":861,"caption":"prensas"},{"@type":"BreadcrumbList","@id":"https:\/\/www.fsegura.com\/hu\/uj-berendezesek-beszerzese\/#breadcrumb","itemListElement":[{"@type":"ListItem","position":1,"name":"Portada","item":"https:\/\/www.fsegura.com\/hu\/"},{"@type":"ListItem","position":2,"name":"\u00daj berendez\u00e9sek beszerz\u00e9se"}]},{"@type":"WebSite","@id":"https:\/\/www.fsegura.com\/hu\/#website","url":"https:\/\/www.fsegura.com\/hu\/","name":"Grupo Segura","description":"Partner global para componentes de la automoci\u00f3n","publisher":{"@id":"https:\/\/www.fsegura.com\/hu\/#organization"},"potentialAction":[{"@type":"SearchAction","target":{"@type":"EntryPoint","urlTemplate":"https:\/\/www.fsegura.com\/hu\/?s={search_term_string}"},"query-input":{"@type":"PropertyValueSpecification","valueRequired":true,"valueName":"search_term_string"}}],"inLanguage":"hu"},{"@type":"Organization","@id":"https:\/\/www.fsegura.com\/hu\/#organization","name":"Grupo Segura","url":"https:\/\/www.fsegura.com\/hu\/","logo":{"@type":"ImageObject","inLanguage":"hu","@id":"https:\/\/www.fsegura.com\/hu\/#\/schema\/logo\/image\/","url":"https:\/\/www.fsegura.com\/wp-content\/uploads\/2025\/09\/grupo-segura.jpg","contentUrl":"https:\/\/www.fsegura.com\/wp-content\/uploads\/2025\/09\/grupo-segura.jpg","width":458,"height":136,"caption":"Grupo Segura"},"image":{"@id":"https:\/\/www.fsegura.com\/hu\/#\/schema\/logo\/image\/"}},{"@type":"Person","@id":"https:\/\/www.fsegura.com\/hu\/#\/schema\/person\/cf9d1abe35e7e038ac092685669e6ae5","name":"desarrollo","image":{"@type":"ImageObject","inLanguage":"hu","@id":"https:\/\/secure.gravatar.com\/avatar\/3b02f34f0ea5a10bc44d1813e23e909e4ef6fd1c0c78c7eed6d094a646af2836?s=96&d=mm&r=g","url":"https:\/\/secure.gravatar.com\/avatar\/3b02f34f0ea5a10bc44d1813e23e909e4ef6fd1c0c78c7eed6d094a646af2836?s=96&d=mm&r=g","contentUrl":"https:\/\/secure.gravatar.com\/avatar\/3b02f34f0ea5a10bc44d1813e23e909e4ef6fd1c0c78c7eed6d094a646af2836?s=96&d=mm&r=g","caption":"desarrollo"},"sameAs":["https:\/\/www.fsegura.com"],"url":"https:\/\/www.fsegura.com\/hu\/author\/desarrollo\/"}]}},"_links":{"self":[{"href":"https:\/\/www.fsegura.com\/hu\/wp-json\/wp\/v2\/posts\/5546","targetHints":{"allow":["GET"]}}],"collection":[{"href":"https:\/\/www.fsegura.com\/hu\/wp-json\/wp\/v2\/posts"}],"about":[{"href":"https:\/\/www.fsegura.com\/hu\/wp-json\/wp\/v2\/types\/post"}],"author":[{"embeddable":true,"href":"https:\/\/www.fsegura.com\/hu\/wp-json\/wp\/v2\/users\/1"}],"replies":[{"embeddable":true,"href":"https:\/\/www.fsegura.com\/hu\/wp-json\/wp\/v2\/comments?post=5546"}],"version-history":[{"count":0,"href":"https:\/\/www.fsegura.com\/hu\/wp-json\/wp\/v2\/posts\/5546\/revisions"}],"wp:featuredmedia":[{"embeddable":true,"href":"https:\/\/www.fsegura.com\/hu\/wp-json\/wp\/v2\/media\/5282"}],"wp:attachment":[{"href":"https:\/\/www.fsegura.com\/hu\/wp-json\/wp\/v2\/media?parent=5546"}],"wp:term":[{"taxonomy":"category","embeddable":true,"href":"https:\/\/www.fsegura.com\/hu\/wp-json\/wp\/v2\/categories?post=5546"},{"taxonomy":"post_tag","embeddable":true,"href":"https:\/\/www.fsegura.com\/hu\/wp-json\/wp\/v2\/tags?post=5546"}],"curies":[{"name":"wp","href":"https:\/\/api.w.org\/{rel}","templated":true}]}}