{"id":5548,"date":"2016-06-02T12:27:26","date_gmt":"2016-06-02T12:27:26","guid":{"rendered":"https:\/\/www.fsegura.com\/2016\/06\/02\/barcelona-i-magyar-fokonzul-es-kulgazdasagi-attase-latogatasa\/"},"modified":"2016-06-02T12:27:26","modified_gmt":"2016-06-02T12:27:26","slug":"barcelona-i-magyar-fokonzul-es-kulgazdasagi-attase-latogatasa","status":"publish","type":"post","link":"https:\/\/www.fsegura.com\/hu\/barcelona-i-magyar-fokonzul-es-kulgazdasagi-attase-latogatasa\/","title":{"rendered":"Barcelona-i magyar F\u0151konzul \u00e9s K\u00fclgazdas\u00e1gi Attas\u00e9 l\u00e1togat\u00e1sa"},"content":{"rendered":"<p>E h\u00e9t J\u00fanius 2.-\u00e1n Kov\u00e1cs Barnab\u00e1s F\u0151konzult, \u00e9s Nasz\u00e1ly \u00c9va K\u00fclgazdas\u00e1gi Attas\u00e9t fogadtuk els\u0151 hivatalos l\u00e1togat\u00e1s keret\u00e9ben a paterna-i k\u00f6zpontunkban. A megbesz\u00e9l\u00e9s folyam\u00e1n mindketten nagy \u00e9rdekl\u0151d\u00e9st mutattak a k\u00f6vetkez\u0151 Szolnokra tervezett befektet\u00e9seink, valamint azzal elk\u00e9pzel\u00e9seink ir\u00e1nt. Mondhatjuk, hogy kellemes meglepet\u00e9sk\u00e9nt \u00e9rte \u0151ket a beruh\u00e1z\u00e1sunk tervezett nagys\u00e1ga \u00e9s a magyarorsz\u00e1gi n\u00f6veked\u00e9si strat\u00e9gi\u00e1nk k\u00f6vetkezetess\u00e9ge. Egyet\u00e9rtett\u00fcnk abban, hogy az \u00fczleti kapcsolatokat fel\u00fclm\u00fal\u00f3an fontos a k\u00e9t kult\u00fara k\u00f6z\u00f6tti tov\u00e1bbi kapcsolatok meger\u0151s\u00edt\u00e9se valamint egy\u00fcttm\u0171k\u00f6d\u00e9si pontok \u00f6szt\u00f6nz\u00e9se a magyar hivatalos int\u00e9zm\u00e9nyekkel val\u00f3 kapcsolattart\u00e1s \u00e9rdek\u00e9ben.<\/p>\n","protected":false},"excerpt":{"rendered":"<p>E h\u00e9t J\u00fanius 2.-\u00e1n Kov\u00e1cs Barnab\u00e1s F\u0151konzult, \u00e9s Nasz\u00e1ly \u00c9va K\u00fclgazdas\u00e1gi Attas\u00e9t fogadtuk els\u0151 hivatalos l\u00e1togat\u00e1s keret\u00e9ben a paterna-i k\u00f6zpontunkban. A megbesz\u00e9l\u00e9s folyam\u00e1n mindketten nagy \u00e9rdekl\u0151d\u00e9st mutattak a k\u00f6vetkez\u0151 Szolnokra tervezett befektet\u00e9seink, valamint azzal elk\u00e9pzel\u00e9seink ir\u00e1nt. Mondhatjuk, hogy kellemes meglepet\u00e9sk\u00e9nt \u00e9rte \u0151ket a beruh\u00e1z\u00e1sunk tervezett nagys\u00e1ga \u00e9s a magyarorsz\u00e1gi n\u00f6veked\u00e9si strat\u00e9gi\u00e1nk k\u00f6vetkezetess\u00e9ge. Egyet\u00e9rtett\u00fcnk abban, hogy [&hellip;]<\/p>\n","protected":false},"author":1,"featured_media":5298,"comment_status":"open","ping_status":"open","sticky":false,"template":"","format":"standard","meta":{"_acf_changed":false,"_eb_attr":"","footnotes":""},"categories":[1],"tags":[],"class_list":["post-5548","post","type-post","status-publish","format-standard","has-post-thumbnail","hentry","category-sin-categorizar"],"acf":[],"yoast_head":"<!-- This site is optimized with the Yoast SEO plugin v27.4 - https:\/\/yoast.com\/product\/yoast-seo-wordpress\/ -->\n<title>Barcelona-i magyar F\u0151konzul \u00e9s K\u00fclgazdas\u00e1gi Attas\u00e9 l\u00e1togat\u00e1sa - Grupo Segura<\/title>\n<meta name=\"robots\" content=\"index, follow, max-snippet:-1, max-image-preview:large, max-video-preview:-1\" \/>\n<link rel=\"canonical\" href=\"https:\/\/www.fsegura.com\/hu\/barcelona-i-magyar-fokonzul-es-kulgazdasagi-attase-latogatasa\/\" \/>\n<meta property=\"og:locale\" content=\"hu_HU\" \/>\n<meta property=\"og:type\" content=\"article\" \/>\n<meta property=\"og:title\" content=\"Barcelona-i magyar F\u0151konzul \u00e9s K\u00fclgazdas\u00e1gi Attas\u00e9 l\u00e1togat\u00e1sa - Grupo Segura\" \/>\n<meta property=\"og:description\" content=\"E h\u00e9t J\u00fanius 2.-\u00e1n Kov\u00e1cs Barnab\u00e1s F\u0151konzult, \u00e9s Nasz\u00e1ly \u00c9va K\u00fclgazdas\u00e1gi Attas\u00e9t fogadtuk els\u0151 hivatalos l\u00e1togat\u00e1s keret\u00e9ben a paterna-i k\u00f6zpontunkban. A megbesz\u00e9l\u00e9s folyam\u00e1n mindketten nagy \u00e9rdekl\u0151d\u00e9st mutattak a k\u00f6vetkez\u0151 Szolnokra tervezett befektet\u00e9seink, valamint azzal elk\u00e9pzel\u00e9seink ir\u00e1nt. Mondhatjuk, hogy kellemes meglepet\u00e9sk\u00e9nt \u00e9rte \u0151ket a beruh\u00e1z\u00e1sunk tervezett nagys\u00e1ga \u00e9s a magyarorsz\u00e1gi n\u00f6veked\u00e9si strat\u00e9gi\u00e1nk k\u00f6vetkezetess\u00e9ge. Egyet\u00e9rtett\u00fcnk abban, hogy [&hellip;]\" \/>\n<meta property=\"og:url\" content=\"https:\/\/www.fsegura.com\/hu\/barcelona-i-magyar-fokonzul-es-kulgazdasagi-attase-latogatasa\/\" \/>\n<meta property=\"og:site_name\" content=\"Grupo Segura\" \/>\n<meta property=\"article:published_time\" content=\"2016-06-02T12:27:26+00:00\" \/>\n<meta property=\"og:image\" content=\"https:\/\/www.fsegura.com\/wp-content\/uploads\/2025\/11\/Visita-Consul-Hungria.png\" \/>\n\t<meta property=\"og:image:width\" content=\"997\" \/>\n\t<meta property=\"og:image:height\" content=\"488\" \/>\n\t<meta property=\"og:image:type\" content=\"image\/png\" \/>\n<meta name=\"author\" content=\"desarrollo\" \/>\n<meta name=\"twitter:card\" content=\"summary_large_image\" \/>\n<meta name=\"twitter:label1\" content=\"Szerz\u0151:\" \/>\n\t<meta name=\"twitter:data1\" content=\"desarrollo\" \/>\n\t<meta name=\"twitter:label2\" content=\"Becs\u00fclt olvas\u00e1si id\u0151\" \/>\n\t<meta name=\"twitter:data2\" content=\"1 perc\" \/>\n<script type=\"application\/ld+json\" class=\"yoast-schema-graph\">{\"@context\":\"https:\\\/\\\/schema.org\",\"@graph\":[{\"@type\":\"Article\",\"@id\":\"https:\\\/\\\/www.fsegura.com\\\/hu\\\/barcelona-i-magyar-fokonzul-es-kulgazdasagi-attase-latogatasa\\\/#article\",\"isPartOf\":{\"@id\":\"https:\\\/\\\/www.fsegura.com\\\/hu\\\/barcelona-i-magyar-fokonzul-es-kulgazdasagi-attase-latogatasa\\\/\"},\"author\":{\"name\":\"desarrollo\",\"@id\":\"https:\\\/\\\/www.fsegura.com\\\/hu\\\/#\\\/schema\\\/person\\\/cf9d1abe35e7e038ac092685669e6ae5\"},\"headline\":\"Barcelona-i magyar F\u0151konzul \u00e9s K\u00fclgazdas\u00e1gi Attas\u00e9 l\u00e1togat\u00e1sa\",\"datePublished\":\"2016-06-02T12:27:26+00:00\",\"mainEntityOfPage\":{\"@id\":\"https:\\\/\\\/www.fsegura.com\\\/hu\\\/barcelona-i-magyar-fokonzul-es-kulgazdasagi-attase-latogatasa\\\/\"},\"wordCount\":149,\"commentCount\":0,\"publisher\":{\"@id\":\"https:\\\/\\\/www.fsegura.com\\\/hu\\\/#organization\"},\"image\":{\"@id\":\"https:\\\/\\\/www.fsegura.com\\\/hu\\\/barcelona-i-magyar-fokonzul-es-kulgazdasagi-attase-latogatasa\\\/#primaryimage\"},\"thumbnailUrl\":\"https:\\\/\\\/www.fsegura.com\\\/wp-content\\\/uploads\\\/2025\\\/11\\\/Visita-Consul-Hungria.png\",\"articleSection\":[\"Sin categorizar\"],\"inLanguage\":\"hu\",\"potentialAction\":[{\"@type\":\"CommentAction\",\"name\":\"Comment\",\"target\":[\"https:\\\/\\\/www.fsegura.com\\\/hu\\\/barcelona-i-magyar-fokonzul-es-kulgazdasagi-attase-latogatasa\\\/#respond\"]}]},{\"@type\":\"WebPage\",\"@id\":\"https:\\\/\\\/www.fsegura.com\\\/hu\\\/barcelona-i-magyar-fokonzul-es-kulgazdasagi-attase-latogatasa\\\/\",\"url\":\"https:\\\/\\\/www.fsegura.com\\\/hu\\\/barcelona-i-magyar-fokonzul-es-kulgazdasagi-attase-latogatasa\\\/\",\"name\":\"Barcelona-i magyar F\u0151konzul \u00e9s K\u00fclgazdas\u00e1gi Attas\u00e9 l\u00e1togat\u00e1sa - Grupo Segura\",\"isPartOf\":{\"@id\":\"https:\\\/\\\/www.fsegura.com\\\/hu\\\/#website\"},\"primaryImageOfPage\":{\"@id\":\"https:\\\/\\\/www.fsegura.com\\\/hu\\\/barcelona-i-magyar-fokonzul-es-kulgazdasagi-attase-latogatasa\\\/#primaryimage\"},\"image\":{\"@id\":\"https:\\\/\\\/www.fsegura.com\\\/hu\\\/barcelona-i-magyar-fokonzul-es-kulgazdasagi-attase-latogatasa\\\/#primaryimage\"},\"thumbnailUrl\":\"https:\\\/\\\/www.fsegura.com\\\/wp-content\\\/uploads\\\/2025\\\/11\\\/Visita-Consul-Hungria.png\",\"datePublished\":\"2016-06-02T12:27:26+00:00\",\"breadcrumb\":{\"@id\":\"https:\\\/\\\/www.fsegura.com\\\/hu\\\/barcelona-i-magyar-fokonzul-es-kulgazdasagi-attase-latogatasa\\\/#breadcrumb\"},\"inLanguage\":\"hu\",\"potentialAction\":[{\"@type\":\"ReadAction\",\"target\":[\"https:\\\/\\\/www.fsegura.com\\\/hu\\\/barcelona-i-magyar-fokonzul-es-kulgazdasagi-attase-latogatasa\\\/\"]}]},{\"@type\":\"ImageObject\",\"inLanguage\":\"hu\",\"@id\":\"https:\\\/\\\/www.fsegura.com\\\/hu\\\/barcelona-i-magyar-fokonzul-es-kulgazdasagi-attase-latogatasa\\\/#primaryimage\",\"url\":\"https:\\\/\\\/www.fsegura.com\\\/wp-content\\\/uploads\\\/2025\\\/11\\\/Visita-Consul-Hungria.png\",\"contentUrl\":\"https:\\\/\\\/www.fsegura.com\\\/wp-content\\\/uploads\\\/2025\\\/11\\\/Visita-Consul-Hungria.png\",\"width\":997,\"height\":488,\"caption\":\"noticias\"},{\"@type\":\"BreadcrumbList\",\"@id\":\"https:\\\/\\\/www.fsegura.com\\\/hu\\\/barcelona-i-magyar-fokonzul-es-kulgazdasagi-attase-latogatasa\\\/#breadcrumb\",\"itemListElement\":[{\"@type\":\"ListItem\",\"position\":1,\"name\":\"Portada\",\"item\":\"https:\\\/\\\/www.fsegura.com\\\/hu\\\/\"},{\"@type\":\"ListItem\",\"position\":2,\"name\":\"Barcelona-i magyar F\u0151konzul \u00e9s K\u00fclgazdas\u00e1gi Attas\u00e9 l\u00e1togat\u00e1sa\"}]},{\"@type\":\"WebSite\",\"@id\":\"https:\\\/\\\/www.fsegura.com\\\/hu\\\/#website\",\"url\":\"https:\\\/\\\/www.fsegura.com\\\/hu\\\/\",\"name\":\"Grupo Segura\",\"description\":\"Partner global para componentes de la automoci\u00f3n\",\"publisher\":{\"@id\":\"https:\\\/\\\/www.fsegura.com\\\/hu\\\/#organization\"},\"potentialAction\":[{\"@type\":\"SearchAction\",\"target\":{\"@type\":\"EntryPoint\",\"urlTemplate\":\"https:\\\/\\\/www.fsegura.com\\\/hu\\\/?s={search_term_string}\"},\"query-input\":{\"@type\":\"PropertyValueSpecification\",\"valueRequired\":true,\"valueName\":\"search_term_string\"}}],\"inLanguage\":\"hu\"},{\"@type\":\"Organization\",\"@id\":\"https:\\\/\\\/www.fsegura.com\\\/hu\\\/#organization\",\"name\":\"Grupo Segura\",\"url\":\"https:\\\/\\\/www.fsegura.com\\\/hu\\\/\",\"logo\":{\"@type\":\"ImageObject\",\"inLanguage\":\"hu\",\"@id\":\"https:\\\/\\\/www.fsegura.com\\\/hu\\\/#\\\/schema\\\/logo\\\/image\\\/\",\"url\":\"https:\\\/\\\/www.fsegura.com\\\/wp-content\\\/uploads\\\/2025\\\/09\\\/grupo-segura.jpg\",\"contentUrl\":\"https:\\\/\\\/www.fsegura.com\\\/wp-content\\\/uploads\\\/2025\\\/09\\\/grupo-segura.jpg\",\"width\":458,\"height\":136,\"caption\":\"Grupo Segura\"},\"image\":{\"@id\":\"https:\\\/\\\/www.fsegura.com\\\/hu\\\/#\\\/schema\\\/logo\\\/image\\\/\"}},{\"@type\":\"Person\",\"@id\":\"https:\\\/\\\/www.fsegura.com\\\/hu\\\/#\\\/schema\\\/person\\\/cf9d1abe35e7e038ac092685669e6ae5\",\"name\":\"desarrollo\",\"image\":{\"@type\":\"ImageObject\",\"inLanguage\":\"hu\",\"@id\":\"https:\\\/\\\/secure.gravatar.com\\\/avatar\\\/3b02f34f0ea5a10bc44d1813e23e909e4ef6fd1c0c78c7eed6d094a646af2836?s=96&d=mm&r=g\",\"url\":\"https:\\\/\\\/secure.gravatar.com\\\/avatar\\\/3b02f34f0ea5a10bc44d1813e23e909e4ef6fd1c0c78c7eed6d094a646af2836?s=96&d=mm&r=g\",\"contentUrl\":\"https:\\\/\\\/secure.gravatar.com\\\/avatar\\\/3b02f34f0ea5a10bc44d1813e23e909e4ef6fd1c0c78c7eed6d094a646af2836?s=96&d=mm&r=g\",\"caption\":\"desarrollo\"},\"sameAs\":[\"https:\\\/\\\/www.fsegura.com\"],\"url\":\"https:\\\/\\\/www.fsegura.com\\\/hu\\\/author\\\/desarrollo\\\/\"}]}<\/script>\n<!-- \/ Yoast SEO plugin. -->","yoast_head_json":{"title":"Barcelona-i magyar F\u0151konzul \u00e9s K\u00fclgazdas\u00e1gi Attas\u00e9 l\u00e1togat\u00e1sa - Grupo Segura","robots":{"index":"index","follow":"follow","max-snippet":"max-snippet:-1","max-image-preview":"max-image-preview:large","max-video-preview":"max-video-preview:-1"},"canonical":"https:\/\/www.fsegura.com\/hu\/barcelona-i-magyar-fokonzul-es-kulgazdasagi-attase-latogatasa\/","og_locale":"hu_HU","og_type":"article","og_title":"Barcelona-i magyar F\u0151konzul \u00e9s K\u00fclgazdas\u00e1gi Attas\u00e9 l\u00e1togat\u00e1sa - Grupo Segura","og_description":"E h\u00e9t J\u00fanius 2.-\u00e1n Kov\u00e1cs Barnab\u00e1s F\u0151konzult, \u00e9s Nasz\u00e1ly \u00c9va K\u00fclgazdas\u00e1gi Attas\u00e9t fogadtuk els\u0151 hivatalos l\u00e1togat\u00e1s keret\u00e9ben a paterna-i k\u00f6zpontunkban. A megbesz\u00e9l\u00e9s folyam\u00e1n mindketten nagy \u00e9rdekl\u0151d\u00e9st mutattak a k\u00f6vetkez\u0151 Szolnokra tervezett befektet\u00e9seink, valamint azzal elk\u00e9pzel\u00e9seink ir\u00e1nt. Mondhatjuk, hogy kellemes meglepet\u00e9sk\u00e9nt \u00e9rte \u0151ket a beruh\u00e1z\u00e1sunk tervezett nagys\u00e1ga \u00e9s a magyarorsz\u00e1gi n\u00f6veked\u00e9si strat\u00e9gi\u00e1nk k\u00f6vetkezetess\u00e9ge. Egyet\u00e9rtett\u00fcnk abban, hogy [&hellip;]","og_url":"https:\/\/www.fsegura.com\/hu\/barcelona-i-magyar-fokonzul-es-kulgazdasagi-attase-latogatasa\/","og_site_name":"Grupo Segura","article_published_time":"2016-06-02T12:27:26+00:00","og_image":[{"width":997,"height":488,"url":"https:\/\/www.fsegura.com\/wp-content\/uploads\/2025\/11\/Visita-Consul-Hungria.png","type":"image\/png"}],"author":"desarrollo","twitter_card":"summary_large_image","twitter_misc":{"Szerz\u0151:":"desarrollo","Becs\u00fclt olvas\u00e1si id\u0151":"1 perc"},"schema":{"@context":"https:\/\/schema.org","@graph":[{"@type":"Article","@id":"https:\/\/www.fsegura.com\/hu\/barcelona-i-magyar-fokonzul-es-kulgazdasagi-attase-latogatasa\/#article","isPartOf":{"@id":"https:\/\/www.fsegura.com\/hu\/barcelona-i-magyar-fokonzul-es-kulgazdasagi-attase-latogatasa\/"},"author":{"name":"desarrollo","@id":"https:\/\/www.fsegura.com\/hu\/#\/schema\/person\/cf9d1abe35e7e038ac092685669e6ae5"},"headline":"Barcelona-i magyar F\u0151konzul \u00e9s K\u00fclgazdas\u00e1gi Attas\u00e9 l\u00e1togat\u00e1sa","datePublished":"2016-06-02T12:27:26+00:00","mainEntityOfPage":{"@id":"https:\/\/www.fsegura.com\/hu\/barcelona-i-magyar-fokonzul-es-kulgazdasagi-attase-latogatasa\/"},"wordCount":149,"commentCount":0,"publisher":{"@id":"https:\/\/www.fsegura.com\/hu\/#organization"},"image":{"@id":"https:\/\/www.fsegura.com\/hu\/barcelona-i-magyar-fokonzul-es-kulgazdasagi-attase-latogatasa\/#primaryimage"},"thumbnailUrl":"https:\/\/www.fsegura.com\/wp-content\/uploads\/2025\/11\/Visita-Consul-Hungria.png","articleSection":["Sin categorizar"],"inLanguage":"hu","potentialAction":[{"@type":"CommentAction","name":"Comment","target":["https:\/\/www.fsegura.com\/hu\/barcelona-i-magyar-fokonzul-es-kulgazdasagi-attase-latogatasa\/#respond"]}]},{"@type":"WebPage","@id":"https:\/\/www.fsegura.com\/hu\/barcelona-i-magyar-fokonzul-es-kulgazdasagi-attase-latogatasa\/","url":"https:\/\/www.fsegura.com\/hu\/barcelona-i-magyar-fokonzul-es-kulgazdasagi-attase-latogatasa\/","name":"Barcelona-i magyar F\u0151konzul \u00e9s K\u00fclgazdas\u00e1gi Attas\u00e9 l\u00e1togat\u00e1sa - Grupo Segura","isPartOf":{"@id":"https:\/\/www.fsegura.com\/hu\/#website"},"primaryImageOfPage":{"@id":"https:\/\/www.fsegura.com\/hu\/barcelona-i-magyar-fokonzul-es-kulgazdasagi-attase-latogatasa\/#primaryimage"},"image":{"@id":"https:\/\/www.fsegura.com\/hu\/barcelona-i-magyar-fokonzul-es-kulgazdasagi-attase-latogatasa\/#primaryimage"},"thumbnailUrl":"https:\/\/www.fsegura.com\/wp-content\/uploads\/2025\/11\/Visita-Consul-Hungria.png","datePublished":"2016-06-02T12:27:26+00:00","breadcrumb":{"@id":"https:\/\/www.fsegura.com\/hu\/barcelona-i-magyar-fokonzul-es-kulgazdasagi-attase-latogatasa\/#breadcrumb"},"inLanguage":"hu","potentialAction":[{"@type":"ReadAction","target":["https:\/\/www.fsegura.com\/hu\/barcelona-i-magyar-fokonzul-es-kulgazdasagi-attase-latogatasa\/"]}]},{"@type":"ImageObject","inLanguage":"hu","@id":"https:\/\/www.fsegura.com\/hu\/barcelona-i-magyar-fokonzul-es-kulgazdasagi-attase-latogatasa\/#primaryimage","url":"https:\/\/www.fsegura.com\/wp-content\/uploads\/2025\/11\/Visita-Consul-Hungria.png","contentUrl":"https:\/\/www.fsegura.com\/wp-content\/uploads\/2025\/11\/Visita-Consul-Hungria.png","width":997,"height":488,"caption":"noticias"},{"@type":"BreadcrumbList","@id":"https:\/\/www.fsegura.com\/hu\/barcelona-i-magyar-fokonzul-es-kulgazdasagi-attase-latogatasa\/#breadcrumb","itemListElement":[{"@type":"ListItem","position":1,"name":"Portada","item":"https:\/\/www.fsegura.com\/hu\/"},{"@type":"ListItem","position":2,"name":"Barcelona-i magyar F\u0151konzul \u00e9s K\u00fclgazdas\u00e1gi Attas\u00e9 l\u00e1togat\u00e1sa"}]},{"@type":"WebSite","@id":"https:\/\/www.fsegura.com\/hu\/#website","url":"https:\/\/www.fsegura.com\/hu\/","name":"Grupo Segura","description":"Partner global para componentes de la automoci\u00f3n","publisher":{"@id":"https:\/\/www.fsegura.com\/hu\/#organization"},"potentialAction":[{"@type":"SearchAction","target":{"@type":"EntryPoint","urlTemplate":"https:\/\/www.fsegura.com\/hu\/?s={search_term_string}"},"query-input":{"@type":"PropertyValueSpecification","valueRequired":true,"valueName":"search_term_string"}}],"inLanguage":"hu"},{"@type":"Organization","@id":"https:\/\/www.fsegura.com\/hu\/#organization","name":"Grupo Segura","url":"https:\/\/www.fsegura.com\/hu\/","logo":{"@type":"ImageObject","inLanguage":"hu","@id":"https:\/\/www.fsegura.com\/hu\/#\/schema\/logo\/image\/","url":"https:\/\/www.fsegura.com\/wp-content\/uploads\/2025\/09\/grupo-segura.jpg","contentUrl":"https:\/\/www.fsegura.com\/wp-content\/uploads\/2025\/09\/grupo-segura.jpg","width":458,"height":136,"caption":"Grupo Segura"},"image":{"@id":"https:\/\/www.fsegura.com\/hu\/#\/schema\/logo\/image\/"}},{"@type":"Person","@id":"https:\/\/www.fsegura.com\/hu\/#\/schema\/person\/cf9d1abe35e7e038ac092685669e6ae5","name":"desarrollo","image":{"@type":"ImageObject","inLanguage":"hu","@id":"https:\/\/secure.gravatar.com\/avatar\/3b02f34f0ea5a10bc44d1813e23e909e4ef6fd1c0c78c7eed6d094a646af2836?s=96&d=mm&r=g","url":"https:\/\/secure.gravatar.com\/avatar\/3b02f34f0ea5a10bc44d1813e23e909e4ef6fd1c0c78c7eed6d094a646af2836?s=96&d=mm&r=g","contentUrl":"https:\/\/secure.gravatar.com\/avatar\/3b02f34f0ea5a10bc44d1813e23e909e4ef6fd1c0c78c7eed6d094a646af2836?s=96&d=mm&r=g","caption":"desarrollo"},"sameAs":["https:\/\/www.fsegura.com"],"url":"https:\/\/www.fsegura.com\/hu\/author\/desarrollo\/"}]}},"_links":{"self":[{"href":"https:\/\/www.fsegura.com\/hu\/wp-json\/wp\/v2\/posts\/5548","targetHints":{"allow":["GET"]}}],"collection":[{"href":"https:\/\/www.fsegura.com\/hu\/wp-json\/wp\/v2\/posts"}],"about":[{"href":"https:\/\/www.fsegura.com\/hu\/wp-json\/wp\/v2\/types\/post"}],"author":[{"embeddable":true,"href":"https:\/\/www.fsegura.com\/hu\/wp-json\/wp\/v2\/users\/1"}],"replies":[{"embeddable":true,"href":"https:\/\/www.fsegura.com\/hu\/wp-json\/wp\/v2\/comments?post=5548"}],"version-history":[{"count":0,"href":"https:\/\/www.fsegura.com\/hu\/wp-json\/wp\/v2\/posts\/5548\/revisions"}],"wp:featuredmedia":[{"embeddable":true,"href":"https:\/\/www.fsegura.com\/hu\/wp-json\/wp\/v2\/media\/5298"}],"wp:attachment":[{"href":"https:\/\/www.fsegura.com\/hu\/wp-json\/wp\/v2\/media?parent=5548"}],"wp:term":[{"taxonomy":"category","embeddable":true,"href":"https:\/\/www.fsegura.com\/hu\/wp-json\/wp\/v2\/categories?post=5548"},{"taxonomy":"post_tag","embeddable":true,"href":"https:\/\/www.fsegura.com\/hu\/wp-json\/wp\/v2\/tags?post=5548"}],"curies":[{"name":"wp","href":"https:\/\/api.w.org\/{rel}","templated":true}]}}