{"id":5550,"date":"2016-07-01T07:23:41","date_gmt":"2016-07-01T07:23:41","guid":{"rendered":"https:\/\/www.fsegura.com\/2016\/07\/01\/hirek-a-grupo-segura-rol-a-las-provincias-valenciai-napilapban\/"},"modified":"2016-07-01T07:23:41","modified_gmt":"2016-07-01T07:23:41","slug":"hirek-a-grupo-segura-rol-a-las-provincias-valenciai-napilapban","status":"publish","type":"post","link":"https:\/\/www.fsegura.com\/hu\/hirek-a-grupo-segura-rol-a-las-provincias-valenciai-napilapban\/","title":{"rendered":"H\u00edrek a Grupo Segura-r\u00f3l a Las Provincias valenciai napilapban."},"content":{"rendered":"<p>2016 j\u00fanius 26-\u00e1n \u00fajs\u00e1gcikk jelent meg a Grupo Segura-r\u00f3l a valenciai Las Provincias napilapban a k\u00f6vetkez\u0151 c\u00edmmel: \u201cEl salto del peque\u00f1o taller a la gran industria\u201d, amelyben a c\u00e9g fejl\u0151d\u00e9s\u00e9r\u0151l, az utols\u00f3 \u00e9vek n\u00f6veked\u00e9s\u00e9r\u0151l, valamint a j\u00f6v\u0151 \u00e9vek nemzetk\u00f6zies\u00edt\u00e9s\u00e9vel kapcsolatos terveikr\u0151l \u00e9s mint egy sikeres c\u00e9gt\u00f6rt\u00e9netr\u0151l besz\u00e9ltek.<\/p>\n<p>&nbsp;<\/p>\n<p><a href=\"http:\/\/www.lasprovincias.es\/economia\/201606\/26\/salto-pequeno-taller-gran-20160626000219-v.html\" target=\"_blank\">L\u00e1sd a linket<\/a><\/p>\n","protected":false},"excerpt":{"rendered":"<p>2016 j\u00fanius 26-\u00e1n \u00fajs\u00e1gcikk jelent meg a Grupo Segura-r\u00f3l a valenciai Las Provincias napilapban a k\u00f6vetkez\u0151 c\u00edmmel: \u201cEl salto del peque\u00f1o taller a la gran industria\u201d, amelyben a c\u00e9g fejl\u0151d\u00e9s\u00e9r\u0151l, az utols\u00f3 \u00e9vek n\u00f6veked\u00e9s\u00e9r\u0151l, valamint a j\u00f6v\u0151 \u00e9vek nemzetk\u00f6zies\u00edt\u00e9s\u00e9vel kapcsolatos terveikr\u0151l \u00e9s mint egy sikeres c\u00e9gt\u00f6rt\u00e9netr\u0151l besz\u00e9ltek. &nbsp; L\u00e1sd a linket<\/p>\n","protected":false},"author":1,"featured_media":0,"comment_status":"open","ping_status":"open","sticky":false,"template":"","format":"standard","meta":{"_acf_changed":false,"_eb_attr":"","footnotes":""},"categories":[1],"tags":[],"class_list":["post-5550","post","type-post","status-publish","format-standard","hentry","category-sin-categorizar"],"acf":[],"yoast_head":"<!-- This site is optimized with the Yoast SEO plugin v27.4 - https:\/\/yoast.com\/product\/yoast-seo-wordpress\/ -->\n<title>H\u00edrek a Grupo Segura-r\u00f3l a Las Provincias valenciai napilapban. - Grupo Segura<\/title>\n<meta name=\"robots\" content=\"index, follow, max-snippet:-1, max-image-preview:large, max-video-preview:-1\" \/>\n<link rel=\"canonical\" href=\"https:\/\/www.fsegura.com\/hu\/hirek-a-grupo-segura-rol-a-las-provincias-valenciai-napilapban\/\" \/>\n<meta property=\"og:locale\" content=\"hu_HU\" \/>\n<meta property=\"og:type\" content=\"article\" \/>\n<meta property=\"og:title\" content=\"H\u00edrek a Grupo Segura-r\u00f3l a Las Provincias valenciai napilapban. - Grupo Segura\" \/>\n<meta property=\"og:description\" content=\"2016 j\u00fanius 26-\u00e1n \u00fajs\u00e1gcikk jelent meg a Grupo Segura-r\u00f3l a valenciai Las Provincias napilapban a k\u00f6vetkez\u0151 c\u00edmmel: \u201cEl salto del peque\u00f1o taller a la gran industria\u201d, amelyben a c\u00e9g fejl\u0151d\u00e9s\u00e9r\u0151l, az utols\u00f3 \u00e9vek n\u00f6veked\u00e9s\u00e9r\u0151l, valamint a j\u00f6v\u0151 \u00e9vek nemzetk\u00f6zies\u00edt\u00e9s\u00e9vel kapcsolatos terveikr\u0151l \u00e9s mint egy sikeres c\u00e9gt\u00f6rt\u00e9netr\u0151l besz\u00e9ltek. &nbsp; L\u00e1sd a linket\" \/>\n<meta property=\"og:url\" content=\"https:\/\/www.fsegura.com\/hu\/hirek-a-grupo-segura-rol-a-las-provincias-valenciai-napilapban\/\" \/>\n<meta property=\"og:site_name\" content=\"Grupo Segura\" \/>\n<meta property=\"article:published_time\" content=\"2016-07-01T07:23:41+00:00\" \/>\n<meta name=\"author\" content=\"desarrollo\" \/>\n<meta name=\"twitter:card\" content=\"summary_large_image\" \/>\n<meta name=\"twitter:label1\" content=\"Szerz\u0151:\" \/>\n\t<meta name=\"twitter:data1\" content=\"desarrollo\" \/>\n<script type=\"application\/ld+json\" class=\"yoast-schema-graph\">{\"@context\":\"https:\\\/\\\/schema.org\",\"@graph\":[{\"@type\":\"Article\",\"@id\":\"https:\\\/\\\/www.fsegura.com\\\/hu\\\/hirek-a-grupo-segura-rol-a-las-provincias-valenciai-napilapban\\\/#article\",\"isPartOf\":{\"@id\":\"https:\\\/\\\/www.fsegura.com\\\/hu\\\/hirek-a-grupo-segura-rol-a-las-provincias-valenciai-napilapban\\\/\"},\"author\":{\"name\":\"desarrollo\",\"@id\":\"https:\\\/\\\/www.fsegura.com\\\/hu\\\/#\\\/schema\\\/person\\\/cf9d1abe35e7e038ac092685669e6ae5\"},\"headline\":\"H\u00edrek a Grupo Segura-r\u00f3l a Las Provincias valenciai napilapban.\",\"datePublished\":\"2016-07-01T07:23:41+00:00\",\"mainEntityOfPage\":{\"@id\":\"https:\\\/\\\/www.fsegura.com\\\/hu\\\/hirek-a-grupo-segura-rol-a-las-provincias-valenciai-napilapban\\\/\"},\"wordCount\":89,\"commentCount\":0,\"publisher\":{\"@id\":\"https:\\\/\\\/www.fsegura.com\\\/hu\\\/#organization\"},\"articleSection\":[\"Sin categorizar\"],\"inLanguage\":\"hu\",\"potentialAction\":[{\"@type\":\"CommentAction\",\"name\":\"Comment\",\"target\":[\"https:\\\/\\\/www.fsegura.com\\\/hu\\\/hirek-a-grupo-segura-rol-a-las-provincias-valenciai-napilapban\\\/#respond\"]}]},{\"@type\":\"WebPage\",\"@id\":\"https:\\\/\\\/www.fsegura.com\\\/hu\\\/hirek-a-grupo-segura-rol-a-las-provincias-valenciai-napilapban\\\/\",\"url\":\"https:\\\/\\\/www.fsegura.com\\\/hu\\\/hirek-a-grupo-segura-rol-a-las-provincias-valenciai-napilapban\\\/\",\"name\":\"H\u00edrek a Grupo Segura-r\u00f3l a Las Provincias valenciai napilapban. - Grupo Segura\",\"isPartOf\":{\"@id\":\"https:\\\/\\\/www.fsegura.com\\\/hu\\\/#website\"},\"datePublished\":\"2016-07-01T07:23:41+00:00\",\"breadcrumb\":{\"@id\":\"https:\\\/\\\/www.fsegura.com\\\/hu\\\/hirek-a-grupo-segura-rol-a-las-provincias-valenciai-napilapban\\\/#breadcrumb\"},\"inLanguage\":\"hu\",\"potentialAction\":[{\"@type\":\"ReadAction\",\"target\":[\"https:\\\/\\\/www.fsegura.com\\\/hu\\\/hirek-a-grupo-segura-rol-a-las-provincias-valenciai-napilapban\\\/\"]}]},{\"@type\":\"BreadcrumbList\",\"@id\":\"https:\\\/\\\/www.fsegura.com\\\/hu\\\/hirek-a-grupo-segura-rol-a-las-provincias-valenciai-napilapban\\\/#breadcrumb\",\"itemListElement\":[{\"@type\":\"ListItem\",\"position\":1,\"name\":\"Portada\",\"item\":\"https:\\\/\\\/www.fsegura.com\\\/hu\\\/\"},{\"@type\":\"ListItem\",\"position\":2,\"name\":\"H\u00edrek a Grupo Segura-r\u00f3l a Las Provincias valenciai napilapban.\"}]},{\"@type\":\"WebSite\",\"@id\":\"https:\\\/\\\/www.fsegura.com\\\/hu\\\/#website\",\"url\":\"https:\\\/\\\/www.fsegura.com\\\/hu\\\/\",\"name\":\"Grupo Segura\",\"description\":\"Partner global para componentes de la automoci\u00f3n\",\"publisher\":{\"@id\":\"https:\\\/\\\/www.fsegura.com\\\/hu\\\/#organization\"},\"potentialAction\":[{\"@type\":\"SearchAction\",\"target\":{\"@type\":\"EntryPoint\",\"urlTemplate\":\"https:\\\/\\\/www.fsegura.com\\\/hu\\\/?s={search_term_string}\"},\"query-input\":{\"@type\":\"PropertyValueSpecification\",\"valueRequired\":true,\"valueName\":\"search_term_string\"}}],\"inLanguage\":\"hu\"},{\"@type\":\"Organization\",\"@id\":\"https:\\\/\\\/www.fsegura.com\\\/hu\\\/#organization\",\"name\":\"Grupo Segura\",\"url\":\"https:\\\/\\\/www.fsegura.com\\\/hu\\\/\",\"logo\":{\"@type\":\"ImageObject\",\"inLanguage\":\"hu\",\"@id\":\"https:\\\/\\\/www.fsegura.com\\\/hu\\\/#\\\/schema\\\/logo\\\/image\\\/\",\"url\":\"https:\\\/\\\/www.fsegura.com\\\/wp-content\\\/uploads\\\/2025\\\/09\\\/grupo-segura.jpg\",\"contentUrl\":\"https:\\\/\\\/www.fsegura.com\\\/wp-content\\\/uploads\\\/2025\\\/09\\\/grupo-segura.jpg\",\"width\":458,\"height\":136,\"caption\":\"Grupo Segura\"},\"image\":{\"@id\":\"https:\\\/\\\/www.fsegura.com\\\/hu\\\/#\\\/schema\\\/logo\\\/image\\\/\"}},{\"@type\":\"Person\",\"@id\":\"https:\\\/\\\/www.fsegura.com\\\/hu\\\/#\\\/schema\\\/person\\\/cf9d1abe35e7e038ac092685669e6ae5\",\"name\":\"desarrollo\",\"image\":{\"@type\":\"ImageObject\",\"inLanguage\":\"hu\",\"@id\":\"https:\\\/\\\/secure.gravatar.com\\\/avatar\\\/3b02f34f0ea5a10bc44d1813e23e909e4ef6fd1c0c78c7eed6d094a646af2836?s=96&d=mm&r=g\",\"url\":\"https:\\\/\\\/secure.gravatar.com\\\/avatar\\\/3b02f34f0ea5a10bc44d1813e23e909e4ef6fd1c0c78c7eed6d094a646af2836?s=96&d=mm&r=g\",\"contentUrl\":\"https:\\\/\\\/secure.gravatar.com\\\/avatar\\\/3b02f34f0ea5a10bc44d1813e23e909e4ef6fd1c0c78c7eed6d094a646af2836?s=96&d=mm&r=g\",\"caption\":\"desarrollo\"},\"sameAs\":[\"https:\\\/\\\/www.fsegura.com\"],\"url\":\"https:\\\/\\\/www.fsegura.com\\\/hu\\\/author\\\/desarrollo\\\/\"}]}<\/script>\n<!-- \/ Yoast SEO plugin. -->","yoast_head_json":{"title":"H\u00edrek a Grupo Segura-r\u00f3l a Las Provincias valenciai napilapban. - Grupo Segura","robots":{"index":"index","follow":"follow","max-snippet":"max-snippet:-1","max-image-preview":"max-image-preview:large","max-video-preview":"max-video-preview:-1"},"canonical":"https:\/\/www.fsegura.com\/hu\/hirek-a-grupo-segura-rol-a-las-provincias-valenciai-napilapban\/","og_locale":"hu_HU","og_type":"article","og_title":"H\u00edrek a Grupo Segura-r\u00f3l a Las Provincias valenciai napilapban. - Grupo Segura","og_description":"2016 j\u00fanius 26-\u00e1n \u00fajs\u00e1gcikk jelent meg a Grupo Segura-r\u00f3l a valenciai Las Provincias napilapban a k\u00f6vetkez\u0151 c\u00edmmel: \u201cEl salto del peque\u00f1o taller a la gran industria\u201d, amelyben a c\u00e9g fejl\u0151d\u00e9s\u00e9r\u0151l, az utols\u00f3 \u00e9vek n\u00f6veked\u00e9s\u00e9r\u0151l, valamint a j\u00f6v\u0151 \u00e9vek nemzetk\u00f6zies\u00edt\u00e9s\u00e9vel kapcsolatos terveikr\u0151l \u00e9s mint egy sikeres c\u00e9gt\u00f6rt\u00e9netr\u0151l besz\u00e9ltek. &nbsp; L\u00e1sd a linket","og_url":"https:\/\/www.fsegura.com\/hu\/hirek-a-grupo-segura-rol-a-las-provincias-valenciai-napilapban\/","og_site_name":"Grupo Segura","article_published_time":"2016-07-01T07:23:41+00:00","author":"desarrollo","twitter_card":"summary_large_image","twitter_misc":{"Szerz\u0151:":"desarrollo"},"schema":{"@context":"https:\/\/schema.org","@graph":[{"@type":"Article","@id":"https:\/\/www.fsegura.com\/hu\/hirek-a-grupo-segura-rol-a-las-provincias-valenciai-napilapban\/#article","isPartOf":{"@id":"https:\/\/www.fsegura.com\/hu\/hirek-a-grupo-segura-rol-a-las-provincias-valenciai-napilapban\/"},"author":{"name":"desarrollo","@id":"https:\/\/www.fsegura.com\/hu\/#\/schema\/person\/cf9d1abe35e7e038ac092685669e6ae5"},"headline":"H\u00edrek a Grupo Segura-r\u00f3l a Las Provincias valenciai napilapban.","datePublished":"2016-07-01T07:23:41+00:00","mainEntityOfPage":{"@id":"https:\/\/www.fsegura.com\/hu\/hirek-a-grupo-segura-rol-a-las-provincias-valenciai-napilapban\/"},"wordCount":89,"commentCount":0,"publisher":{"@id":"https:\/\/www.fsegura.com\/hu\/#organization"},"articleSection":["Sin categorizar"],"inLanguage":"hu","potentialAction":[{"@type":"CommentAction","name":"Comment","target":["https:\/\/www.fsegura.com\/hu\/hirek-a-grupo-segura-rol-a-las-provincias-valenciai-napilapban\/#respond"]}]},{"@type":"WebPage","@id":"https:\/\/www.fsegura.com\/hu\/hirek-a-grupo-segura-rol-a-las-provincias-valenciai-napilapban\/","url":"https:\/\/www.fsegura.com\/hu\/hirek-a-grupo-segura-rol-a-las-provincias-valenciai-napilapban\/","name":"H\u00edrek a Grupo Segura-r\u00f3l a Las Provincias valenciai napilapban. - Grupo Segura","isPartOf":{"@id":"https:\/\/www.fsegura.com\/hu\/#website"},"datePublished":"2016-07-01T07:23:41+00:00","breadcrumb":{"@id":"https:\/\/www.fsegura.com\/hu\/hirek-a-grupo-segura-rol-a-las-provincias-valenciai-napilapban\/#breadcrumb"},"inLanguage":"hu","potentialAction":[{"@type":"ReadAction","target":["https:\/\/www.fsegura.com\/hu\/hirek-a-grupo-segura-rol-a-las-provincias-valenciai-napilapban\/"]}]},{"@type":"BreadcrumbList","@id":"https:\/\/www.fsegura.com\/hu\/hirek-a-grupo-segura-rol-a-las-provincias-valenciai-napilapban\/#breadcrumb","itemListElement":[{"@type":"ListItem","position":1,"name":"Portada","item":"https:\/\/www.fsegura.com\/hu\/"},{"@type":"ListItem","position":2,"name":"H\u00edrek a Grupo Segura-r\u00f3l a Las Provincias valenciai napilapban."}]},{"@type":"WebSite","@id":"https:\/\/www.fsegura.com\/hu\/#website","url":"https:\/\/www.fsegura.com\/hu\/","name":"Grupo Segura","description":"Partner global para componentes de la automoci\u00f3n","publisher":{"@id":"https:\/\/www.fsegura.com\/hu\/#organization"},"potentialAction":[{"@type":"SearchAction","target":{"@type":"EntryPoint","urlTemplate":"https:\/\/www.fsegura.com\/hu\/?s={search_term_string}"},"query-input":{"@type":"PropertyValueSpecification","valueRequired":true,"valueName":"search_term_string"}}],"inLanguage":"hu"},{"@type":"Organization","@id":"https:\/\/www.fsegura.com\/hu\/#organization","name":"Grupo Segura","url":"https:\/\/www.fsegura.com\/hu\/","logo":{"@type":"ImageObject","inLanguage":"hu","@id":"https:\/\/www.fsegura.com\/hu\/#\/schema\/logo\/image\/","url":"https:\/\/www.fsegura.com\/wp-content\/uploads\/2025\/09\/grupo-segura.jpg","contentUrl":"https:\/\/www.fsegura.com\/wp-content\/uploads\/2025\/09\/grupo-segura.jpg","width":458,"height":136,"caption":"Grupo Segura"},"image":{"@id":"https:\/\/www.fsegura.com\/hu\/#\/schema\/logo\/image\/"}},{"@type":"Person","@id":"https:\/\/www.fsegura.com\/hu\/#\/schema\/person\/cf9d1abe35e7e038ac092685669e6ae5","name":"desarrollo","image":{"@type":"ImageObject","inLanguage":"hu","@id":"https:\/\/secure.gravatar.com\/avatar\/3b02f34f0ea5a10bc44d1813e23e909e4ef6fd1c0c78c7eed6d094a646af2836?s=96&d=mm&r=g","url":"https:\/\/secure.gravatar.com\/avatar\/3b02f34f0ea5a10bc44d1813e23e909e4ef6fd1c0c78c7eed6d094a646af2836?s=96&d=mm&r=g","contentUrl":"https:\/\/secure.gravatar.com\/avatar\/3b02f34f0ea5a10bc44d1813e23e909e4ef6fd1c0c78c7eed6d094a646af2836?s=96&d=mm&r=g","caption":"desarrollo"},"sameAs":["https:\/\/www.fsegura.com"],"url":"https:\/\/www.fsegura.com\/hu\/author\/desarrollo\/"}]}},"_links":{"self":[{"href":"https:\/\/www.fsegura.com\/hu\/wp-json\/wp\/v2\/posts\/5550","targetHints":{"allow":["GET"]}}],"collection":[{"href":"https:\/\/www.fsegura.com\/hu\/wp-json\/wp\/v2\/posts"}],"about":[{"href":"https:\/\/www.fsegura.com\/hu\/wp-json\/wp\/v2\/types\/post"}],"author":[{"embeddable":true,"href":"https:\/\/www.fsegura.com\/hu\/wp-json\/wp\/v2\/users\/1"}],"replies":[{"embeddable":true,"href":"https:\/\/www.fsegura.com\/hu\/wp-json\/wp\/v2\/comments?post=5550"}],"version-history":[{"count":0,"href":"https:\/\/www.fsegura.com\/hu\/wp-json\/wp\/v2\/posts\/5550\/revisions"}],"wp:attachment":[{"href":"https:\/\/www.fsegura.com\/hu\/wp-json\/wp\/v2\/media?parent=5550"}],"wp:term":[{"taxonomy":"category","embeddable":true,"href":"https:\/\/www.fsegura.com\/hu\/wp-json\/wp\/v2\/categories?post=5550"},{"taxonomy":"post_tag","embeddable":true,"href":"https:\/\/www.fsegura.com\/hu\/wp-json\/wp\/v2\/tags?post=5550"}],"curies":[{"name":"wp","href":"https:\/\/api.w.org\/{rel}","templated":true}]}}