{"id":5552,"date":"2016-10-05T08:13:30","date_gmt":"2016-10-05T08:13:30","guid":{"rendered":"https:\/\/www.fsegura.com\/2016\/10\/05\/a-segura-csoport-a-i-juan-carlos-almusafes-i-ipari-park-20-eves-evfordulojan\/"},"modified":"2016-10-05T08:13:30","modified_gmt":"2016-10-05T08:13:30","slug":"a-segura-csoport-a-i-juan-carlos-almusafes-i-ipari-park-20-eves-evfordulojan","status":"publish","type":"post","link":"https:\/\/www.fsegura.com\/hu\/a-segura-csoport-a-i-juan-carlos-almusafes-i-ipari-park-20-eves-evfordulojan\/","title":{"rendered":"A Segura Csoport a I. Juan Carlos Almusafes-i Ipari Park 20 \u00e9ves \u00e9vfordul\u00f3j\u00e1n"},"content":{"rendered":"<h3>Ez \u00e9v szeptember 22.-\u00e9n ker\u00fclt sor az I. Juan Carlos Almusafes-i Ipari Park 20 \u00e9ves \u00e9vfordul\u00f3j\u00e1nak meg\u00fcnnepel\u00e9s\u00e9re. Az Ipari Parkban 1996 \u00f3ta t\u00f6bb mint sz\u00e1z\u00a0 v\u00e1llalat j\u00f6tt l\u00e9tre \u00e9s m\u0171k\u00f6dik is, \u00a0melynek k\u00f6vetkezt\u00e9ben a Park a valenciai\u00a0 gazdas\u00e1g egyik f\u0151 tengely\u00e9v\u00e9 v\u00e1lt.<\/h3>\n<p>Az \u00fcnneps\u00e9gen prominens szem\u00e9lyis\u00e9gek is r\u00e9szt vettek, t\u00f6bbek k\u00f6z\u00f6tt a Valencia-i Korm\u00e1ny Eln\u00f6ke, Ximo Puig, a Ford Spanyolorsz\u00e1g gy\u00e1rt\u00f3egys\u00e9g\u00e9nek m\u0171veleti igazgat\u00f3ja, Dionisio Campos, valamint az Ipari Park Felhszn\u00e1l\u00f3i \u00e9s Tulajdonosi Sz\u00f6vets\u00e9g\u00e9nek Eln\u00f6ke, Vico Valero \u00e9s Almusafes polg\u00e1rmestere, Antonio Gonz\u00e1lez.<\/p>\n<p><a href=\"https:\/\/www.fsegura.com\/wp-content\/uploads\/2016\/10\/Aniversario-APPI-Jorge-Segura.jpg\"><img fetchpriority=\"high\" decoding=\"async\" class=\"alignnone size-large wp-image-5952\" src=\"https:\/\/www.fsegura.com\/wp-content\/uploads\/2016\/10\/Aniversario-APPI-Jorge-Segura-1024x768.jpg\" alt=\"Aniversario APPI Jorge Segura\" width=\"1024\" height=\"768\" \/><\/a><\/p>\n<blockquote><p>Jorge Segura a Valencia-i Korm\u00e1ny Eln\u00f6k\u00e9vel, Ximo Puig-al.<\/p><\/blockquote>\n<p>A hivatalos \u00fcnneps\u00e9g a Ford besz\u00e1ll\u00edt\u00f3i parkj\u00e1nak bej\u00e1rat\u00e1n\u00e1l elhelyezett eml\u00e9km\u0171 felfed\u00e9s\u00e9vel kezd\u0151d\u00f6tt. Az eml\u00e9km\u0171 egy vasb\u00f3l k\u00e9sz\u00fclt f\u00e1t \u00e1br\u00e1zol, amely egyben a t\u00f6rt\u00e9nelem \u00e9s a halad\u00e1s k\u00f6z\u00f6tti t\u00f6k\u00e9letes egys\u00e9get szimboliz\u00e1lja.<\/p>\n<p>A Segura Csoport Menedzsmentj\u00e9nek t\u00f6bb tagj\u00e1val is k\u00e9pviseltette mag\u00e1t. Jorge Segura (Vez\u00e9rigazgat\u00f3), Miguel Guti\u00e9rrez (M\u0171veleti Igazgat\u00f3), Jorge Olcina (\u00dczemvezet\u0151), Tina Rautenstrauch (\u00dczemvezet\u0151) \u00e9s Jos\u00e9 Rubio (Fejleszt\u00e9si Igazgat\u00f3).<\/p>\n<p>Jelenleg az Ipari Parkban 120 v\u00e1llalat m\u0171k\u00f6dik, melyek t\u00f6bbs\u00e9g\u00e9nek tev\u00e9kenys\u00e9ge az aut\u00f3iparhoz kapcsol\u00f3dik. A logisztikai folyamatok kifejleszt\u00e9se folyamatos kih\u00edv\u00e1sokra k\u00e9nyszer\u00edti a parkot. T\u00f6bbek k\u00f6z\u00f6tt \u00faj csarnokok idehelyez\u00e9se, \u00e9p\u00edt\u00e9se, valamint a kommunik\u00e1ci\u00f3 jav\u00edt\u00e1s\u00e1ra egy \u00faj vas\u00fati meg\u00e1ll\u00f3 illetve vas\u00fatvonal l\u00e9trehozatala van tervben.<\/p>\n","protected":false},"excerpt":{"rendered":"<p>Ez \u00e9v szeptember 22.-\u00e9n ker\u00fclt sor az I. Juan Carlos Almusafes-i Ipari Park 20 \u00e9ves \u00e9vfordul\u00f3j\u00e1nak meg\u00fcnnepel\u00e9s\u00e9re. Az Ipari Parkban 1996 \u00f3ta t\u00f6bb mint sz\u00e1z\u00a0 v\u00e1llalat j\u00f6tt l\u00e9tre \u00e9s m\u0171k\u00f6dik is, \u00a0melynek k\u00f6vetkezt\u00e9ben a Park a valenciai\u00a0 gazdas\u00e1g egyik f\u0151 tengely\u00e9v\u00e9 v\u00e1lt. Az \u00fcnneps\u00e9gen prominens szem\u00e9lyis\u00e9gek is r\u00e9szt vettek, t\u00f6bbek k\u00f6z\u00f6tt a Valencia-i Korm\u00e1ny Eln\u00f6ke, [&hellip;]<\/p>\n","protected":false},"author":1,"featured_media":5315,"comment_status":"open","ping_status":"open","sticky":false,"template":"","format":"standard","meta":{"_acf_changed":false,"_eb_attr":"","footnotes":""},"categories":[1],"tags":[],"class_list":["post-5552","post","type-post","status-publish","format-standard","has-post-thumbnail","hentry","category-sin-categorizar"],"acf":[],"yoast_head":"<!-- This site is optimized with the Yoast SEO plugin v27.4 - https:\/\/yoast.com\/product\/yoast-seo-wordpress\/ -->\n<title>A Segura Csoport a I. Juan Carlos Almusafes-i Ipari Park 20 \u00e9ves \u00e9vfordul\u00f3j\u00e1n - Grupo Segura<\/title>\n<meta name=\"robots\" content=\"index, follow, max-snippet:-1, max-image-preview:large, max-video-preview:-1\" \/>\n<link rel=\"canonical\" href=\"https:\/\/www.fsegura.com\/hu\/a-segura-csoport-a-i-juan-carlos-almusafes-i-ipari-park-20-eves-evfordulojan\/\" \/>\n<meta property=\"og:locale\" content=\"hu_HU\" \/>\n<meta property=\"og:type\" content=\"article\" \/>\n<meta property=\"og:title\" content=\"A Segura Csoport a I. Juan Carlos Almusafes-i Ipari Park 20 \u00e9ves \u00e9vfordul\u00f3j\u00e1n - Grupo Segura\" \/>\n<meta property=\"og:description\" content=\"Ez \u00e9v szeptember 22.-\u00e9n ker\u00fclt sor az I. Juan Carlos Almusafes-i Ipari Park 20 \u00e9ves \u00e9vfordul\u00f3j\u00e1nak meg\u00fcnnepel\u00e9s\u00e9re. Az Ipari Parkban 1996 \u00f3ta t\u00f6bb mint sz\u00e1z\u00a0 v\u00e1llalat j\u00f6tt l\u00e9tre \u00e9s m\u0171k\u00f6dik is, \u00a0melynek k\u00f6vetkezt\u00e9ben a Park a valenciai\u00a0 gazdas\u00e1g egyik f\u0151 tengely\u00e9v\u00e9 v\u00e1lt. Az \u00fcnneps\u00e9gen prominens szem\u00e9lyis\u00e9gek is r\u00e9szt vettek, t\u00f6bbek k\u00f6z\u00f6tt a Valencia-i Korm\u00e1ny Eln\u00f6ke, [&hellip;]\" \/>\n<meta property=\"og:url\" content=\"https:\/\/www.fsegura.com\/hu\/a-segura-csoport-a-i-juan-carlos-almusafes-i-ipari-park-20-eves-evfordulojan\/\" \/>\n<meta property=\"og:site_name\" content=\"Grupo Segura\" \/>\n<meta property=\"article:published_time\" content=\"2016-10-05T08:13:30+00:00\" \/>\n<meta property=\"og:image\" content=\"https:\/\/www.fsegura.com\/wp-content\/uploads\/2025\/11\/Aniversario-APPI-2.jpg\" \/>\n\t<meta property=\"og:image:width\" content=\"1396\" \/>\n\t<meta property=\"og:image:height\" content=\"744\" \/>\n\t<meta property=\"og:image:type\" content=\"image\/jpeg\" \/>\n<meta name=\"author\" content=\"desarrollo\" \/>\n<meta name=\"twitter:card\" content=\"summary_large_image\" \/>\n<meta name=\"twitter:label1\" content=\"Szerz\u0151:\" \/>\n\t<meta name=\"twitter:data1\" content=\"desarrollo\" \/>\n\t<meta name=\"twitter:label2\" content=\"Becs\u00fclt olvas\u00e1si id\u0151\" \/>\n\t<meta name=\"twitter:data2\" content=\"1 perc\" \/>\n<script type=\"application\/ld+json\" class=\"yoast-schema-graph\">{\"@context\":\"https:\\\/\\\/schema.org\",\"@graph\":[{\"@type\":\"Article\",\"@id\":\"https:\\\/\\\/www.fsegura.com\\\/hu\\\/a-segura-csoport-a-i-juan-carlos-almusafes-i-ipari-park-20-eves-evfordulojan\\\/#article\",\"isPartOf\":{\"@id\":\"https:\\\/\\\/www.fsegura.com\\\/hu\\\/a-segura-csoport-a-i-juan-carlos-almusafes-i-ipari-park-20-eves-evfordulojan\\\/\"},\"author\":{\"name\":\"desarrollo\",\"@id\":\"https:\\\/\\\/www.fsegura.com\\\/hu\\\/#\\\/schema\\\/person\\\/cf9d1abe35e7e038ac092685669e6ae5\"},\"headline\":\"A Segura Csoport a I. Juan Carlos Almusafes-i Ipari Park 20 \u00e9ves \u00e9vfordul\u00f3j\u00e1n\",\"datePublished\":\"2016-10-05T08:13:30+00:00\",\"mainEntityOfPage\":{\"@id\":\"https:\\\/\\\/www.fsegura.com\\\/hu\\\/a-segura-csoport-a-i-juan-carlos-almusafes-i-ipari-park-20-eves-evfordulojan\\\/\"},\"wordCount\":310,\"commentCount\":0,\"publisher\":{\"@id\":\"https:\\\/\\\/www.fsegura.com\\\/hu\\\/#organization\"},\"image\":{\"@id\":\"https:\\\/\\\/www.fsegura.com\\\/hu\\\/a-segura-csoport-a-i-juan-carlos-almusafes-i-ipari-park-20-eves-evfordulojan\\\/#primaryimage\"},\"thumbnailUrl\":\"https:\\\/\\\/www.fsegura.com\\\/wp-content\\\/uploads\\\/2025\\\/11\\\/Aniversario-APPI-2.jpg\",\"articleSection\":[\"Sin categorizar\"],\"inLanguage\":\"hu\",\"potentialAction\":[{\"@type\":\"CommentAction\",\"name\":\"Comment\",\"target\":[\"https:\\\/\\\/www.fsegura.com\\\/hu\\\/a-segura-csoport-a-i-juan-carlos-almusafes-i-ipari-park-20-eves-evfordulojan\\\/#respond\"]}]},{\"@type\":\"WebPage\",\"@id\":\"https:\\\/\\\/www.fsegura.com\\\/hu\\\/a-segura-csoport-a-i-juan-carlos-almusafes-i-ipari-park-20-eves-evfordulojan\\\/\",\"url\":\"https:\\\/\\\/www.fsegura.com\\\/hu\\\/a-segura-csoport-a-i-juan-carlos-almusafes-i-ipari-park-20-eves-evfordulojan\\\/\",\"name\":\"A Segura Csoport a I. Juan Carlos Almusafes-i Ipari Park 20 \u00e9ves \u00e9vfordul\u00f3j\u00e1n - Grupo Segura\",\"isPartOf\":{\"@id\":\"https:\\\/\\\/www.fsegura.com\\\/hu\\\/#website\"},\"primaryImageOfPage\":{\"@id\":\"https:\\\/\\\/www.fsegura.com\\\/hu\\\/a-segura-csoport-a-i-juan-carlos-almusafes-i-ipari-park-20-eves-evfordulojan\\\/#primaryimage\"},\"image\":{\"@id\":\"https:\\\/\\\/www.fsegura.com\\\/hu\\\/a-segura-csoport-a-i-juan-carlos-almusafes-i-ipari-park-20-eves-evfordulojan\\\/#primaryimage\"},\"thumbnailUrl\":\"https:\\\/\\\/www.fsegura.com\\\/wp-content\\\/uploads\\\/2025\\\/11\\\/Aniversario-APPI-2.jpg\",\"datePublished\":\"2016-10-05T08:13:30+00:00\",\"breadcrumb\":{\"@id\":\"https:\\\/\\\/www.fsegura.com\\\/hu\\\/a-segura-csoport-a-i-juan-carlos-almusafes-i-ipari-park-20-eves-evfordulojan\\\/#breadcrumb\"},\"inLanguage\":\"hu\",\"potentialAction\":[{\"@type\":\"ReadAction\",\"target\":[\"https:\\\/\\\/www.fsegura.com\\\/hu\\\/a-segura-csoport-a-i-juan-carlos-almusafes-i-ipari-park-20-eves-evfordulojan\\\/\"]}]},{\"@type\":\"ImageObject\",\"inLanguage\":\"hu\",\"@id\":\"https:\\\/\\\/www.fsegura.com\\\/hu\\\/a-segura-csoport-a-i-juan-carlos-almusafes-i-ipari-park-20-eves-evfordulojan\\\/#primaryimage\",\"url\":\"https:\\\/\\\/www.fsegura.com\\\/wp-content\\\/uploads\\\/2025\\\/11\\\/Aniversario-APPI-2.jpg\",\"contentUrl\":\"https:\\\/\\\/www.fsegura.com\\\/wp-content\\\/uploads\\\/2025\\\/11\\\/Aniversario-APPI-2.jpg\",\"width\":1396,\"height\":744,\"caption\":\"noticias\"},{\"@type\":\"BreadcrumbList\",\"@id\":\"https:\\\/\\\/www.fsegura.com\\\/hu\\\/a-segura-csoport-a-i-juan-carlos-almusafes-i-ipari-park-20-eves-evfordulojan\\\/#breadcrumb\",\"itemListElement\":[{\"@type\":\"ListItem\",\"position\":1,\"name\":\"Portada\",\"item\":\"https:\\\/\\\/www.fsegura.com\\\/hu\\\/\"},{\"@type\":\"ListItem\",\"position\":2,\"name\":\"A Segura Csoport a I. Juan Carlos Almusafes-i Ipari Park 20 \u00e9ves \u00e9vfordul\u00f3j\u00e1n\"}]},{\"@type\":\"WebSite\",\"@id\":\"https:\\\/\\\/www.fsegura.com\\\/hu\\\/#website\",\"url\":\"https:\\\/\\\/www.fsegura.com\\\/hu\\\/\",\"name\":\"Grupo Segura\",\"description\":\"Partner global para componentes de la automoci\u00f3n\",\"publisher\":{\"@id\":\"https:\\\/\\\/www.fsegura.com\\\/hu\\\/#organization\"},\"potentialAction\":[{\"@type\":\"SearchAction\",\"target\":{\"@type\":\"EntryPoint\",\"urlTemplate\":\"https:\\\/\\\/www.fsegura.com\\\/hu\\\/?s={search_term_string}\"},\"query-input\":{\"@type\":\"PropertyValueSpecification\",\"valueRequired\":true,\"valueName\":\"search_term_string\"}}],\"inLanguage\":\"hu\"},{\"@type\":\"Organization\",\"@id\":\"https:\\\/\\\/www.fsegura.com\\\/hu\\\/#organization\",\"name\":\"Grupo Segura\",\"url\":\"https:\\\/\\\/www.fsegura.com\\\/hu\\\/\",\"logo\":{\"@type\":\"ImageObject\",\"inLanguage\":\"hu\",\"@id\":\"https:\\\/\\\/www.fsegura.com\\\/hu\\\/#\\\/schema\\\/logo\\\/image\\\/\",\"url\":\"https:\\\/\\\/www.fsegura.com\\\/wp-content\\\/uploads\\\/2025\\\/09\\\/grupo-segura.jpg\",\"contentUrl\":\"https:\\\/\\\/www.fsegura.com\\\/wp-content\\\/uploads\\\/2025\\\/09\\\/grupo-segura.jpg\",\"width\":458,\"height\":136,\"caption\":\"Grupo Segura\"},\"image\":{\"@id\":\"https:\\\/\\\/www.fsegura.com\\\/hu\\\/#\\\/schema\\\/logo\\\/image\\\/\"}},{\"@type\":\"Person\",\"@id\":\"https:\\\/\\\/www.fsegura.com\\\/hu\\\/#\\\/schema\\\/person\\\/cf9d1abe35e7e038ac092685669e6ae5\",\"name\":\"desarrollo\",\"image\":{\"@type\":\"ImageObject\",\"inLanguage\":\"hu\",\"@id\":\"https:\\\/\\\/secure.gravatar.com\\\/avatar\\\/3b02f34f0ea5a10bc44d1813e23e909e4ef6fd1c0c78c7eed6d094a646af2836?s=96&d=mm&r=g\",\"url\":\"https:\\\/\\\/secure.gravatar.com\\\/avatar\\\/3b02f34f0ea5a10bc44d1813e23e909e4ef6fd1c0c78c7eed6d094a646af2836?s=96&d=mm&r=g\",\"contentUrl\":\"https:\\\/\\\/secure.gravatar.com\\\/avatar\\\/3b02f34f0ea5a10bc44d1813e23e909e4ef6fd1c0c78c7eed6d094a646af2836?s=96&d=mm&r=g\",\"caption\":\"desarrollo\"},\"sameAs\":[\"https:\\\/\\\/www.fsegura.com\"],\"url\":\"https:\\\/\\\/www.fsegura.com\\\/hu\\\/author\\\/desarrollo\\\/\"}]}<\/script>\n<!-- \/ Yoast SEO plugin. -->","yoast_head_json":{"title":"A Segura Csoport a I. Juan Carlos Almusafes-i Ipari Park 20 \u00e9ves \u00e9vfordul\u00f3j\u00e1n - Grupo Segura","robots":{"index":"index","follow":"follow","max-snippet":"max-snippet:-1","max-image-preview":"max-image-preview:large","max-video-preview":"max-video-preview:-1"},"canonical":"https:\/\/www.fsegura.com\/hu\/a-segura-csoport-a-i-juan-carlos-almusafes-i-ipari-park-20-eves-evfordulojan\/","og_locale":"hu_HU","og_type":"article","og_title":"A Segura Csoport a I. Juan Carlos Almusafes-i Ipari Park 20 \u00e9ves \u00e9vfordul\u00f3j\u00e1n - Grupo Segura","og_description":"Ez \u00e9v szeptember 22.-\u00e9n ker\u00fclt sor az I. Juan Carlos Almusafes-i Ipari Park 20 \u00e9ves \u00e9vfordul\u00f3j\u00e1nak meg\u00fcnnepel\u00e9s\u00e9re. Az Ipari Parkban 1996 \u00f3ta t\u00f6bb mint sz\u00e1z\u00a0 v\u00e1llalat j\u00f6tt l\u00e9tre \u00e9s m\u0171k\u00f6dik is, \u00a0melynek k\u00f6vetkezt\u00e9ben a Park a valenciai\u00a0 gazdas\u00e1g egyik f\u0151 tengely\u00e9v\u00e9 v\u00e1lt. Az \u00fcnneps\u00e9gen prominens szem\u00e9lyis\u00e9gek is r\u00e9szt vettek, t\u00f6bbek k\u00f6z\u00f6tt a Valencia-i Korm\u00e1ny Eln\u00f6ke, [&hellip;]","og_url":"https:\/\/www.fsegura.com\/hu\/a-segura-csoport-a-i-juan-carlos-almusafes-i-ipari-park-20-eves-evfordulojan\/","og_site_name":"Grupo Segura","article_published_time":"2016-10-05T08:13:30+00:00","og_image":[{"width":1396,"height":744,"url":"https:\/\/www.fsegura.com\/wp-content\/uploads\/2025\/11\/Aniversario-APPI-2.jpg","type":"image\/jpeg"}],"author":"desarrollo","twitter_card":"summary_large_image","twitter_misc":{"Szerz\u0151:":"desarrollo","Becs\u00fclt olvas\u00e1si id\u0151":"1 perc"},"schema":{"@context":"https:\/\/schema.org","@graph":[{"@type":"Article","@id":"https:\/\/www.fsegura.com\/hu\/a-segura-csoport-a-i-juan-carlos-almusafes-i-ipari-park-20-eves-evfordulojan\/#article","isPartOf":{"@id":"https:\/\/www.fsegura.com\/hu\/a-segura-csoport-a-i-juan-carlos-almusafes-i-ipari-park-20-eves-evfordulojan\/"},"author":{"name":"desarrollo","@id":"https:\/\/www.fsegura.com\/hu\/#\/schema\/person\/cf9d1abe35e7e038ac092685669e6ae5"},"headline":"A Segura Csoport a I. Juan Carlos Almusafes-i Ipari Park 20 \u00e9ves \u00e9vfordul\u00f3j\u00e1n","datePublished":"2016-10-05T08:13:30+00:00","mainEntityOfPage":{"@id":"https:\/\/www.fsegura.com\/hu\/a-segura-csoport-a-i-juan-carlos-almusafes-i-ipari-park-20-eves-evfordulojan\/"},"wordCount":310,"commentCount":0,"publisher":{"@id":"https:\/\/www.fsegura.com\/hu\/#organization"},"image":{"@id":"https:\/\/www.fsegura.com\/hu\/a-segura-csoport-a-i-juan-carlos-almusafes-i-ipari-park-20-eves-evfordulojan\/#primaryimage"},"thumbnailUrl":"https:\/\/www.fsegura.com\/wp-content\/uploads\/2025\/11\/Aniversario-APPI-2.jpg","articleSection":["Sin categorizar"],"inLanguage":"hu","potentialAction":[{"@type":"CommentAction","name":"Comment","target":["https:\/\/www.fsegura.com\/hu\/a-segura-csoport-a-i-juan-carlos-almusafes-i-ipari-park-20-eves-evfordulojan\/#respond"]}]},{"@type":"WebPage","@id":"https:\/\/www.fsegura.com\/hu\/a-segura-csoport-a-i-juan-carlos-almusafes-i-ipari-park-20-eves-evfordulojan\/","url":"https:\/\/www.fsegura.com\/hu\/a-segura-csoport-a-i-juan-carlos-almusafes-i-ipari-park-20-eves-evfordulojan\/","name":"A Segura Csoport a I. Juan Carlos Almusafes-i Ipari Park 20 \u00e9ves \u00e9vfordul\u00f3j\u00e1n - Grupo Segura","isPartOf":{"@id":"https:\/\/www.fsegura.com\/hu\/#website"},"primaryImageOfPage":{"@id":"https:\/\/www.fsegura.com\/hu\/a-segura-csoport-a-i-juan-carlos-almusafes-i-ipari-park-20-eves-evfordulojan\/#primaryimage"},"image":{"@id":"https:\/\/www.fsegura.com\/hu\/a-segura-csoport-a-i-juan-carlos-almusafes-i-ipari-park-20-eves-evfordulojan\/#primaryimage"},"thumbnailUrl":"https:\/\/www.fsegura.com\/wp-content\/uploads\/2025\/11\/Aniversario-APPI-2.jpg","datePublished":"2016-10-05T08:13:30+00:00","breadcrumb":{"@id":"https:\/\/www.fsegura.com\/hu\/a-segura-csoport-a-i-juan-carlos-almusafes-i-ipari-park-20-eves-evfordulojan\/#breadcrumb"},"inLanguage":"hu","potentialAction":[{"@type":"ReadAction","target":["https:\/\/www.fsegura.com\/hu\/a-segura-csoport-a-i-juan-carlos-almusafes-i-ipari-park-20-eves-evfordulojan\/"]}]},{"@type":"ImageObject","inLanguage":"hu","@id":"https:\/\/www.fsegura.com\/hu\/a-segura-csoport-a-i-juan-carlos-almusafes-i-ipari-park-20-eves-evfordulojan\/#primaryimage","url":"https:\/\/www.fsegura.com\/wp-content\/uploads\/2025\/11\/Aniversario-APPI-2.jpg","contentUrl":"https:\/\/www.fsegura.com\/wp-content\/uploads\/2025\/11\/Aniversario-APPI-2.jpg","width":1396,"height":744,"caption":"noticias"},{"@type":"BreadcrumbList","@id":"https:\/\/www.fsegura.com\/hu\/a-segura-csoport-a-i-juan-carlos-almusafes-i-ipari-park-20-eves-evfordulojan\/#breadcrumb","itemListElement":[{"@type":"ListItem","position":1,"name":"Portada","item":"https:\/\/www.fsegura.com\/hu\/"},{"@type":"ListItem","position":2,"name":"A Segura Csoport a I. Juan Carlos Almusafes-i Ipari Park 20 \u00e9ves \u00e9vfordul\u00f3j\u00e1n"}]},{"@type":"WebSite","@id":"https:\/\/www.fsegura.com\/hu\/#website","url":"https:\/\/www.fsegura.com\/hu\/","name":"Grupo Segura","description":"Partner global para componentes de la automoci\u00f3n","publisher":{"@id":"https:\/\/www.fsegura.com\/hu\/#organization"},"potentialAction":[{"@type":"SearchAction","target":{"@type":"EntryPoint","urlTemplate":"https:\/\/www.fsegura.com\/hu\/?s={search_term_string}"},"query-input":{"@type":"PropertyValueSpecification","valueRequired":true,"valueName":"search_term_string"}}],"inLanguage":"hu"},{"@type":"Organization","@id":"https:\/\/www.fsegura.com\/hu\/#organization","name":"Grupo Segura","url":"https:\/\/www.fsegura.com\/hu\/","logo":{"@type":"ImageObject","inLanguage":"hu","@id":"https:\/\/www.fsegura.com\/hu\/#\/schema\/logo\/image\/","url":"https:\/\/www.fsegura.com\/wp-content\/uploads\/2025\/09\/grupo-segura.jpg","contentUrl":"https:\/\/www.fsegura.com\/wp-content\/uploads\/2025\/09\/grupo-segura.jpg","width":458,"height":136,"caption":"Grupo Segura"},"image":{"@id":"https:\/\/www.fsegura.com\/hu\/#\/schema\/logo\/image\/"}},{"@type":"Person","@id":"https:\/\/www.fsegura.com\/hu\/#\/schema\/person\/cf9d1abe35e7e038ac092685669e6ae5","name":"desarrollo","image":{"@type":"ImageObject","inLanguage":"hu","@id":"https:\/\/secure.gravatar.com\/avatar\/3b02f34f0ea5a10bc44d1813e23e909e4ef6fd1c0c78c7eed6d094a646af2836?s=96&d=mm&r=g","url":"https:\/\/secure.gravatar.com\/avatar\/3b02f34f0ea5a10bc44d1813e23e909e4ef6fd1c0c78c7eed6d094a646af2836?s=96&d=mm&r=g","contentUrl":"https:\/\/secure.gravatar.com\/avatar\/3b02f34f0ea5a10bc44d1813e23e909e4ef6fd1c0c78c7eed6d094a646af2836?s=96&d=mm&r=g","caption":"desarrollo"},"sameAs":["https:\/\/www.fsegura.com"],"url":"https:\/\/www.fsegura.com\/hu\/author\/desarrollo\/"}]}},"_links":{"self":[{"href":"https:\/\/www.fsegura.com\/hu\/wp-json\/wp\/v2\/posts\/5552","targetHints":{"allow":["GET"]}}],"collection":[{"href":"https:\/\/www.fsegura.com\/hu\/wp-json\/wp\/v2\/posts"}],"about":[{"href":"https:\/\/www.fsegura.com\/hu\/wp-json\/wp\/v2\/types\/post"}],"author":[{"embeddable":true,"href":"https:\/\/www.fsegura.com\/hu\/wp-json\/wp\/v2\/users\/1"}],"replies":[{"embeddable":true,"href":"https:\/\/www.fsegura.com\/hu\/wp-json\/wp\/v2\/comments?post=5552"}],"version-history":[{"count":0,"href":"https:\/\/www.fsegura.com\/hu\/wp-json\/wp\/v2\/posts\/5552\/revisions"}],"wp:featuredmedia":[{"embeddable":true,"href":"https:\/\/www.fsegura.com\/hu\/wp-json\/wp\/v2\/media\/5315"}],"wp:attachment":[{"href":"https:\/\/www.fsegura.com\/hu\/wp-json\/wp\/v2\/media?parent=5552"}],"wp:term":[{"taxonomy":"category","embeddable":true,"href":"https:\/\/www.fsegura.com\/hu\/wp-json\/wp\/v2\/categories?post=5552"},{"taxonomy":"post_tag","embeddable":true,"href":"https:\/\/www.fsegura.com\/hu\/wp-json\/wp\/v2\/tags?post=5552"}],"curies":[{"name":"wp","href":"https:\/\/api.w.org\/{rel}","templated":true}]}}