{"id":5553,"date":"2016-10-05T11:21:21","date_gmt":"2016-10-05T11:21:21","guid":{"rendered":"https:\/\/www.fsegura.com\/2016\/10\/05\/francisco-segura-nikola-tesla-dijat-nyert\/"},"modified":"2016-10-05T11:21:21","modified_gmt":"2016-10-05T11:21:21","slug":"francisco-segura-nikola-tesla-dijat-nyert","status":"publish","type":"post","link":"https:\/\/www.fsegura.com\/hu\/francisco-segura-nikola-tesla-dijat-nyert\/","title":{"rendered":"Francisco Segura Nikola Tesla d\u00edjat nyert"},"content":{"rendered":"<p>A M\u0171szaki M\u00e9rn\u00f6k\u00f6k Valenciai Szakmai Egyes\u00fclete szeptember 30.-\u00e1n Nikola Tesla d\u00edjjal jutalmazta Francisco Segura-t, elismerv\u00e9n ezzel a Grupo Segura Eln\u00f6k\u00e9nek nemzetk\u00f6zi karrierj\u00e9t.<\/p>\n<p><a href=\"http:\/\/www.levante-emv.com\/economia\/2016\/10\/03\/ingenieros-industriales-premian-ford-grupo\/1474747.html#\" target=\"_blank\">L\u00e1sd Levante napilapot<\/a><\/p>\n<p><a href=\"http:\/\/www.lasprovincias.es\/economia\/201610\/02\/ingenieros-industriales-valencia-premian-20161002003704-v.html\" target=\"_blank\">L\u00e1sd Las Provincias napilapot<\/a><\/p>\n","protected":false},"excerpt":{"rendered":"<p>A M\u0171szaki M\u00e9rn\u00f6k\u00f6k Valenciai Szakmai Egyes\u00fclete szeptember 30.-\u00e1n Nikola Tesla d\u00edjjal jutalmazta Francisco Segura-t, elismerv\u00e9n ezzel a Grupo Segura Eln\u00f6k\u00e9nek nemzetk\u00f6zi karrierj\u00e9t. L\u00e1sd Levante napilapot L\u00e1sd Las Provincias napilapot<\/p>\n","protected":false},"author":1,"featured_media":5311,"comment_status":"open","ping_status":"open","sticky":false,"template":"","format":"standard","meta":{"_acf_changed":false,"_eb_attr":"","footnotes":""},"categories":[1],"tags":[],"class_list":["post-5553","post","type-post","status-publish","format-standard","has-post-thumbnail","hentry","category-sin-categorizar"],"acf":[],"yoast_head":"<!-- This site is optimized with the Yoast SEO plugin v27.4 - https:\/\/yoast.com\/product\/yoast-seo-wordpress\/ -->\n<title>Francisco Segura Nikola Tesla d\u00edjat nyert - Grupo Segura<\/title>\n<meta name=\"robots\" content=\"index, follow, max-snippet:-1, max-image-preview:large, max-video-preview:-1\" \/>\n<link rel=\"canonical\" href=\"https:\/\/www.fsegura.com\/hu\/francisco-segura-nikola-tesla-dijat-nyert\/\" \/>\n<meta property=\"og:locale\" content=\"hu_HU\" \/>\n<meta property=\"og:type\" content=\"article\" \/>\n<meta property=\"og:title\" content=\"Francisco Segura Nikola Tesla d\u00edjat nyert - Grupo Segura\" \/>\n<meta property=\"og:description\" content=\"A M\u0171szaki M\u00e9rn\u00f6k\u00f6k Valenciai Szakmai Egyes\u00fclete szeptember 30.-\u00e1n Nikola Tesla d\u00edjjal jutalmazta Francisco Segura-t, elismerv\u00e9n ezzel a Grupo Segura Eln\u00f6k\u00e9nek nemzetk\u00f6zi karrierj\u00e9t. L\u00e1sd Levante napilapot L\u00e1sd Las Provincias napilapot\" \/>\n<meta property=\"og:url\" content=\"https:\/\/www.fsegura.com\/hu\/francisco-segura-nikola-tesla-dijat-nyert\/\" \/>\n<meta property=\"og:site_name\" content=\"Grupo Segura\" \/>\n<meta property=\"article:published_time\" content=\"2016-10-05T11:21:21+00:00\" \/>\n<meta property=\"og:image\" content=\"https:\/\/www.fsegura.com\/wp-content\/uploads\/2025\/11\/Premio-Tesla-e1475664230148.jpg\" \/>\n\t<meta property=\"og:image:width\" content=\"641\" \/>\n\t<meta property=\"og:image:height\" content=\"237\" \/>\n\t<meta property=\"og:image:type\" content=\"image\/jpeg\" \/>\n<meta name=\"author\" content=\"desarrollo\" \/>\n<meta name=\"twitter:card\" content=\"summary_large_image\" \/>\n<meta name=\"twitter:label1\" content=\"Szerz\u0151:\" \/>\n\t<meta name=\"twitter:data1\" content=\"desarrollo\" \/>\n<script type=\"application\/ld+json\" class=\"yoast-schema-graph\">{\"@context\":\"https:\\\/\\\/schema.org\",\"@graph\":[{\"@type\":\"Article\",\"@id\":\"https:\\\/\\\/www.fsegura.com\\\/hu\\\/francisco-segura-nikola-tesla-dijat-nyert\\\/#article\",\"isPartOf\":{\"@id\":\"https:\\\/\\\/www.fsegura.com\\\/hu\\\/francisco-segura-nikola-tesla-dijat-nyert\\\/\"},\"author\":{\"name\":\"desarrollo\",\"@id\":\"https:\\\/\\\/www.fsegura.com\\\/hu\\\/#\\\/schema\\\/person\\\/cf9d1abe35e7e038ac092685669e6ae5\"},\"headline\":\"Francisco Segura Nikola Tesla d\u00edjat nyert\",\"datePublished\":\"2016-10-05T11:21:21+00:00\",\"mainEntityOfPage\":{\"@id\":\"https:\\\/\\\/www.fsegura.com\\\/hu\\\/francisco-segura-nikola-tesla-dijat-nyert\\\/\"},\"wordCount\":50,\"commentCount\":0,\"publisher\":{\"@id\":\"https:\\\/\\\/www.fsegura.com\\\/hu\\\/#organization\"},\"image\":{\"@id\":\"https:\\\/\\\/www.fsegura.com\\\/hu\\\/francisco-segura-nikola-tesla-dijat-nyert\\\/#primaryimage\"},\"thumbnailUrl\":\"https:\\\/\\\/www.fsegura.com\\\/wp-content\\\/uploads\\\/2025\\\/11\\\/Premio-Tesla-e1475664230148.jpg\",\"articleSection\":[\"Sin categorizar\"],\"inLanguage\":\"hu\",\"potentialAction\":[{\"@type\":\"CommentAction\",\"name\":\"Comment\",\"target\":[\"https:\\\/\\\/www.fsegura.com\\\/hu\\\/francisco-segura-nikola-tesla-dijat-nyert\\\/#respond\"]}]},{\"@type\":\"WebPage\",\"@id\":\"https:\\\/\\\/www.fsegura.com\\\/hu\\\/francisco-segura-nikola-tesla-dijat-nyert\\\/\",\"url\":\"https:\\\/\\\/www.fsegura.com\\\/hu\\\/francisco-segura-nikola-tesla-dijat-nyert\\\/\",\"name\":\"Francisco Segura Nikola Tesla d\u00edjat nyert - Grupo Segura\",\"isPartOf\":{\"@id\":\"https:\\\/\\\/www.fsegura.com\\\/hu\\\/#website\"},\"primaryImageOfPage\":{\"@id\":\"https:\\\/\\\/www.fsegura.com\\\/hu\\\/francisco-segura-nikola-tesla-dijat-nyert\\\/#primaryimage\"},\"image\":{\"@id\":\"https:\\\/\\\/www.fsegura.com\\\/hu\\\/francisco-segura-nikola-tesla-dijat-nyert\\\/#primaryimage\"},\"thumbnailUrl\":\"https:\\\/\\\/www.fsegura.com\\\/wp-content\\\/uploads\\\/2025\\\/11\\\/Premio-Tesla-e1475664230148.jpg\",\"datePublished\":\"2016-10-05T11:21:21+00:00\",\"breadcrumb\":{\"@id\":\"https:\\\/\\\/www.fsegura.com\\\/hu\\\/francisco-segura-nikola-tesla-dijat-nyert\\\/#breadcrumb\"},\"inLanguage\":\"hu\",\"potentialAction\":[{\"@type\":\"ReadAction\",\"target\":[\"https:\\\/\\\/www.fsegura.com\\\/hu\\\/francisco-segura-nikola-tesla-dijat-nyert\\\/\"]}]},{\"@type\":\"ImageObject\",\"inLanguage\":\"hu\",\"@id\":\"https:\\\/\\\/www.fsegura.com\\\/hu\\\/francisco-segura-nikola-tesla-dijat-nyert\\\/#primaryimage\",\"url\":\"https:\\\/\\\/www.fsegura.com\\\/wp-content\\\/uploads\\\/2025\\\/11\\\/Premio-Tesla-e1475664230148.jpg\",\"contentUrl\":\"https:\\\/\\\/www.fsegura.com\\\/wp-content\\\/uploads\\\/2025\\\/11\\\/Premio-Tesla-e1475664230148.jpg\",\"width\":641,\"height\":237,\"caption\":\"noticias\"},{\"@type\":\"BreadcrumbList\",\"@id\":\"https:\\\/\\\/www.fsegura.com\\\/hu\\\/francisco-segura-nikola-tesla-dijat-nyert\\\/#breadcrumb\",\"itemListElement\":[{\"@type\":\"ListItem\",\"position\":1,\"name\":\"Portada\",\"item\":\"https:\\\/\\\/www.fsegura.com\\\/hu\\\/\"},{\"@type\":\"ListItem\",\"position\":2,\"name\":\"Francisco Segura Nikola Tesla d\u00edjat nyert\"}]},{\"@type\":\"WebSite\",\"@id\":\"https:\\\/\\\/www.fsegura.com\\\/hu\\\/#website\",\"url\":\"https:\\\/\\\/www.fsegura.com\\\/hu\\\/\",\"name\":\"Grupo Segura\",\"description\":\"Partner global para componentes de la automoci\u00f3n\",\"publisher\":{\"@id\":\"https:\\\/\\\/www.fsegura.com\\\/hu\\\/#organization\"},\"potentialAction\":[{\"@type\":\"SearchAction\",\"target\":{\"@type\":\"EntryPoint\",\"urlTemplate\":\"https:\\\/\\\/www.fsegura.com\\\/hu\\\/?s={search_term_string}\"},\"query-input\":{\"@type\":\"PropertyValueSpecification\",\"valueRequired\":true,\"valueName\":\"search_term_string\"}}],\"inLanguage\":\"hu\"},{\"@type\":\"Organization\",\"@id\":\"https:\\\/\\\/www.fsegura.com\\\/hu\\\/#organization\",\"name\":\"Grupo Segura\",\"url\":\"https:\\\/\\\/www.fsegura.com\\\/hu\\\/\",\"logo\":{\"@type\":\"ImageObject\",\"inLanguage\":\"hu\",\"@id\":\"https:\\\/\\\/www.fsegura.com\\\/hu\\\/#\\\/schema\\\/logo\\\/image\\\/\",\"url\":\"https:\\\/\\\/www.fsegura.com\\\/wp-content\\\/uploads\\\/2025\\\/09\\\/grupo-segura.jpg\",\"contentUrl\":\"https:\\\/\\\/www.fsegura.com\\\/wp-content\\\/uploads\\\/2025\\\/09\\\/grupo-segura.jpg\",\"width\":458,\"height\":136,\"caption\":\"Grupo Segura\"},\"image\":{\"@id\":\"https:\\\/\\\/www.fsegura.com\\\/hu\\\/#\\\/schema\\\/logo\\\/image\\\/\"}},{\"@type\":\"Person\",\"@id\":\"https:\\\/\\\/www.fsegura.com\\\/hu\\\/#\\\/schema\\\/person\\\/cf9d1abe35e7e038ac092685669e6ae5\",\"name\":\"desarrollo\",\"image\":{\"@type\":\"ImageObject\",\"inLanguage\":\"hu\",\"@id\":\"https:\\\/\\\/secure.gravatar.com\\\/avatar\\\/3b02f34f0ea5a10bc44d1813e23e909e4ef6fd1c0c78c7eed6d094a646af2836?s=96&d=mm&r=g\",\"url\":\"https:\\\/\\\/secure.gravatar.com\\\/avatar\\\/3b02f34f0ea5a10bc44d1813e23e909e4ef6fd1c0c78c7eed6d094a646af2836?s=96&d=mm&r=g\",\"contentUrl\":\"https:\\\/\\\/secure.gravatar.com\\\/avatar\\\/3b02f34f0ea5a10bc44d1813e23e909e4ef6fd1c0c78c7eed6d094a646af2836?s=96&d=mm&r=g\",\"caption\":\"desarrollo\"},\"sameAs\":[\"https:\\\/\\\/www.fsegura.com\"],\"url\":\"https:\\\/\\\/www.fsegura.com\\\/hu\\\/author\\\/desarrollo\\\/\"}]}<\/script>\n<!-- \/ Yoast SEO plugin. -->","yoast_head_json":{"title":"Francisco Segura Nikola Tesla d\u00edjat nyert - Grupo Segura","robots":{"index":"index","follow":"follow","max-snippet":"max-snippet:-1","max-image-preview":"max-image-preview:large","max-video-preview":"max-video-preview:-1"},"canonical":"https:\/\/www.fsegura.com\/hu\/francisco-segura-nikola-tesla-dijat-nyert\/","og_locale":"hu_HU","og_type":"article","og_title":"Francisco Segura Nikola Tesla d\u00edjat nyert - Grupo Segura","og_description":"A M\u0171szaki M\u00e9rn\u00f6k\u00f6k Valenciai Szakmai Egyes\u00fclete szeptember 30.-\u00e1n Nikola Tesla d\u00edjjal jutalmazta Francisco Segura-t, elismerv\u00e9n ezzel a Grupo Segura Eln\u00f6k\u00e9nek nemzetk\u00f6zi karrierj\u00e9t. L\u00e1sd Levante napilapot L\u00e1sd Las Provincias napilapot","og_url":"https:\/\/www.fsegura.com\/hu\/francisco-segura-nikola-tesla-dijat-nyert\/","og_site_name":"Grupo Segura","article_published_time":"2016-10-05T11:21:21+00:00","og_image":[{"width":641,"height":237,"url":"https:\/\/www.fsegura.com\/wp-content\/uploads\/2025\/11\/Premio-Tesla-e1475664230148.jpg","type":"image\/jpeg"}],"author":"desarrollo","twitter_card":"summary_large_image","twitter_misc":{"Szerz\u0151:":"desarrollo"},"schema":{"@context":"https:\/\/schema.org","@graph":[{"@type":"Article","@id":"https:\/\/www.fsegura.com\/hu\/francisco-segura-nikola-tesla-dijat-nyert\/#article","isPartOf":{"@id":"https:\/\/www.fsegura.com\/hu\/francisco-segura-nikola-tesla-dijat-nyert\/"},"author":{"name":"desarrollo","@id":"https:\/\/www.fsegura.com\/hu\/#\/schema\/person\/cf9d1abe35e7e038ac092685669e6ae5"},"headline":"Francisco Segura Nikola Tesla d\u00edjat nyert","datePublished":"2016-10-05T11:21:21+00:00","mainEntityOfPage":{"@id":"https:\/\/www.fsegura.com\/hu\/francisco-segura-nikola-tesla-dijat-nyert\/"},"wordCount":50,"commentCount":0,"publisher":{"@id":"https:\/\/www.fsegura.com\/hu\/#organization"},"image":{"@id":"https:\/\/www.fsegura.com\/hu\/francisco-segura-nikola-tesla-dijat-nyert\/#primaryimage"},"thumbnailUrl":"https:\/\/www.fsegura.com\/wp-content\/uploads\/2025\/11\/Premio-Tesla-e1475664230148.jpg","articleSection":["Sin categorizar"],"inLanguage":"hu","potentialAction":[{"@type":"CommentAction","name":"Comment","target":["https:\/\/www.fsegura.com\/hu\/francisco-segura-nikola-tesla-dijat-nyert\/#respond"]}]},{"@type":"WebPage","@id":"https:\/\/www.fsegura.com\/hu\/francisco-segura-nikola-tesla-dijat-nyert\/","url":"https:\/\/www.fsegura.com\/hu\/francisco-segura-nikola-tesla-dijat-nyert\/","name":"Francisco Segura Nikola Tesla d\u00edjat nyert - Grupo Segura","isPartOf":{"@id":"https:\/\/www.fsegura.com\/hu\/#website"},"primaryImageOfPage":{"@id":"https:\/\/www.fsegura.com\/hu\/francisco-segura-nikola-tesla-dijat-nyert\/#primaryimage"},"image":{"@id":"https:\/\/www.fsegura.com\/hu\/francisco-segura-nikola-tesla-dijat-nyert\/#primaryimage"},"thumbnailUrl":"https:\/\/www.fsegura.com\/wp-content\/uploads\/2025\/11\/Premio-Tesla-e1475664230148.jpg","datePublished":"2016-10-05T11:21:21+00:00","breadcrumb":{"@id":"https:\/\/www.fsegura.com\/hu\/francisco-segura-nikola-tesla-dijat-nyert\/#breadcrumb"},"inLanguage":"hu","potentialAction":[{"@type":"ReadAction","target":["https:\/\/www.fsegura.com\/hu\/francisco-segura-nikola-tesla-dijat-nyert\/"]}]},{"@type":"ImageObject","inLanguage":"hu","@id":"https:\/\/www.fsegura.com\/hu\/francisco-segura-nikola-tesla-dijat-nyert\/#primaryimage","url":"https:\/\/www.fsegura.com\/wp-content\/uploads\/2025\/11\/Premio-Tesla-e1475664230148.jpg","contentUrl":"https:\/\/www.fsegura.com\/wp-content\/uploads\/2025\/11\/Premio-Tesla-e1475664230148.jpg","width":641,"height":237,"caption":"noticias"},{"@type":"BreadcrumbList","@id":"https:\/\/www.fsegura.com\/hu\/francisco-segura-nikola-tesla-dijat-nyert\/#breadcrumb","itemListElement":[{"@type":"ListItem","position":1,"name":"Portada","item":"https:\/\/www.fsegura.com\/hu\/"},{"@type":"ListItem","position":2,"name":"Francisco Segura Nikola Tesla d\u00edjat nyert"}]},{"@type":"WebSite","@id":"https:\/\/www.fsegura.com\/hu\/#website","url":"https:\/\/www.fsegura.com\/hu\/","name":"Grupo Segura","description":"Partner global para componentes de la automoci\u00f3n","publisher":{"@id":"https:\/\/www.fsegura.com\/hu\/#organization"},"potentialAction":[{"@type":"SearchAction","target":{"@type":"EntryPoint","urlTemplate":"https:\/\/www.fsegura.com\/hu\/?s={search_term_string}"},"query-input":{"@type":"PropertyValueSpecification","valueRequired":true,"valueName":"search_term_string"}}],"inLanguage":"hu"},{"@type":"Organization","@id":"https:\/\/www.fsegura.com\/hu\/#organization","name":"Grupo Segura","url":"https:\/\/www.fsegura.com\/hu\/","logo":{"@type":"ImageObject","inLanguage":"hu","@id":"https:\/\/www.fsegura.com\/hu\/#\/schema\/logo\/image\/","url":"https:\/\/www.fsegura.com\/wp-content\/uploads\/2025\/09\/grupo-segura.jpg","contentUrl":"https:\/\/www.fsegura.com\/wp-content\/uploads\/2025\/09\/grupo-segura.jpg","width":458,"height":136,"caption":"Grupo Segura"},"image":{"@id":"https:\/\/www.fsegura.com\/hu\/#\/schema\/logo\/image\/"}},{"@type":"Person","@id":"https:\/\/www.fsegura.com\/hu\/#\/schema\/person\/cf9d1abe35e7e038ac092685669e6ae5","name":"desarrollo","image":{"@type":"ImageObject","inLanguage":"hu","@id":"https:\/\/secure.gravatar.com\/avatar\/3b02f34f0ea5a10bc44d1813e23e909e4ef6fd1c0c78c7eed6d094a646af2836?s=96&d=mm&r=g","url":"https:\/\/secure.gravatar.com\/avatar\/3b02f34f0ea5a10bc44d1813e23e909e4ef6fd1c0c78c7eed6d094a646af2836?s=96&d=mm&r=g","contentUrl":"https:\/\/secure.gravatar.com\/avatar\/3b02f34f0ea5a10bc44d1813e23e909e4ef6fd1c0c78c7eed6d094a646af2836?s=96&d=mm&r=g","caption":"desarrollo"},"sameAs":["https:\/\/www.fsegura.com"],"url":"https:\/\/www.fsegura.com\/hu\/author\/desarrollo\/"}]}},"_links":{"self":[{"href":"https:\/\/www.fsegura.com\/hu\/wp-json\/wp\/v2\/posts\/5553","targetHints":{"allow":["GET"]}}],"collection":[{"href":"https:\/\/www.fsegura.com\/hu\/wp-json\/wp\/v2\/posts"}],"about":[{"href":"https:\/\/www.fsegura.com\/hu\/wp-json\/wp\/v2\/types\/post"}],"author":[{"embeddable":true,"href":"https:\/\/www.fsegura.com\/hu\/wp-json\/wp\/v2\/users\/1"}],"replies":[{"embeddable":true,"href":"https:\/\/www.fsegura.com\/hu\/wp-json\/wp\/v2\/comments?post=5553"}],"version-history":[{"count":0,"href":"https:\/\/www.fsegura.com\/hu\/wp-json\/wp\/v2\/posts\/5553\/revisions"}],"wp:featuredmedia":[{"embeddable":true,"href":"https:\/\/www.fsegura.com\/hu\/wp-json\/wp\/v2\/media\/5311"}],"wp:attachment":[{"href":"https:\/\/www.fsegura.com\/hu\/wp-json\/wp\/v2\/media?parent=5553"}],"wp:term":[{"taxonomy":"category","embeddable":true,"href":"https:\/\/www.fsegura.com\/hu\/wp-json\/wp\/v2\/categories?post=5553"},{"taxonomy":"post_tag","embeddable":true,"href":"https:\/\/www.fsegura.com\/hu\/wp-json\/wp\/v2\/tags?post=5553"}],"curies":[{"name":"wp","href":"https:\/\/api.w.org\/{rel}","templated":true}]}}