{"id":5554,"date":"2016-10-28T15:07:30","date_gmt":"2016-10-28T15:07:30","guid":{"rendered":"https:\/\/www.fsegura.com\/2016\/10\/28\/a-grupo-segura-vezetosege-reszt-vett-a-ford-40-evfordulojanak-unneplesen\/"},"modified":"2016-10-28T15:07:30","modified_gmt":"2016-10-28T15:07:30","slug":"a-grupo-segura-vezetosege-reszt-vett-a-ford-40-evfordulojanak-unneplesen","status":"publish","type":"post","link":"https:\/\/www.fsegura.com\/hu\/a-grupo-segura-vezetosege-reszt-vett-a-ford-40-evfordulojanak-unneplesen\/","title":{"rendered":"A Grupo Segura Vezet\u0151s\u00e9ge r\u00e9szt vett a Ford 40. \u00e9vfordul\u00f3j\u00e1nak \u00fcnnepl\u00e9s\u00e9n."},"content":{"rendered":"<p style=\"text-align: justify;\"><a href=\"https:\/\/www.fsegura.com\/wp-content\/uploads\/2016\/10\/Sin-t\u00edtulo.png\"><img fetchpriority=\"high\" decoding=\"async\" class=\"alignnone size-full wp-image-6040\" src=\"https:\/\/www.fsegura.com\/wp-content\/uploads\/2016\/10\/Sin-t\u00edtulo.png\" alt=\"Sin t\u00edtulo\" width=\"750\" height=\"560\" \/><\/a><\/p>\n<p style=\"text-align: justify;\">A Grupo Segura eln\u00f6ke, Francisco Segura \u00e9s vez\u00e9rigazgat\u00f3ja, Jorge Segura r\u00e9szt vettek a Ford Espa\u00f1a Almussafes-i termel\u0151 \u00fczem\u00e9nek beind\u00edt\u00e1s\u00e1t \u00fcnnepl\u0151 40. \u00e9vfordul\u00f3j\u00e1n. A megeml\u00e9kez\u0151 \u00fcnneps\u00e9gen t\u00f6bb valenciai kiemelked\u0151 szem\u00e9lyis\u00e9g mellet jelen volt Ford Espa\u00f1a eln\u00f6ke, Jes\u00fas Alonso \u00e9s a valenciai Regionalis Korm\u00e1ny eln\u00f6ke, Ximo Puig. Ford Espa\u00f1a eln\u00f6ke kiemelten besz\u00e9lt a c\u00e9g vezet\u0151 szerep\u00e9r\u0151l a spanyol, valamint jelent\u0151s\u00e9g\u00e9r\u0151l az eur\u00f3pai aut\u00f3iparban.<\/p>\n<p>&nbsp;<\/p>\n","protected":false},"excerpt":{"rendered":"<p>A Grupo Segura eln\u00f6ke, Francisco Segura \u00e9s vez\u00e9rigazgat\u00f3ja, Jorge Segura r\u00e9szt vettek a Ford Espa\u00f1a Almussafes-i termel\u0151 \u00fczem\u00e9nek beind\u00edt\u00e1s\u00e1t \u00fcnnepl\u0151 40. \u00e9vfordul\u00f3j\u00e1n. A megeml\u00e9kez\u0151 \u00fcnneps\u00e9gen t\u00f6bb valenciai kiemelked\u0151 szem\u00e9lyis\u00e9g mellet jelen volt Ford Espa\u00f1a eln\u00f6ke, Jes\u00fas Alonso \u00e9s a valenciai Regionalis Korm\u00e1ny eln\u00f6ke, Ximo Puig. Ford Espa\u00f1a eln\u00f6ke kiemelten besz\u00e9lt a c\u00e9g vezet\u0151 szerep\u00e9r\u0151l a [&hellip;]<\/p>\n","protected":false},"author":1,"featured_media":5319,"comment_status":"open","ping_status":"open","sticky":false,"template":"","format":"standard","meta":{"_acf_changed":false,"_eb_attr":"","footnotes":""},"categories":[1],"tags":[],"class_list":["post-5554","post","type-post","status-publish","format-standard","has-post-thumbnail","hentry","category-sin-categorizar"],"acf":[],"yoast_head":"<!-- This site is optimized with the Yoast SEO plugin v27.4 - https:\/\/yoast.com\/product\/yoast-seo-wordpress\/ -->\n<title>A Grupo Segura Vezet\u0151s\u00e9ge r\u00e9szt vett a Ford 40. \u00e9vfordul\u00f3j\u00e1nak \u00fcnnepl\u00e9s\u00e9n. - Grupo Segura<\/title>\n<meta name=\"robots\" content=\"index, follow, max-snippet:-1, max-image-preview:large, max-video-preview:-1\" \/>\n<link rel=\"canonical\" href=\"https:\/\/www.fsegura.com\/hu\/a-grupo-segura-vezetosege-reszt-vett-a-ford-40-evfordulojanak-unneplesen\/\" \/>\n<meta property=\"og:locale\" content=\"hu_HU\" \/>\n<meta property=\"og:type\" content=\"article\" \/>\n<meta property=\"og:title\" content=\"A Grupo Segura Vezet\u0151s\u00e9ge r\u00e9szt vett a Ford 40. \u00e9vfordul\u00f3j\u00e1nak \u00fcnnepl\u00e9s\u00e9n. - Grupo Segura\" \/>\n<meta property=\"og:description\" content=\"A Grupo Segura eln\u00f6ke, Francisco Segura \u00e9s vez\u00e9rigazgat\u00f3ja, Jorge Segura r\u00e9szt vettek a Ford Espa\u00f1a Almussafes-i termel\u0151 \u00fczem\u00e9nek beind\u00edt\u00e1s\u00e1t \u00fcnnepl\u0151 40. \u00e9vfordul\u00f3j\u00e1n. A megeml\u00e9kez\u0151 \u00fcnneps\u00e9gen t\u00f6bb valenciai kiemelked\u0151 szem\u00e9lyis\u00e9g mellet jelen volt Ford Espa\u00f1a eln\u00f6ke, Jes\u00fas Alonso \u00e9s a valenciai Regionalis Korm\u00e1ny eln\u00f6ke, Ximo Puig. Ford Espa\u00f1a eln\u00f6ke kiemelten besz\u00e9lt a c\u00e9g vezet\u0151 szerep\u00e9r\u0151l a [&hellip;]\" \/>\n<meta property=\"og:url\" content=\"https:\/\/www.fsegura.com\/hu\/a-grupo-segura-vezetosege-reszt-vett-a-ford-40-evfordulojanak-unneplesen\/\" \/>\n<meta property=\"og:site_name\" content=\"Grupo Segura\" \/>\n<meta property=\"article:published_time\" content=\"2016-10-28T15:07:30+00:00\" \/>\n<meta property=\"og:image\" content=\"https:\/\/www.fsegura.com\/wp-content\/uploads\/2025\/11\/2.jpg\" \/>\n\t<meta property=\"og:image:width\" content=\"734\" \/>\n\t<meta property=\"og:image:height\" content=\"242\" \/>\n\t<meta property=\"og:image:type\" content=\"image\/jpeg\" \/>\n<meta name=\"author\" content=\"desarrollo\" \/>\n<meta name=\"twitter:card\" content=\"summary_large_image\" \/>\n<meta name=\"twitter:label1\" content=\"Szerz\u0151:\" \/>\n\t<meta name=\"twitter:data1\" content=\"desarrollo\" \/>\n<script type=\"application\/ld+json\" class=\"yoast-schema-graph\">{\"@context\":\"https:\\\/\\\/schema.org\",\"@graph\":[{\"@type\":\"Article\",\"@id\":\"https:\\\/\\\/www.fsegura.com\\\/hu\\\/a-grupo-segura-vezetosege-reszt-vett-a-ford-40-evfordulojanak-unneplesen\\\/#article\",\"isPartOf\":{\"@id\":\"https:\\\/\\\/www.fsegura.com\\\/hu\\\/a-grupo-segura-vezetosege-reszt-vett-a-ford-40-evfordulojanak-unneplesen\\\/\"},\"author\":{\"name\":\"desarrollo\",\"@id\":\"https:\\\/\\\/www.fsegura.com\\\/hu\\\/#\\\/schema\\\/person\\\/cf9d1abe35e7e038ac092685669e6ae5\"},\"headline\":\"A Grupo Segura Vezet\u0151s\u00e9ge r\u00e9szt vett a Ford 40. \u00e9vfordul\u00f3j\u00e1nak \u00fcnnepl\u00e9s\u00e9n.\",\"datePublished\":\"2016-10-28T15:07:30+00:00\",\"mainEntityOfPage\":{\"@id\":\"https:\\\/\\\/www.fsegura.com\\\/hu\\\/a-grupo-segura-vezetosege-reszt-vett-a-ford-40-evfordulojanak-unneplesen\\\/\"},\"wordCount\":111,\"commentCount\":0,\"publisher\":{\"@id\":\"https:\\\/\\\/www.fsegura.com\\\/hu\\\/#organization\"},\"image\":{\"@id\":\"https:\\\/\\\/www.fsegura.com\\\/hu\\\/a-grupo-segura-vezetosege-reszt-vett-a-ford-40-evfordulojanak-unneplesen\\\/#primaryimage\"},\"thumbnailUrl\":\"https:\\\/\\\/www.fsegura.com\\\/wp-content\\\/uploads\\\/2025\\\/11\\\/2.jpg\",\"articleSection\":[\"Sin categorizar\"],\"inLanguage\":\"hu\",\"potentialAction\":[{\"@type\":\"CommentAction\",\"name\":\"Comment\",\"target\":[\"https:\\\/\\\/www.fsegura.com\\\/hu\\\/a-grupo-segura-vezetosege-reszt-vett-a-ford-40-evfordulojanak-unneplesen\\\/#respond\"]}]},{\"@type\":\"WebPage\",\"@id\":\"https:\\\/\\\/www.fsegura.com\\\/hu\\\/a-grupo-segura-vezetosege-reszt-vett-a-ford-40-evfordulojanak-unneplesen\\\/\",\"url\":\"https:\\\/\\\/www.fsegura.com\\\/hu\\\/a-grupo-segura-vezetosege-reszt-vett-a-ford-40-evfordulojanak-unneplesen\\\/\",\"name\":\"A Grupo Segura Vezet\u0151s\u00e9ge r\u00e9szt vett a Ford 40. \u00e9vfordul\u00f3j\u00e1nak \u00fcnnepl\u00e9s\u00e9n. - Grupo Segura\",\"isPartOf\":{\"@id\":\"https:\\\/\\\/www.fsegura.com\\\/hu\\\/#website\"},\"primaryImageOfPage\":{\"@id\":\"https:\\\/\\\/www.fsegura.com\\\/hu\\\/a-grupo-segura-vezetosege-reszt-vett-a-ford-40-evfordulojanak-unneplesen\\\/#primaryimage\"},\"image\":{\"@id\":\"https:\\\/\\\/www.fsegura.com\\\/hu\\\/a-grupo-segura-vezetosege-reszt-vett-a-ford-40-evfordulojanak-unneplesen\\\/#primaryimage\"},\"thumbnailUrl\":\"https:\\\/\\\/www.fsegura.com\\\/wp-content\\\/uploads\\\/2025\\\/11\\\/2.jpg\",\"datePublished\":\"2016-10-28T15:07:30+00:00\",\"breadcrumb\":{\"@id\":\"https:\\\/\\\/www.fsegura.com\\\/hu\\\/a-grupo-segura-vezetosege-reszt-vett-a-ford-40-evfordulojanak-unneplesen\\\/#breadcrumb\"},\"inLanguage\":\"hu\",\"potentialAction\":[{\"@type\":\"ReadAction\",\"target\":[\"https:\\\/\\\/www.fsegura.com\\\/hu\\\/a-grupo-segura-vezetosege-reszt-vett-a-ford-40-evfordulojanak-unneplesen\\\/\"]}]},{\"@type\":\"ImageObject\",\"inLanguage\":\"hu\",\"@id\":\"https:\\\/\\\/www.fsegura.com\\\/hu\\\/a-grupo-segura-vezetosege-reszt-vett-a-ford-40-evfordulojanak-unneplesen\\\/#primaryimage\",\"url\":\"https:\\\/\\\/www.fsegura.com\\\/wp-content\\\/uploads\\\/2025\\\/11\\\/2.jpg\",\"contentUrl\":\"https:\\\/\\\/www.fsegura.com\\\/wp-content\\\/uploads\\\/2025\\\/11\\\/2.jpg\",\"width\":734,\"height\":242,\"caption\":\"noticias\"},{\"@type\":\"BreadcrumbList\",\"@id\":\"https:\\\/\\\/www.fsegura.com\\\/hu\\\/a-grupo-segura-vezetosege-reszt-vett-a-ford-40-evfordulojanak-unneplesen\\\/#breadcrumb\",\"itemListElement\":[{\"@type\":\"ListItem\",\"position\":1,\"name\":\"Portada\",\"item\":\"https:\\\/\\\/www.fsegura.com\\\/hu\\\/\"},{\"@type\":\"ListItem\",\"position\":2,\"name\":\"A Grupo Segura Vezet\u0151s\u00e9ge r\u00e9szt vett a Ford 40. \u00e9vfordul\u00f3j\u00e1nak \u00fcnnepl\u00e9s\u00e9n.\"}]},{\"@type\":\"WebSite\",\"@id\":\"https:\\\/\\\/www.fsegura.com\\\/hu\\\/#website\",\"url\":\"https:\\\/\\\/www.fsegura.com\\\/hu\\\/\",\"name\":\"Grupo Segura\",\"description\":\"Partner global para componentes de la automoci\u00f3n\",\"publisher\":{\"@id\":\"https:\\\/\\\/www.fsegura.com\\\/hu\\\/#organization\"},\"potentialAction\":[{\"@type\":\"SearchAction\",\"target\":{\"@type\":\"EntryPoint\",\"urlTemplate\":\"https:\\\/\\\/www.fsegura.com\\\/hu\\\/?s={search_term_string}\"},\"query-input\":{\"@type\":\"PropertyValueSpecification\",\"valueRequired\":true,\"valueName\":\"search_term_string\"}}],\"inLanguage\":\"hu\"},{\"@type\":\"Organization\",\"@id\":\"https:\\\/\\\/www.fsegura.com\\\/hu\\\/#organization\",\"name\":\"Grupo Segura\",\"url\":\"https:\\\/\\\/www.fsegura.com\\\/hu\\\/\",\"logo\":{\"@type\":\"ImageObject\",\"inLanguage\":\"hu\",\"@id\":\"https:\\\/\\\/www.fsegura.com\\\/hu\\\/#\\\/schema\\\/logo\\\/image\\\/\",\"url\":\"https:\\\/\\\/www.fsegura.com\\\/wp-content\\\/uploads\\\/2025\\\/09\\\/grupo-segura.jpg\",\"contentUrl\":\"https:\\\/\\\/www.fsegura.com\\\/wp-content\\\/uploads\\\/2025\\\/09\\\/grupo-segura.jpg\",\"width\":458,\"height\":136,\"caption\":\"Grupo Segura\"},\"image\":{\"@id\":\"https:\\\/\\\/www.fsegura.com\\\/hu\\\/#\\\/schema\\\/logo\\\/image\\\/\"}},{\"@type\":\"Person\",\"@id\":\"https:\\\/\\\/www.fsegura.com\\\/hu\\\/#\\\/schema\\\/person\\\/cf9d1abe35e7e038ac092685669e6ae5\",\"name\":\"desarrollo\",\"image\":{\"@type\":\"ImageObject\",\"inLanguage\":\"hu\",\"@id\":\"https:\\\/\\\/secure.gravatar.com\\\/avatar\\\/3b02f34f0ea5a10bc44d1813e23e909e4ef6fd1c0c78c7eed6d094a646af2836?s=96&d=mm&r=g\",\"url\":\"https:\\\/\\\/secure.gravatar.com\\\/avatar\\\/3b02f34f0ea5a10bc44d1813e23e909e4ef6fd1c0c78c7eed6d094a646af2836?s=96&d=mm&r=g\",\"contentUrl\":\"https:\\\/\\\/secure.gravatar.com\\\/avatar\\\/3b02f34f0ea5a10bc44d1813e23e909e4ef6fd1c0c78c7eed6d094a646af2836?s=96&d=mm&r=g\",\"caption\":\"desarrollo\"},\"sameAs\":[\"https:\\\/\\\/www.fsegura.com\"],\"url\":\"https:\\\/\\\/www.fsegura.com\\\/hu\\\/author\\\/desarrollo\\\/\"}]}<\/script>\n<!-- \/ Yoast SEO plugin. -->","yoast_head_json":{"title":"A Grupo Segura Vezet\u0151s\u00e9ge r\u00e9szt vett a Ford 40. \u00e9vfordul\u00f3j\u00e1nak \u00fcnnepl\u00e9s\u00e9n. - Grupo Segura","robots":{"index":"index","follow":"follow","max-snippet":"max-snippet:-1","max-image-preview":"max-image-preview:large","max-video-preview":"max-video-preview:-1"},"canonical":"https:\/\/www.fsegura.com\/hu\/a-grupo-segura-vezetosege-reszt-vett-a-ford-40-evfordulojanak-unneplesen\/","og_locale":"hu_HU","og_type":"article","og_title":"A Grupo Segura Vezet\u0151s\u00e9ge r\u00e9szt vett a Ford 40. \u00e9vfordul\u00f3j\u00e1nak \u00fcnnepl\u00e9s\u00e9n. - Grupo Segura","og_description":"A Grupo Segura eln\u00f6ke, Francisco Segura \u00e9s vez\u00e9rigazgat\u00f3ja, Jorge Segura r\u00e9szt vettek a Ford Espa\u00f1a Almussafes-i termel\u0151 \u00fczem\u00e9nek beind\u00edt\u00e1s\u00e1t \u00fcnnepl\u0151 40. \u00e9vfordul\u00f3j\u00e1n. A megeml\u00e9kez\u0151 \u00fcnneps\u00e9gen t\u00f6bb valenciai kiemelked\u0151 szem\u00e9lyis\u00e9g mellet jelen volt Ford Espa\u00f1a eln\u00f6ke, Jes\u00fas Alonso \u00e9s a valenciai Regionalis Korm\u00e1ny eln\u00f6ke, Ximo Puig. Ford Espa\u00f1a eln\u00f6ke kiemelten besz\u00e9lt a c\u00e9g vezet\u0151 szerep\u00e9r\u0151l a [&hellip;]","og_url":"https:\/\/www.fsegura.com\/hu\/a-grupo-segura-vezetosege-reszt-vett-a-ford-40-evfordulojanak-unneplesen\/","og_site_name":"Grupo Segura","article_published_time":"2016-10-28T15:07:30+00:00","og_image":[{"width":734,"height":242,"url":"https:\/\/www.fsegura.com\/wp-content\/uploads\/2025\/11\/2.jpg","type":"image\/jpeg"}],"author":"desarrollo","twitter_card":"summary_large_image","twitter_misc":{"Szerz\u0151:":"desarrollo"},"schema":{"@context":"https:\/\/schema.org","@graph":[{"@type":"Article","@id":"https:\/\/www.fsegura.com\/hu\/a-grupo-segura-vezetosege-reszt-vett-a-ford-40-evfordulojanak-unneplesen\/#article","isPartOf":{"@id":"https:\/\/www.fsegura.com\/hu\/a-grupo-segura-vezetosege-reszt-vett-a-ford-40-evfordulojanak-unneplesen\/"},"author":{"name":"desarrollo","@id":"https:\/\/www.fsegura.com\/hu\/#\/schema\/person\/cf9d1abe35e7e038ac092685669e6ae5"},"headline":"A Grupo Segura Vezet\u0151s\u00e9ge r\u00e9szt vett a Ford 40. \u00e9vfordul\u00f3j\u00e1nak \u00fcnnepl\u00e9s\u00e9n.","datePublished":"2016-10-28T15:07:30+00:00","mainEntityOfPage":{"@id":"https:\/\/www.fsegura.com\/hu\/a-grupo-segura-vezetosege-reszt-vett-a-ford-40-evfordulojanak-unneplesen\/"},"wordCount":111,"commentCount":0,"publisher":{"@id":"https:\/\/www.fsegura.com\/hu\/#organization"},"image":{"@id":"https:\/\/www.fsegura.com\/hu\/a-grupo-segura-vezetosege-reszt-vett-a-ford-40-evfordulojanak-unneplesen\/#primaryimage"},"thumbnailUrl":"https:\/\/www.fsegura.com\/wp-content\/uploads\/2025\/11\/2.jpg","articleSection":["Sin categorizar"],"inLanguage":"hu","potentialAction":[{"@type":"CommentAction","name":"Comment","target":["https:\/\/www.fsegura.com\/hu\/a-grupo-segura-vezetosege-reszt-vett-a-ford-40-evfordulojanak-unneplesen\/#respond"]}]},{"@type":"WebPage","@id":"https:\/\/www.fsegura.com\/hu\/a-grupo-segura-vezetosege-reszt-vett-a-ford-40-evfordulojanak-unneplesen\/","url":"https:\/\/www.fsegura.com\/hu\/a-grupo-segura-vezetosege-reszt-vett-a-ford-40-evfordulojanak-unneplesen\/","name":"A Grupo Segura Vezet\u0151s\u00e9ge r\u00e9szt vett a Ford 40. \u00e9vfordul\u00f3j\u00e1nak \u00fcnnepl\u00e9s\u00e9n. - Grupo Segura","isPartOf":{"@id":"https:\/\/www.fsegura.com\/hu\/#website"},"primaryImageOfPage":{"@id":"https:\/\/www.fsegura.com\/hu\/a-grupo-segura-vezetosege-reszt-vett-a-ford-40-evfordulojanak-unneplesen\/#primaryimage"},"image":{"@id":"https:\/\/www.fsegura.com\/hu\/a-grupo-segura-vezetosege-reszt-vett-a-ford-40-evfordulojanak-unneplesen\/#primaryimage"},"thumbnailUrl":"https:\/\/www.fsegura.com\/wp-content\/uploads\/2025\/11\/2.jpg","datePublished":"2016-10-28T15:07:30+00:00","breadcrumb":{"@id":"https:\/\/www.fsegura.com\/hu\/a-grupo-segura-vezetosege-reszt-vett-a-ford-40-evfordulojanak-unneplesen\/#breadcrumb"},"inLanguage":"hu","potentialAction":[{"@type":"ReadAction","target":["https:\/\/www.fsegura.com\/hu\/a-grupo-segura-vezetosege-reszt-vett-a-ford-40-evfordulojanak-unneplesen\/"]}]},{"@type":"ImageObject","inLanguage":"hu","@id":"https:\/\/www.fsegura.com\/hu\/a-grupo-segura-vezetosege-reszt-vett-a-ford-40-evfordulojanak-unneplesen\/#primaryimage","url":"https:\/\/www.fsegura.com\/wp-content\/uploads\/2025\/11\/2.jpg","contentUrl":"https:\/\/www.fsegura.com\/wp-content\/uploads\/2025\/11\/2.jpg","width":734,"height":242,"caption":"noticias"},{"@type":"BreadcrumbList","@id":"https:\/\/www.fsegura.com\/hu\/a-grupo-segura-vezetosege-reszt-vett-a-ford-40-evfordulojanak-unneplesen\/#breadcrumb","itemListElement":[{"@type":"ListItem","position":1,"name":"Portada","item":"https:\/\/www.fsegura.com\/hu\/"},{"@type":"ListItem","position":2,"name":"A Grupo Segura Vezet\u0151s\u00e9ge r\u00e9szt vett a Ford 40. \u00e9vfordul\u00f3j\u00e1nak \u00fcnnepl\u00e9s\u00e9n."}]},{"@type":"WebSite","@id":"https:\/\/www.fsegura.com\/hu\/#website","url":"https:\/\/www.fsegura.com\/hu\/","name":"Grupo Segura","description":"Partner global para componentes de la automoci\u00f3n","publisher":{"@id":"https:\/\/www.fsegura.com\/hu\/#organization"},"potentialAction":[{"@type":"SearchAction","target":{"@type":"EntryPoint","urlTemplate":"https:\/\/www.fsegura.com\/hu\/?s={search_term_string}"},"query-input":{"@type":"PropertyValueSpecification","valueRequired":true,"valueName":"search_term_string"}}],"inLanguage":"hu"},{"@type":"Organization","@id":"https:\/\/www.fsegura.com\/hu\/#organization","name":"Grupo Segura","url":"https:\/\/www.fsegura.com\/hu\/","logo":{"@type":"ImageObject","inLanguage":"hu","@id":"https:\/\/www.fsegura.com\/hu\/#\/schema\/logo\/image\/","url":"https:\/\/www.fsegura.com\/wp-content\/uploads\/2025\/09\/grupo-segura.jpg","contentUrl":"https:\/\/www.fsegura.com\/wp-content\/uploads\/2025\/09\/grupo-segura.jpg","width":458,"height":136,"caption":"Grupo Segura"},"image":{"@id":"https:\/\/www.fsegura.com\/hu\/#\/schema\/logo\/image\/"}},{"@type":"Person","@id":"https:\/\/www.fsegura.com\/hu\/#\/schema\/person\/cf9d1abe35e7e038ac092685669e6ae5","name":"desarrollo","image":{"@type":"ImageObject","inLanguage":"hu","@id":"https:\/\/secure.gravatar.com\/avatar\/3b02f34f0ea5a10bc44d1813e23e909e4ef6fd1c0c78c7eed6d094a646af2836?s=96&d=mm&r=g","url":"https:\/\/secure.gravatar.com\/avatar\/3b02f34f0ea5a10bc44d1813e23e909e4ef6fd1c0c78c7eed6d094a646af2836?s=96&d=mm&r=g","contentUrl":"https:\/\/secure.gravatar.com\/avatar\/3b02f34f0ea5a10bc44d1813e23e909e4ef6fd1c0c78c7eed6d094a646af2836?s=96&d=mm&r=g","caption":"desarrollo"},"sameAs":["https:\/\/www.fsegura.com"],"url":"https:\/\/www.fsegura.com\/hu\/author\/desarrollo\/"}]}},"_links":{"self":[{"href":"https:\/\/www.fsegura.com\/hu\/wp-json\/wp\/v2\/posts\/5554","targetHints":{"allow":["GET"]}}],"collection":[{"href":"https:\/\/www.fsegura.com\/hu\/wp-json\/wp\/v2\/posts"}],"about":[{"href":"https:\/\/www.fsegura.com\/hu\/wp-json\/wp\/v2\/types\/post"}],"author":[{"embeddable":true,"href":"https:\/\/www.fsegura.com\/hu\/wp-json\/wp\/v2\/users\/1"}],"replies":[{"embeddable":true,"href":"https:\/\/www.fsegura.com\/hu\/wp-json\/wp\/v2\/comments?post=5554"}],"version-history":[{"count":0,"href":"https:\/\/www.fsegura.com\/hu\/wp-json\/wp\/v2\/posts\/5554\/revisions"}],"wp:featuredmedia":[{"embeddable":true,"href":"https:\/\/www.fsegura.com\/hu\/wp-json\/wp\/v2\/media\/5319"}],"wp:attachment":[{"href":"https:\/\/www.fsegura.com\/hu\/wp-json\/wp\/v2\/media?parent=5554"}],"wp:term":[{"taxonomy":"category","embeddable":true,"href":"https:\/\/www.fsegura.com\/hu\/wp-json\/wp\/v2\/categories?post=5554"},{"taxonomy":"post_tag","embeddable":true,"href":"https:\/\/www.fsegura.com\/hu\/wp-json\/wp\/v2\/tags?post=5554"}],"curies":[{"name":"wp","href":"https:\/\/api.w.org\/{rel}","templated":true}]}}