{"id":5555,"date":"2016-10-28T14:52:38","date_gmt":"2016-10-28T14:52:38","guid":{"rendered":"https:\/\/www.fsegura.com\/2016\/10\/28\/a-grupo-segura-reszt-vesz-az-1956-os-magyar-szabadsagharc-es-forradalom-60-evfordulojanak-alkalmabol-megszervezett-megemlekezo-rendezvenyeken\/"},"modified":"2016-10-28T14:52:38","modified_gmt":"2016-10-28T14:52:38","slug":"a-grupo-segura-reszt-vesz-az-1956-os-magyar-szabadsagharc-es-forradalom-60-evfordulojanak-alkalmabol-megszervezett-megemlekezo-rendezvenyeken","status":"publish","type":"post","link":"https:\/\/www.fsegura.com\/hu\/a-grupo-segura-reszt-vesz-az-1956-os-magyar-szabadsagharc-es-forradalom-60-evfordulojanak-alkalmabol-megszervezett-megemlekezo-rendezvenyeken\/","title":{"rendered":"A Grupo Segura r\u00e9szt vesz az 1956-os magyar szabads\u00e1gharc \u00e9s forradalom 60. \u00e9vfordul\u00f3j\u00e1nak alkalm\u00e1b\u00f3l megszervezett megeml\u00e9kez\u0151 rendezv\u00e9nyeken"},"content":{"rendered":"<p><a href=\"https:\/\/www.fsegura.com\/wp-content\/uploads\/2016\/10\/Manuel.jpg\"><img fetchpriority=\"high\" decoding=\"async\" class=\"alignnone size-large wp-image-6073\" src=\"https:\/\/www.fsegura.com\/wp-content\/uploads\/2016\/10\/Manuel-1024x576.jpg\" alt=\"Manuel\" width=\"1024\" height=\"576\" \/><\/a><\/p>\n<p>Az 1956-os magyar pro-szt\u00e1linista korm\u00e1ny elnyom\u00e1sa ellen ir\u00e1nyul\u00f3 forradalom \u00e9s szabads\u00e1gharc 60. \u00e9vfordul\u00f3j\u00e1nak alkalm\u00e1b\u00f3l ker\u00fclt sor ez \u00e9v okt\u00f3ber 19.-\u00e9n a Madrid-i Polg\u00e1rmestern\u0151, Manuela Carmena \u00e9s a Magyar Nagyk\u00f6vetasszony, Gy\u0151ri Enik\u0151 \u00a0k\u00f6zrem\u0171k\u00f6d\u00e9s\u00e9vel \u00a0a szabads\u00e1gharc megeml\u00e9kez\u00e9s\u00e9re, a Madridban \u00e9l\u0151 szoborm\u0171v\u00e9sz, Fodor-Lengyel Zolt\u00e1n \u00e1ltal megmunk\u00e1lt eml\u00e9km\u0171 felavat\u00e1s\u00e1val.<\/p>\n<p>Ez a szobor a magyar embereknek \u00e9s fiataloknak az egyetemes ide\u00e1ljuk\u00e9rt, a szabads\u00e1g\u00e9rt v\u00edvott harcban bebizony\u00edtott b\u00e1tors\u00e1g\u00e1t \u00e9s b\u00fcszkes\u00e9g\u00e9t t\u00fckr\u00f6zi vissza.<\/p>\n<p>\u00dcnnepi besz\u00e9d\u00e9ben a polg\u00e1rmestern\u00e9 az embereket egyes\u00edt\u0151 egyetemes \u00e9rt\u00e9keket hangs\u00falyozta ki, valamint besz\u00e9lt a francia forradalom ideol\u00f3gi\u00e1j\u00e1t jelk\u00e9pez\u0151\u00a0 \u201c la libert\u00e9, l&#8217;\u00e9galit\u00e9 et la fraternit\u00e9\u201d eszm\u00e9ir\u0151l, \u00e9s arr\u00f3l hogy hogy bizonyult a magyar forradalom m\u00e9lt\u00f3 folytat\u00e1s\u00e1nak ezen libertari\u00e1nus jelens\u00e9gnek.<\/p>\n<p>Az \u00fcnneps\u00e9gen &#8211; t\u00f6bbek k\u00f6z\u00f6tt &#8211; tisztelet\u00e9t tette a Magyar Orsz\u00e1ggy\u0171l\u00e9s eln\u00f6ke, K\u00f6v\u00e9r L\u00e1szl\u00f3, a helyi \u00d6nkorm\u00e1nyzati csoportok sz\u00f3viv\u0151i \u00e9s k\u00e9pvisel\u0151i, \u00a0a ker\u00fcleti tan\u00e1csos, Marta G\u00f3mez Lahoz, valamint a madridi Magyar K\u00f6z\u00f6ss\u00e9g tagjai. Megtisztelt vend\u00e9gk\u00e9nt szerepelt a megh\u00edvottak k\u00f6z\u00f6tt T\u00f3th-Zele J\u00f3zsef, az 1956-os forradalom egyik k\u00fclf\u00f6ldre k\u00e9nyszer\u00fclt tagja, aki az\u00f3ta is Spanyolorsz\u00e1gban \u00e9l, az Atl\u00e9tico de Madrid egykori j\u00e1t\u00e9kosa, \u00e9s aki az id\u0151k t\u00e1vlat\u00e1b\u00f3l visszaeml\u00e9kezve \u00a0el\u00e9rz\u00e9keny\u00fclten besz\u00e9lt az 1956-os \u00e1ltala \u00e1t\u00e9lt v\u00e9res esem\u00e9nyekr\u0151l, mely sok honfit\u00e1rs\u00e1nak az \u00e9let\u00e9be ker\u00fclt.<\/p>\n<p>R\u00e9sz\u00fcnkr\u0151l, mint Magyarorsz\u00e1gon legy\u00f6kerezett spanyol c\u00e9g, r\u00e9szt vett\u00fcnk ezen az \u00e9rzelmekkel \u00e9s k\u00f6sz\u00f6netekkel teli megeml\u00e9kez\u00e9sen, bizony\u00edtva tisztelet\u00fcnket \u00e9s szolidarit\u00e1sunkat azokkal a fiatalokkal, akik 1956-os fell\u00e1zad\u00e1sukkal seg\u00edtett\u00e9k lefektetni annak az eur\u00f3pai \u00a0egy\u00fctt\u00e9l\u00e9snek az alapjait, melyeket ma mindannyian \u00e9lvezni tudunk.<\/p>\n<p>K\u00f6sz\u00f6net mindenkinek.<\/p>\n<p>&nbsp;<\/p>\n","protected":false},"excerpt":{"rendered":"<p>Az 1956-os magyar pro-szt\u00e1linista korm\u00e1ny elnyom\u00e1sa ellen ir\u00e1nyul\u00f3 forradalom \u00e9s szabads\u00e1gharc 60. \u00e9vfordul\u00f3j\u00e1nak alkalm\u00e1b\u00f3l ker\u00fclt sor ez \u00e9v okt\u00f3ber 19.-\u00e9n a Madrid-i Polg\u00e1rmestern\u0151, Manuela Carmena \u00e9s a Magyar Nagyk\u00f6vetasszony, Gy\u0151ri Enik\u0151 \u00a0k\u00f6zrem\u0171k\u00f6d\u00e9s\u00e9vel \u00a0a szabads\u00e1gharc megeml\u00e9kez\u00e9s\u00e9re, a Madridban \u00e9l\u0151 szoborm\u0171v\u00e9sz, Fodor-Lengyel Zolt\u00e1n \u00e1ltal megmunk\u00e1lt eml\u00e9km\u0171 felavat\u00e1s\u00e1val. Ez a szobor a magyar embereknek \u00e9s fiataloknak az egyetemes [&hellip;]<\/p>\n","protected":false},"author":1,"featured_media":5323,"comment_status":"open","ping_status":"open","sticky":false,"template":"","format":"standard","meta":{"_acf_changed":false,"_eb_attr":"","footnotes":""},"categories":[1],"tags":[],"class_list":["post-5555","post","type-post","status-publish","format-standard","has-post-thumbnail","hentry","category-sin-categorizar"],"acf":[],"yoast_head":"<!-- This site is optimized with the Yoast SEO plugin v27.4 - https:\/\/yoast.com\/product\/yoast-seo-wordpress\/ -->\n<title>A Grupo Segura r\u00e9szt vesz az 1956-os magyar szabads\u00e1gharc \u00e9s forradalom 60. \u00e9vfordul\u00f3j\u00e1nak alkalm\u00e1b\u00f3l megszervezett megeml\u00e9kez\u0151 rendezv\u00e9nyeken - Grupo Segura<\/title>\n<meta name=\"robots\" content=\"index, follow, max-snippet:-1, max-image-preview:large, max-video-preview:-1\" \/>\n<link rel=\"canonical\" href=\"https:\/\/www.fsegura.com\/hu\/a-grupo-segura-reszt-vesz-az-1956-os-magyar-szabadsagharc-es-forradalom-60-evfordulojanak-alkalmabol-megszervezett-megemlekezo-rendezvenyeken\/\" \/>\n<meta property=\"og:locale\" content=\"hu_HU\" \/>\n<meta property=\"og:type\" content=\"article\" \/>\n<meta property=\"og:title\" content=\"A Grupo Segura r\u00e9szt vesz az 1956-os magyar szabads\u00e1gharc \u00e9s forradalom 60. \u00e9vfordul\u00f3j\u00e1nak alkalm\u00e1b\u00f3l megszervezett megeml\u00e9kez\u0151 rendezv\u00e9nyeken - Grupo Segura\" \/>\n<meta property=\"og:description\" content=\"Az 1956-os magyar pro-szt\u00e1linista korm\u00e1ny elnyom\u00e1sa ellen ir\u00e1nyul\u00f3 forradalom \u00e9s szabads\u00e1gharc 60. \u00e9vfordul\u00f3j\u00e1nak alkalm\u00e1b\u00f3l ker\u00fclt sor ez \u00e9v okt\u00f3ber 19.-\u00e9n a Madrid-i Polg\u00e1rmestern\u0151, Manuela Carmena \u00e9s a Magyar Nagyk\u00f6vetasszony, Gy\u0151ri Enik\u0151 \u00a0k\u00f6zrem\u0171k\u00f6d\u00e9s\u00e9vel \u00a0a szabads\u00e1gharc megeml\u00e9kez\u00e9s\u00e9re, a Madridban \u00e9l\u0151 szoborm\u0171v\u00e9sz, Fodor-Lengyel Zolt\u00e1n \u00e1ltal megmunk\u00e1lt eml\u00e9km\u0171 felavat\u00e1s\u00e1val. Ez a szobor a magyar embereknek \u00e9s fiataloknak az egyetemes [&hellip;]\" \/>\n<meta property=\"og:url\" content=\"https:\/\/www.fsegura.com\/hu\/a-grupo-segura-reszt-vesz-az-1956-os-magyar-szabadsagharc-es-forradalom-60-evfordulojanak-alkalmabol-megszervezett-megemlekezo-rendezvenyeken\/\" \/>\n<meta property=\"og:site_name\" content=\"Grupo Segura\" \/>\n<meta property=\"article:published_time\" content=\"2016-10-28T14:52:38+00:00\" \/>\n<meta property=\"og:image\" content=\"https:\/\/www.fsegura.com\/wp-content\/uploads\/2025\/11\/IMG-20161021-WA0002.jpg\" \/>\n\t<meta property=\"og:image:width\" content=\"1400\" \/>\n\t<meta property=\"og:image:height\" content=\"787\" \/>\n\t<meta property=\"og:image:type\" content=\"image\/jpeg\" \/>\n<meta name=\"author\" content=\"desarrollo\" \/>\n<meta name=\"twitter:card\" content=\"summary_large_image\" \/>\n<meta name=\"twitter:label1\" content=\"Szerz\u0151:\" \/>\n\t<meta name=\"twitter:data1\" content=\"desarrollo\" \/>\n\t<meta name=\"twitter:label2\" content=\"Becs\u00fclt olvas\u00e1si id\u0151\" \/>\n\t<meta name=\"twitter:data2\" content=\"2 perc\" \/>\n<script type=\"application\/ld+json\" class=\"yoast-schema-graph\">{\"@context\":\"https:\\\/\\\/schema.org\",\"@graph\":[{\"@type\":\"Article\",\"@id\":\"https:\\\/\\\/www.fsegura.com\\\/hu\\\/a-grupo-segura-reszt-vesz-az-1956-os-magyar-szabadsagharc-es-forradalom-60-evfordulojanak-alkalmabol-megszervezett-megemlekezo-rendezvenyeken\\\/#article\",\"isPartOf\":{\"@id\":\"https:\\\/\\\/www.fsegura.com\\\/hu\\\/a-grupo-segura-reszt-vesz-az-1956-os-magyar-szabadsagharc-es-forradalom-60-evfordulojanak-alkalmabol-megszervezett-megemlekezo-rendezvenyeken\\\/\"},\"author\":{\"name\":\"desarrollo\",\"@id\":\"https:\\\/\\\/www.fsegura.com\\\/hu\\\/#\\\/schema\\\/person\\\/cf9d1abe35e7e038ac092685669e6ae5\"},\"headline\":\"A Grupo Segura r\u00e9szt vesz az 1956-os magyar szabads\u00e1gharc \u00e9s forradalom 60. \u00e9vfordul\u00f3j\u00e1nak alkalm\u00e1b\u00f3l megszervezett megeml\u00e9kez\u0151 rendezv\u00e9nyeken\",\"datePublished\":\"2016-10-28T14:52:38+00:00\",\"mainEntityOfPage\":{\"@id\":\"https:\\\/\\\/www.fsegura.com\\\/hu\\\/a-grupo-segura-reszt-vesz-az-1956-os-magyar-szabadsagharc-es-forradalom-60-evfordulojanak-alkalmabol-megszervezett-megemlekezo-rendezvenyeken\\\/\"},\"wordCount\":393,\"commentCount\":0,\"publisher\":{\"@id\":\"https:\\\/\\\/www.fsegura.com\\\/hu\\\/#organization\"},\"image\":{\"@id\":\"https:\\\/\\\/www.fsegura.com\\\/hu\\\/a-grupo-segura-reszt-vesz-az-1956-os-magyar-szabadsagharc-es-forradalom-60-evfordulojanak-alkalmabol-megszervezett-megemlekezo-rendezvenyeken\\\/#primaryimage\"},\"thumbnailUrl\":\"https:\\\/\\\/www.fsegura.com\\\/wp-content\\\/uploads\\\/2025\\\/11\\\/IMG-20161021-WA0002.jpg\",\"articleSection\":[\"Sin categorizar\"],\"inLanguage\":\"hu\",\"potentialAction\":[{\"@type\":\"CommentAction\",\"name\":\"Comment\",\"target\":[\"https:\\\/\\\/www.fsegura.com\\\/hu\\\/a-grupo-segura-reszt-vesz-az-1956-os-magyar-szabadsagharc-es-forradalom-60-evfordulojanak-alkalmabol-megszervezett-megemlekezo-rendezvenyeken\\\/#respond\"]}]},{\"@type\":\"WebPage\",\"@id\":\"https:\\\/\\\/www.fsegura.com\\\/hu\\\/a-grupo-segura-reszt-vesz-az-1956-os-magyar-szabadsagharc-es-forradalom-60-evfordulojanak-alkalmabol-megszervezett-megemlekezo-rendezvenyeken\\\/\",\"url\":\"https:\\\/\\\/www.fsegura.com\\\/hu\\\/a-grupo-segura-reszt-vesz-az-1956-os-magyar-szabadsagharc-es-forradalom-60-evfordulojanak-alkalmabol-megszervezett-megemlekezo-rendezvenyeken\\\/\",\"name\":\"A Grupo Segura r\u00e9szt vesz az 1956-os magyar szabads\u00e1gharc \u00e9s forradalom 60. \u00e9vfordul\u00f3j\u00e1nak alkalm\u00e1b\u00f3l megszervezett megeml\u00e9kez\u0151 rendezv\u00e9nyeken - Grupo Segura\",\"isPartOf\":{\"@id\":\"https:\\\/\\\/www.fsegura.com\\\/hu\\\/#website\"},\"primaryImageOfPage\":{\"@id\":\"https:\\\/\\\/www.fsegura.com\\\/hu\\\/a-grupo-segura-reszt-vesz-az-1956-os-magyar-szabadsagharc-es-forradalom-60-evfordulojanak-alkalmabol-megszervezett-megemlekezo-rendezvenyeken\\\/#primaryimage\"},\"image\":{\"@id\":\"https:\\\/\\\/www.fsegura.com\\\/hu\\\/a-grupo-segura-reszt-vesz-az-1956-os-magyar-szabadsagharc-es-forradalom-60-evfordulojanak-alkalmabol-megszervezett-megemlekezo-rendezvenyeken\\\/#primaryimage\"},\"thumbnailUrl\":\"https:\\\/\\\/www.fsegura.com\\\/wp-content\\\/uploads\\\/2025\\\/11\\\/IMG-20161021-WA0002.jpg\",\"datePublished\":\"2016-10-28T14:52:38+00:00\",\"breadcrumb\":{\"@id\":\"https:\\\/\\\/www.fsegura.com\\\/hu\\\/a-grupo-segura-reszt-vesz-az-1956-os-magyar-szabadsagharc-es-forradalom-60-evfordulojanak-alkalmabol-megszervezett-megemlekezo-rendezvenyeken\\\/#breadcrumb\"},\"inLanguage\":\"hu\",\"potentialAction\":[{\"@type\":\"ReadAction\",\"target\":[\"https:\\\/\\\/www.fsegura.com\\\/hu\\\/a-grupo-segura-reszt-vesz-az-1956-os-magyar-szabadsagharc-es-forradalom-60-evfordulojanak-alkalmabol-megszervezett-megemlekezo-rendezvenyeken\\\/\"]}]},{\"@type\":\"ImageObject\",\"inLanguage\":\"hu\",\"@id\":\"https:\\\/\\\/www.fsegura.com\\\/hu\\\/a-grupo-segura-reszt-vesz-az-1956-os-magyar-szabadsagharc-es-forradalom-60-evfordulojanak-alkalmabol-megszervezett-megemlekezo-rendezvenyeken\\\/#primaryimage\",\"url\":\"https:\\\/\\\/www.fsegura.com\\\/wp-content\\\/uploads\\\/2025\\\/11\\\/IMG-20161021-WA0002.jpg\",\"contentUrl\":\"https:\\\/\\\/www.fsegura.com\\\/wp-content\\\/uploads\\\/2025\\\/11\\\/IMG-20161021-WA0002.jpg\",\"width\":1400,\"height\":787,\"caption\":\"noticias\"},{\"@type\":\"BreadcrumbList\",\"@id\":\"https:\\\/\\\/www.fsegura.com\\\/hu\\\/a-grupo-segura-reszt-vesz-az-1956-os-magyar-szabadsagharc-es-forradalom-60-evfordulojanak-alkalmabol-megszervezett-megemlekezo-rendezvenyeken\\\/#breadcrumb\",\"itemListElement\":[{\"@type\":\"ListItem\",\"position\":1,\"name\":\"Portada\",\"item\":\"https:\\\/\\\/www.fsegura.com\\\/hu\\\/\"},{\"@type\":\"ListItem\",\"position\":2,\"name\":\"A Grupo Segura r\u00e9szt vesz az 1956-os magyar szabads\u00e1gharc \u00e9s forradalom 60. \u00e9vfordul\u00f3j\u00e1nak alkalm\u00e1b\u00f3l megszervezett megeml\u00e9kez\u0151 rendezv\u00e9nyeken\"}]},{\"@type\":\"WebSite\",\"@id\":\"https:\\\/\\\/www.fsegura.com\\\/hu\\\/#website\",\"url\":\"https:\\\/\\\/www.fsegura.com\\\/hu\\\/\",\"name\":\"Grupo Segura\",\"description\":\"Partner global para componentes de la automoci\u00f3n\",\"publisher\":{\"@id\":\"https:\\\/\\\/www.fsegura.com\\\/hu\\\/#organization\"},\"potentialAction\":[{\"@type\":\"SearchAction\",\"target\":{\"@type\":\"EntryPoint\",\"urlTemplate\":\"https:\\\/\\\/www.fsegura.com\\\/hu\\\/?s={search_term_string}\"},\"query-input\":{\"@type\":\"PropertyValueSpecification\",\"valueRequired\":true,\"valueName\":\"search_term_string\"}}],\"inLanguage\":\"hu\"},{\"@type\":\"Organization\",\"@id\":\"https:\\\/\\\/www.fsegura.com\\\/hu\\\/#organization\",\"name\":\"Grupo Segura\",\"url\":\"https:\\\/\\\/www.fsegura.com\\\/hu\\\/\",\"logo\":{\"@type\":\"ImageObject\",\"inLanguage\":\"hu\",\"@id\":\"https:\\\/\\\/www.fsegura.com\\\/hu\\\/#\\\/schema\\\/logo\\\/image\\\/\",\"url\":\"https:\\\/\\\/www.fsegura.com\\\/wp-content\\\/uploads\\\/2025\\\/09\\\/grupo-segura.jpg\",\"contentUrl\":\"https:\\\/\\\/www.fsegura.com\\\/wp-content\\\/uploads\\\/2025\\\/09\\\/grupo-segura.jpg\",\"width\":458,\"height\":136,\"caption\":\"Grupo Segura\"},\"image\":{\"@id\":\"https:\\\/\\\/www.fsegura.com\\\/hu\\\/#\\\/schema\\\/logo\\\/image\\\/\"}},{\"@type\":\"Person\",\"@id\":\"https:\\\/\\\/www.fsegura.com\\\/hu\\\/#\\\/schema\\\/person\\\/cf9d1abe35e7e038ac092685669e6ae5\",\"name\":\"desarrollo\",\"image\":{\"@type\":\"ImageObject\",\"inLanguage\":\"hu\",\"@id\":\"https:\\\/\\\/secure.gravatar.com\\\/avatar\\\/3b02f34f0ea5a10bc44d1813e23e909e4ef6fd1c0c78c7eed6d094a646af2836?s=96&d=mm&r=g\",\"url\":\"https:\\\/\\\/secure.gravatar.com\\\/avatar\\\/3b02f34f0ea5a10bc44d1813e23e909e4ef6fd1c0c78c7eed6d094a646af2836?s=96&d=mm&r=g\",\"contentUrl\":\"https:\\\/\\\/secure.gravatar.com\\\/avatar\\\/3b02f34f0ea5a10bc44d1813e23e909e4ef6fd1c0c78c7eed6d094a646af2836?s=96&d=mm&r=g\",\"caption\":\"desarrollo\"},\"sameAs\":[\"https:\\\/\\\/www.fsegura.com\"],\"url\":\"https:\\\/\\\/www.fsegura.com\\\/hu\\\/author\\\/desarrollo\\\/\"}]}<\/script>\n<!-- \/ Yoast SEO plugin. -->","yoast_head_json":{"title":"A Grupo Segura r\u00e9szt vesz az 1956-os magyar szabads\u00e1gharc \u00e9s forradalom 60. \u00e9vfordul\u00f3j\u00e1nak alkalm\u00e1b\u00f3l megszervezett megeml\u00e9kez\u0151 rendezv\u00e9nyeken - Grupo Segura","robots":{"index":"index","follow":"follow","max-snippet":"max-snippet:-1","max-image-preview":"max-image-preview:large","max-video-preview":"max-video-preview:-1"},"canonical":"https:\/\/www.fsegura.com\/hu\/a-grupo-segura-reszt-vesz-az-1956-os-magyar-szabadsagharc-es-forradalom-60-evfordulojanak-alkalmabol-megszervezett-megemlekezo-rendezvenyeken\/","og_locale":"hu_HU","og_type":"article","og_title":"A Grupo Segura r\u00e9szt vesz az 1956-os magyar szabads\u00e1gharc \u00e9s forradalom 60. \u00e9vfordul\u00f3j\u00e1nak alkalm\u00e1b\u00f3l megszervezett megeml\u00e9kez\u0151 rendezv\u00e9nyeken - Grupo Segura","og_description":"Az 1956-os magyar pro-szt\u00e1linista korm\u00e1ny elnyom\u00e1sa ellen ir\u00e1nyul\u00f3 forradalom \u00e9s szabads\u00e1gharc 60. \u00e9vfordul\u00f3j\u00e1nak alkalm\u00e1b\u00f3l ker\u00fclt sor ez \u00e9v okt\u00f3ber 19.-\u00e9n a Madrid-i Polg\u00e1rmestern\u0151, Manuela Carmena \u00e9s a Magyar Nagyk\u00f6vetasszony, Gy\u0151ri Enik\u0151 \u00a0k\u00f6zrem\u0171k\u00f6d\u00e9s\u00e9vel \u00a0a szabads\u00e1gharc megeml\u00e9kez\u00e9s\u00e9re, a Madridban \u00e9l\u0151 szoborm\u0171v\u00e9sz, Fodor-Lengyel Zolt\u00e1n \u00e1ltal megmunk\u00e1lt eml\u00e9km\u0171 felavat\u00e1s\u00e1val. Ez a szobor a magyar embereknek \u00e9s fiataloknak az egyetemes [&hellip;]","og_url":"https:\/\/www.fsegura.com\/hu\/a-grupo-segura-reszt-vesz-az-1956-os-magyar-szabadsagharc-es-forradalom-60-evfordulojanak-alkalmabol-megszervezett-megemlekezo-rendezvenyeken\/","og_site_name":"Grupo Segura","article_published_time":"2016-10-28T14:52:38+00:00","og_image":[{"width":1400,"height":787,"url":"https:\/\/www.fsegura.com\/wp-content\/uploads\/2025\/11\/IMG-20161021-WA0002.jpg","type":"image\/jpeg"}],"author":"desarrollo","twitter_card":"summary_large_image","twitter_misc":{"Szerz\u0151:":"desarrollo","Becs\u00fclt olvas\u00e1si id\u0151":"2 perc"},"schema":{"@context":"https:\/\/schema.org","@graph":[{"@type":"Article","@id":"https:\/\/www.fsegura.com\/hu\/a-grupo-segura-reszt-vesz-az-1956-os-magyar-szabadsagharc-es-forradalom-60-evfordulojanak-alkalmabol-megszervezett-megemlekezo-rendezvenyeken\/#article","isPartOf":{"@id":"https:\/\/www.fsegura.com\/hu\/a-grupo-segura-reszt-vesz-az-1956-os-magyar-szabadsagharc-es-forradalom-60-evfordulojanak-alkalmabol-megszervezett-megemlekezo-rendezvenyeken\/"},"author":{"name":"desarrollo","@id":"https:\/\/www.fsegura.com\/hu\/#\/schema\/person\/cf9d1abe35e7e038ac092685669e6ae5"},"headline":"A Grupo Segura r\u00e9szt vesz az 1956-os magyar szabads\u00e1gharc \u00e9s forradalom 60. \u00e9vfordul\u00f3j\u00e1nak alkalm\u00e1b\u00f3l megszervezett megeml\u00e9kez\u0151 rendezv\u00e9nyeken","datePublished":"2016-10-28T14:52:38+00:00","mainEntityOfPage":{"@id":"https:\/\/www.fsegura.com\/hu\/a-grupo-segura-reszt-vesz-az-1956-os-magyar-szabadsagharc-es-forradalom-60-evfordulojanak-alkalmabol-megszervezett-megemlekezo-rendezvenyeken\/"},"wordCount":393,"commentCount":0,"publisher":{"@id":"https:\/\/www.fsegura.com\/hu\/#organization"},"image":{"@id":"https:\/\/www.fsegura.com\/hu\/a-grupo-segura-reszt-vesz-az-1956-os-magyar-szabadsagharc-es-forradalom-60-evfordulojanak-alkalmabol-megszervezett-megemlekezo-rendezvenyeken\/#primaryimage"},"thumbnailUrl":"https:\/\/www.fsegura.com\/wp-content\/uploads\/2025\/11\/IMG-20161021-WA0002.jpg","articleSection":["Sin categorizar"],"inLanguage":"hu","potentialAction":[{"@type":"CommentAction","name":"Comment","target":["https:\/\/www.fsegura.com\/hu\/a-grupo-segura-reszt-vesz-az-1956-os-magyar-szabadsagharc-es-forradalom-60-evfordulojanak-alkalmabol-megszervezett-megemlekezo-rendezvenyeken\/#respond"]}]},{"@type":"WebPage","@id":"https:\/\/www.fsegura.com\/hu\/a-grupo-segura-reszt-vesz-az-1956-os-magyar-szabadsagharc-es-forradalom-60-evfordulojanak-alkalmabol-megszervezett-megemlekezo-rendezvenyeken\/","url":"https:\/\/www.fsegura.com\/hu\/a-grupo-segura-reszt-vesz-az-1956-os-magyar-szabadsagharc-es-forradalom-60-evfordulojanak-alkalmabol-megszervezett-megemlekezo-rendezvenyeken\/","name":"A Grupo Segura r\u00e9szt vesz az 1956-os magyar szabads\u00e1gharc \u00e9s forradalom 60. \u00e9vfordul\u00f3j\u00e1nak alkalm\u00e1b\u00f3l megszervezett megeml\u00e9kez\u0151 rendezv\u00e9nyeken - Grupo Segura","isPartOf":{"@id":"https:\/\/www.fsegura.com\/hu\/#website"},"primaryImageOfPage":{"@id":"https:\/\/www.fsegura.com\/hu\/a-grupo-segura-reszt-vesz-az-1956-os-magyar-szabadsagharc-es-forradalom-60-evfordulojanak-alkalmabol-megszervezett-megemlekezo-rendezvenyeken\/#primaryimage"},"image":{"@id":"https:\/\/www.fsegura.com\/hu\/a-grupo-segura-reszt-vesz-az-1956-os-magyar-szabadsagharc-es-forradalom-60-evfordulojanak-alkalmabol-megszervezett-megemlekezo-rendezvenyeken\/#primaryimage"},"thumbnailUrl":"https:\/\/www.fsegura.com\/wp-content\/uploads\/2025\/11\/IMG-20161021-WA0002.jpg","datePublished":"2016-10-28T14:52:38+00:00","breadcrumb":{"@id":"https:\/\/www.fsegura.com\/hu\/a-grupo-segura-reszt-vesz-az-1956-os-magyar-szabadsagharc-es-forradalom-60-evfordulojanak-alkalmabol-megszervezett-megemlekezo-rendezvenyeken\/#breadcrumb"},"inLanguage":"hu","potentialAction":[{"@type":"ReadAction","target":["https:\/\/www.fsegura.com\/hu\/a-grupo-segura-reszt-vesz-az-1956-os-magyar-szabadsagharc-es-forradalom-60-evfordulojanak-alkalmabol-megszervezett-megemlekezo-rendezvenyeken\/"]}]},{"@type":"ImageObject","inLanguage":"hu","@id":"https:\/\/www.fsegura.com\/hu\/a-grupo-segura-reszt-vesz-az-1956-os-magyar-szabadsagharc-es-forradalom-60-evfordulojanak-alkalmabol-megszervezett-megemlekezo-rendezvenyeken\/#primaryimage","url":"https:\/\/www.fsegura.com\/wp-content\/uploads\/2025\/11\/IMG-20161021-WA0002.jpg","contentUrl":"https:\/\/www.fsegura.com\/wp-content\/uploads\/2025\/11\/IMG-20161021-WA0002.jpg","width":1400,"height":787,"caption":"noticias"},{"@type":"BreadcrumbList","@id":"https:\/\/www.fsegura.com\/hu\/a-grupo-segura-reszt-vesz-az-1956-os-magyar-szabadsagharc-es-forradalom-60-evfordulojanak-alkalmabol-megszervezett-megemlekezo-rendezvenyeken\/#breadcrumb","itemListElement":[{"@type":"ListItem","position":1,"name":"Portada","item":"https:\/\/www.fsegura.com\/hu\/"},{"@type":"ListItem","position":2,"name":"A Grupo Segura r\u00e9szt vesz az 1956-os magyar szabads\u00e1gharc \u00e9s forradalom 60. \u00e9vfordul\u00f3j\u00e1nak alkalm\u00e1b\u00f3l megszervezett megeml\u00e9kez\u0151 rendezv\u00e9nyeken"}]},{"@type":"WebSite","@id":"https:\/\/www.fsegura.com\/hu\/#website","url":"https:\/\/www.fsegura.com\/hu\/","name":"Grupo Segura","description":"Partner global para componentes de la automoci\u00f3n","publisher":{"@id":"https:\/\/www.fsegura.com\/hu\/#organization"},"potentialAction":[{"@type":"SearchAction","target":{"@type":"EntryPoint","urlTemplate":"https:\/\/www.fsegura.com\/hu\/?s={search_term_string}"},"query-input":{"@type":"PropertyValueSpecification","valueRequired":true,"valueName":"search_term_string"}}],"inLanguage":"hu"},{"@type":"Organization","@id":"https:\/\/www.fsegura.com\/hu\/#organization","name":"Grupo Segura","url":"https:\/\/www.fsegura.com\/hu\/","logo":{"@type":"ImageObject","inLanguage":"hu","@id":"https:\/\/www.fsegura.com\/hu\/#\/schema\/logo\/image\/","url":"https:\/\/www.fsegura.com\/wp-content\/uploads\/2025\/09\/grupo-segura.jpg","contentUrl":"https:\/\/www.fsegura.com\/wp-content\/uploads\/2025\/09\/grupo-segura.jpg","width":458,"height":136,"caption":"Grupo Segura"},"image":{"@id":"https:\/\/www.fsegura.com\/hu\/#\/schema\/logo\/image\/"}},{"@type":"Person","@id":"https:\/\/www.fsegura.com\/hu\/#\/schema\/person\/cf9d1abe35e7e038ac092685669e6ae5","name":"desarrollo","image":{"@type":"ImageObject","inLanguage":"hu","@id":"https:\/\/secure.gravatar.com\/avatar\/3b02f34f0ea5a10bc44d1813e23e909e4ef6fd1c0c78c7eed6d094a646af2836?s=96&d=mm&r=g","url":"https:\/\/secure.gravatar.com\/avatar\/3b02f34f0ea5a10bc44d1813e23e909e4ef6fd1c0c78c7eed6d094a646af2836?s=96&d=mm&r=g","contentUrl":"https:\/\/secure.gravatar.com\/avatar\/3b02f34f0ea5a10bc44d1813e23e909e4ef6fd1c0c78c7eed6d094a646af2836?s=96&d=mm&r=g","caption":"desarrollo"},"sameAs":["https:\/\/www.fsegura.com"],"url":"https:\/\/www.fsegura.com\/hu\/author\/desarrollo\/"}]}},"_links":{"self":[{"href":"https:\/\/www.fsegura.com\/hu\/wp-json\/wp\/v2\/posts\/5555","targetHints":{"allow":["GET"]}}],"collection":[{"href":"https:\/\/www.fsegura.com\/hu\/wp-json\/wp\/v2\/posts"}],"about":[{"href":"https:\/\/www.fsegura.com\/hu\/wp-json\/wp\/v2\/types\/post"}],"author":[{"embeddable":true,"href":"https:\/\/www.fsegura.com\/hu\/wp-json\/wp\/v2\/users\/1"}],"replies":[{"embeddable":true,"href":"https:\/\/www.fsegura.com\/hu\/wp-json\/wp\/v2\/comments?post=5555"}],"version-history":[{"count":0,"href":"https:\/\/www.fsegura.com\/hu\/wp-json\/wp\/v2\/posts\/5555\/revisions"}],"wp:featuredmedia":[{"embeddable":true,"href":"https:\/\/www.fsegura.com\/hu\/wp-json\/wp\/v2\/media\/5323"}],"wp:attachment":[{"href":"https:\/\/www.fsegura.com\/hu\/wp-json\/wp\/v2\/media?parent=5555"}],"wp:term":[{"taxonomy":"category","embeddable":true,"href":"https:\/\/www.fsegura.com\/hu\/wp-json\/wp\/v2\/categories?post=5555"},{"taxonomy":"post_tag","embeddable":true,"href":"https:\/\/www.fsegura.com\/hu\/wp-json\/wp\/v2\/tags?post=5555"}],"curies":[{"name":"wp","href":"https:\/\/api.w.org\/{rel}","templated":true}]}}