{"id":5557,"date":"2016-11-23T10:50:07","date_gmt":"2016-11-23T10:50:07","guid":{"rendered":"https:\/\/www.fsegura.com\/2016\/11\/23\/a-grupo-segura-a-valenciai-muszaki-egyetem-upv-tarsadalmi-tanacs-es-igazgatasi-es-vallalati-kultura-tanszekenek-uj-tagja-lett\/"},"modified":"2016-11-23T10:50:07","modified_gmt":"2016-11-23T10:50:07","slug":"a-grupo-segura-a-valenciai-muszaki-egyetem-upv-tarsadalmi-tanacs-es-igazgatasi-es-vallalati-kultura-tanszekenek-uj-tagja-lett","status":"publish","type":"post","link":"https:\/\/www.fsegura.com\/hu\/a-grupo-segura-a-valenciai-muszaki-egyetem-upv-tarsadalmi-tanacs-es-igazgatasi-es-vallalati-kultura-tanszekenek-uj-tagja-lett\/","title":{"rendered":"A Grupo Segura a Valenciai M\u0171szaki Egyetem (UPV) T\u00e1rsadalmi Tan\u00e1cs \u00e9s Igazgat\u00e1si \u00e9s V\u00e1llalati Kult\u00fara Tansz\u00e9k\u00e9nek \u00faj tagja lett"},"content":{"rendered":"<p>A Valenciai M\u0171szaki Egyetem\u00a0 (UPV)T\u00e1rsadalmi Tan\u00e1csa kedden kijelentette 4 \u00faj t\u00e1mogat\u00f3 tag csatlakoz\u00e1s\u00e1t az Igazgat\u00e1si \u00e9s V\u00e1llalati Kult\u00fara Tansz\u00e9k\u00e9hez. Grupo Segura, G\u00f3mez Acebo &amp; Pombo Abogados, GD Energy Services \u00e9s Seguros Uni\u00f3n la Alcoyana hozz\u00e1csatlakoztak a k\u00f6zelm\u00faltban m\u00e1r kapcsol\u00f3d\u00f3\u00a0 Air Nostrum, Fundaci\u00f3n IVO \u00e9s Pinturas Isaval v\u00e1llalatokhoz, vel\u00fck k\u00f6z\u00f6sen az Egyetem (UPV) Tansz\u00e9k\u00e9t egyediv\u00e9 tett\u00e9k, mely jelen pillanatban v\u00e1llalatok \u00e9s szervezetek egy\u00fcttes\u00e9ben 19 munkaad\u00f3 t\u00e1mogat\u00e1s\u00e1val sz\u00e1molhat.<\/p>\n<p><a href=\"http:\/\/www.lavanguardia.com\/vida\/20161115\/411890106522\/la-catedra-cultura-directiva-y-empresarial-del-consejo-social-de-la-upv-suma-cuatro-nuevos-patronos.html\" target=\"_blank\">La Vanguardia<\/a><\/p>\n<p><a href=\"http:\/\/www.lasprovincias.es\/agencias\/valencia\/201611\/15\/catedra-cultura-directiva-empresarial-821032.html\" target=\"_blank\">Las Provincias<\/a><\/p>\n<p>&nbsp;<\/p>\n<p>&nbsp;<\/p>\n<p>&nbsp;<\/p>\n","protected":false},"excerpt":{"rendered":"<p>A Valenciai M\u0171szaki Egyetem\u00a0 (UPV)T\u00e1rsadalmi Tan\u00e1csa kedden kijelentette 4 \u00faj t\u00e1mogat\u00f3 tag csatlakoz\u00e1s\u00e1t az Igazgat\u00e1si \u00e9s V\u00e1llalati Kult\u00fara Tansz\u00e9k\u00e9hez. Grupo Segura, G\u00f3mez Acebo &amp; Pombo Abogados, GD Energy Services \u00e9s Seguros Uni\u00f3n la Alcoyana hozz\u00e1csatlakoztak a k\u00f6zelm\u00faltban m\u00e1r kapcsol\u00f3d\u00f3\u00a0 Air Nostrum, Fundaci\u00f3n IVO \u00e9s Pinturas Isaval v\u00e1llalatokhoz, vel\u00fck k\u00f6z\u00f6sen az Egyetem (UPV) Tansz\u00e9k\u00e9t egyediv\u00e9 tett\u00e9k, [&hellip;]<\/p>\n","protected":false},"author":1,"featured_media":0,"comment_status":"open","ping_status":"open","sticky":false,"template":"","format":"standard","meta":{"_acf_changed":false,"_eb_attr":"","footnotes":""},"categories":[1],"tags":[],"class_list":["post-5557","post","type-post","status-publish","format-standard","hentry","category-sin-categorizar"],"acf":[],"yoast_head":"<!-- This site is optimized with the Yoast SEO plugin v27.4 - https:\/\/yoast.com\/product\/yoast-seo-wordpress\/ -->\n<title>A Grupo Segura a Valenciai M\u0171szaki Egyetem (UPV) T\u00e1rsadalmi Tan\u00e1cs \u00e9s Igazgat\u00e1si \u00e9s V\u00e1llalati Kult\u00fara Tansz\u00e9k\u00e9nek \u00faj tagja lett - Grupo Segura<\/title>\n<meta name=\"robots\" content=\"index, follow, max-snippet:-1, max-image-preview:large, max-video-preview:-1\" \/>\n<link rel=\"canonical\" href=\"https:\/\/www.fsegura.com\/hu\/a-grupo-segura-a-valenciai-muszaki-egyetem-upv-tarsadalmi-tanacs-es-igazgatasi-es-vallalati-kultura-tanszekenek-uj-tagja-lett\/\" \/>\n<meta property=\"og:locale\" content=\"hu_HU\" \/>\n<meta property=\"og:type\" content=\"article\" \/>\n<meta property=\"og:title\" content=\"A Grupo Segura a Valenciai M\u0171szaki Egyetem (UPV) T\u00e1rsadalmi Tan\u00e1cs \u00e9s Igazgat\u00e1si \u00e9s V\u00e1llalati Kult\u00fara Tansz\u00e9k\u00e9nek \u00faj tagja lett - Grupo Segura\" \/>\n<meta property=\"og:description\" content=\"A Valenciai M\u0171szaki Egyetem\u00a0 (UPV)T\u00e1rsadalmi Tan\u00e1csa kedden kijelentette 4 \u00faj t\u00e1mogat\u00f3 tag csatlakoz\u00e1s\u00e1t az Igazgat\u00e1si \u00e9s V\u00e1llalati Kult\u00fara Tansz\u00e9k\u00e9hez. Grupo Segura, G\u00f3mez Acebo &amp; Pombo Abogados, GD Energy Services \u00e9s Seguros Uni\u00f3n la Alcoyana hozz\u00e1csatlakoztak a k\u00f6zelm\u00faltban m\u00e1r kapcsol\u00f3d\u00f3\u00a0 Air Nostrum, Fundaci\u00f3n IVO \u00e9s Pinturas Isaval v\u00e1llalatokhoz, vel\u00fck k\u00f6z\u00f6sen az Egyetem (UPV) Tansz\u00e9k\u00e9t egyediv\u00e9 tett\u00e9k, [&hellip;]\" \/>\n<meta property=\"og:url\" content=\"https:\/\/www.fsegura.com\/hu\/a-grupo-segura-a-valenciai-muszaki-egyetem-upv-tarsadalmi-tanacs-es-igazgatasi-es-vallalati-kultura-tanszekenek-uj-tagja-lett\/\" \/>\n<meta property=\"og:site_name\" content=\"Grupo Segura\" \/>\n<meta property=\"article:published_time\" content=\"2016-11-23T10:50:07+00:00\" \/>\n<meta name=\"author\" content=\"desarrollo\" \/>\n<meta name=\"twitter:card\" content=\"summary_large_image\" \/>\n<meta name=\"twitter:label1\" content=\"Szerz\u0151:\" \/>\n\t<meta name=\"twitter:data1\" content=\"desarrollo\" \/>\n\t<meta name=\"twitter:label2\" content=\"Becs\u00fclt olvas\u00e1si id\u0151\" \/>\n\t<meta name=\"twitter:data2\" content=\"1 perc\" \/>\n<script type=\"application\/ld+json\" class=\"yoast-schema-graph\">{\"@context\":\"https:\\\/\\\/schema.org\",\"@graph\":[{\"@type\":\"Article\",\"@id\":\"https:\\\/\\\/www.fsegura.com\\\/hu\\\/a-grupo-segura-a-valenciai-muszaki-egyetem-upv-tarsadalmi-tanacs-es-igazgatasi-es-vallalati-kultura-tanszekenek-uj-tagja-lett\\\/#article\",\"isPartOf\":{\"@id\":\"https:\\\/\\\/www.fsegura.com\\\/hu\\\/a-grupo-segura-a-valenciai-muszaki-egyetem-upv-tarsadalmi-tanacs-es-igazgatasi-es-vallalati-kultura-tanszekenek-uj-tagja-lett\\\/\"},\"author\":{\"name\":\"desarrollo\",\"@id\":\"https:\\\/\\\/www.fsegura.com\\\/hu\\\/#\\\/schema\\\/person\\\/cf9d1abe35e7e038ac092685669e6ae5\"},\"headline\":\"A Grupo Segura a Valenciai M\u0171szaki Egyetem (UPV) T\u00e1rsadalmi Tan\u00e1cs \u00e9s Igazgat\u00e1si \u00e9s V\u00e1llalati Kult\u00fara Tansz\u00e9k\u00e9nek \u00faj tagja lett\",\"datePublished\":\"2016-11-23T10:50:07+00:00\",\"mainEntityOfPage\":{\"@id\":\"https:\\\/\\\/www.fsegura.com\\\/hu\\\/a-grupo-segura-a-valenciai-muszaki-egyetem-upv-tarsadalmi-tanacs-es-igazgatasi-es-vallalati-kultura-tanszekenek-uj-tagja-lett\\\/\"},\"wordCount\":132,\"commentCount\":0,\"publisher\":{\"@id\":\"https:\\\/\\\/www.fsegura.com\\\/hu\\\/#organization\"},\"articleSection\":[\"Sin categorizar\"],\"inLanguage\":\"hu\",\"potentialAction\":[{\"@type\":\"CommentAction\",\"name\":\"Comment\",\"target\":[\"https:\\\/\\\/www.fsegura.com\\\/hu\\\/a-grupo-segura-a-valenciai-muszaki-egyetem-upv-tarsadalmi-tanacs-es-igazgatasi-es-vallalati-kultura-tanszekenek-uj-tagja-lett\\\/#respond\"]}]},{\"@type\":\"WebPage\",\"@id\":\"https:\\\/\\\/www.fsegura.com\\\/hu\\\/a-grupo-segura-a-valenciai-muszaki-egyetem-upv-tarsadalmi-tanacs-es-igazgatasi-es-vallalati-kultura-tanszekenek-uj-tagja-lett\\\/\",\"url\":\"https:\\\/\\\/www.fsegura.com\\\/hu\\\/a-grupo-segura-a-valenciai-muszaki-egyetem-upv-tarsadalmi-tanacs-es-igazgatasi-es-vallalati-kultura-tanszekenek-uj-tagja-lett\\\/\",\"name\":\"A Grupo Segura a Valenciai M\u0171szaki Egyetem (UPV) T\u00e1rsadalmi Tan\u00e1cs \u00e9s Igazgat\u00e1si \u00e9s V\u00e1llalati Kult\u00fara Tansz\u00e9k\u00e9nek \u00faj tagja lett - Grupo Segura\",\"isPartOf\":{\"@id\":\"https:\\\/\\\/www.fsegura.com\\\/hu\\\/#website\"},\"datePublished\":\"2016-11-23T10:50:07+00:00\",\"breadcrumb\":{\"@id\":\"https:\\\/\\\/www.fsegura.com\\\/hu\\\/a-grupo-segura-a-valenciai-muszaki-egyetem-upv-tarsadalmi-tanacs-es-igazgatasi-es-vallalati-kultura-tanszekenek-uj-tagja-lett\\\/#breadcrumb\"},\"inLanguage\":\"hu\",\"potentialAction\":[{\"@type\":\"ReadAction\",\"target\":[\"https:\\\/\\\/www.fsegura.com\\\/hu\\\/a-grupo-segura-a-valenciai-muszaki-egyetem-upv-tarsadalmi-tanacs-es-igazgatasi-es-vallalati-kultura-tanszekenek-uj-tagja-lett\\\/\"]}]},{\"@type\":\"BreadcrumbList\",\"@id\":\"https:\\\/\\\/www.fsegura.com\\\/hu\\\/a-grupo-segura-a-valenciai-muszaki-egyetem-upv-tarsadalmi-tanacs-es-igazgatasi-es-vallalati-kultura-tanszekenek-uj-tagja-lett\\\/#breadcrumb\",\"itemListElement\":[{\"@type\":\"ListItem\",\"position\":1,\"name\":\"Portada\",\"item\":\"https:\\\/\\\/www.fsegura.com\\\/hu\\\/\"},{\"@type\":\"ListItem\",\"position\":2,\"name\":\"A Grupo Segura a Valenciai M\u0171szaki Egyetem (UPV) T\u00e1rsadalmi Tan\u00e1cs \u00e9s Igazgat\u00e1si \u00e9s V\u00e1llalati Kult\u00fara Tansz\u00e9k\u00e9nek \u00faj tagja lett\"}]},{\"@type\":\"WebSite\",\"@id\":\"https:\\\/\\\/www.fsegura.com\\\/hu\\\/#website\",\"url\":\"https:\\\/\\\/www.fsegura.com\\\/hu\\\/\",\"name\":\"Grupo Segura\",\"description\":\"Partner global para componentes de la automoci\u00f3n\",\"publisher\":{\"@id\":\"https:\\\/\\\/www.fsegura.com\\\/hu\\\/#organization\"},\"potentialAction\":[{\"@type\":\"SearchAction\",\"target\":{\"@type\":\"EntryPoint\",\"urlTemplate\":\"https:\\\/\\\/www.fsegura.com\\\/hu\\\/?s={search_term_string}\"},\"query-input\":{\"@type\":\"PropertyValueSpecification\",\"valueRequired\":true,\"valueName\":\"search_term_string\"}}],\"inLanguage\":\"hu\"},{\"@type\":\"Organization\",\"@id\":\"https:\\\/\\\/www.fsegura.com\\\/hu\\\/#organization\",\"name\":\"Grupo Segura\",\"url\":\"https:\\\/\\\/www.fsegura.com\\\/hu\\\/\",\"logo\":{\"@type\":\"ImageObject\",\"inLanguage\":\"hu\",\"@id\":\"https:\\\/\\\/www.fsegura.com\\\/hu\\\/#\\\/schema\\\/logo\\\/image\\\/\",\"url\":\"https:\\\/\\\/www.fsegura.com\\\/wp-content\\\/uploads\\\/2025\\\/09\\\/grupo-segura.jpg\",\"contentUrl\":\"https:\\\/\\\/www.fsegura.com\\\/wp-content\\\/uploads\\\/2025\\\/09\\\/grupo-segura.jpg\",\"width\":458,\"height\":136,\"caption\":\"Grupo Segura\"},\"image\":{\"@id\":\"https:\\\/\\\/www.fsegura.com\\\/hu\\\/#\\\/schema\\\/logo\\\/image\\\/\"}},{\"@type\":\"Person\",\"@id\":\"https:\\\/\\\/www.fsegura.com\\\/hu\\\/#\\\/schema\\\/person\\\/cf9d1abe35e7e038ac092685669e6ae5\",\"name\":\"desarrollo\",\"image\":{\"@type\":\"ImageObject\",\"inLanguage\":\"hu\",\"@id\":\"https:\\\/\\\/secure.gravatar.com\\\/avatar\\\/3b02f34f0ea5a10bc44d1813e23e909e4ef6fd1c0c78c7eed6d094a646af2836?s=96&d=mm&r=g\",\"url\":\"https:\\\/\\\/secure.gravatar.com\\\/avatar\\\/3b02f34f0ea5a10bc44d1813e23e909e4ef6fd1c0c78c7eed6d094a646af2836?s=96&d=mm&r=g\",\"contentUrl\":\"https:\\\/\\\/secure.gravatar.com\\\/avatar\\\/3b02f34f0ea5a10bc44d1813e23e909e4ef6fd1c0c78c7eed6d094a646af2836?s=96&d=mm&r=g\",\"caption\":\"desarrollo\"},\"sameAs\":[\"https:\\\/\\\/www.fsegura.com\"],\"url\":\"https:\\\/\\\/www.fsegura.com\\\/hu\\\/author\\\/desarrollo\\\/\"}]}<\/script>\n<!-- \/ Yoast SEO plugin. -->","yoast_head_json":{"title":"A Grupo Segura a Valenciai M\u0171szaki Egyetem (UPV) T\u00e1rsadalmi Tan\u00e1cs \u00e9s Igazgat\u00e1si \u00e9s V\u00e1llalati Kult\u00fara Tansz\u00e9k\u00e9nek \u00faj tagja lett - Grupo Segura","robots":{"index":"index","follow":"follow","max-snippet":"max-snippet:-1","max-image-preview":"max-image-preview:large","max-video-preview":"max-video-preview:-1"},"canonical":"https:\/\/www.fsegura.com\/hu\/a-grupo-segura-a-valenciai-muszaki-egyetem-upv-tarsadalmi-tanacs-es-igazgatasi-es-vallalati-kultura-tanszekenek-uj-tagja-lett\/","og_locale":"hu_HU","og_type":"article","og_title":"A Grupo Segura a Valenciai M\u0171szaki Egyetem (UPV) T\u00e1rsadalmi Tan\u00e1cs \u00e9s Igazgat\u00e1si \u00e9s V\u00e1llalati Kult\u00fara Tansz\u00e9k\u00e9nek \u00faj tagja lett - Grupo Segura","og_description":"A Valenciai M\u0171szaki Egyetem\u00a0 (UPV)T\u00e1rsadalmi Tan\u00e1csa kedden kijelentette 4 \u00faj t\u00e1mogat\u00f3 tag csatlakoz\u00e1s\u00e1t az Igazgat\u00e1si \u00e9s V\u00e1llalati Kult\u00fara Tansz\u00e9k\u00e9hez. Grupo Segura, G\u00f3mez Acebo &amp; Pombo Abogados, GD Energy Services \u00e9s Seguros Uni\u00f3n la Alcoyana hozz\u00e1csatlakoztak a k\u00f6zelm\u00faltban m\u00e1r kapcsol\u00f3d\u00f3\u00a0 Air Nostrum, Fundaci\u00f3n IVO \u00e9s Pinturas Isaval v\u00e1llalatokhoz, vel\u00fck k\u00f6z\u00f6sen az Egyetem (UPV) Tansz\u00e9k\u00e9t egyediv\u00e9 tett\u00e9k, [&hellip;]","og_url":"https:\/\/www.fsegura.com\/hu\/a-grupo-segura-a-valenciai-muszaki-egyetem-upv-tarsadalmi-tanacs-es-igazgatasi-es-vallalati-kultura-tanszekenek-uj-tagja-lett\/","og_site_name":"Grupo Segura","article_published_time":"2016-11-23T10:50:07+00:00","author":"desarrollo","twitter_card":"summary_large_image","twitter_misc":{"Szerz\u0151:":"desarrollo","Becs\u00fclt olvas\u00e1si id\u0151":"1 perc"},"schema":{"@context":"https:\/\/schema.org","@graph":[{"@type":"Article","@id":"https:\/\/www.fsegura.com\/hu\/a-grupo-segura-a-valenciai-muszaki-egyetem-upv-tarsadalmi-tanacs-es-igazgatasi-es-vallalati-kultura-tanszekenek-uj-tagja-lett\/#article","isPartOf":{"@id":"https:\/\/www.fsegura.com\/hu\/a-grupo-segura-a-valenciai-muszaki-egyetem-upv-tarsadalmi-tanacs-es-igazgatasi-es-vallalati-kultura-tanszekenek-uj-tagja-lett\/"},"author":{"name":"desarrollo","@id":"https:\/\/www.fsegura.com\/hu\/#\/schema\/person\/cf9d1abe35e7e038ac092685669e6ae5"},"headline":"A Grupo Segura a Valenciai M\u0171szaki Egyetem (UPV) T\u00e1rsadalmi Tan\u00e1cs \u00e9s Igazgat\u00e1si \u00e9s V\u00e1llalati Kult\u00fara Tansz\u00e9k\u00e9nek \u00faj tagja lett","datePublished":"2016-11-23T10:50:07+00:00","mainEntityOfPage":{"@id":"https:\/\/www.fsegura.com\/hu\/a-grupo-segura-a-valenciai-muszaki-egyetem-upv-tarsadalmi-tanacs-es-igazgatasi-es-vallalati-kultura-tanszekenek-uj-tagja-lett\/"},"wordCount":132,"commentCount":0,"publisher":{"@id":"https:\/\/www.fsegura.com\/hu\/#organization"},"articleSection":["Sin categorizar"],"inLanguage":"hu","potentialAction":[{"@type":"CommentAction","name":"Comment","target":["https:\/\/www.fsegura.com\/hu\/a-grupo-segura-a-valenciai-muszaki-egyetem-upv-tarsadalmi-tanacs-es-igazgatasi-es-vallalati-kultura-tanszekenek-uj-tagja-lett\/#respond"]}]},{"@type":"WebPage","@id":"https:\/\/www.fsegura.com\/hu\/a-grupo-segura-a-valenciai-muszaki-egyetem-upv-tarsadalmi-tanacs-es-igazgatasi-es-vallalati-kultura-tanszekenek-uj-tagja-lett\/","url":"https:\/\/www.fsegura.com\/hu\/a-grupo-segura-a-valenciai-muszaki-egyetem-upv-tarsadalmi-tanacs-es-igazgatasi-es-vallalati-kultura-tanszekenek-uj-tagja-lett\/","name":"A Grupo Segura a Valenciai M\u0171szaki Egyetem (UPV) T\u00e1rsadalmi Tan\u00e1cs \u00e9s Igazgat\u00e1si \u00e9s V\u00e1llalati Kult\u00fara Tansz\u00e9k\u00e9nek \u00faj tagja lett - Grupo Segura","isPartOf":{"@id":"https:\/\/www.fsegura.com\/hu\/#website"},"datePublished":"2016-11-23T10:50:07+00:00","breadcrumb":{"@id":"https:\/\/www.fsegura.com\/hu\/a-grupo-segura-a-valenciai-muszaki-egyetem-upv-tarsadalmi-tanacs-es-igazgatasi-es-vallalati-kultura-tanszekenek-uj-tagja-lett\/#breadcrumb"},"inLanguage":"hu","potentialAction":[{"@type":"ReadAction","target":["https:\/\/www.fsegura.com\/hu\/a-grupo-segura-a-valenciai-muszaki-egyetem-upv-tarsadalmi-tanacs-es-igazgatasi-es-vallalati-kultura-tanszekenek-uj-tagja-lett\/"]}]},{"@type":"BreadcrumbList","@id":"https:\/\/www.fsegura.com\/hu\/a-grupo-segura-a-valenciai-muszaki-egyetem-upv-tarsadalmi-tanacs-es-igazgatasi-es-vallalati-kultura-tanszekenek-uj-tagja-lett\/#breadcrumb","itemListElement":[{"@type":"ListItem","position":1,"name":"Portada","item":"https:\/\/www.fsegura.com\/hu\/"},{"@type":"ListItem","position":2,"name":"A Grupo Segura a Valenciai M\u0171szaki Egyetem (UPV) T\u00e1rsadalmi Tan\u00e1cs \u00e9s Igazgat\u00e1si \u00e9s V\u00e1llalati Kult\u00fara Tansz\u00e9k\u00e9nek \u00faj tagja lett"}]},{"@type":"WebSite","@id":"https:\/\/www.fsegura.com\/hu\/#website","url":"https:\/\/www.fsegura.com\/hu\/","name":"Grupo Segura","description":"Partner global para componentes de la automoci\u00f3n","publisher":{"@id":"https:\/\/www.fsegura.com\/hu\/#organization"},"potentialAction":[{"@type":"SearchAction","target":{"@type":"EntryPoint","urlTemplate":"https:\/\/www.fsegura.com\/hu\/?s={search_term_string}"},"query-input":{"@type":"PropertyValueSpecification","valueRequired":true,"valueName":"search_term_string"}}],"inLanguage":"hu"},{"@type":"Organization","@id":"https:\/\/www.fsegura.com\/hu\/#organization","name":"Grupo Segura","url":"https:\/\/www.fsegura.com\/hu\/","logo":{"@type":"ImageObject","inLanguage":"hu","@id":"https:\/\/www.fsegura.com\/hu\/#\/schema\/logo\/image\/","url":"https:\/\/www.fsegura.com\/wp-content\/uploads\/2025\/09\/grupo-segura.jpg","contentUrl":"https:\/\/www.fsegura.com\/wp-content\/uploads\/2025\/09\/grupo-segura.jpg","width":458,"height":136,"caption":"Grupo Segura"},"image":{"@id":"https:\/\/www.fsegura.com\/hu\/#\/schema\/logo\/image\/"}},{"@type":"Person","@id":"https:\/\/www.fsegura.com\/hu\/#\/schema\/person\/cf9d1abe35e7e038ac092685669e6ae5","name":"desarrollo","image":{"@type":"ImageObject","inLanguage":"hu","@id":"https:\/\/secure.gravatar.com\/avatar\/3b02f34f0ea5a10bc44d1813e23e909e4ef6fd1c0c78c7eed6d094a646af2836?s=96&d=mm&r=g","url":"https:\/\/secure.gravatar.com\/avatar\/3b02f34f0ea5a10bc44d1813e23e909e4ef6fd1c0c78c7eed6d094a646af2836?s=96&d=mm&r=g","contentUrl":"https:\/\/secure.gravatar.com\/avatar\/3b02f34f0ea5a10bc44d1813e23e909e4ef6fd1c0c78c7eed6d094a646af2836?s=96&d=mm&r=g","caption":"desarrollo"},"sameAs":["https:\/\/www.fsegura.com"],"url":"https:\/\/www.fsegura.com\/hu\/author\/desarrollo\/"}]}},"_links":{"self":[{"href":"https:\/\/www.fsegura.com\/hu\/wp-json\/wp\/v2\/posts\/5557","targetHints":{"allow":["GET"]}}],"collection":[{"href":"https:\/\/www.fsegura.com\/hu\/wp-json\/wp\/v2\/posts"}],"about":[{"href":"https:\/\/www.fsegura.com\/hu\/wp-json\/wp\/v2\/types\/post"}],"author":[{"embeddable":true,"href":"https:\/\/www.fsegura.com\/hu\/wp-json\/wp\/v2\/users\/1"}],"replies":[{"embeddable":true,"href":"https:\/\/www.fsegura.com\/hu\/wp-json\/wp\/v2\/comments?post=5557"}],"version-history":[{"count":0,"href":"https:\/\/www.fsegura.com\/hu\/wp-json\/wp\/v2\/posts\/5557\/revisions"}],"wp:attachment":[{"href":"https:\/\/www.fsegura.com\/hu\/wp-json\/wp\/v2\/media?parent=5557"}],"wp:term":[{"taxonomy":"category","embeddable":true,"href":"https:\/\/www.fsegura.com\/hu\/wp-json\/wp\/v2\/categories?post=5557"},{"taxonomy":"post_tag","embeddable":true,"href":"https:\/\/www.fsegura.com\/hu\/wp-json\/wp\/v2\/tags?post=5557"}],"curies":[{"name":"wp","href":"https:\/\/api.w.org\/{rel}","templated":true}]}}