{"id":5558,"date":"2016-12-07T08:28:36","date_gmt":"2016-12-07T08:28:36","guid":{"rendered":"https:\/\/www.fsegura.com\/2016\/12\/07\/maraton-valencia-trinidad-alfonso-edp\/"},"modified":"2016-12-07T08:28:36","modified_gmt":"2016-12-07T08:28:36","slug":"maraton-valencia-trinidad-alfonso-edp","status":"publish","type":"post","link":"https:\/\/www.fsegura.com\/hu\/maraton-valencia-trinidad-alfonso-edp\/","title":{"rendered":"Marat\u00f3n Valencia Trinidad Alfonso EDP."},"content":{"rendered":"<p>M\u00falt h\u00e9t november 20.-\u00e1n zajlott le Valenci\u00e1ban a Marat\u00f3n Valencia Trinidad Alfonso EDP fut\u00f3versenye, mely id\u00e9n az IAAF Road Race Gold Label \u00a0d\u00edj\u00e1t kapta, \u00e9s meger\u0151s\u00edt\u00e9st nyert, mint a vil\u00e1g egyik legjobb versenye \u00a0a 42.195 m t\u00e1vols\u00e1gban. A rajtvonalon indul\u00f3 t\u00f6bb mint 19.000 versenyz\u0151 k\u00f6z\u00f6tt gy\u0151ztesk\u00e9nt emelj\u00fck ki mindazon munkat\u00e1rsunkat, kik r\u00e9szt vettek ezen az esem\u00e9nyen, k\u00f6zt\u00fck Vez\u00e9rigazgat\u00f3nk, Jorge Segura, 3:19:07 id\u0151s eredm\u00e9nnyel, Salvador Solera Calduch 2:58:33; Joaquin Illueca Embuena, 4:00:03; Ra\u00fal Martinez Capella 3:02:41; Montse Solbes Camarena 4:00:03; Antonio Ruiz Morante 3:30:17 valamint Adrian Benlloch Fern\u00e1ndez, 4:16:38 id\u0151s eredm\u00e9nyekkel.<\/p>\n<p>Egy Maratonon val\u00f3 r\u00e9szv\u00e9tel mindig \u00f6nmagunk fel\u00fclm\u00fal\u00e1s\u00e1t valamint kitart\u00e1st jelent, mely \u00e9rt\u00e9kek a sport\u00a0 kiemelked\u0151 \u00e9rt\u00e9keit t\u00fckr\u00f6zik vissza, amelyek ugyanakkor\u00a0 megegyeznek c\u00e9g\u00fcnk legf\u0151bb eszm\u00e9ivel(FEJL\u0150D\u00c9S,V\u00c1LLALKOZ\u00d3,SZELLEM,AKARAT,EGYS\u00c9G, TISZTELET,ALKALMAZKOD\u00c1S). \u00a0R\u00e9szv\u00e9teletekkel a Grupo Segura bebizony\u00edthatja, hogy egy kiemelked\u0151en\u00a0 kitart\u00f3, er\u0151s, elsz\u00e1nt \u00e9s lelkes csapattal sz\u00e1molhat k\u00f6reiben , mely k\u00e9pes megb\u00edrk\u00f3zni a magas szint\u0171 k\u00f6vetelm\u00e9nyekkel \u00e9s felel\u0151ss\u00e9ggel, \u00e9rt\u00e9kek melyeket k\u00f6zvet\u00edtetek napi munk\u00e1tokkal, \u00e9s ami a Grupo Segura \u2013t egy\u00a0 er\u0151s szoci\u00e1lis korporatizmus \u00e9rzelmekkel illeti meg.<\/p>\n<p>&nbsp;<\/p>\n<p>Leg\u0151szint\u00e9bb gratul\u00e1ci\u00f3nk mindannyi\u00f3toknak!<\/p>\n<figure id=\"attachment_6292\" aria-describedby=\"caption-attachment-6292\" style=\"width: 457px\" class=\"wp-caption alignnone\"><a href=\"https:\/\/www.fsegura.com\/wp-content\/uploads\/2016\/12\/JORGE-1.jpg\"><img fetchpriority=\"high\" decoding=\"async\" class=\"wp-image-6292 size-full\" src=\"https:\/\/www.fsegura.com\/wp-content\/uploads\/2016\/12\/JORGE-1.jpg\" alt=\"JORGE\" width=\"457\" height=\"601\" \/><\/a><figcaption id=\"caption-attachment-6292\" class=\"wp-caption-text\">Jorge Segura<\/figcaption><\/figure>\n<figure style=\"width: 1024px\" class=\"wp-caption alignnone\"><a href=\"https:\/\/www.fsegura.com\/wp-content\/uploads\/2016\/12\/IMG_0012-2.jpg\"><img decoding=\"async\" class=\"wp-image-6298 size-large\" src=\"https:\/\/www.fsegura.com\/wp-content\/uploads\/2016\/12\/IMG_0012-2-1024x576.jpg\" alt=\"IMG_0012\" width=\"1024\" height=\"576\" \/><\/a><figcaption class=\"wp-caption-text\">Montse Solbes<\/figcaption><\/figure>\n<p>&nbsp;<\/p>\n<figure style=\"width: 400px\" class=\"wp-caption alignnone\"><a href=\"https:\/\/www.fsegura.com\/wp-content\/uploads\/2016\/12\/IMG_3167-2.jpg\"><img decoding=\"async\" class=\"wp-image-6295 size-full\" src=\"https:\/\/www.fsegura.com\/wp-content\/uploads\/2016\/12\/IMG_3167-2.jpg\" alt=\"IMG_3167\" width=\"400\" height=\"601\" \/><\/a><figcaption class=\"wp-caption-text\">Salva Solera<\/figcaption><\/figure>\n<p>&nbsp;<\/p>\n<figure id=\"attachment_6301\" aria-describedby=\"caption-attachment-6301\" style=\"width: 338px\" class=\"wp-caption alignnone\"><a href=\"https:\/\/www.fsegura.com\/wp-content\/uploads\/2016\/12\/IMG-20161120-WA0007-2.jpg\"><img loading=\"lazy\" decoding=\"async\" class=\"wp-image-6301 size-full\" src=\"https:\/\/www.fsegura.com\/wp-content\/uploads\/2016\/12\/IMG-20161120-WA0007-2.jpg\" alt=\"IMG-20161120-WA0007\" width=\"338\" height=\"601\" \/><\/a><figcaption id=\"caption-attachment-6301\" class=\"wp-caption-text\">Antonio Ruiz<\/figcaption><\/figure>\n","protected":false},"excerpt":{"rendered":"<p>M\u00falt h\u00e9t november 20.-\u00e1n zajlott le Valenci\u00e1ban a Marat\u00f3n Valencia Trinidad Alfonso EDP fut\u00f3versenye, mely id\u00e9n az IAAF Road Race Gold Label \u00a0d\u00edj\u00e1t kapta, \u00e9s meger\u0151s\u00edt\u00e9st nyert, mint a vil\u00e1g egyik legjobb versenye \u00a0a 42.195 m t\u00e1vols\u00e1gban. A rajtvonalon indul\u00f3 t\u00f6bb mint 19.000 versenyz\u0151 k\u00f6z\u00f6tt gy\u0151ztesk\u00e9nt emelj\u00fck ki mindazon munkat\u00e1rsunkat, kik r\u00e9szt vettek ezen az [&hellip;]<\/p>\n","protected":false},"author":1,"featured_media":5332,"comment_status":"open","ping_status":"open","sticky":false,"template":"","format":"standard","meta":{"_acf_changed":false,"_eb_attr":"","footnotes":""},"categories":[1],"tags":[],"class_list":["post-5558","post","type-post","status-publish","format-standard","has-post-thumbnail","hentry","category-sin-categorizar"],"acf":[],"yoast_head":"<!-- This site is optimized with the Yoast SEO plugin v27.4 - https:\/\/yoast.com\/product\/yoast-seo-wordpress\/ -->\n<title>Marat\u00f3n Valencia Trinidad Alfonso EDP. - Grupo Segura<\/title>\n<meta name=\"robots\" content=\"index, follow, max-snippet:-1, max-image-preview:large, max-video-preview:-1\" \/>\n<link rel=\"canonical\" href=\"https:\/\/www.fsegura.com\/hu\/maraton-valencia-trinidad-alfonso-edp\/\" \/>\n<meta property=\"og:locale\" content=\"hu_HU\" \/>\n<meta property=\"og:type\" content=\"article\" \/>\n<meta property=\"og:title\" content=\"Marat\u00f3n Valencia Trinidad Alfonso EDP. - Grupo Segura\" \/>\n<meta property=\"og:description\" content=\"M\u00falt h\u00e9t november 20.-\u00e1n zajlott le Valenci\u00e1ban a Marat\u00f3n Valencia Trinidad Alfonso EDP fut\u00f3versenye, mely id\u00e9n az IAAF Road Race Gold Label \u00a0d\u00edj\u00e1t kapta, \u00e9s meger\u0151s\u00edt\u00e9st nyert, mint a vil\u00e1g egyik legjobb versenye \u00a0a 42.195 m t\u00e1vols\u00e1gban. A rajtvonalon indul\u00f3 t\u00f6bb mint 19.000 versenyz\u0151 k\u00f6z\u00f6tt gy\u0151ztesk\u00e9nt emelj\u00fck ki mindazon munkat\u00e1rsunkat, kik r\u00e9szt vettek ezen az [&hellip;]\" \/>\n<meta property=\"og:url\" content=\"https:\/\/www.fsegura.com\/hu\/maraton-valencia-trinidad-alfonso-edp\/\" \/>\n<meta property=\"og:site_name\" content=\"Grupo Segura\" \/>\n<meta property=\"article:published_time\" content=\"2016-12-07T08:28:36+00:00\" \/>\n<meta property=\"og:image\" content=\"https:\/\/www.fsegura.com\/wp-content\/uploads\/2025\/11\/maraton-valencia-2015-cartel-1.jpg\" \/>\n\t<meta property=\"og:image:width\" content=\"400\" \/>\n\t<meta property=\"og:image:height\" content=\"237\" \/>\n\t<meta property=\"og:image:type\" content=\"image\/jpeg\" \/>\n<meta name=\"author\" content=\"desarrollo\" \/>\n<meta name=\"twitter:card\" content=\"summary_large_image\" \/>\n<meta name=\"twitter:label1\" content=\"Szerz\u0151:\" \/>\n\t<meta name=\"twitter:data1\" content=\"desarrollo\" \/>\n\t<meta name=\"twitter:label2\" content=\"Becs\u00fclt olvas\u00e1si id\u0151\" \/>\n\t<meta name=\"twitter:data2\" content=\"1 perc\" \/>\n<script type=\"application\/ld+json\" class=\"yoast-schema-graph\">{\"@context\":\"https:\\\/\\\/schema.org\",\"@graph\":[{\"@type\":\"Article\",\"@id\":\"https:\\\/\\\/www.fsegura.com\\\/hu\\\/maraton-valencia-trinidad-alfonso-edp\\\/#article\",\"isPartOf\":{\"@id\":\"https:\\\/\\\/www.fsegura.com\\\/hu\\\/maraton-valencia-trinidad-alfonso-edp\\\/\"},\"author\":{\"name\":\"desarrollo\",\"@id\":\"https:\\\/\\\/www.fsegura.com\\\/hu\\\/#\\\/schema\\\/person\\\/cf9d1abe35e7e038ac092685669e6ae5\"},\"headline\":\"Marat\u00f3n Valencia Trinidad Alfonso EDP.\",\"datePublished\":\"2016-12-07T08:28:36+00:00\",\"mainEntityOfPage\":{\"@id\":\"https:\\\/\\\/www.fsegura.com\\\/hu\\\/maraton-valencia-trinidad-alfonso-edp\\\/\"},\"wordCount\":281,\"commentCount\":0,\"publisher\":{\"@id\":\"https:\\\/\\\/www.fsegura.com\\\/hu\\\/#organization\"},\"image\":{\"@id\":\"https:\\\/\\\/www.fsegura.com\\\/hu\\\/maraton-valencia-trinidad-alfonso-edp\\\/#primaryimage\"},\"thumbnailUrl\":\"https:\\\/\\\/www.fsegura.com\\\/wp-content\\\/uploads\\\/2025\\\/11\\\/maraton-valencia-2015-cartel-1.jpg\",\"articleSection\":[\"Sin categorizar\"],\"inLanguage\":\"hu\",\"potentialAction\":[{\"@type\":\"CommentAction\",\"name\":\"Comment\",\"target\":[\"https:\\\/\\\/www.fsegura.com\\\/hu\\\/maraton-valencia-trinidad-alfonso-edp\\\/#respond\"]}]},{\"@type\":\"WebPage\",\"@id\":\"https:\\\/\\\/www.fsegura.com\\\/hu\\\/maraton-valencia-trinidad-alfonso-edp\\\/\",\"url\":\"https:\\\/\\\/www.fsegura.com\\\/hu\\\/maraton-valencia-trinidad-alfonso-edp\\\/\",\"name\":\"Marat\u00f3n Valencia Trinidad Alfonso EDP. - Grupo Segura\",\"isPartOf\":{\"@id\":\"https:\\\/\\\/www.fsegura.com\\\/hu\\\/#website\"},\"primaryImageOfPage\":{\"@id\":\"https:\\\/\\\/www.fsegura.com\\\/hu\\\/maraton-valencia-trinidad-alfonso-edp\\\/#primaryimage\"},\"image\":{\"@id\":\"https:\\\/\\\/www.fsegura.com\\\/hu\\\/maraton-valencia-trinidad-alfonso-edp\\\/#primaryimage\"},\"thumbnailUrl\":\"https:\\\/\\\/www.fsegura.com\\\/wp-content\\\/uploads\\\/2025\\\/11\\\/maraton-valencia-2015-cartel-1.jpg\",\"datePublished\":\"2016-12-07T08:28:36+00:00\",\"breadcrumb\":{\"@id\":\"https:\\\/\\\/www.fsegura.com\\\/hu\\\/maraton-valencia-trinidad-alfonso-edp\\\/#breadcrumb\"},\"inLanguage\":\"hu\",\"potentialAction\":[{\"@type\":\"ReadAction\",\"target\":[\"https:\\\/\\\/www.fsegura.com\\\/hu\\\/maraton-valencia-trinidad-alfonso-edp\\\/\"]}]},{\"@type\":\"ImageObject\",\"inLanguage\":\"hu\",\"@id\":\"https:\\\/\\\/www.fsegura.com\\\/hu\\\/maraton-valencia-trinidad-alfonso-edp\\\/#primaryimage\",\"url\":\"https:\\\/\\\/www.fsegura.com\\\/wp-content\\\/uploads\\\/2025\\\/11\\\/maraton-valencia-2015-cartel-1.jpg\",\"contentUrl\":\"https:\\\/\\\/www.fsegura.com\\\/wp-content\\\/uploads\\\/2025\\\/11\\\/maraton-valencia-2015-cartel-1.jpg\",\"width\":400,\"height\":237,\"caption\":\"maraton-valencia\"},{\"@type\":\"BreadcrumbList\",\"@id\":\"https:\\\/\\\/www.fsegura.com\\\/hu\\\/maraton-valencia-trinidad-alfonso-edp\\\/#breadcrumb\",\"itemListElement\":[{\"@type\":\"ListItem\",\"position\":1,\"name\":\"Portada\",\"item\":\"https:\\\/\\\/www.fsegura.com\\\/hu\\\/\"},{\"@type\":\"ListItem\",\"position\":2,\"name\":\"Marat\u00f3n Valencia Trinidad Alfonso EDP.\"}]},{\"@type\":\"WebSite\",\"@id\":\"https:\\\/\\\/www.fsegura.com\\\/hu\\\/#website\",\"url\":\"https:\\\/\\\/www.fsegura.com\\\/hu\\\/\",\"name\":\"Grupo Segura\",\"description\":\"Partner global para componentes de la automoci\u00f3n\",\"publisher\":{\"@id\":\"https:\\\/\\\/www.fsegura.com\\\/hu\\\/#organization\"},\"potentialAction\":[{\"@type\":\"SearchAction\",\"target\":{\"@type\":\"EntryPoint\",\"urlTemplate\":\"https:\\\/\\\/www.fsegura.com\\\/hu\\\/?s={search_term_string}\"},\"query-input\":{\"@type\":\"PropertyValueSpecification\",\"valueRequired\":true,\"valueName\":\"search_term_string\"}}],\"inLanguage\":\"hu\"},{\"@type\":\"Organization\",\"@id\":\"https:\\\/\\\/www.fsegura.com\\\/hu\\\/#organization\",\"name\":\"Grupo Segura\",\"url\":\"https:\\\/\\\/www.fsegura.com\\\/hu\\\/\",\"logo\":{\"@type\":\"ImageObject\",\"inLanguage\":\"hu\",\"@id\":\"https:\\\/\\\/www.fsegura.com\\\/hu\\\/#\\\/schema\\\/logo\\\/image\\\/\",\"url\":\"https:\\\/\\\/www.fsegura.com\\\/wp-content\\\/uploads\\\/2025\\\/09\\\/grupo-segura.jpg\",\"contentUrl\":\"https:\\\/\\\/www.fsegura.com\\\/wp-content\\\/uploads\\\/2025\\\/09\\\/grupo-segura.jpg\",\"width\":458,\"height\":136,\"caption\":\"Grupo Segura\"},\"image\":{\"@id\":\"https:\\\/\\\/www.fsegura.com\\\/hu\\\/#\\\/schema\\\/logo\\\/image\\\/\"}},{\"@type\":\"Person\",\"@id\":\"https:\\\/\\\/www.fsegura.com\\\/hu\\\/#\\\/schema\\\/person\\\/cf9d1abe35e7e038ac092685669e6ae5\",\"name\":\"desarrollo\",\"image\":{\"@type\":\"ImageObject\",\"inLanguage\":\"hu\",\"@id\":\"https:\\\/\\\/secure.gravatar.com\\\/avatar\\\/3b02f34f0ea5a10bc44d1813e23e909e4ef6fd1c0c78c7eed6d094a646af2836?s=96&d=mm&r=g\",\"url\":\"https:\\\/\\\/secure.gravatar.com\\\/avatar\\\/3b02f34f0ea5a10bc44d1813e23e909e4ef6fd1c0c78c7eed6d094a646af2836?s=96&d=mm&r=g\",\"contentUrl\":\"https:\\\/\\\/secure.gravatar.com\\\/avatar\\\/3b02f34f0ea5a10bc44d1813e23e909e4ef6fd1c0c78c7eed6d094a646af2836?s=96&d=mm&r=g\",\"caption\":\"desarrollo\"},\"sameAs\":[\"https:\\\/\\\/www.fsegura.com\"],\"url\":\"https:\\\/\\\/www.fsegura.com\\\/hu\\\/author\\\/desarrollo\\\/\"}]}<\/script>\n<!-- \/ Yoast SEO plugin. -->","yoast_head_json":{"title":"Marat\u00f3n Valencia Trinidad Alfonso EDP. - Grupo Segura","robots":{"index":"index","follow":"follow","max-snippet":"max-snippet:-1","max-image-preview":"max-image-preview:large","max-video-preview":"max-video-preview:-1"},"canonical":"https:\/\/www.fsegura.com\/hu\/maraton-valencia-trinidad-alfonso-edp\/","og_locale":"hu_HU","og_type":"article","og_title":"Marat\u00f3n Valencia Trinidad Alfonso EDP. - Grupo Segura","og_description":"M\u00falt h\u00e9t november 20.-\u00e1n zajlott le Valenci\u00e1ban a Marat\u00f3n Valencia Trinidad Alfonso EDP fut\u00f3versenye, mely id\u00e9n az IAAF Road Race Gold Label \u00a0d\u00edj\u00e1t kapta, \u00e9s meger\u0151s\u00edt\u00e9st nyert, mint a vil\u00e1g egyik legjobb versenye \u00a0a 42.195 m t\u00e1vols\u00e1gban. A rajtvonalon indul\u00f3 t\u00f6bb mint 19.000 versenyz\u0151 k\u00f6z\u00f6tt gy\u0151ztesk\u00e9nt emelj\u00fck ki mindazon munkat\u00e1rsunkat, kik r\u00e9szt vettek ezen az [&hellip;]","og_url":"https:\/\/www.fsegura.com\/hu\/maraton-valencia-trinidad-alfonso-edp\/","og_site_name":"Grupo Segura","article_published_time":"2016-12-07T08:28:36+00:00","og_image":[{"width":400,"height":237,"url":"https:\/\/www.fsegura.com\/wp-content\/uploads\/2025\/11\/maraton-valencia-2015-cartel-1.jpg","type":"image\/jpeg"}],"author":"desarrollo","twitter_card":"summary_large_image","twitter_misc":{"Szerz\u0151:":"desarrollo","Becs\u00fclt olvas\u00e1si id\u0151":"1 perc"},"schema":{"@context":"https:\/\/schema.org","@graph":[{"@type":"Article","@id":"https:\/\/www.fsegura.com\/hu\/maraton-valencia-trinidad-alfonso-edp\/#article","isPartOf":{"@id":"https:\/\/www.fsegura.com\/hu\/maraton-valencia-trinidad-alfonso-edp\/"},"author":{"name":"desarrollo","@id":"https:\/\/www.fsegura.com\/hu\/#\/schema\/person\/cf9d1abe35e7e038ac092685669e6ae5"},"headline":"Marat\u00f3n Valencia Trinidad Alfonso EDP.","datePublished":"2016-12-07T08:28:36+00:00","mainEntityOfPage":{"@id":"https:\/\/www.fsegura.com\/hu\/maraton-valencia-trinidad-alfonso-edp\/"},"wordCount":281,"commentCount":0,"publisher":{"@id":"https:\/\/www.fsegura.com\/hu\/#organization"},"image":{"@id":"https:\/\/www.fsegura.com\/hu\/maraton-valencia-trinidad-alfonso-edp\/#primaryimage"},"thumbnailUrl":"https:\/\/www.fsegura.com\/wp-content\/uploads\/2025\/11\/maraton-valencia-2015-cartel-1.jpg","articleSection":["Sin categorizar"],"inLanguage":"hu","potentialAction":[{"@type":"CommentAction","name":"Comment","target":["https:\/\/www.fsegura.com\/hu\/maraton-valencia-trinidad-alfonso-edp\/#respond"]}]},{"@type":"WebPage","@id":"https:\/\/www.fsegura.com\/hu\/maraton-valencia-trinidad-alfonso-edp\/","url":"https:\/\/www.fsegura.com\/hu\/maraton-valencia-trinidad-alfonso-edp\/","name":"Marat\u00f3n Valencia Trinidad Alfonso EDP. - Grupo Segura","isPartOf":{"@id":"https:\/\/www.fsegura.com\/hu\/#website"},"primaryImageOfPage":{"@id":"https:\/\/www.fsegura.com\/hu\/maraton-valencia-trinidad-alfonso-edp\/#primaryimage"},"image":{"@id":"https:\/\/www.fsegura.com\/hu\/maraton-valencia-trinidad-alfonso-edp\/#primaryimage"},"thumbnailUrl":"https:\/\/www.fsegura.com\/wp-content\/uploads\/2025\/11\/maraton-valencia-2015-cartel-1.jpg","datePublished":"2016-12-07T08:28:36+00:00","breadcrumb":{"@id":"https:\/\/www.fsegura.com\/hu\/maraton-valencia-trinidad-alfonso-edp\/#breadcrumb"},"inLanguage":"hu","potentialAction":[{"@type":"ReadAction","target":["https:\/\/www.fsegura.com\/hu\/maraton-valencia-trinidad-alfonso-edp\/"]}]},{"@type":"ImageObject","inLanguage":"hu","@id":"https:\/\/www.fsegura.com\/hu\/maraton-valencia-trinidad-alfonso-edp\/#primaryimage","url":"https:\/\/www.fsegura.com\/wp-content\/uploads\/2025\/11\/maraton-valencia-2015-cartel-1.jpg","contentUrl":"https:\/\/www.fsegura.com\/wp-content\/uploads\/2025\/11\/maraton-valencia-2015-cartel-1.jpg","width":400,"height":237,"caption":"maraton-valencia"},{"@type":"BreadcrumbList","@id":"https:\/\/www.fsegura.com\/hu\/maraton-valencia-trinidad-alfonso-edp\/#breadcrumb","itemListElement":[{"@type":"ListItem","position":1,"name":"Portada","item":"https:\/\/www.fsegura.com\/hu\/"},{"@type":"ListItem","position":2,"name":"Marat\u00f3n Valencia Trinidad Alfonso EDP."}]},{"@type":"WebSite","@id":"https:\/\/www.fsegura.com\/hu\/#website","url":"https:\/\/www.fsegura.com\/hu\/","name":"Grupo Segura","description":"Partner global para componentes de la automoci\u00f3n","publisher":{"@id":"https:\/\/www.fsegura.com\/hu\/#organization"},"potentialAction":[{"@type":"SearchAction","target":{"@type":"EntryPoint","urlTemplate":"https:\/\/www.fsegura.com\/hu\/?s={search_term_string}"},"query-input":{"@type":"PropertyValueSpecification","valueRequired":true,"valueName":"search_term_string"}}],"inLanguage":"hu"},{"@type":"Organization","@id":"https:\/\/www.fsegura.com\/hu\/#organization","name":"Grupo Segura","url":"https:\/\/www.fsegura.com\/hu\/","logo":{"@type":"ImageObject","inLanguage":"hu","@id":"https:\/\/www.fsegura.com\/hu\/#\/schema\/logo\/image\/","url":"https:\/\/www.fsegura.com\/wp-content\/uploads\/2025\/09\/grupo-segura.jpg","contentUrl":"https:\/\/www.fsegura.com\/wp-content\/uploads\/2025\/09\/grupo-segura.jpg","width":458,"height":136,"caption":"Grupo Segura"},"image":{"@id":"https:\/\/www.fsegura.com\/hu\/#\/schema\/logo\/image\/"}},{"@type":"Person","@id":"https:\/\/www.fsegura.com\/hu\/#\/schema\/person\/cf9d1abe35e7e038ac092685669e6ae5","name":"desarrollo","image":{"@type":"ImageObject","inLanguage":"hu","@id":"https:\/\/secure.gravatar.com\/avatar\/3b02f34f0ea5a10bc44d1813e23e909e4ef6fd1c0c78c7eed6d094a646af2836?s=96&d=mm&r=g","url":"https:\/\/secure.gravatar.com\/avatar\/3b02f34f0ea5a10bc44d1813e23e909e4ef6fd1c0c78c7eed6d094a646af2836?s=96&d=mm&r=g","contentUrl":"https:\/\/secure.gravatar.com\/avatar\/3b02f34f0ea5a10bc44d1813e23e909e4ef6fd1c0c78c7eed6d094a646af2836?s=96&d=mm&r=g","caption":"desarrollo"},"sameAs":["https:\/\/www.fsegura.com"],"url":"https:\/\/www.fsegura.com\/hu\/author\/desarrollo\/"}]}},"_links":{"self":[{"href":"https:\/\/www.fsegura.com\/hu\/wp-json\/wp\/v2\/posts\/5558","targetHints":{"allow":["GET"]}}],"collection":[{"href":"https:\/\/www.fsegura.com\/hu\/wp-json\/wp\/v2\/posts"}],"about":[{"href":"https:\/\/www.fsegura.com\/hu\/wp-json\/wp\/v2\/types\/post"}],"author":[{"embeddable":true,"href":"https:\/\/www.fsegura.com\/hu\/wp-json\/wp\/v2\/users\/1"}],"replies":[{"embeddable":true,"href":"https:\/\/www.fsegura.com\/hu\/wp-json\/wp\/v2\/comments?post=5558"}],"version-history":[{"count":0,"href":"https:\/\/www.fsegura.com\/hu\/wp-json\/wp\/v2\/posts\/5558\/revisions"}],"wp:featuredmedia":[{"embeddable":true,"href":"https:\/\/www.fsegura.com\/hu\/wp-json\/wp\/v2\/media\/5332"}],"wp:attachment":[{"href":"https:\/\/www.fsegura.com\/hu\/wp-json\/wp\/v2\/media?parent=5558"}],"wp:term":[{"taxonomy":"category","embeddable":true,"href":"https:\/\/www.fsegura.com\/hu\/wp-json\/wp\/v2\/categories?post=5558"},{"taxonomy":"post_tag","embeddable":true,"href":"https:\/\/www.fsegura.com\/hu\/wp-json\/wp\/v2\/tags?post=5558"}],"curies":[{"name":"wp","href":"https:\/\/api.w.org\/{rel}","templated":true}]}}