{"id":5559,"date":"2016-12-15T10:45:49","date_gmt":"2016-12-15T10:45:49","guid":{"rendered":"https:\/\/www.fsegura.com\/2016\/12\/15\/interju-a-grupo-segura-elnokevel-francisco-segura-val-kinaban-evente-10-uj-autogyarto-uzem-jon-letre-ott-kell-hogy-legyunk\/"},"modified":"2016-12-15T10:45:49","modified_gmt":"2016-12-15T10:45:49","slug":"interju-a-grupo-segura-elnokevel-francisco-segura-val-kinaban-evente-10-uj-autogyarto-uzem-jon-letre-ott-kell-hogy-legyunk","status":"publish","type":"post","link":"https:\/\/www.fsegura.com\/hu\/interju-a-grupo-segura-elnokevel-francisco-segura-val-kinaban-evente-10-uj-autogyarto-uzem-jon-letre-ott-kell-hogy-legyunk\/","title":{"rendered":"Interj\u00fa a Grupo Segura Eln\u00f6k\u00e9vel, Francisco Segura-val: &#8220;K\u00edn\u00e1ban \u00e9vente 10 \u00faj aut\u00f3gy\u00e1rt\u00f3 \u00fczem j\u00f6n l\u00e9tre, ott kell hogy legy\u00fcnk&#8221;."},"content":{"rendered":"<p>November 28.-\u00e1n eln\u00f6k\u00fcnket, Franciso Segura-t a Valencia Plaza digit\u00e1lis \u00fajs\u00e1g interj\u00favolta, mely k\u00f6zlem\u00e9ny sor\u00e1n \u2013 a SEGURA Jinhong JILIN Autoparts Co. Ltd \u00faj c\u00e9g\u00fcnk megalap\u00edt\u00e1s\u00e1val &#8211; egy\u00e9rtelm\u0171v\u00e9 v\u00e1lik a Csoport nemzetk\u00f6zi elterjed\u00e9si v\u00e1gya, \u00a0\u00e9s globaliz\u00e1ci\u00f3s strat\u00e9gi\u00e1ja, egy kezdeti \u00fczleti tervben 30 milli\u00f3 eur\u00f3s bev\u00e9tel betervez\u00e9s\u00e9vel 2025-re, \u00e9s indul\u00e1sk\u00e9nt egy \u00a03000 n\u00e9gyzetm\u00e9teres \u00fczem, valamint 40 munkav\u00e1llal\u00f3 l\u00e9trehozatal\u00e1val.<\/p>\n<p><a href=\"http:\/\/www.valenciaplaza.com\/francisco-segura-china-esta-creando-10-nuevas-fabricas-de-coches-al-ao-teniamos-que-estar-alli\" target=\"_blank\">Valenciaplaza<\/a><\/p>\n<p>&nbsp;<\/p>\n<p>&nbsp;<\/p>\n<p><a href=\"https:\/\/www.fsegura.com\/wp-content\/uploads\/2016\/12\/VA_4250_NoticiaAmpliada.jpg\"><img fetchpriority=\"high\" decoding=\"async\" class=\"alignnone size-full wp-image-6351\" src=\"https:\/\/www.fsegura.com\/wp-content\/uploads\/2016\/12\/VA_4250_NoticiaAmpliada.jpg\" alt=\"_VA_4250_NoticiaAmpliada\" width=\"400\" height=\"266\" \/><\/a><\/p>\n<p>&nbsp;<\/p>\n","protected":false},"excerpt":{"rendered":"<p>November 28.-\u00e1n eln\u00f6k\u00fcnket, Franciso Segura-t a Valencia Plaza digit\u00e1lis \u00fajs\u00e1g interj\u00favolta, mely k\u00f6zlem\u00e9ny sor\u00e1n \u2013 a SEGURA Jinhong JILIN Autoparts Co. Ltd \u00faj c\u00e9g\u00fcnk megalap\u00edt\u00e1s\u00e1val &#8211; egy\u00e9rtelm\u0171v\u00e9 v\u00e1lik a Csoport nemzetk\u00f6zi elterjed\u00e9si v\u00e1gya, \u00a0\u00e9s globaliz\u00e1ci\u00f3s strat\u00e9gi\u00e1ja, egy kezdeti \u00fczleti tervben 30 milli\u00f3 eur\u00f3s bev\u00e9tel betervez\u00e9s\u00e9vel 2025-re, \u00e9s indul\u00e1sk\u00e9nt egy \u00a03000 n\u00e9gyzetm\u00e9teres \u00fczem, valamint 40 munkav\u00e1llal\u00f3 [&hellip;]<\/p>\n","protected":false},"author":1,"featured_media":5327,"comment_status":"open","ping_status":"open","sticky":false,"template":"","format":"standard","meta":{"_acf_changed":false,"_eb_attr":"","footnotes":""},"categories":[1],"tags":[],"class_list":["post-5559","post","type-post","status-publish","format-standard","has-post-thumbnail","hentry","category-sin-categorizar"],"acf":[],"yoast_head":"<!-- This site is optimized with the Yoast SEO plugin v27.4 - https:\/\/yoast.com\/product\/yoast-seo-wordpress\/ -->\n<title>Interj\u00fa a Grupo Segura Eln\u00f6k\u00e9vel, Francisco Segura-val: &quot;K\u00edn\u00e1ban \u00e9vente 10 \u00faj aut\u00f3gy\u00e1rt\u00f3 \u00fczem j\u00f6n l\u00e9tre, ott kell hogy legy\u00fcnk&quot;. - Grupo Segura<\/title>\n<meta name=\"robots\" content=\"index, follow, max-snippet:-1, max-image-preview:large, max-video-preview:-1\" \/>\n<link rel=\"canonical\" href=\"https:\/\/www.fsegura.com\/hu\/interju-a-grupo-segura-elnokevel-francisco-segura-val-kinaban-evente-10-uj-autogyarto-uzem-jon-letre-ott-kell-hogy-legyunk\/\" \/>\n<meta property=\"og:locale\" content=\"hu_HU\" \/>\n<meta property=\"og:type\" content=\"article\" \/>\n<meta property=\"og:title\" content=\"Interj\u00fa a Grupo Segura Eln\u00f6k\u00e9vel, Francisco Segura-val: &quot;K\u00edn\u00e1ban \u00e9vente 10 \u00faj aut\u00f3gy\u00e1rt\u00f3 \u00fczem j\u00f6n l\u00e9tre, ott kell hogy legy\u00fcnk&quot;. - Grupo Segura\" \/>\n<meta property=\"og:description\" content=\"November 28.-\u00e1n eln\u00f6k\u00fcnket, Franciso Segura-t a Valencia Plaza digit\u00e1lis \u00fajs\u00e1g interj\u00favolta, mely k\u00f6zlem\u00e9ny sor\u00e1n \u2013 a SEGURA Jinhong JILIN Autoparts Co. Ltd \u00faj c\u00e9g\u00fcnk megalap\u00edt\u00e1s\u00e1val &#8211; egy\u00e9rtelm\u0171v\u00e9 v\u00e1lik a Csoport nemzetk\u00f6zi elterjed\u00e9si v\u00e1gya, \u00a0\u00e9s globaliz\u00e1ci\u00f3s strat\u00e9gi\u00e1ja, egy kezdeti \u00fczleti tervben 30 milli\u00f3 eur\u00f3s bev\u00e9tel betervez\u00e9s\u00e9vel 2025-re, \u00e9s indul\u00e1sk\u00e9nt egy \u00a03000 n\u00e9gyzetm\u00e9teres \u00fczem, valamint 40 munkav\u00e1llal\u00f3 [&hellip;]\" \/>\n<meta property=\"og:url\" content=\"https:\/\/www.fsegura.com\/hu\/interju-a-grupo-segura-elnokevel-francisco-segura-val-kinaban-evente-10-uj-autogyarto-uzem-jon-letre-ott-kell-hogy-legyunk\/\" \/>\n<meta property=\"og:site_name\" content=\"Grupo Segura\" \/>\n<meta property=\"article:published_time\" content=\"2016-12-15T10:45:49+00:00\" \/>\n<meta property=\"og:image\" content=\"https:\/\/www.fsegura.com\/wp-content\/uploads\/2025\/11\/Chinos-edificio-1.jpg\" \/>\n\t<meta property=\"og:image:width\" content=\"1256\" \/>\n\t<meta property=\"og:image:height\" content=\"558\" \/>\n\t<meta property=\"og:image:type\" content=\"image\/jpeg\" \/>\n<meta name=\"author\" content=\"desarrollo\" \/>\n<meta name=\"twitter:card\" content=\"summary_large_image\" \/>\n<meta name=\"twitter:label1\" content=\"Szerz\u0151:\" \/>\n\t<meta name=\"twitter:data1\" content=\"desarrollo\" \/>\n<script type=\"application\/ld+json\" class=\"yoast-schema-graph\">{\"@context\":\"https:\\\/\\\/schema.org\",\"@graph\":[{\"@type\":\"Article\",\"@id\":\"https:\\\/\\\/www.fsegura.com\\\/hu\\\/interju-a-grupo-segura-elnokevel-francisco-segura-val-kinaban-evente-10-uj-autogyarto-uzem-jon-letre-ott-kell-hogy-legyunk\\\/#article\",\"isPartOf\":{\"@id\":\"https:\\\/\\\/www.fsegura.com\\\/hu\\\/interju-a-grupo-segura-elnokevel-francisco-segura-val-kinaban-evente-10-uj-autogyarto-uzem-jon-letre-ott-kell-hogy-legyunk\\\/\"},\"author\":{\"name\":\"desarrollo\",\"@id\":\"https:\\\/\\\/www.fsegura.com\\\/hu\\\/#\\\/schema\\\/person\\\/cf9d1abe35e7e038ac092685669e6ae5\"},\"headline\":\"Interj\u00fa a Grupo Segura Eln\u00f6k\u00e9vel, Francisco Segura-val: &#8220;K\u00edn\u00e1ban \u00e9vente 10 \u00faj aut\u00f3gy\u00e1rt\u00f3 \u00fczem j\u00f6n l\u00e9tre, ott kell hogy legy\u00fcnk&#8221;.\",\"datePublished\":\"2016-12-15T10:45:49+00:00\",\"mainEntityOfPage\":{\"@id\":\"https:\\\/\\\/www.fsegura.com\\\/hu\\\/interju-a-grupo-segura-elnokevel-francisco-segura-val-kinaban-evente-10-uj-autogyarto-uzem-jon-letre-ott-kell-hogy-legyunk\\\/\"},\"wordCount\":118,\"commentCount\":0,\"publisher\":{\"@id\":\"https:\\\/\\\/www.fsegura.com\\\/hu\\\/#organization\"},\"image\":{\"@id\":\"https:\\\/\\\/www.fsegura.com\\\/hu\\\/interju-a-grupo-segura-elnokevel-francisco-segura-val-kinaban-evente-10-uj-autogyarto-uzem-jon-letre-ott-kell-hogy-legyunk\\\/#primaryimage\"},\"thumbnailUrl\":\"https:\\\/\\\/www.fsegura.com\\\/wp-content\\\/uploads\\\/2025\\\/11\\\/Chinos-edificio-1.jpg\",\"articleSection\":[\"Sin categorizar\"],\"inLanguage\":\"hu\",\"potentialAction\":[{\"@type\":\"CommentAction\",\"name\":\"Comment\",\"target\":[\"https:\\\/\\\/www.fsegura.com\\\/hu\\\/interju-a-grupo-segura-elnokevel-francisco-segura-val-kinaban-evente-10-uj-autogyarto-uzem-jon-letre-ott-kell-hogy-legyunk\\\/#respond\"]}]},{\"@type\":\"WebPage\",\"@id\":\"https:\\\/\\\/www.fsegura.com\\\/hu\\\/interju-a-grupo-segura-elnokevel-francisco-segura-val-kinaban-evente-10-uj-autogyarto-uzem-jon-letre-ott-kell-hogy-legyunk\\\/\",\"url\":\"https:\\\/\\\/www.fsegura.com\\\/hu\\\/interju-a-grupo-segura-elnokevel-francisco-segura-val-kinaban-evente-10-uj-autogyarto-uzem-jon-letre-ott-kell-hogy-legyunk\\\/\",\"name\":\"Interj\u00fa a Grupo Segura Eln\u00f6k\u00e9vel, Francisco Segura-val: \\\"K\u00edn\u00e1ban \u00e9vente 10 \u00faj aut\u00f3gy\u00e1rt\u00f3 \u00fczem j\u00f6n l\u00e9tre, ott kell hogy legy\u00fcnk\\\". - Grupo Segura\",\"isPartOf\":{\"@id\":\"https:\\\/\\\/www.fsegura.com\\\/hu\\\/#website\"},\"primaryImageOfPage\":{\"@id\":\"https:\\\/\\\/www.fsegura.com\\\/hu\\\/interju-a-grupo-segura-elnokevel-francisco-segura-val-kinaban-evente-10-uj-autogyarto-uzem-jon-letre-ott-kell-hogy-legyunk\\\/#primaryimage\"},\"image\":{\"@id\":\"https:\\\/\\\/www.fsegura.com\\\/hu\\\/interju-a-grupo-segura-elnokevel-francisco-segura-val-kinaban-evente-10-uj-autogyarto-uzem-jon-letre-ott-kell-hogy-legyunk\\\/#primaryimage\"},\"thumbnailUrl\":\"https:\\\/\\\/www.fsegura.com\\\/wp-content\\\/uploads\\\/2025\\\/11\\\/Chinos-edificio-1.jpg\",\"datePublished\":\"2016-12-15T10:45:49+00:00\",\"breadcrumb\":{\"@id\":\"https:\\\/\\\/www.fsegura.com\\\/hu\\\/interju-a-grupo-segura-elnokevel-francisco-segura-val-kinaban-evente-10-uj-autogyarto-uzem-jon-letre-ott-kell-hogy-legyunk\\\/#breadcrumb\"},\"inLanguage\":\"hu\",\"potentialAction\":[{\"@type\":\"ReadAction\",\"target\":[\"https:\\\/\\\/www.fsegura.com\\\/hu\\\/interju-a-grupo-segura-elnokevel-francisco-segura-val-kinaban-evente-10-uj-autogyarto-uzem-jon-letre-ott-kell-hogy-legyunk\\\/\"]}]},{\"@type\":\"ImageObject\",\"inLanguage\":\"hu\",\"@id\":\"https:\\\/\\\/www.fsegura.com\\\/hu\\\/interju-a-grupo-segura-elnokevel-francisco-segura-val-kinaban-evente-10-uj-autogyarto-uzem-jon-letre-ott-kell-hogy-legyunk\\\/#primaryimage\",\"url\":\"https:\\\/\\\/www.fsegura.com\\\/wp-content\\\/uploads\\\/2025\\\/11\\\/Chinos-edificio-1.jpg\",\"contentUrl\":\"https:\\\/\\\/www.fsegura.com\\\/wp-content\\\/uploads\\\/2025\\\/11\\\/Chinos-edificio-1.jpg\",\"width\":1256,\"height\":558,\"caption\":\"Chinos\"},{\"@type\":\"BreadcrumbList\",\"@id\":\"https:\\\/\\\/www.fsegura.com\\\/hu\\\/interju-a-grupo-segura-elnokevel-francisco-segura-val-kinaban-evente-10-uj-autogyarto-uzem-jon-letre-ott-kell-hogy-legyunk\\\/#breadcrumb\",\"itemListElement\":[{\"@type\":\"ListItem\",\"position\":1,\"name\":\"Portada\",\"item\":\"https:\\\/\\\/www.fsegura.com\\\/hu\\\/\"},{\"@type\":\"ListItem\",\"position\":2,\"name\":\"Interj\u00fa a Grupo Segura Eln\u00f6k\u00e9vel, Francisco Segura-val: &#8220;K\u00edn\u00e1ban \u00e9vente 10 \u00faj aut\u00f3gy\u00e1rt\u00f3 \u00fczem j\u00f6n l\u00e9tre, ott kell hogy legy\u00fcnk&#8221;.\"}]},{\"@type\":\"WebSite\",\"@id\":\"https:\\\/\\\/www.fsegura.com\\\/hu\\\/#website\",\"url\":\"https:\\\/\\\/www.fsegura.com\\\/hu\\\/\",\"name\":\"Grupo Segura\",\"description\":\"Partner global para componentes de la automoci\u00f3n\",\"publisher\":{\"@id\":\"https:\\\/\\\/www.fsegura.com\\\/hu\\\/#organization\"},\"potentialAction\":[{\"@type\":\"SearchAction\",\"target\":{\"@type\":\"EntryPoint\",\"urlTemplate\":\"https:\\\/\\\/www.fsegura.com\\\/hu\\\/?s={search_term_string}\"},\"query-input\":{\"@type\":\"PropertyValueSpecification\",\"valueRequired\":true,\"valueName\":\"search_term_string\"}}],\"inLanguage\":\"hu\"},{\"@type\":\"Organization\",\"@id\":\"https:\\\/\\\/www.fsegura.com\\\/hu\\\/#organization\",\"name\":\"Grupo Segura\",\"url\":\"https:\\\/\\\/www.fsegura.com\\\/hu\\\/\",\"logo\":{\"@type\":\"ImageObject\",\"inLanguage\":\"hu\",\"@id\":\"https:\\\/\\\/www.fsegura.com\\\/hu\\\/#\\\/schema\\\/logo\\\/image\\\/\",\"url\":\"https:\\\/\\\/www.fsegura.com\\\/wp-content\\\/uploads\\\/2025\\\/09\\\/grupo-segura.jpg\",\"contentUrl\":\"https:\\\/\\\/www.fsegura.com\\\/wp-content\\\/uploads\\\/2025\\\/09\\\/grupo-segura.jpg\",\"width\":458,\"height\":136,\"caption\":\"Grupo Segura\"},\"image\":{\"@id\":\"https:\\\/\\\/www.fsegura.com\\\/hu\\\/#\\\/schema\\\/logo\\\/image\\\/\"}},{\"@type\":\"Person\",\"@id\":\"https:\\\/\\\/www.fsegura.com\\\/hu\\\/#\\\/schema\\\/person\\\/cf9d1abe35e7e038ac092685669e6ae5\",\"name\":\"desarrollo\",\"image\":{\"@type\":\"ImageObject\",\"inLanguage\":\"hu\",\"@id\":\"https:\\\/\\\/secure.gravatar.com\\\/avatar\\\/3b02f34f0ea5a10bc44d1813e23e909e4ef6fd1c0c78c7eed6d094a646af2836?s=96&d=mm&r=g\",\"url\":\"https:\\\/\\\/secure.gravatar.com\\\/avatar\\\/3b02f34f0ea5a10bc44d1813e23e909e4ef6fd1c0c78c7eed6d094a646af2836?s=96&d=mm&r=g\",\"contentUrl\":\"https:\\\/\\\/secure.gravatar.com\\\/avatar\\\/3b02f34f0ea5a10bc44d1813e23e909e4ef6fd1c0c78c7eed6d094a646af2836?s=96&d=mm&r=g\",\"caption\":\"desarrollo\"},\"sameAs\":[\"https:\\\/\\\/www.fsegura.com\"],\"url\":\"https:\\\/\\\/www.fsegura.com\\\/hu\\\/author\\\/desarrollo\\\/\"}]}<\/script>\n<!-- \/ Yoast SEO plugin. -->","yoast_head_json":{"title":"Interj\u00fa a Grupo Segura Eln\u00f6k\u00e9vel, Francisco Segura-val: \"K\u00edn\u00e1ban \u00e9vente 10 \u00faj aut\u00f3gy\u00e1rt\u00f3 \u00fczem j\u00f6n l\u00e9tre, ott kell hogy legy\u00fcnk\". - Grupo Segura","robots":{"index":"index","follow":"follow","max-snippet":"max-snippet:-1","max-image-preview":"max-image-preview:large","max-video-preview":"max-video-preview:-1"},"canonical":"https:\/\/www.fsegura.com\/hu\/interju-a-grupo-segura-elnokevel-francisco-segura-val-kinaban-evente-10-uj-autogyarto-uzem-jon-letre-ott-kell-hogy-legyunk\/","og_locale":"hu_HU","og_type":"article","og_title":"Interj\u00fa a Grupo Segura Eln\u00f6k\u00e9vel, Francisco Segura-val: \"K\u00edn\u00e1ban \u00e9vente 10 \u00faj aut\u00f3gy\u00e1rt\u00f3 \u00fczem j\u00f6n l\u00e9tre, ott kell hogy legy\u00fcnk\". - Grupo Segura","og_description":"November 28.-\u00e1n eln\u00f6k\u00fcnket, Franciso Segura-t a Valencia Plaza digit\u00e1lis \u00fajs\u00e1g interj\u00favolta, mely k\u00f6zlem\u00e9ny sor\u00e1n \u2013 a SEGURA Jinhong JILIN Autoparts Co. Ltd \u00faj c\u00e9g\u00fcnk megalap\u00edt\u00e1s\u00e1val &#8211; egy\u00e9rtelm\u0171v\u00e9 v\u00e1lik a Csoport nemzetk\u00f6zi elterjed\u00e9si v\u00e1gya, \u00a0\u00e9s globaliz\u00e1ci\u00f3s strat\u00e9gi\u00e1ja, egy kezdeti \u00fczleti tervben 30 milli\u00f3 eur\u00f3s bev\u00e9tel betervez\u00e9s\u00e9vel 2025-re, \u00e9s indul\u00e1sk\u00e9nt egy \u00a03000 n\u00e9gyzetm\u00e9teres \u00fczem, valamint 40 munkav\u00e1llal\u00f3 [&hellip;]","og_url":"https:\/\/www.fsegura.com\/hu\/interju-a-grupo-segura-elnokevel-francisco-segura-val-kinaban-evente-10-uj-autogyarto-uzem-jon-letre-ott-kell-hogy-legyunk\/","og_site_name":"Grupo Segura","article_published_time":"2016-12-15T10:45:49+00:00","og_image":[{"width":1256,"height":558,"url":"https:\/\/www.fsegura.com\/wp-content\/uploads\/2025\/11\/Chinos-edificio-1.jpg","type":"image\/jpeg"}],"author":"desarrollo","twitter_card":"summary_large_image","twitter_misc":{"Szerz\u0151:":"desarrollo"},"schema":{"@context":"https:\/\/schema.org","@graph":[{"@type":"Article","@id":"https:\/\/www.fsegura.com\/hu\/interju-a-grupo-segura-elnokevel-francisco-segura-val-kinaban-evente-10-uj-autogyarto-uzem-jon-letre-ott-kell-hogy-legyunk\/#article","isPartOf":{"@id":"https:\/\/www.fsegura.com\/hu\/interju-a-grupo-segura-elnokevel-francisco-segura-val-kinaban-evente-10-uj-autogyarto-uzem-jon-letre-ott-kell-hogy-legyunk\/"},"author":{"name":"desarrollo","@id":"https:\/\/www.fsegura.com\/hu\/#\/schema\/person\/cf9d1abe35e7e038ac092685669e6ae5"},"headline":"Interj\u00fa a Grupo Segura Eln\u00f6k\u00e9vel, Francisco Segura-val: &#8220;K\u00edn\u00e1ban \u00e9vente 10 \u00faj aut\u00f3gy\u00e1rt\u00f3 \u00fczem j\u00f6n l\u00e9tre, ott kell hogy legy\u00fcnk&#8221;.","datePublished":"2016-12-15T10:45:49+00:00","mainEntityOfPage":{"@id":"https:\/\/www.fsegura.com\/hu\/interju-a-grupo-segura-elnokevel-francisco-segura-val-kinaban-evente-10-uj-autogyarto-uzem-jon-letre-ott-kell-hogy-legyunk\/"},"wordCount":118,"commentCount":0,"publisher":{"@id":"https:\/\/www.fsegura.com\/hu\/#organization"},"image":{"@id":"https:\/\/www.fsegura.com\/hu\/interju-a-grupo-segura-elnokevel-francisco-segura-val-kinaban-evente-10-uj-autogyarto-uzem-jon-letre-ott-kell-hogy-legyunk\/#primaryimage"},"thumbnailUrl":"https:\/\/www.fsegura.com\/wp-content\/uploads\/2025\/11\/Chinos-edificio-1.jpg","articleSection":["Sin categorizar"],"inLanguage":"hu","potentialAction":[{"@type":"CommentAction","name":"Comment","target":["https:\/\/www.fsegura.com\/hu\/interju-a-grupo-segura-elnokevel-francisco-segura-val-kinaban-evente-10-uj-autogyarto-uzem-jon-letre-ott-kell-hogy-legyunk\/#respond"]}]},{"@type":"WebPage","@id":"https:\/\/www.fsegura.com\/hu\/interju-a-grupo-segura-elnokevel-francisco-segura-val-kinaban-evente-10-uj-autogyarto-uzem-jon-letre-ott-kell-hogy-legyunk\/","url":"https:\/\/www.fsegura.com\/hu\/interju-a-grupo-segura-elnokevel-francisco-segura-val-kinaban-evente-10-uj-autogyarto-uzem-jon-letre-ott-kell-hogy-legyunk\/","name":"Interj\u00fa a Grupo Segura Eln\u00f6k\u00e9vel, Francisco Segura-val: \"K\u00edn\u00e1ban \u00e9vente 10 \u00faj aut\u00f3gy\u00e1rt\u00f3 \u00fczem j\u00f6n l\u00e9tre, ott kell hogy legy\u00fcnk\". - Grupo Segura","isPartOf":{"@id":"https:\/\/www.fsegura.com\/hu\/#website"},"primaryImageOfPage":{"@id":"https:\/\/www.fsegura.com\/hu\/interju-a-grupo-segura-elnokevel-francisco-segura-val-kinaban-evente-10-uj-autogyarto-uzem-jon-letre-ott-kell-hogy-legyunk\/#primaryimage"},"image":{"@id":"https:\/\/www.fsegura.com\/hu\/interju-a-grupo-segura-elnokevel-francisco-segura-val-kinaban-evente-10-uj-autogyarto-uzem-jon-letre-ott-kell-hogy-legyunk\/#primaryimage"},"thumbnailUrl":"https:\/\/www.fsegura.com\/wp-content\/uploads\/2025\/11\/Chinos-edificio-1.jpg","datePublished":"2016-12-15T10:45:49+00:00","breadcrumb":{"@id":"https:\/\/www.fsegura.com\/hu\/interju-a-grupo-segura-elnokevel-francisco-segura-val-kinaban-evente-10-uj-autogyarto-uzem-jon-letre-ott-kell-hogy-legyunk\/#breadcrumb"},"inLanguage":"hu","potentialAction":[{"@type":"ReadAction","target":["https:\/\/www.fsegura.com\/hu\/interju-a-grupo-segura-elnokevel-francisco-segura-val-kinaban-evente-10-uj-autogyarto-uzem-jon-letre-ott-kell-hogy-legyunk\/"]}]},{"@type":"ImageObject","inLanguage":"hu","@id":"https:\/\/www.fsegura.com\/hu\/interju-a-grupo-segura-elnokevel-francisco-segura-val-kinaban-evente-10-uj-autogyarto-uzem-jon-letre-ott-kell-hogy-legyunk\/#primaryimage","url":"https:\/\/www.fsegura.com\/wp-content\/uploads\/2025\/11\/Chinos-edificio-1.jpg","contentUrl":"https:\/\/www.fsegura.com\/wp-content\/uploads\/2025\/11\/Chinos-edificio-1.jpg","width":1256,"height":558,"caption":"Chinos"},{"@type":"BreadcrumbList","@id":"https:\/\/www.fsegura.com\/hu\/interju-a-grupo-segura-elnokevel-francisco-segura-val-kinaban-evente-10-uj-autogyarto-uzem-jon-letre-ott-kell-hogy-legyunk\/#breadcrumb","itemListElement":[{"@type":"ListItem","position":1,"name":"Portada","item":"https:\/\/www.fsegura.com\/hu\/"},{"@type":"ListItem","position":2,"name":"Interj\u00fa a Grupo Segura Eln\u00f6k\u00e9vel, Francisco Segura-val: &#8220;K\u00edn\u00e1ban \u00e9vente 10 \u00faj aut\u00f3gy\u00e1rt\u00f3 \u00fczem j\u00f6n l\u00e9tre, ott kell hogy legy\u00fcnk&#8221;."}]},{"@type":"WebSite","@id":"https:\/\/www.fsegura.com\/hu\/#website","url":"https:\/\/www.fsegura.com\/hu\/","name":"Grupo Segura","description":"Partner global para componentes de la automoci\u00f3n","publisher":{"@id":"https:\/\/www.fsegura.com\/hu\/#organization"},"potentialAction":[{"@type":"SearchAction","target":{"@type":"EntryPoint","urlTemplate":"https:\/\/www.fsegura.com\/hu\/?s={search_term_string}"},"query-input":{"@type":"PropertyValueSpecification","valueRequired":true,"valueName":"search_term_string"}}],"inLanguage":"hu"},{"@type":"Organization","@id":"https:\/\/www.fsegura.com\/hu\/#organization","name":"Grupo Segura","url":"https:\/\/www.fsegura.com\/hu\/","logo":{"@type":"ImageObject","inLanguage":"hu","@id":"https:\/\/www.fsegura.com\/hu\/#\/schema\/logo\/image\/","url":"https:\/\/www.fsegura.com\/wp-content\/uploads\/2025\/09\/grupo-segura.jpg","contentUrl":"https:\/\/www.fsegura.com\/wp-content\/uploads\/2025\/09\/grupo-segura.jpg","width":458,"height":136,"caption":"Grupo Segura"},"image":{"@id":"https:\/\/www.fsegura.com\/hu\/#\/schema\/logo\/image\/"}},{"@type":"Person","@id":"https:\/\/www.fsegura.com\/hu\/#\/schema\/person\/cf9d1abe35e7e038ac092685669e6ae5","name":"desarrollo","image":{"@type":"ImageObject","inLanguage":"hu","@id":"https:\/\/secure.gravatar.com\/avatar\/3b02f34f0ea5a10bc44d1813e23e909e4ef6fd1c0c78c7eed6d094a646af2836?s=96&d=mm&r=g","url":"https:\/\/secure.gravatar.com\/avatar\/3b02f34f0ea5a10bc44d1813e23e909e4ef6fd1c0c78c7eed6d094a646af2836?s=96&d=mm&r=g","contentUrl":"https:\/\/secure.gravatar.com\/avatar\/3b02f34f0ea5a10bc44d1813e23e909e4ef6fd1c0c78c7eed6d094a646af2836?s=96&d=mm&r=g","caption":"desarrollo"},"sameAs":["https:\/\/www.fsegura.com"],"url":"https:\/\/www.fsegura.com\/hu\/author\/desarrollo\/"}]}},"_links":{"self":[{"href":"https:\/\/www.fsegura.com\/hu\/wp-json\/wp\/v2\/posts\/5559","targetHints":{"allow":["GET"]}}],"collection":[{"href":"https:\/\/www.fsegura.com\/hu\/wp-json\/wp\/v2\/posts"}],"about":[{"href":"https:\/\/www.fsegura.com\/hu\/wp-json\/wp\/v2\/types\/post"}],"author":[{"embeddable":true,"href":"https:\/\/www.fsegura.com\/hu\/wp-json\/wp\/v2\/users\/1"}],"replies":[{"embeddable":true,"href":"https:\/\/www.fsegura.com\/hu\/wp-json\/wp\/v2\/comments?post=5559"}],"version-history":[{"count":0,"href":"https:\/\/www.fsegura.com\/hu\/wp-json\/wp\/v2\/posts\/5559\/revisions"}],"wp:featuredmedia":[{"embeddable":true,"href":"https:\/\/www.fsegura.com\/hu\/wp-json\/wp\/v2\/media\/5327"}],"wp:attachment":[{"href":"https:\/\/www.fsegura.com\/hu\/wp-json\/wp\/v2\/media?parent=5559"}],"wp:term":[{"taxonomy":"category","embeddable":true,"href":"https:\/\/www.fsegura.com\/hu\/wp-json\/wp\/v2\/categories?post=5559"},{"taxonomy":"post_tag","embeddable":true,"href":"https:\/\/www.fsegura.com\/hu\/wp-json\/wp\/v2\/tags?post=5559"}],"curies":[{"name":"wp","href":"https:\/\/api.w.org\/{rel}","templated":true}]}}