{"id":5560,"date":"2016-12-22T14:57:32","date_gmt":"2016-12-22T14:57:32","guid":{"rendered":"https:\/\/www.fsegura.com\/2016\/12\/22\/grupo-segura-kulturak-megkozelitesi-kezdemenyezesei\/"},"modified":"2016-12-22T14:57:32","modified_gmt":"2016-12-22T14:57:32","slug":"grupo-segura-kulturak-megkozelitesi-kezdemenyezesei","status":"publish","type":"post","link":"https:\/\/www.fsegura.com\/hu\/grupo-segura-kulturak-megkozelitesi-kezdemenyezesei\/","title":{"rendered":"Grupo Segura kult\u00far\u00e1k megk\u00f6zel\u00edt\u00e9si kezdem\u00e9nyez\u00e9sei"},"content":{"rendered":"<p>A Grupo Segura Igazgat\u00f3s\u00e1ga kezdem\u00e9nyez\u00e9s\u00e9vel \u00e9s t\u00e1mogat\u00e1s\u00e1val, valamint a magyar kult\u00fara megk\u00f6zel\u00edt\u00e9s\u00e9hez kapcsol\u00f3d\u00f3 \u00e9s soksz\u00edn\u0171s\u00e9gi programj\u00e1n kereszt\u00fcl az elm\u00falt h\u00f3napokban k\u00fcl\u00f6nb\u00f6z\u0151 f\u00f3rumokon is el\u0151ad\u00e1sra ker\u00fclt a szolnoki gy\u00e1runk fontoss\u00e1ga a Csoport sz\u00e1m\u00e1ra, valamint sz\u00f3 esett arr\u00f3l, hogy hogyan vezette ez a Csoportot a nemzetk\u00f6ziv\u00e9 v\u00e1l\u00e1s \u00fatj\u00e1ra.<\/p>\n<p>Szolnoki \u00fczem\u00fcnk 2008-ban kezdte meg m\u0171k\u00f6d\u00e9s\u00e9t, ami lehet\u0151v\u00e9 tette sz\u00e1munkra a n\u00f6veked\u00e9st valamint csapatunk fejl\u0151d\u00e9s\u00e9t ebben az \u00faj val\u00f3s\u00e1gban. Az elm\u00falt \u00e9vekben felhalmoz\u00f3dott tapasztalataink seg\u00edtenek \u00e9s \u00f6szt\u00f6n\u00f6znek benn\u00fcnket tov\u00e1bbra is a Csoport glob\u00e1lis v\u00e1llalatt\u00e1 v\u00e1l\u00e1s\u00e1nak elhat\u00e1roz\u00e1s\u00e1ban.<\/p>\n<p><a href=\"https:\/\/www.fsegura.com\/wp-content\/uploads\/2016\/12\/20161201_095552.jpg\"><img fetchpriority=\"high\" decoding=\"async\" class=\"alignnone size-full wp-image-6465\" src=\"https:\/\/www.fsegura.com\/wp-content\/uploads\/2016\/12\/20161201_095552.jpg\" alt=\"20161201_095552\" width=\"400\" height=\"225\" \/><\/a><\/p>\n<p>Ez &#8211; ism\u00e9telten is- meger\u0151s\u00edti elveink \u00e9s \u00e9rt\u00e9keink k\u00f6vetkezetess\u00e9g\u00e9t, \u00e9s igazolja c\u00e9g\u00fcnket, mint tev\u00e9kenys\u00e9geiben a soksz\u00edn\u0171s\u00e9g \u00e9s v\u00e1llalkoz\u00f3 szellem ir\u00e1nt elk\u00f6telezett v\u00e1llalatot.<\/p>\n<p>A Grupo Segura neve a kiv\u00e1l\u00f3s\u00e1g \u00e9s min\u0151s\u00e9g szinonim\u00e1ja nemcsak Spanyolorsz\u00e1gban, hanem most m\u00e1r Magyarorsz\u00e1gon is, \u00e9s b\u00edzunk abban, hogy j\u00f3 nev\u00fcnk t\u00falterjed az Eur\u00f3pai Kontinensen is j\u00f6v\u0151beli globaliz\u00e1ci\u00f3s projektjeinken kereszt\u00fcl.<\/p>\n<p><a href=\"https:\/\/www.fsegura.com\/wp-content\/uploads\/2016\/12\/20161129073_Multimedia-ampliada-2.jpg\"><img decoding=\"async\" class=\"alignnone size-full wp-image-6460\" src=\"https:\/\/www.fsegura.com\/wp-content\/uploads\/2016\/12\/20161129073_Multimedia-ampliada-2.jpg\" alt=\"20161129073_Multimedia-ampliada (2)\" width=\"400\" height=\"266\" \/><\/a><\/p>\n","protected":false},"excerpt":{"rendered":"<p>A Grupo Segura Igazgat\u00f3s\u00e1ga kezdem\u00e9nyez\u00e9s\u00e9vel \u00e9s t\u00e1mogat\u00e1s\u00e1val, valamint a magyar kult\u00fara megk\u00f6zel\u00edt\u00e9s\u00e9hez kapcsol\u00f3d\u00f3 \u00e9s soksz\u00edn\u0171s\u00e9gi programj\u00e1n kereszt\u00fcl az elm\u00falt h\u00f3napokban k\u00fcl\u00f6nb\u00f6z\u0151 f\u00f3rumokon is el\u0151ad\u00e1sra ker\u00fclt a szolnoki gy\u00e1runk fontoss\u00e1ga a Csoport sz\u00e1m\u00e1ra, valamint sz\u00f3 esett arr\u00f3l, hogy hogyan vezette ez a Csoportot a nemzetk\u00f6ziv\u00e9 v\u00e1l\u00e1s \u00fatj\u00e1ra. Szolnoki \u00fczem\u00fcnk 2008-ban kezdte meg m\u0171k\u00f6d\u00e9s\u00e9t, ami lehet\u0151v\u00e9 tette [&hellip;]<\/p>\n","protected":false},"author":1,"featured_media":5338,"comment_status":"open","ping_status":"open","sticky":false,"template":"","format":"standard","meta":{"_acf_changed":false,"_eb_attr":"","footnotes":""},"categories":[1],"tags":[],"class_list":["post-5560","post","type-post","status-publish","format-standard","has-post-thumbnail","hentry","category-sin-categorizar"],"acf":[],"yoast_head":"<!-- This site is optimized with the Yoast SEO plugin v27.4 - https:\/\/yoast.com\/product\/yoast-seo-wordpress\/ -->\n<title>Grupo Segura kult\u00far\u00e1k megk\u00f6zel\u00edt\u00e9si kezdem\u00e9nyez\u00e9sei - Grupo Segura<\/title>\n<meta name=\"robots\" content=\"index, follow, max-snippet:-1, max-image-preview:large, max-video-preview:-1\" \/>\n<link rel=\"canonical\" href=\"https:\/\/www.fsegura.com\/hu\/grupo-segura-kulturak-megkozelitesi-kezdemenyezesei\/\" \/>\n<meta property=\"og:locale\" content=\"hu_HU\" \/>\n<meta property=\"og:type\" content=\"article\" \/>\n<meta property=\"og:title\" content=\"Grupo Segura kult\u00far\u00e1k megk\u00f6zel\u00edt\u00e9si kezdem\u00e9nyez\u00e9sei - Grupo Segura\" \/>\n<meta property=\"og:description\" content=\"A Grupo Segura Igazgat\u00f3s\u00e1ga kezdem\u00e9nyez\u00e9s\u00e9vel \u00e9s t\u00e1mogat\u00e1s\u00e1val, valamint a magyar kult\u00fara megk\u00f6zel\u00edt\u00e9s\u00e9hez kapcsol\u00f3d\u00f3 \u00e9s soksz\u00edn\u0171s\u00e9gi programj\u00e1n kereszt\u00fcl az elm\u00falt h\u00f3napokban k\u00fcl\u00f6nb\u00f6z\u0151 f\u00f3rumokon is el\u0151ad\u00e1sra ker\u00fclt a szolnoki gy\u00e1runk fontoss\u00e1ga a Csoport sz\u00e1m\u00e1ra, valamint sz\u00f3 esett arr\u00f3l, hogy hogyan vezette ez a Csoportot a nemzetk\u00f6ziv\u00e9 v\u00e1l\u00e1s \u00fatj\u00e1ra. Szolnoki \u00fczem\u00fcnk 2008-ban kezdte meg m\u0171k\u00f6d\u00e9s\u00e9t, ami lehet\u0151v\u00e9 tette [&hellip;]\" \/>\n<meta property=\"og:url\" content=\"https:\/\/www.fsegura.com\/hu\/grupo-segura-kulturak-megkozelitesi-kezdemenyezesei\/\" \/>\n<meta property=\"og:site_name\" content=\"Grupo Segura\" \/>\n<meta property=\"article:published_time\" content=\"2016-12-22T14:57:32+00:00\" \/>\n<meta property=\"og:image\" content=\"https:\/\/www.fsegura.com\/wp-content\/uploads\/2025\/11\/20161129095_Multimedia-ampliada.jpg\" \/>\n\t<meta property=\"og:image:width\" content=\"400\" \/>\n\t<meta property=\"og:image:height\" content=\"266\" \/>\n\t<meta property=\"og:image:type\" content=\"image\/jpeg\" \/>\n<meta name=\"author\" content=\"desarrollo\" \/>\n<meta name=\"twitter:card\" content=\"summary_large_image\" \/>\n<meta name=\"twitter:label1\" content=\"Szerz\u0151:\" \/>\n\t<meta name=\"twitter:data1\" content=\"desarrollo\" \/>\n\t<meta name=\"twitter:label2\" content=\"Becs\u00fclt olvas\u00e1si id\u0151\" \/>\n\t<meta name=\"twitter:data2\" content=\"1 perc\" \/>\n<script type=\"application\/ld+json\" class=\"yoast-schema-graph\">{\"@context\":\"https:\\\/\\\/schema.org\",\"@graph\":[{\"@type\":\"Article\",\"@id\":\"https:\\\/\\\/www.fsegura.com\\\/hu\\\/grupo-segura-kulturak-megkozelitesi-kezdemenyezesei\\\/#article\",\"isPartOf\":{\"@id\":\"https:\\\/\\\/www.fsegura.com\\\/hu\\\/grupo-segura-kulturak-megkozelitesi-kezdemenyezesei\\\/\"},\"author\":{\"name\":\"desarrollo\",\"@id\":\"https:\\\/\\\/www.fsegura.com\\\/hu\\\/#\\\/schema\\\/person\\\/cf9d1abe35e7e038ac092685669e6ae5\"},\"headline\":\"Grupo Segura kult\u00far\u00e1k megk\u00f6zel\u00edt\u00e9si kezdem\u00e9nyez\u00e9sei\",\"datePublished\":\"2016-12-22T14:57:32+00:00\",\"mainEntityOfPage\":{\"@id\":\"https:\\\/\\\/www.fsegura.com\\\/hu\\\/grupo-segura-kulturak-megkozelitesi-kezdemenyezesei\\\/\"},\"wordCount\":249,\"commentCount\":0,\"publisher\":{\"@id\":\"https:\\\/\\\/www.fsegura.com\\\/hu\\\/#organization\"},\"image\":{\"@id\":\"https:\\\/\\\/www.fsegura.com\\\/hu\\\/grupo-segura-kulturak-megkozelitesi-kezdemenyezesei\\\/#primaryimage\"},\"thumbnailUrl\":\"https:\\\/\\\/www.fsegura.com\\\/wp-content\\\/uploads\\\/2025\\\/11\\\/20161129095_Multimedia-ampliada.jpg\",\"articleSection\":[\"Sin categorizar\"],\"inLanguage\":\"hu\",\"potentialAction\":[{\"@type\":\"CommentAction\",\"name\":\"Comment\",\"target\":[\"https:\\\/\\\/www.fsegura.com\\\/hu\\\/grupo-segura-kulturak-megkozelitesi-kezdemenyezesei\\\/#respond\"]}]},{\"@type\":\"WebPage\",\"@id\":\"https:\\\/\\\/www.fsegura.com\\\/hu\\\/grupo-segura-kulturak-megkozelitesi-kezdemenyezesei\\\/\",\"url\":\"https:\\\/\\\/www.fsegura.com\\\/hu\\\/grupo-segura-kulturak-megkozelitesi-kezdemenyezesei\\\/\",\"name\":\"Grupo Segura kult\u00far\u00e1k megk\u00f6zel\u00edt\u00e9si kezdem\u00e9nyez\u00e9sei - Grupo Segura\",\"isPartOf\":{\"@id\":\"https:\\\/\\\/www.fsegura.com\\\/hu\\\/#website\"},\"primaryImageOfPage\":{\"@id\":\"https:\\\/\\\/www.fsegura.com\\\/hu\\\/grupo-segura-kulturak-megkozelitesi-kezdemenyezesei\\\/#primaryimage\"},\"image\":{\"@id\":\"https:\\\/\\\/www.fsegura.com\\\/hu\\\/grupo-segura-kulturak-megkozelitesi-kezdemenyezesei\\\/#primaryimage\"},\"thumbnailUrl\":\"https:\\\/\\\/www.fsegura.com\\\/wp-content\\\/uploads\\\/2025\\\/11\\\/20161129095_Multimedia-ampliada.jpg\",\"datePublished\":\"2016-12-22T14:57:32+00:00\",\"breadcrumb\":{\"@id\":\"https:\\\/\\\/www.fsegura.com\\\/hu\\\/grupo-segura-kulturak-megkozelitesi-kezdemenyezesei\\\/#breadcrumb\"},\"inLanguage\":\"hu\",\"potentialAction\":[{\"@type\":\"ReadAction\",\"target\":[\"https:\\\/\\\/www.fsegura.com\\\/hu\\\/grupo-segura-kulturak-megkozelitesi-kezdemenyezesei\\\/\"]}]},{\"@type\":\"ImageObject\",\"inLanguage\":\"hu\",\"@id\":\"https:\\\/\\\/www.fsegura.com\\\/hu\\\/grupo-segura-kulturak-megkozelitesi-kezdemenyezesei\\\/#primaryimage\",\"url\":\"https:\\\/\\\/www.fsegura.com\\\/wp-content\\\/uploads\\\/2025\\\/11\\\/20161129095_Multimedia-ampliada.jpg\",\"contentUrl\":\"https:\\\/\\\/www.fsegura.com\\\/wp-content\\\/uploads\\\/2025\\\/11\\\/20161129095_Multimedia-ampliada.jpg\",\"width\":400,\"height\":266,\"caption\":\"noticias\"},{\"@type\":\"BreadcrumbList\",\"@id\":\"https:\\\/\\\/www.fsegura.com\\\/hu\\\/grupo-segura-kulturak-megkozelitesi-kezdemenyezesei\\\/#breadcrumb\",\"itemListElement\":[{\"@type\":\"ListItem\",\"position\":1,\"name\":\"Portada\",\"item\":\"https:\\\/\\\/www.fsegura.com\\\/hu\\\/\"},{\"@type\":\"ListItem\",\"position\":2,\"name\":\"Grupo Segura kult\u00far\u00e1k megk\u00f6zel\u00edt\u00e9si kezdem\u00e9nyez\u00e9sei\"}]},{\"@type\":\"WebSite\",\"@id\":\"https:\\\/\\\/www.fsegura.com\\\/hu\\\/#website\",\"url\":\"https:\\\/\\\/www.fsegura.com\\\/hu\\\/\",\"name\":\"Grupo Segura\",\"description\":\"Partner global para componentes de la automoci\u00f3n\",\"publisher\":{\"@id\":\"https:\\\/\\\/www.fsegura.com\\\/hu\\\/#organization\"},\"potentialAction\":[{\"@type\":\"SearchAction\",\"target\":{\"@type\":\"EntryPoint\",\"urlTemplate\":\"https:\\\/\\\/www.fsegura.com\\\/hu\\\/?s={search_term_string}\"},\"query-input\":{\"@type\":\"PropertyValueSpecification\",\"valueRequired\":true,\"valueName\":\"search_term_string\"}}],\"inLanguage\":\"hu\"},{\"@type\":\"Organization\",\"@id\":\"https:\\\/\\\/www.fsegura.com\\\/hu\\\/#organization\",\"name\":\"Grupo Segura\",\"url\":\"https:\\\/\\\/www.fsegura.com\\\/hu\\\/\",\"logo\":{\"@type\":\"ImageObject\",\"inLanguage\":\"hu\",\"@id\":\"https:\\\/\\\/www.fsegura.com\\\/hu\\\/#\\\/schema\\\/logo\\\/image\\\/\",\"url\":\"https:\\\/\\\/www.fsegura.com\\\/wp-content\\\/uploads\\\/2025\\\/09\\\/grupo-segura.jpg\",\"contentUrl\":\"https:\\\/\\\/www.fsegura.com\\\/wp-content\\\/uploads\\\/2025\\\/09\\\/grupo-segura.jpg\",\"width\":458,\"height\":136,\"caption\":\"Grupo Segura\"},\"image\":{\"@id\":\"https:\\\/\\\/www.fsegura.com\\\/hu\\\/#\\\/schema\\\/logo\\\/image\\\/\"}},{\"@type\":\"Person\",\"@id\":\"https:\\\/\\\/www.fsegura.com\\\/hu\\\/#\\\/schema\\\/person\\\/cf9d1abe35e7e038ac092685669e6ae5\",\"name\":\"desarrollo\",\"image\":{\"@type\":\"ImageObject\",\"inLanguage\":\"hu\",\"@id\":\"https:\\\/\\\/secure.gravatar.com\\\/avatar\\\/3b02f34f0ea5a10bc44d1813e23e909e4ef6fd1c0c78c7eed6d094a646af2836?s=96&d=mm&r=g\",\"url\":\"https:\\\/\\\/secure.gravatar.com\\\/avatar\\\/3b02f34f0ea5a10bc44d1813e23e909e4ef6fd1c0c78c7eed6d094a646af2836?s=96&d=mm&r=g\",\"contentUrl\":\"https:\\\/\\\/secure.gravatar.com\\\/avatar\\\/3b02f34f0ea5a10bc44d1813e23e909e4ef6fd1c0c78c7eed6d094a646af2836?s=96&d=mm&r=g\",\"caption\":\"desarrollo\"},\"sameAs\":[\"https:\\\/\\\/www.fsegura.com\"],\"url\":\"https:\\\/\\\/www.fsegura.com\\\/hu\\\/author\\\/desarrollo\\\/\"}]}<\/script>\n<!-- \/ Yoast SEO plugin. -->","yoast_head_json":{"title":"Grupo Segura kult\u00far\u00e1k megk\u00f6zel\u00edt\u00e9si kezdem\u00e9nyez\u00e9sei - Grupo Segura","robots":{"index":"index","follow":"follow","max-snippet":"max-snippet:-1","max-image-preview":"max-image-preview:large","max-video-preview":"max-video-preview:-1"},"canonical":"https:\/\/www.fsegura.com\/hu\/grupo-segura-kulturak-megkozelitesi-kezdemenyezesei\/","og_locale":"hu_HU","og_type":"article","og_title":"Grupo Segura kult\u00far\u00e1k megk\u00f6zel\u00edt\u00e9si kezdem\u00e9nyez\u00e9sei - Grupo Segura","og_description":"A Grupo Segura Igazgat\u00f3s\u00e1ga kezdem\u00e9nyez\u00e9s\u00e9vel \u00e9s t\u00e1mogat\u00e1s\u00e1val, valamint a magyar kult\u00fara megk\u00f6zel\u00edt\u00e9s\u00e9hez kapcsol\u00f3d\u00f3 \u00e9s soksz\u00edn\u0171s\u00e9gi programj\u00e1n kereszt\u00fcl az elm\u00falt h\u00f3napokban k\u00fcl\u00f6nb\u00f6z\u0151 f\u00f3rumokon is el\u0151ad\u00e1sra ker\u00fclt a szolnoki gy\u00e1runk fontoss\u00e1ga a Csoport sz\u00e1m\u00e1ra, valamint sz\u00f3 esett arr\u00f3l, hogy hogyan vezette ez a Csoportot a nemzetk\u00f6ziv\u00e9 v\u00e1l\u00e1s \u00fatj\u00e1ra. Szolnoki \u00fczem\u00fcnk 2008-ban kezdte meg m\u0171k\u00f6d\u00e9s\u00e9t, ami lehet\u0151v\u00e9 tette [&hellip;]","og_url":"https:\/\/www.fsegura.com\/hu\/grupo-segura-kulturak-megkozelitesi-kezdemenyezesei\/","og_site_name":"Grupo Segura","article_published_time":"2016-12-22T14:57:32+00:00","og_image":[{"width":400,"height":266,"url":"https:\/\/www.fsegura.com\/wp-content\/uploads\/2025\/11\/20161129095_Multimedia-ampliada.jpg","type":"image\/jpeg"}],"author":"desarrollo","twitter_card":"summary_large_image","twitter_misc":{"Szerz\u0151:":"desarrollo","Becs\u00fclt olvas\u00e1si id\u0151":"1 perc"},"schema":{"@context":"https:\/\/schema.org","@graph":[{"@type":"Article","@id":"https:\/\/www.fsegura.com\/hu\/grupo-segura-kulturak-megkozelitesi-kezdemenyezesei\/#article","isPartOf":{"@id":"https:\/\/www.fsegura.com\/hu\/grupo-segura-kulturak-megkozelitesi-kezdemenyezesei\/"},"author":{"name":"desarrollo","@id":"https:\/\/www.fsegura.com\/hu\/#\/schema\/person\/cf9d1abe35e7e038ac092685669e6ae5"},"headline":"Grupo Segura kult\u00far\u00e1k megk\u00f6zel\u00edt\u00e9si kezdem\u00e9nyez\u00e9sei","datePublished":"2016-12-22T14:57:32+00:00","mainEntityOfPage":{"@id":"https:\/\/www.fsegura.com\/hu\/grupo-segura-kulturak-megkozelitesi-kezdemenyezesei\/"},"wordCount":249,"commentCount":0,"publisher":{"@id":"https:\/\/www.fsegura.com\/hu\/#organization"},"image":{"@id":"https:\/\/www.fsegura.com\/hu\/grupo-segura-kulturak-megkozelitesi-kezdemenyezesei\/#primaryimage"},"thumbnailUrl":"https:\/\/www.fsegura.com\/wp-content\/uploads\/2025\/11\/20161129095_Multimedia-ampliada.jpg","articleSection":["Sin categorizar"],"inLanguage":"hu","potentialAction":[{"@type":"CommentAction","name":"Comment","target":["https:\/\/www.fsegura.com\/hu\/grupo-segura-kulturak-megkozelitesi-kezdemenyezesei\/#respond"]}]},{"@type":"WebPage","@id":"https:\/\/www.fsegura.com\/hu\/grupo-segura-kulturak-megkozelitesi-kezdemenyezesei\/","url":"https:\/\/www.fsegura.com\/hu\/grupo-segura-kulturak-megkozelitesi-kezdemenyezesei\/","name":"Grupo Segura kult\u00far\u00e1k megk\u00f6zel\u00edt\u00e9si kezdem\u00e9nyez\u00e9sei - Grupo Segura","isPartOf":{"@id":"https:\/\/www.fsegura.com\/hu\/#website"},"primaryImageOfPage":{"@id":"https:\/\/www.fsegura.com\/hu\/grupo-segura-kulturak-megkozelitesi-kezdemenyezesei\/#primaryimage"},"image":{"@id":"https:\/\/www.fsegura.com\/hu\/grupo-segura-kulturak-megkozelitesi-kezdemenyezesei\/#primaryimage"},"thumbnailUrl":"https:\/\/www.fsegura.com\/wp-content\/uploads\/2025\/11\/20161129095_Multimedia-ampliada.jpg","datePublished":"2016-12-22T14:57:32+00:00","breadcrumb":{"@id":"https:\/\/www.fsegura.com\/hu\/grupo-segura-kulturak-megkozelitesi-kezdemenyezesei\/#breadcrumb"},"inLanguage":"hu","potentialAction":[{"@type":"ReadAction","target":["https:\/\/www.fsegura.com\/hu\/grupo-segura-kulturak-megkozelitesi-kezdemenyezesei\/"]}]},{"@type":"ImageObject","inLanguage":"hu","@id":"https:\/\/www.fsegura.com\/hu\/grupo-segura-kulturak-megkozelitesi-kezdemenyezesei\/#primaryimage","url":"https:\/\/www.fsegura.com\/wp-content\/uploads\/2025\/11\/20161129095_Multimedia-ampliada.jpg","contentUrl":"https:\/\/www.fsegura.com\/wp-content\/uploads\/2025\/11\/20161129095_Multimedia-ampliada.jpg","width":400,"height":266,"caption":"noticias"},{"@type":"BreadcrumbList","@id":"https:\/\/www.fsegura.com\/hu\/grupo-segura-kulturak-megkozelitesi-kezdemenyezesei\/#breadcrumb","itemListElement":[{"@type":"ListItem","position":1,"name":"Portada","item":"https:\/\/www.fsegura.com\/hu\/"},{"@type":"ListItem","position":2,"name":"Grupo Segura kult\u00far\u00e1k megk\u00f6zel\u00edt\u00e9si kezdem\u00e9nyez\u00e9sei"}]},{"@type":"WebSite","@id":"https:\/\/www.fsegura.com\/hu\/#website","url":"https:\/\/www.fsegura.com\/hu\/","name":"Grupo Segura","description":"Partner global para componentes de la automoci\u00f3n","publisher":{"@id":"https:\/\/www.fsegura.com\/hu\/#organization"},"potentialAction":[{"@type":"SearchAction","target":{"@type":"EntryPoint","urlTemplate":"https:\/\/www.fsegura.com\/hu\/?s={search_term_string}"},"query-input":{"@type":"PropertyValueSpecification","valueRequired":true,"valueName":"search_term_string"}}],"inLanguage":"hu"},{"@type":"Organization","@id":"https:\/\/www.fsegura.com\/hu\/#organization","name":"Grupo Segura","url":"https:\/\/www.fsegura.com\/hu\/","logo":{"@type":"ImageObject","inLanguage":"hu","@id":"https:\/\/www.fsegura.com\/hu\/#\/schema\/logo\/image\/","url":"https:\/\/www.fsegura.com\/wp-content\/uploads\/2025\/09\/grupo-segura.jpg","contentUrl":"https:\/\/www.fsegura.com\/wp-content\/uploads\/2025\/09\/grupo-segura.jpg","width":458,"height":136,"caption":"Grupo Segura"},"image":{"@id":"https:\/\/www.fsegura.com\/hu\/#\/schema\/logo\/image\/"}},{"@type":"Person","@id":"https:\/\/www.fsegura.com\/hu\/#\/schema\/person\/cf9d1abe35e7e038ac092685669e6ae5","name":"desarrollo","image":{"@type":"ImageObject","inLanguage":"hu","@id":"https:\/\/secure.gravatar.com\/avatar\/3b02f34f0ea5a10bc44d1813e23e909e4ef6fd1c0c78c7eed6d094a646af2836?s=96&d=mm&r=g","url":"https:\/\/secure.gravatar.com\/avatar\/3b02f34f0ea5a10bc44d1813e23e909e4ef6fd1c0c78c7eed6d094a646af2836?s=96&d=mm&r=g","contentUrl":"https:\/\/secure.gravatar.com\/avatar\/3b02f34f0ea5a10bc44d1813e23e909e4ef6fd1c0c78c7eed6d094a646af2836?s=96&d=mm&r=g","caption":"desarrollo"},"sameAs":["https:\/\/www.fsegura.com"],"url":"https:\/\/www.fsegura.com\/hu\/author\/desarrollo\/"}]}},"_links":{"self":[{"href":"https:\/\/www.fsegura.com\/hu\/wp-json\/wp\/v2\/posts\/5560","targetHints":{"allow":["GET"]}}],"collection":[{"href":"https:\/\/www.fsegura.com\/hu\/wp-json\/wp\/v2\/posts"}],"about":[{"href":"https:\/\/www.fsegura.com\/hu\/wp-json\/wp\/v2\/types\/post"}],"author":[{"embeddable":true,"href":"https:\/\/www.fsegura.com\/hu\/wp-json\/wp\/v2\/users\/1"}],"replies":[{"embeddable":true,"href":"https:\/\/www.fsegura.com\/hu\/wp-json\/wp\/v2\/comments?post=5560"}],"version-history":[{"count":0,"href":"https:\/\/www.fsegura.com\/hu\/wp-json\/wp\/v2\/posts\/5560\/revisions"}],"wp:featuredmedia":[{"embeddable":true,"href":"https:\/\/www.fsegura.com\/hu\/wp-json\/wp\/v2\/media\/5338"}],"wp:attachment":[{"href":"https:\/\/www.fsegura.com\/hu\/wp-json\/wp\/v2\/media?parent=5560"}],"wp:term":[{"taxonomy":"category","embeddable":true,"href":"https:\/\/www.fsegura.com\/hu\/wp-json\/wp\/v2\/categories?post=5560"},{"taxonomy":"post_tag","embeddable":true,"href":"https:\/\/www.fsegura.com\/hu\/wp-json\/wp\/v2\/tags?post=5560"}],"curies":[{"name":"wp","href":"https:\/\/api.w.org\/{rel}","templated":true}]}}