{"id":5565,"date":"2017-03-07T10:12:50","date_gmt":"2017-03-07T10:12:50","guid":{"rendered":"https:\/\/www.fsegura.com\/2017\/03\/07\/a-grupo-segura-uj-magyarorszagi-beruhazasi-projektjenek-hivatalos-bejelentese\/"},"modified":"2017-03-07T10:12:50","modified_gmt":"2017-03-07T10:12:50","slug":"a-grupo-segura-uj-magyarorszagi-beruhazasi-projektjenek-hivatalos-bejelentese","status":"publish","type":"post","link":"https:\/\/www.fsegura.com\/hu\/a-grupo-segura-uj-magyarorszagi-beruhazasi-projektjenek-hivatalos-bejelentese\/","title":{"rendered":"A Grupo Segura \u00faj magyarorsz\u00e1gi beruh\u00e1z\u00e1si projektj\u00e9nek hivatalos bejelent\u00e9se"},"content":{"rendered":"<p>M\u00falt h\u00e9t febru\u00e1r 20.-\u00e1n ker\u00fclt sor Budapesten a K\u00fclgazdas\u00e1gi \u00e9s K\u00fcl\u00fcgyminiszt\u00e9riumban a Grupo Segura \u00faj szolnoki beruh\u00e1z\u00e1si projektj\u00e9nek hivatalos bejelent\u00e9s\u00e9re. A rendezv\u00e9nyen Francisco Segura, csoportunk Eln\u00f6ke, Manuel Montalb\u00e1n, Eln\u00f6k helyettes \u00e9s S\u00e1rovics Kati, New Markets munkat\u00e1rsunk vettek r\u00e9szt Sz\u00edjj\u00e1rt\u00f3 P\u00e9ter K\u00fcl\u00fcgyminiszter \u00far, valamint a szolnoki Polg\u00e1rmesteri Hivatal t\u00f6bb tisztvisel\u0151je, az Ipari Park munkat\u00e1rsai, a Spanyol Nagyk\u00f6vets\u00e9g tisztvisel\u0151i \u00e9s a MAGE munkat\u00e1rsai k\u00eds\u00e9ret\u00e9ben.<\/p>\n<p><a href=\"https:\/\/www.fsegura.com\/wp-content\/uploads\/2017\/03\/20170220_Szijjarto_F_Segura_Hungaria_GER_2848.jpg\"><img fetchpriority=\"high\" decoding=\"async\" class=\"alignnone size-large wp-image-6569\" src=\"https:\/\/www.fsegura.com\/wp-content\/uploads\/2017\/03\/20170220_Szijjarto_F_Segura_Hungaria_GER_2848-1024x681.jpg\" alt=\"20170220_Szijjarto_F_Segura_Hungaria_GER_2848\" width=\"1024\" height=\"681\" \/><\/a><\/p>\n<p>A hivatalos bejelent\u00e9st megel\u0151z\u0151en a Grupo Segura k\u00e9pvisel\u0151inek lehet\u0151s\u00e9ge ny\u00edlt egy sz\u0171kk\u00f6r\u0171 megbesz\u00e9l\u00e9s keret\u00e9ben mag\u00e1nbesz\u00e9lget\u00e9st folytatni Sz\u00edjj\u00e1rt\u00f3 P\u00e9ter miniszter \u00farral \u00a0csoportunk magyarorsz\u00e1gi helyzet\u00e9r\u0151l, k\u00f6zelj\u00f6v\u0151beni projektjeinkr\u0151l, valamint a jelenlegi magyar gazdas\u00e1gi helyzetr\u0151l.<\/p>\n<p><a href=\"https:\/\/www.fsegura.com\/wp-content\/uploads\/2017\/03\/20170220_Szijjarto_F_Segura_Hungaria_GER_2694.jpg\"><img decoding=\"async\" class=\"alignnone size-large wp-image-6566\" src=\"https:\/\/www.fsegura.com\/wp-content\/uploads\/2017\/03\/20170220_Szijjarto_F_Segura_Hungaria_GER_2694-1024x681.jpg\" alt=\"20170220_Szijjarto_F_Segura_Hungaria_GER_2694\" width=\"1024\" height=\"681\" \/><\/a><\/p>\n<p>A Grupo Segura ez\u00faton tette hivataloss\u00e1 \u00faj, nagym\u00e9ret\u0171 beruh\u00e1z\u00e1si projektj\u00e9t Magyarorsz\u00e1gon, mellyel 100 \u00faj munkaer\u0151 megteremt\u00e9s\u00e9t tervezi, \u00e9s mi\u00e1ltal gy\u00e1rt\u00f3 ter\u00fclet\u00e9t a kezdeti 12.000 m2-r\u0151l 25.000 m2-es ter\u00fcletre b\u0151v\u00edti a projekt befejezt\u00e9ig.<\/p>\n<p>Gratul\u00e1lunk az eg\u00e9sz Csoportnak ehhez az \u00faj beruh\u00e1z\u00e1shoz!<\/p>\n<p><a href=\"http:\/\/www.kormany.hu\/hu\/kulgazdasagi-es-kulugyminiszterium\/hirek\/5-3-milliard-forintbol-boviti-szolnoki-gyarat-az-f-segura\" target=\"_blank\">http:\/\/www.kormany.hu\/hu\/kulgazdasagi-es-kulugyminiszterium\/hirek\/5-3-milliard-forintbol-boviti-szolnoki-gyarat-az-f-segura<\/a><\/p>\n<p>&nbsp;<\/p>\n","protected":false},"excerpt":{"rendered":"<p>M\u00falt h\u00e9t febru\u00e1r 20.-\u00e1n ker\u00fclt sor Budapesten a K\u00fclgazdas\u00e1gi \u00e9s K\u00fcl\u00fcgyminiszt\u00e9riumban a Grupo Segura \u00faj szolnoki beruh\u00e1z\u00e1si projektj\u00e9nek hivatalos bejelent\u00e9s\u00e9re. A rendezv\u00e9nyen Francisco Segura, csoportunk Eln\u00f6ke, Manuel Montalb\u00e1n, Eln\u00f6k helyettes \u00e9s S\u00e1rovics Kati, New Markets munkat\u00e1rsunk vettek r\u00e9szt Sz\u00edjj\u00e1rt\u00f3 P\u00e9ter K\u00fcl\u00fcgyminiszter \u00far, valamint a szolnoki Polg\u00e1rmesteri Hivatal t\u00f6bb tisztvisel\u0151je, az Ipari Park munkat\u00e1rsai, a Spanyol [&hellip;]<\/p>\n","protected":false},"author":1,"featured_media":5355,"comment_status":"open","ping_status":"open","sticky":false,"template":"","format":"standard","meta":{"_acf_changed":false,"_eb_attr":"","footnotes":""},"categories":[1],"tags":[],"class_list":["post-5565","post","type-post","status-publish","format-standard","has-post-thumbnail","hentry","category-sin-categorizar"],"acf":[],"yoast_head":"<!-- This site is optimized with the Yoast SEO plugin v27.4 - https:\/\/yoast.com\/product\/yoast-seo-wordpress\/ -->\n<title>A Grupo Segura \u00faj magyarorsz\u00e1gi beruh\u00e1z\u00e1si projektj\u00e9nek hivatalos bejelent\u00e9se - Grupo Segura<\/title>\n<meta name=\"robots\" content=\"index, follow, max-snippet:-1, max-image-preview:large, max-video-preview:-1\" \/>\n<link rel=\"canonical\" href=\"https:\/\/www.fsegura.com\/hu\/a-grupo-segura-uj-magyarorszagi-beruhazasi-projektjenek-hivatalos-bejelentese\/\" \/>\n<meta property=\"og:locale\" content=\"hu_HU\" \/>\n<meta property=\"og:type\" content=\"article\" \/>\n<meta property=\"og:title\" content=\"A Grupo Segura \u00faj magyarorsz\u00e1gi beruh\u00e1z\u00e1si projektj\u00e9nek hivatalos bejelent\u00e9se - Grupo Segura\" \/>\n<meta property=\"og:description\" content=\"M\u00falt h\u00e9t febru\u00e1r 20.-\u00e1n ker\u00fclt sor Budapesten a K\u00fclgazdas\u00e1gi \u00e9s K\u00fcl\u00fcgyminiszt\u00e9riumban a Grupo Segura \u00faj szolnoki beruh\u00e1z\u00e1si projektj\u00e9nek hivatalos bejelent\u00e9s\u00e9re. A rendezv\u00e9nyen Francisco Segura, csoportunk Eln\u00f6ke, Manuel Montalb\u00e1n, Eln\u00f6k helyettes \u00e9s S\u00e1rovics Kati, New Markets munkat\u00e1rsunk vettek r\u00e9szt Sz\u00edjj\u00e1rt\u00f3 P\u00e9ter K\u00fcl\u00fcgyminiszter \u00far, valamint a szolnoki Polg\u00e1rmesteri Hivatal t\u00f6bb tisztvisel\u0151je, az Ipari Park munkat\u00e1rsai, a Spanyol [&hellip;]\" \/>\n<meta property=\"og:url\" content=\"https:\/\/www.fsegura.com\/hu\/a-grupo-segura-uj-magyarorszagi-beruhazasi-projektjenek-hivatalos-bejelentese\/\" \/>\n<meta property=\"og:site_name\" content=\"Grupo Segura\" \/>\n<meta property=\"article:published_time\" content=\"2017-03-07T10:12:50+00:00\" \/>\n<meta property=\"og:image\" content=\"https:\/\/www.fsegura.com\/wp-content\/uploads\/2025\/11\/20170220_Szijjarto_F_Segura_Hungaria_GER_2775-scaled.jpg\" \/>\n\t<meta property=\"og:image:width\" content=\"2560\" \/>\n\t<meta property=\"og:image:height\" content=\"1703\" \/>\n\t<meta property=\"og:image:type\" content=\"image\/jpeg\" \/>\n<meta name=\"author\" content=\"desarrollo\" \/>\n<meta name=\"twitter:card\" content=\"summary_large_image\" \/>\n<meta name=\"twitter:label1\" content=\"Szerz\u0151:\" \/>\n\t<meta name=\"twitter:data1\" content=\"desarrollo\" \/>\n\t<meta name=\"twitter:label2\" content=\"Becs\u00fclt olvas\u00e1si id\u0151\" \/>\n\t<meta name=\"twitter:data2\" content=\"1 perc\" \/>\n<script type=\"application\/ld+json\" class=\"yoast-schema-graph\">{\"@context\":\"https:\\\/\\\/schema.org\",\"@graph\":[{\"@type\":\"Article\",\"@id\":\"https:\\\/\\\/www.fsegura.com\\\/hu\\\/a-grupo-segura-uj-magyarorszagi-beruhazasi-projektjenek-hivatalos-bejelentese\\\/#article\",\"isPartOf\":{\"@id\":\"https:\\\/\\\/www.fsegura.com\\\/hu\\\/a-grupo-segura-uj-magyarorszagi-beruhazasi-projektjenek-hivatalos-bejelentese\\\/\"},\"author\":{\"name\":\"desarrollo\",\"@id\":\"https:\\\/\\\/www.fsegura.com\\\/hu\\\/#\\\/schema\\\/person\\\/cf9d1abe35e7e038ac092685669e6ae5\"},\"headline\":\"A Grupo Segura \u00faj magyarorsz\u00e1gi beruh\u00e1z\u00e1si projektj\u00e9nek hivatalos bejelent\u00e9se\",\"datePublished\":\"2017-03-07T10:12:50+00:00\",\"mainEntityOfPage\":{\"@id\":\"https:\\\/\\\/www.fsegura.com\\\/hu\\\/a-grupo-segura-uj-magyarorszagi-beruhazasi-projektjenek-hivatalos-bejelentese\\\/\"},\"wordCount\":243,\"commentCount\":0,\"publisher\":{\"@id\":\"https:\\\/\\\/www.fsegura.com\\\/hu\\\/#organization\"},\"image\":{\"@id\":\"https:\\\/\\\/www.fsegura.com\\\/hu\\\/a-grupo-segura-uj-magyarorszagi-beruhazasi-projektjenek-hivatalos-bejelentese\\\/#primaryimage\"},\"thumbnailUrl\":\"https:\\\/\\\/www.fsegura.com\\\/wp-content\\\/uploads\\\/2025\\\/11\\\/20170220_Szijjarto_F_Segura_Hungaria_GER_2775-scaled.jpg\",\"articleSection\":[\"Sin categorizar\"],\"inLanguage\":\"hu\",\"potentialAction\":[{\"@type\":\"CommentAction\",\"name\":\"Comment\",\"target\":[\"https:\\\/\\\/www.fsegura.com\\\/hu\\\/a-grupo-segura-uj-magyarorszagi-beruhazasi-projektjenek-hivatalos-bejelentese\\\/#respond\"]}]},{\"@type\":\"WebPage\",\"@id\":\"https:\\\/\\\/www.fsegura.com\\\/hu\\\/a-grupo-segura-uj-magyarorszagi-beruhazasi-projektjenek-hivatalos-bejelentese\\\/\",\"url\":\"https:\\\/\\\/www.fsegura.com\\\/hu\\\/a-grupo-segura-uj-magyarorszagi-beruhazasi-projektjenek-hivatalos-bejelentese\\\/\",\"name\":\"A Grupo Segura \u00faj magyarorsz\u00e1gi beruh\u00e1z\u00e1si projektj\u00e9nek hivatalos bejelent\u00e9se - Grupo Segura\",\"isPartOf\":{\"@id\":\"https:\\\/\\\/www.fsegura.com\\\/hu\\\/#website\"},\"primaryImageOfPage\":{\"@id\":\"https:\\\/\\\/www.fsegura.com\\\/hu\\\/a-grupo-segura-uj-magyarorszagi-beruhazasi-projektjenek-hivatalos-bejelentese\\\/#primaryimage\"},\"image\":{\"@id\":\"https:\\\/\\\/www.fsegura.com\\\/hu\\\/a-grupo-segura-uj-magyarorszagi-beruhazasi-projektjenek-hivatalos-bejelentese\\\/#primaryimage\"},\"thumbnailUrl\":\"https:\\\/\\\/www.fsegura.com\\\/wp-content\\\/uploads\\\/2025\\\/11\\\/20170220_Szijjarto_F_Segura_Hungaria_GER_2775-scaled.jpg\",\"datePublished\":\"2017-03-07T10:12:50+00:00\",\"breadcrumb\":{\"@id\":\"https:\\\/\\\/www.fsegura.com\\\/hu\\\/a-grupo-segura-uj-magyarorszagi-beruhazasi-projektjenek-hivatalos-bejelentese\\\/#breadcrumb\"},\"inLanguage\":\"hu\",\"potentialAction\":[{\"@type\":\"ReadAction\",\"target\":[\"https:\\\/\\\/www.fsegura.com\\\/hu\\\/a-grupo-segura-uj-magyarorszagi-beruhazasi-projektjenek-hivatalos-bejelentese\\\/\"]}]},{\"@type\":\"ImageObject\",\"inLanguage\":\"hu\",\"@id\":\"https:\\\/\\\/www.fsegura.com\\\/hu\\\/a-grupo-segura-uj-magyarorszagi-beruhazasi-projektjenek-hivatalos-bejelentese\\\/#primaryimage\",\"url\":\"https:\\\/\\\/www.fsegura.com\\\/wp-content\\\/uploads\\\/2025\\\/11\\\/20170220_Szijjarto_F_Segura_Hungaria_GER_2775-scaled.jpg\",\"contentUrl\":\"https:\\\/\\\/www.fsegura.com\\\/wp-content\\\/uploads\\\/2025\\\/11\\\/20170220_Szijjarto_F_Segura_Hungaria_GER_2775-scaled.jpg\",\"width\":2560,\"height\":1703,\"caption\":\"noticias\"},{\"@type\":\"BreadcrumbList\",\"@id\":\"https:\\\/\\\/www.fsegura.com\\\/hu\\\/a-grupo-segura-uj-magyarorszagi-beruhazasi-projektjenek-hivatalos-bejelentese\\\/#breadcrumb\",\"itemListElement\":[{\"@type\":\"ListItem\",\"position\":1,\"name\":\"Portada\",\"item\":\"https:\\\/\\\/www.fsegura.com\\\/hu\\\/\"},{\"@type\":\"ListItem\",\"position\":2,\"name\":\"A Grupo Segura \u00faj magyarorsz\u00e1gi beruh\u00e1z\u00e1si projektj\u00e9nek hivatalos bejelent\u00e9se\"}]},{\"@type\":\"WebSite\",\"@id\":\"https:\\\/\\\/www.fsegura.com\\\/hu\\\/#website\",\"url\":\"https:\\\/\\\/www.fsegura.com\\\/hu\\\/\",\"name\":\"Grupo Segura\",\"description\":\"Partner global para componentes de la automoci\u00f3n\",\"publisher\":{\"@id\":\"https:\\\/\\\/www.fsegura.com\\\/hu\\\/#organization\"},\"potentialAction\":[{\"@type\":\"SearchAction\",\"target\":{\"@type\":\"EntryPoint\",\"urlTemplate\":\"https:\\\/\\\/www.fsegura.com\\\/hu\\\/?s={search_term_string}\"},\"query-input\":{\"@type\":\"PropertyValueSpecification\",\"valueRequired\":true,\"valueName\":\"search_term_string\"}}],\"inLanguage\":\"hu\"},{\"@type\":\"Organization\",\"@id\":\"https:\\\/\\\/www.fsegura.com\\\/hu\\\/#organization\",\"name\":\"Grupo Segura\",\"url\":\"https:\\\/\\\/www.fsegura.com\\\/hu\\\/\",\"logo\":{\"@type\":\"ImageObject\",\"inLanguage\":\"hu\",\"@id\":\"https:\\\/\\\/www.fsegura.com\\\/hu\\\/#\\\/schema\\\/logo\\\/image\\\/\",\"url\":\"https:\\\/\\\/www.fsegura.com\\\/wp-content\\\/uploads\\\/2025\\\/09\\\/grupo-segura.jpg\",\"contentUrl\":\"https:\\\/\\\/www.fsegura.com\\\/wp-content\\\/uploads\\\/2025\\\/09\\\/grupo-segura.jpg\",\"width\":458,\"height\":136,\"caption\":\"Grupo Segura\"},\"image\":{\"@id\":\"https:\\\/\\\/www.fsegura.com\\\/hu\\\/#\\\/schema\\\/logo\\\/image\\\/\"}},{\"@type\":\"Person\",\"@id\":\"https:\\\/\\\/www.fsegura.com\\\/hu\\\/#\\\/schema\\\/person\\\/cf9d1abe35e7e038ac092685669e6ae5\",\"name\":\"desarrollo\",\"image\":{\"@type\":\"ImageObject\",\"inLanguage\":\"hu\",\"@id\":\"https:\\\/\\\/secure.gravatar.com\\\/avatar\\\/3b02f34f0ea5a10bc44d1813e23e909e4ef6fd1c0c78c7eed6d094a646af2836?s=96&d=mm&r=g\",\"url\":\"https:\\\/\\\/secure.gravatar.com\\\/avatar\\\/3b02f34f0ea5a10bc44d1813e23e909e4ef6fd1c0c78c7eed6d094a646af2836?s=96&d=mm&r=g\",\"contentUrl\":\"https:\\\/\\\/secure.gravatar.com\\\/avatar\\\/3b02f34f0ea5a10bc44d1813e23e909e4ef6fd1c0c78c7eed6d094a646af2836?s=96&d=mm&r=g\",\"caption\":\"desarrollo\"},\"sameAs\":[\"https:\\\/\\\/www.fsegura.com\"],\"url\":\"https:\\\/\\\/www.fsegura.com\\\/hu\\\/author\\\/desarrollo\\\/\"}]}<\/script>\n<!-- \/ Yoast SEO plugin. -->","yoast_head_json":{"title":"A Grupo Segura \u00faj magyarorsz\u00e1gi beruh\u00e1z\u00e1si projektj\u00e9nek hivatalos bejelent\u00e9se - Grupo Segura","robots":{"index":"index","follow":"follow","max-snippet":"max-snippet:-1","max-image-preview":"max-image-preview:large","max-video-preview":"max-video-preview:-1"},"canonical":"https:\/\/www.fsegura.com\/hu\/a-grupo-segura-uj-magyarorszagi-beruhazasi-projektjenek-hivatalos-bejelentese\/","og_locale":"hu_HU","og_type":"article","og_title":"A Grupo Segura \u00faj magyarorsz\u00e1gi beruh\u00e1z\u00e1si projektj\u00e9nek hivatalos bejelent\u00e9se - Grupo Segura","og_description":"M\u00falt h\u00e9t febru\u00e1r 20.-\u00e1n ker\u00fclt sor Budapesten a K\u00fclgazdas\u00e1gi \u00e9s K\u00fcl\u00fcgyminiszt\u00e9riumban a Grupo Segura \u00faj szolnoki beruh\u00e1z\u00e1si projektj\u00e9nek hivatalos bejelent\u00e9s\u00e9re. A rendezv\u00e9nyen Francisco Segura, csoportunk Eln\u00f6ke, Manuel Montalb\u00e1n, Eln\u00f6k helyettes \u00e9s S\u00e1rovics Kati, New Markets munkat\u00e1rsunk vettek r\u00e9szt Sz\u00edjj\u00e1rt\u00f3 P\u00e9ter K\u00fcl\u00fcgyminiszter \u00far, valamint a szolnoki Polg\u00e1rmesteri Hivatal t\u00f6bb tisztvisel\u0151je, az Ipari Park munkat\u00e1rsai, a Spanyol [&hellip;]","og_url":"https:\/\/www.fsegura.com\/hu\/a-grupo-segura-uj-magyarorszagi-beruhazasi-projektjenek-hivatalos-bejelentese\/","og_site_name":"Grupo Segura","article_published_time":"2017-03-07T10:12:50+00:00","og_image":[{"width":2560,"height":1703,"url":"https:\/\/www.fsegura.com\/wp-content\/uploads\/2025\/11\/20170220_Szijjarto_F_Segura_Hungaria_GER_2775-scaled.jpg","type":"image\/jpeg"}],"author":"desarrollo","twitter_card":"summary_large_image","twitter_misc":{"Szerz\u0151:":"desarrollo","Becs\u00fclt olvas\u00e1si id\u0151":"1 perc"},"schema":{"@context":"https:\/\/schema.org","@graph":[{"@type":"Article","@id":"https:\/\/www.fsegura.com\/hu\/a-grupo-segura-uj-magyarorszagi-beruhazasi-projektjenek-hivatalos-bejelentese\/#article","isPartOf":{"@id":"https:\/\/www.fsegura.com\/hu\/a-grupo-segura-uj-magyarorszagi-beruhazasi-projektjenek-hivatalos-bejelentese\/"},"author":{"name":"desarrollo","@id":"https:\/\/www.fsegura.com\/hu\/#\/schema\/person\/cf9d1abe35e7e038ac092685669e6ae5"},"headline":"A Grupo Segura \u00faj magyarorsz\u00e1gi beruh\u00e1z\u00e1si projektj\u00e9nek hivatalos bejelent\u00e9se","datePublished":"2017-03-07T10:12:50+00:00","mainEntityOfPage":{"@id":"https:\/\/www.fsegura.com\/hu\/a-grupo-segura-uj-magyarorszagi-beruhazasi-projektjenek-hivatalos-bejelentese\/"},"wordCount":243,"commentCount":0,"publisher":{"@id":"https:\/\/www.fsegura.com\/hu\/#organization"},"image":{"@id":"https:\/\/www.fsegura.com\/hu\/a-grupo-segura-uj-magyarorszagi-beruhazasi-projektjenek-hivatalos-bejelentese\/#primaryimage"},"thumbnailUrl":"https:\/\/www.fsegura.com\/wp-content\/uploads\/2025\/11\/20170220_Szijjarto_F_Segura_Hungaria_GER_2775-scaled.jpg","articleSection":["Sin categorizar"],"inLanguage":"hu","potentialAction":[{"@type":"CommentAction","name":"Comment","target":["https:\/\/www.fsegura.com\/hu\/a-grupo-segura-uj-magyarorszagi-beruhazasi-projektjenek-hivatalos-bejelentese\/#respond"]}]},{"@type":"WebPage","@id":"https:\/\/www.fsegura.com\/hu\/a-grupo-segura-uj-magyarorszagi-beruhazasi-projektjenek-hivatalos-bejelentese\/","url":"https:\/\/www.fsegura.com\/hu\/a-grupo-segura-uj-magyarorszagi-beruhazasi-projektjenek-hivatalos-bejelentese\/","name":"A Grupo Segura \u00faj magyarorsz\u00e1gi beruh\u00e1z\u00e1si projektj\u00e9nek hivatalos bejelent\u00e9se - Grupo Segura","isPartOf":{"@id":"https:\/\/www.fsegura.com\/hu\/#website"},"primaryImageOfPage":{"@id":"https:\/\/www.fsegura.com\/hu\/a-grupo-segura-uj-magyarorszagi-beruhazasi-projektjenek-hivatalos-bejelentese\/#primaryimage"},"image":{"@id":"https:\/\/www.fsegura.com\/hu\/a-grupo-segura-uj-magyarorszagi-beruhazasi-projektjenek-hivatalos-bejelentese\/#primaryimage"},"thumbnailUrl":"https:\/\/www.fsegura.com\/wp-content\/uploads\/2025\/11\/20170220_Szijjarto_F_Segura_Hungaria_GER_2775-scaled.jpg","datePublished":"2017-03-07T10:12:50+00:00","breadcrumb":{"@id":"https:\/\/www.fsegura.com\/hu\/a-grupo-segura-uj-magyarorszagi-beruhazasi-projektjenek-hivatalos-bejelentese\/#breadcrumb"},"inLanguage":"hu","potentialAction":[{"@type":"ReadAction","target":["https:\/\/www.fsegura.com\/hu\/a-grupo-segura-uj-magyarorszagi-beruhazasi-projektjenek-hivatalos-bejelentese\/"]}]},{"@type":"ImageObject","inLanguage":"hu","@id":"https:\/\/www.fsegura.com\/hu\/a-grupo-segura-uj-magyarorszagi-beruhazasi-projektjenek-hivatalos-bejelentese\/#primaryimage","url":"https:\/\/www.fsegura.com\/wp-content\/uploads\/2025\/11\/20170220_Szijjarto_F_Segura_Hungaria_GER_2775-scaled.jpg","contentUrl":"https:\/\/www.fsegura.com\/wp-content\/uploads\/2025\/11\/20170220_Szijjarto_F_Segura_Hungaria_GER_2775-scaled.jpg","width":2560,"height":1703,"caption":"noticias"},{"@type":"BreadcrumbList","@id":"https:\/\/www.fsegura.com\/hu\/a-grupo-segura-uj-magyarorszagi-beruhazasi-projektjenek-hivatalos-bejelentese\/#breadcrumb","itemListElement":[{"@type":"ListItem","position":1,"name":"Portada","item":"https:\/\/www.fsegura.com\/hu\/"},{"@type":"ListItem","position":2,"name":"A Grupo Segura \u00faj magyarorsz\u00e1gi beruh\u00e1z\u00e1si projektj\u00e9nek hivatalos bejelent\u00e9se"}]},{"@type":"WebSite","@id":"https:\/\/www.fsegura.com\/hu\/#website","url":"https:\/\/www.fsegura.com\/hu\/","name":"Grupo Segura","description":"Partner global para componentes de la automoci\u00f3n","publisher":{"@id":"https:\/\/www.fsegura.com\/hu\/#organization"},"potentialAction":[{"@type":"SearchAction","target":{"@type":"EntryPoint","urlTemplate":"https:\/\/www.fsegura.com\/hu\/?s={search_term_string}"},"query-input":{"@type":"PropertyValueSpecification","valueRequired":true,"valueName":"search_term_string"}}],"inLanguage":"hu"},{"@type":"Organization","@id":"https:\/\/www.fsegura.com\/hu\/#organization","name":"Grupo Segura","url":"https:\/\/www.fsegura.com\/hu\/","logo":{"@type":"ImageObject","inLanguage":"hu","@id":"https:\/\/www.fsegura.com\/hu\/#\/schema\/logo\/image\/","url":"https:\/\/www.fsegura.com\/wp-content\/uploads\/2025\/09\/grupo-segura.jpg","contentUrl":"https:\/\/www.fsegura.com\/wp-content\/uploads\/2025\/09\/grupo-segura.jpg","width":458,"height":136,"caption":"Grupo Segura"},"image":{"@id":"https:\/\/www.fsegura.com\/hu\/#\/schema\/logo\/image\/"}},{"@type":"Person","@id":"https:\/\/www.fsegura.com\/hu\/#\/schema\/person\/cf9d1abe35e7e038ac092685669e6ae5","name":"desarrollo","image":{"@type":"ImageObject","inLanguage":"hu","@id":"https:\/\/secure.gravatar.com\/avatar\/3b02f34f0ea5a10bc44d1813e23e909e4ef6fd1c0c78c7eed6d094a646af2836?s=96&d=mm&r=g","url":"https:\/\/secure.gravatar.com\/avatar\/3b02f34f0ea5a10bc44d1813e23e909e4ef6fd1c0c78c7eed6d094a646af2836?s=96&d=mm&r=g","contentUrl":"https:\/\/secure.gravatar.com\/avatar\/3b02f34f0ea5a10bc44d1813e23e909e4ef6fd1c0c78c7eed6d094a646af2836?s=96&d=mm&r=g","caption":"desarrollo"},"sameAs":["https:\/\/www.fsegura.com"],"url":"https:\/\/www.fsegura.com\/hu\/author\/desarrollo\/"}]}},"_links":{"self":[{"href":"https:\/\/www.fsegura.com\/hu\/wp-json\/wp\/v2\/posts\/5565","targetHints":{"allow":["GET"]}}],"collection":[{"href":"https:\/\/www.fsegura.com\/hu\/wp-json\/wp\/v2\/posts"}],"about":[{"href":"https:\/\/www.fsegura.com\/hu\/wp-json\/wp\/v2\/types\/post"}],"author":[{"embeddable":true,"href":"https:\/\/www.fsegura.com\/hu\/wp-json\/wp\/v2\/users\/1"}],"replies":[{"embeddable":true,"href":"https:\/\/www.fsegura.com\/hu\/wp-json\/wp\/v2\/comments?post=5565"}],"version-history":[{"count":0,"href":"https:\/\/www.fsegura.com\/hu\/wp-json\/wp\/v2\/posts\/5565\/revisions"}],"wp:featuredmedia":[{"embeddable":true,"href":"https:\/\/www.fsegura.com\/hu\/wp-json\/wp\/v2\/media\/5355"}],"wp:attachment":[{"href":"https:\/\/www.fsegura.com\/hu\/wp-json\/wp\/v2\/media?parent=5565"}],"wp:term":[{"taxonomy":"category","embeddable":true,"href":"https:\/\/www.fsegura.com\/hu\/wp-json\/wp\/v2\/categories?post=5565"},{"taxonomy":"post_tag","embeddable":true,"href":"https:\/\/www.fsegura.com\/hu\/wp-json\/wp\/v2\/tags?post=5565"}],"curies":[{"name":"wp","href":"https:\/\/api.w.org\/{rel}","templated":true}]}}