{"id":5566,"date":"2017-03-14T06:50:15","date_gmt":"2017-03-14T06:50:15","guid":{"rendered":"https:\/\/www.fsegura.com\/2017\/03\/14\/10-km-szolidaris-futoverseny-a-ford-beszallitoi-parkjaban\/"},"modified":"2017-03-14T06:50:15","modified_gmt":"2017-03-14T06:50:15","slug":"10-km-szolidaris-futoverseny-a-ford-beszallitoi-parkjaban","status":"publish","type":"post","link":"https:\/\/www.fsegura.com\/hu\/10-km-szolidaris-futoverseny-a-ford-beszallitoi-parkjaban\/","title":{"rendered":"10 Km szolid\u00e1ris fut\u00f3verseny a Ford besz\u00e1ll\u00edt\u00f3i parkj\u00e1ban"},"content":{"rendered":"<p>M\u00e1rcius 5.-\u00e9n, vas\u00e1rnap ker\u00fclt megrendez\u00e9sre imm\u00e1r harmadik alkalommal a Juan Carlos I. Szolg\u00e1ltat\u00f3i Parkban a \u201cL\u00e9legzet n\u00e9lk\u00fcl a pulmon\u00e1lis hipert\u00f3nia \u00e9s az STXBP1 szindr\u00f3ma \u00e9rdek\u00e9ben\u201d elnevez\u00e9s\u0171 fut\u00f3verseny. A versenyt a Ford Almussafes, APPI Almussafes-i Ipari \u00e9s Szolg\u00e1ltat\u00f3i Parkok Sz\u00f6vets\u00e9ge, valamint az Almussafes-i Polg\u00e1rmesteri Hivatal k\u00f6z\u00f6sen rendezt\u00e9k meg.<\/p>\n<p>&nbsp;<\/p>\n<p>Almussafes \u00edgy \u00fajabb oldalt jegyezhetett sport\u00e9let\u00e9nek k\u00f6nyv\u00e9be, mely alkalomb\u00f3l t\u00f6bb mint 2000 sportember gy\u0171lt \u00f6ssze ezen j\u00f3t\u00e9konys\u00e1gi c\u00e9lokb\u00f3l.\u00a0 Ezzel a nagy siker\u0171 r\u00e9szv\u00e9tellel t\u00f6bb sz\u00e1z ember \u00e9lvezhette a sportos \u00e9s szolid\u00e1ris reggelt a Juan Carlos I. Ipari Parkban \u00e9s Ford Almussafes l\u00e9tes\u00edtm\u00e9nyeiben. A 10kFord-Appi \u201c\u00c9vtizedeken kereszt\u00fcl egy\u00fctt\u201d harmadik alkalommal megrendezett verseny\u00e9nek bev\u00e9tel\u00e9t (12.198 \u20ac) ezen k\u00e9t ritka betegs\u00e9g Orsz\u00e1gos Sz\u00f6vets\u00e9g\u00e9nek sz\u00e1nja a kutat\u00e1s fejleszt\u00e9se \u00e9rdek\u00e9ben \u00e9s amellett t\u00e1mogat\u00e1st k\u00edn\u00e1l a betegeknek \u00e9s csal\u00e1dtagjainak.<\/p>\n<p>&nbsp;<\/p>\n<p>Munkat\u00e1rsaink ezen t\u00edpus\u00fa sport \u00e9s szolid\u00e1ris esem\u00e9nyeken val\u00f3 r\u00e9szv\u00e9tel\u00e9nek t\u00e1mogat\u00e1sa \u00e9rdek\u00e9ben c\u00e9g\u00fcnk fedezte a regisztr\u00e1ci\u00f3s k\u00f6lts\u00e9geket, valamint egy-egy p\u00f3l\u00f3t aj\u00e1nd\u00e9kozott eml\u00e9k\u00fcl c\u00e9g\u00fcnk mindenegyes r\u00e9sztvev\u0151j\u00e9nek.<\/p>\n<p>K\u00f6sz\u00f6nj\u00fck a r\u00e9szv\u00e9telt, \u00e9s j\u00f6v\u0151re emelj\u00fck meg a r\u00e9sztvev\u0151k sz\u00e1m\u00e1t ezen j\u00f3 \u00fcgyek \u00e9rdek\u00e9ben!<\/p>\n<p><a href=\"https:\/\/www.fsegura.com\/wp-content\/uploads\/2017\/03\/20170305_095418.jpg\"><img fetchpriority=\"high\" decoding=\"async\" class=\"alignnone size-large wp-image-6599\" src=\"https:\/\/www.fsegura.com\/wp-content\/uploads\/2017\/03\/20170305_095418-1024x576.jpg\" alt=\"20170305_095418\" width=\"1024\" height=\"576\" \/><\/a><\/p>\n","protected":false},"excerpt":{"rendered":"<p>M\u00e1rcius 5.-\u00e9n, vas\u00e1rnap ker\u00fclt megrendez\u00e9sre imm\u00e1r harmadik alkalommal a Juan Carlos I. Szolg\u00e1ltat\u00f3i Parkban a \u201cL\u00e9legzet n\u00e9lk\u00fcl a pulmon\u00e1lis hipert\u00f3nia \u00e9s az STXBP1 szindr\u00f3ma \u00e9rdek\u00e9ben\u201d elnevez\u00e9s\u0171 fut\u00f3verseny. A versenyt a Ford Almussafes, APPI Almussafes-i Ipari \u00e9s Szolg\u00e1ltat\u00f3i Parkok Sz\u00f6vets\u00e9ge, valamint az Almussafes-i Polg\u00e1rmesteri Hivatal k\u00f6z\u00f6sen rendezt\u00e9k meg. &nbsp; Almussafes \u00edgy \u00fajabb oldalt jegyezhetett sport\u00e9let\u00e9nek k\u00f6nyv\u00e9be, [&hellip;]<\/p>\n","protected":false},"author":1,"featured_media":5359,"comment_status":"open","ping_status":"open","sticky":false,"template":"","format":"standard","meta":{"_acf_changed":false,"_eb_attr":"","footnotes":""},"categories":[1],"tags":[],"class_list":["post-5566","post","type-post","status-publish","format-standard","has-post-thumbnail","hentry","category-sin-categorizar"],"acf":[],"yoast_head":"<!-- This site is optimized with the Yoast SEO plugin v27.4 - https:\/\/yoast.com\/product\/yoast-seo-wordpress\/ -->\n<title>10 Km szolid\u00e1ris fut\u00f3verseny a Ford besz\u00e1ll\u00edt\u00f3i parkj\u00e1ban - Grupo Segura<\/title>\n<meta name=\"robots\" content=\"index, follow, max-snippet:-1, max-image-preview:large, max-video-preview:-1\" \/>\n<link rel=\"canonical\" href=\"https:\/\/www.fsegura.com\/hu\/10-km-szolidaris-futoverseny-a-ford-beszallitoi-parkjaban\/\" \/>\n<meta property=\"og:locale\" content=\"hu_HU\" \/>\n<meta property=\"og:type\" content=\"article\" \/>\n<meta property=\"og:title\" content=\"10 Km szolid\u00e1ris fut\u00f3verseny a Ford besz\u00e1ll\u00edt\u00f3i parkj\u00e1ban - Grupo Segura\" \/>\n<meta property=\"og:description\" content=\"M\u00e1rcius 5.-\u00e9n, vas\u00e1rnap ker\u00fclt megrendez\u00e9sre imm\u00e1r harmadik alkalommal a Juan Carlos I. Szolg\u00e1ltat\u00f3i Parkban a \u201cL\u00e9legzet n\u00e9lk\u00fcl a pulmon\u00e1lis hipert\u00f3nia \u00e9s az STXBP1 szindr\u00f3ma \u00e9rdek\u00e9ben\u201d elnevez\u00e9s\u0171 fut\u00f3verseny. A versenyt a Ford Almussafes, APPI Almussafes-i Ipari \u00e9s Szolg\u00e1ltat\u00f3i Parkok Sz\u00f6vets\u00e9ge, valamint az Almussafes-i Polg\u00e1rmesteri Hivatal k\u00f6z\u00f6sen rendezt\u00e9k meg. &nbsp; Almussafes \u00edgy \u00fajabb oldalt jegyezhetett sport\u00e9let\u00e9nek k\u00f6nyv\u00e9be, [&hellip;]\" \/>\n<meta property=\"og:url\" content=\"https:\/\/www.fsegura.com\/hu\/10-km-szolidaris-futoverseny-a-ford-beszallitoi-parkjaban\/\" \/>\n<meta property=\"og:site_name\" content=\"Grupo Segura\" \/>\n<meta property=\"article:published_time\" content=\"2017-03-14T06:50:15+00:00\" \/>\n<meta property=\"og:image\" content=\"https:\/\/www.fsegura.com\/wp-content\/uploads\/2025\/11\/20170305_095447-scaled.jpg\" \/>\n\t<meta property=\"og:image:width\" content=\"2560\" \/>\n\t<meta property=\"og:image:height\" content=\"1440\" \/>\n\t<meta property=\"og:image:type\" content=\"image\/jpeg\" \/>\n<meta name=\"author\" content=\"desarrollo\" \/>\n<meta name=\"twitter:card\" content=\"summary_large_image\" \/>\n<meta name=\"twitter:label1\" content=\"Szerz\u0151:\" \/>\n\t<meta name=\"twitter:data1\" content=\"desarrollo\" \/>\n\t<meta name=\"twitter:label2\" content=\"Becs\u00fclt olvas\u00e1si id\u0151\" \/>\n\t<meta name=\"twitter:data2\" content=\"1 perc\" \/>\n<script type=\"application\/ld+json\" class=\"yoast-schema-graph\">{\"@context\":\"https:\\\/\\\/schema.org\",\"@graph\":[{\"@type\":\"Article\",\"@id\":\"https:\\\/\\\/www.fsegura.com\\\/hu\\\/10-km-szolidaris-futoverseny-a-ford-beszallitoi-parkjaban\\\/#article\",\"isPartOf\":{\"@id\":\"https:\\\/\\\/www.fsegura.com\\\/hu\\\/10-km-szolidaris-futoverseny-a-ford-beszallitoi-parkjaban\\\/\"},\"author\":{\"name\":\"desarrollo\",\"@id\":\"https:\\\/\\\/www.fsegura.com\\\/hu\\\/#\\\/schema\\\/person\\\/cf9d1abe35e7e038ac092685669e6ae5\"},\"headline\":\"10 Km szolid\u00e1ris fut\u00f3verseny a Ford besz\u00e1ll\u00edt\u00f3i parkj\u00e1ban\",\"datePublished\":\"2017-03-14T06:50:15+00:00\",\"mainEntityOfPage\":{\"@id\":\"https:\\\/\\\/www.fsegura.com\\\/hu\\\/10-km-szolidaris-futoverseny-a-ford-beszallitoi-parkjaban\\\/\"},\"wordCount\":275,\"commentCount\":0,\"publisher\":{\"@id\":\"https:\\\/\\\/www.fsegura.com\\\/hu\\\/#organization\"},\"image\":{\"@id\":\"https:\\\/\\\/www.fsegura.com\\\/hu\\\/10-km-szolidaris-futoverseny-a-ford-beszallitoi-parkjaban\\\/#primaryimage\"},\"thumbnailUrl\":\"https:\\\/\\\/www.fsegura.com\\\/wp-content\\\/uploads\\\/2025\\\/11\\\/20170305_095447-scaled.jpg\",\"articleSection\":[\"Sin categorizar\"],\"inLanguage\":\"hu\",\"potentialAction\":[{\"@type\":\"CommentAction\",\"name\":\"Comment\",\"target\":[\"https:\\\/\\\/www.fsegura.com\\\/hu\\\/10-km-szolidaris-futoverseny-a-ford-beszallitoi-parkjaban\\\/#respond\"]}]},{\"@type\":\"WebPage\",\"@id\":\"https:\\\/\\\/www.fsegura.com\\\/hu\\\/10-km-szolidaris-futoverseny-a-ford-beszallitoi-parkjaban\\\/\",\"url\":\"https:\\\/\\\/www.fsegura.com\\\/hu\\\/10-km-szolidaris-futoverseny-a-ford-beszallitoi-parkjaban\\\/\",\"name\":\"10 Km szolid\u00e1ris fut\u00f3verseny a Ford besz\u00e1ll\u00edt\u00f3i parkj\u00e1ban - Grupo Segura\",\"isPartOf\":{\"@id\":\"https:\\\/\\\/www.fsegura.com\\\/hu\\\/#website\"},\"primaryImageOfPage\":{\"@id\":\"https:\\\/\\\/www.fsegura.com\\\/hu\\\/10-km-szolidaris-futoverseny-a-ford-beszallitoi-parkjaban\\\/#primaryimage\"},\"image\":{\"@id\":\"https:\\\/\\\/www.fsegura.com\\\/hu\\\/10-km-szolidaris-futoverseny-a-ford-beszallitoi-parkjaban\\\/#primaryimage\"},\"thumbnailUrl\":\"https:\\\/\\\/www.fsegura.com\\\/wp-content\\\/uploads\\\/2025\\\/11\\\/20170305_095447-scaled.jpg\",\"datePublished\":\"2017-03-14T06:50:15+00:00\",\"breadcrumb\":{\"@id\":\"https:\\\/\\\/www.fsegura.com\\\/hu\\\/10-km-szolidaris-futoverseny-a-ford-beszallitoi-parkjaban\\\/#breadcrumb\"},\"inLanguage\":\"hu\",\"potentialAction\":[{\"@type\":\"ReadAction\",\"target\":[\"https:\\\/\\\/www.fsegura.com\\\/hu\\\/10-km-szolidaris-futoverseny-a-ford-beszallitoi-parkjaban\\\/\"]}]},{\"@type\":\"ImageObject\",\"inLanguage\":\"hu\",\"@id\":\"https:\\\/\\\/www.fsegura.com\\\/hu\\\/10-km-szolidaris-futoverseny-a-ford-beszallitoi-parkjaban\\\/#primaryimage\",\"url\":\"https:\\\/\\\/www.fsegura.com\\\/wp-content\\\/uploads\\\/2025\\\/11\\\/20170305_095447-scaled.jpg\",\"contentUrl\":\"https:\\\/\\\/www.fsegura.com\\\/wp-content\\\/uploads\\\/2025\\\/11\\\/20170305_095447-scaled.jpg\",\"width\":2560,\"height\":1440,\"caption\":\"noticias\"},{\"@type\":\"BreadcrumbList\",\"@id\":\"https:\\\/\\\/www.fsegura.com\\\/hu\\\/10-km-szolidaris-futoverseny-a-ford-beszallitoi-parkjaban\\\/#breadcrumb\",\"itemListElement\":[{\"@type\":\"ListItem\",\"position\":1,\"name\":\"Portada\",\"item\":\"https:\\\/\\\/www.fsegura.com\\\/hu\\\/\"},{\"@type\":\"ListItem\",\"position\":2,\"name\":\"10 Km szolid\u00e1ris fut\u00f3verseny a Ford besz\u00e1ll\u00edt\u00f3i parkj\u00e1ban\"}]},{\"@type\":\"WebSite\",\"@id\":\"https:\\\/\\\/www.fsegura.com\\\/hu\\\/#website\",\"url\":\"https:\\\/\\\/www.fsegura.com\\\/hu\\\/\",\"name\":\"Grupo Segura\",\"description\":\"Partner global para componentes de la automoci\u00f3n\",\"publisher\":{\"@id\":\"https:\\\/\\\/www.fsegura.com\\\/hu\\\/#organization\"},\"potentialAction\":[{\"@type\":\"SearchAction\",\"target\":{\"@type\":\"EntryPoint\",\"urlTemplate\":\"https:\\\/\\\/www.fsegura.com\\\/hu\\\/?s={search_term_string}\"},\"query-input\":{\"@type\":\"PropertyValueSpecification\",\"valueRequired\":true,\"valueName\":\"search_term_string\"}}],\"inLanguage\":\"hu\"},{\"@type\":\"Organization\",\"@id\":\"https:\\\/\\\/www.fsegura.com\\\/hu\\\/#organization\",\"name\":\"Grupo Segura\",\"url\":\"https:\\\/\\\/www.fsegura.com\\\/hu\\\/\",\"logo\":{\"@type\":\"ImageObject\",\"inLanguage\":\"hu\",\"@id\":\"https:\\\/\\\/www.fsegura.com\\\/hu\\\/#\\\/schema\\\/logo\\\/image\\\/\",\"url\":\"https:\\\/\\\/www.fsegura.com\\\/wp-content\\\/uploads\\\/2025\\\/09\\\/grupo-segura.jpg\",\"contentUrl\":\"https:\\\/\\\/www.fsegura.com\\\/wp-content\\\/uploads\\\/2025\\\/09\\\/grupo-segura.jpg\",\"width\":458,\"height\":136,\"caption\":\"Grupo Segura\"},\"image\":{\"@id\":\"https:\\\/\\\/www.fsegura.com\\\/hu\\\/#\\\/schema\\\/logo\\\/image\\\/\"}},{\"@type\":\"Person\",\"@id\":\"https:\\\/\\\/www.fsegura.com\\\/hu\\\/#\\\/schema\\\/person\\\/cf9d1abe35e7e038ac092685669e6ae5\",\"name\":\"desarrollo\",\"image\":{\"@type\":\"ImageObject\",\"inLanguage\":\"hu\",\"@id\":\"https:\\\/\\\/secure.gravatar.com\\\/avatar\\\/3b02f34f0ea5a10bc44d1813e23e909e4ef6fd1c0c78c7eed6d094a646af2836?s=96&d=mm&r=g\",\"url\":\"https:\\\/\\\/secure.gravatar.com\\\/avatar\\\/3b02f34f0ea5a10bc44d1813e23e909e4ef6fd1c0c78c7eed6d094a646af2836?s=96&d=mm&r=g\",\"contentUrl\":\"https:\\\/\\\/secure.gravatar.com\\\/avatar\\\/3b02f34f0ea5a10bc44d1813e23e909e4ef6fd1c0c78c7eed6d094a646af2836?s=96&d=mm&r=g\",\"caption\":\"desarrollo\"},\"sameAs\":[\"https:\\\/\\\/www.fsegura.com\"],\"url\":\"https:\\\/\\\/www.fsegura.com\\\/hu\\\/author\\\/desarrollo\\\/\"}]}<\/script>\n<!-- \/ Yoast SEO plugin. -->","yoast_head_json":{"title":"10 Km szolid\u00e1ris fut\u00f3verseny a Ford besz\u00e1ll\u00edt\u00f3i parkj\u00e1ban - Grupo Segura","robots":{"index":"index","follow":"follow","max-snippet":"max-snippet:-1","max-image-preview":"max-image-preview:large","max-video-preview":"max-video-preview:-1"},"canonical":"https:\/\/www.fsegura.com\/hu\/10-km-szolidaris-futoverseny-a-ford-beszallitoi-parkjaban\/","og_locale":"hu_HU","og_type":"article","og_title":"10 Km szolid\u00e1ris fut\u00f3verseny a Ford besz\u00e1ll\u00edt\u00f3i parkj\u00e1ban - Grupo Segura","og_description":"M\u00e1rcius 5.-\u00e9n, vas\u00e1rnap ker\u00fclt megrendez\u00e9sre imm\u00e1r harmadik alkalommal a Juan Carlos I. Szolg\u00e1ltat\u00f3i Parkban a \u201cL\u00e9legzet n\u00e9lk\u00fcl a pulmon\u00e1lis hipert\u00f3nia \u00e9s az STXBP1 szindr\u00f3ma \u00e9rdek\u00e9ben\u201d elnevez\u00e9s\u0171 fut\u00f3verseny. A versenyt a Ford Almussafes, APPI Almussafes-i Ipari \u00e9s Szolg\u00e1ltat\u00f3i Parkok Sz\u00f6vets\u00e9ge, valamint az Almussafes-i Polg\u00e1rmesteri Hivatal k\u00f6z\u00f6sen rendezt\u00e9k meg. &nbsp; Almussafes \u00edgy \u00fajabb oldalt jegyezhetett sport\u00e9let\u00e9nek k\u00f6nyv\u00e9be, [&hellip;]","og_url":"https:\/\/www.fsegura.com\/hu\/10-km-szolidaris-futoverseny-a-ford-beszallitoi-parkjaban\/","og_site_name":"Grupo Segura","article_published_time":"2017-03-14T06:50:15+00:00","og_image":[{"width":2560,"height":1440,"url":"https:\/\/www.fsegura.com\/wp-content\/uploads\/2025\/11\/20170305_095447-scaled.jpg","type":"image\/jpeg"}],"author":"desarrollo","twitter_card":"summary_large_image","twitter_misc":{"Szerz\u0151:":"desarrollo","Becs\u00fclt olvas\u00e1si id\u0151":"1 perc"},"schema":{"@context":"https:\/\/schema.org","@graph":[{"@type":"Article","@id":"https:\/\/www.fsegura.com\/hu\/10-km-szolidaris-futoverseny-a-ford-beszallitoi-parkjaban\/#article","isPartOf":{"@id":"https:\/\/www.fsegura.com\/hu\/10-km-szolidaris-futoverseny-a-ford-beszallitoi-parkjaban\/"},"author":{"name":"desarrollo","@id":"https:\/\/www.fsegura.com\/hu\/#\/schema\/person\/cf9d1abe35e7e038ac092685669e6ae5"},"headline":"10 Km szolid\u00e1ris fut\u00f3verseny a Ford besz\u00e1ll\u00edt\u00f3i parkj\u00e1ban","datePublished":"2017-03-14T06:50:15+00:00","mainEntityOfPage":{"@id":"https:\/\/www.fsegura.com\/hu\/10-km-szolidaris-futoverseny-a-ford-beszallitoi-parkjaban\/"},"wordCount":275,"commentCount":0,"publisher":{"@id":"https:\/\/www.fsegura.com\/hu\/#organization"},"image":{"@id":"https:\/\/www.fsegura.com\/hu\/10-km-szolidaris-futoverseny-a-ford-beszallitoi-parkjaban\/#primaryimage"},"thumbnailUrl":"https:\/\/www.fsegura.com\/wp-content\/uploads\/2025\/11\/20170305_095447-scaled.jpg","articleSection":["Sin categorizar"],"inLanguage":"hu","potentialAction":[{"@type":"CommentAction","name":"Comment","target":["https:\/\/www.fsegura.com\/hu\/10-km-szolidaris-futoverseny-a-ford-beszallitoi-parkjaban\/#respond"]}]},{"@type":"WebPage","@id":"https:\/\/www.fsegura.com\/hu\/10-km-szolidaris-futoverseny-a-ford-beszallitoi-parkjaban\/","url":"https:\/\/www.fsegura.com\/hu\/10-km-szolidaris-futoverseny-a-ford-beszallitoi-parkjaban\/","name":"10 Km szolid\u00e1ris fut\u00f3verseny a Ford besz\u00e1ll\u00edt\u00f3i parkj\u00e1ban - Grupo Segura","isPartOf":{"@id":"https:\/\/www.fsegura.com\/hu\/#website"},"primaryImageOfPage":{"@id":"https:\/\/www.fsegura.com\/hu\/10-km-szolidaris-futoverseny-a-ford-beszallitoi-parkjaban\/#primaryimage"},"image":{"@id":"https:\/\/www.fsegura.com\/hu\/10-km-szolidaris-futoverseny-a-ford-beszallitoi-parkjaban\/#primaryimage"},"thumbnailUrl":"https:\/\/www.fsegura.com\/wp-content\/uploads\/2025\/11\/20170305_095447-scaled.jpg","datePublished":"2017-03-14T06:50:15+00:00","breadcrumb":{"@id":"https:\/\/www.fsegura.com\/hu\/10-km-szolidaris-futoverseny-a-ford-beszallitoi-parkjaban\/#breadcrumb"},"inLanguage":"hu","potentialAction":[{"@type":"ReadAction","target":["https:\/\/www.fsegura.com\/hu\/10-km-szolidaris-futoverseny-a-ford-beszallitoi-parkjaban\/"]}]},{"@type":"ImageObject","inLanguage":"hu","@id":"https:\/\/www.fsegura.com\/hu\/10-km-szolidaris-futoverseny-a-ford-beszallitoi-parkjaban\/#primaryimage","url":"https:\/\/www.fsegura.com\/wp-content\/uploads\/2025\/11\/20170305_095447-scaled.jpg","contentUrl":"https:\/\/www.fsegura.com\/wp-content\/uploads\/2025\/11\/20170305_095447-scaled.jpg","width":2560,"height":1440,"caption":"noticias"},{"@type":"BreadcrumbList","@id":"https:\/\/www.fsegura.com\/hu\/10-km-szolidaris-futoverseny-a-ford-beszallitoi-parkjaban\/#breadcrumb","itemListElement":[{"@type":"ListItem","position":1,"name":"Portada","item":"https:\/\/www.fsegura.com\/hu\/"},{"@type":"ListItem","position":2,"name":"10 Km szolid\u00e1ris fut\u00f3verseny a Ford besz\u00e1ll\u00edt\u00f3i parkj\u00e1ban"}]},{"@type":"WebSite","@id":"https:\/\/www.fsegura.com\/hu\/#website","url":"https:\/\/www.fsegura.com\/hu\/","name":"Grupo Segura","description":"Partner global para componentes de la automoci\u00f3n","publisher":{"@id":"https:\/\/www.fsegura.com\/hu\/#organization"},"potentialAction":[{"@type":"SearchAction","target":{"@type":"EntryPoint","urlTemplate":"https:\/\/www.fsegura.com\/hu\/?s={search_term_string}"},"query-input":{"@type":"PropertyValueSpecification","valueRequired":true,"valueName":"search_term_string"}}],"inLanguage":"hu"},{"@type":"Organization","@id":"https:\/\/www.fsegura.com\/hu\/#organization","name":"Grupo Segura","url":"https:\/\/www.fsegura.com\/hu\/","logo":{"@type":"ImageObject","inLanguage":"hu","@id":"https:\/\/www.fsegura.com\/hu\/#\/schema\/logo\/image\/","url":"https:\/\/www.fsegura.com\/wp-content\/uploads\/2025\/09\/grupo-segura.jpg","contentUrl":"https:\/\/www.fsegura.com\/wp-content\/uploads\/2025\/09\/grupo-segura.jpg","width":458,"height":136,"caption":"Grupo Segura"},"image":{"@id":"https:\/\/www.fsegura.com\/hu\/#\/schema\/logo\/image\/"}},{"@type":"Person","@id":"https:\/\/www.fsegura.com\/hu\/#\/schema\/person\/cf9d1abe35e7e038ac092685669e6ae5","name":"desarrollo","image":{"@type":"ImageObject","inLanguage":"hu","@id":"https:\/\/secure.gravatar.com\/avatar\/3b02f34f0ea5a10bc44d1813e23e909e4ef6fd1c0c78c7eed6d094a646af2836?s=96&d=mm&r=g","url":"https:\/\/secure.gravatar.com\/avatar\/3b02f34f0ea5a10bc44d1813e23e909e4ef6fd1c0c78c7eed6d094a646af2836?s=96&d=mm&r=g","contentUrl":"https:\/\/secure.gravatar.com\/avatar\/3b02f34f0ea5a10bc44d1813e23e909e4ef6fd1c0c78c7eed6d094a646af2836?s=96&d=mm&r=g","caption":"desarrollo"},"sameAs":["https:\/\/www.fsegura.com"],"url":"https:\/\/www.fsegura.com\/hu\/author\/desarrollo\/"}]}},"_links":{"self":[{"href":"https:\/\/www.fsegura.com\/hu\/wp-json\/wp\/v2\/posts\/5566","targetHints":{"allow":["GET"]}}],"collection":[{"href":"https:\/\/www.fsegura.com\/hu\/wp-json\/wp\/v2\/posts"}],"about":[{"href":"https:\/\/www.fsegura.com\/hu\/wp-json\/wp\/v2\/types\/post"}],"author":[{"embeddable":true,"href":"https:\/\/www.fsegura.com\/hu\/wp-json\/wp\/v2\/users\/1"}],"replies":[{"embeddable":true,"href":"https:\/\/www.fsegura.com\/hu\/wp-json\/wp\/v2\/comments?post=5566"}],"version-history":[{"count":0,"href":"https:\/\/www.fsegura.com\/hu\/wp-json\/wp\/v2\/posts\/5566\/revisions"}],"wp:featuredmedia":[{"embeddable":true,"href":"https:\/\/www.fsegura.com\/hu\/wp-json\/wp\/v2\/media\/5359"}],"wp:attachment":[{"href":"https:\/\/www.fsegura.com\/hu\/wp-json\/wp\/v2\/media?parent=5566"}],"wp:term":[{"taxonomy":"category","embeddable":true,"href":"https:\/\/www.fsegura.com\/hu\/wp-json\/wp\/v2\/categories?post=5566"},{"taxonomy":"post_tag","embeddable":true,"href":"https:\/\/www.fsegura.com\/hu\/wp-json\/wp\/v2\/tags?post=5566"}],"curies":[{"name":"wp","href":"https:\/\/api.w.org\/{rel}","templated":true}]}}