{"id":5567,"date":"2017-03-14T11:06:38","date_gmt":"2017-03-14T11:06:38","guid":{"rendered":"https:\/\/www.fsegura.com\/2017\/03\/14\/a-grupo-segura-hete-magyarorszagon\/"},"modified":"2026-04-17T13:04:28","modified_gmt":"2026-04-17T13:04:28","slug":"a-grupo-segura-hete-magyarorszagon","status":"publish","type":"post","link":"https:\/\/www.fsegura.com\/hu\/a-grupo-segura-hete-magyarorszagon\/","title":{"rendered":"A Grupo Segura hete Magyarorsz\u00e1gon"},"content":{"rendered":"<p>\u00daj szolnoki beruh\u00e1z\u00e1sunk febru\u00e1r 20.-ai hivatalos bejelent\u00e9s\u00e9n k\u00edv\u00fcl, \u00e9s ez alkalommal mint d\u00edszvend\u00e9gek, febru\u00e1r 23.-\u00e1n szint\u00e9n r\u00e9szt vett\u00fcnk Szolnok v\u00e1ros K\u00f6zgy\u0171l\u00e9s\u00e9n, amelyen lehet\u0151s\u00e9get kaptunk a nemcsak gy\u00e1runkat befogad\u00f3, hanem mostant\u00f3l a legnagyob kapacit\u00e1s\u00fa eur\u00f3pai \u00fczem\u00fcnknek is helyet ad\u00f3 v\u00e1ros minden szint\u0171 politikai k\u00e9pviselete el\u0151tt c\u00e9g\u00fcnk \u00e9s projektjeink bemutat\u00e1s\u00e1ra.<\/p>\n<p>A K\u00f6zgy\u0171l\u00e9sen c\u00e9g\u00fcnk Kov\u00e1cs Zsolt (Oper\u00e1ci\u00f3s Vezet\u0151), Manuel Montalb\u00e1n (Vez\u00e9rigazgat\u00f3 helyettes), \u00e9s S\u00e1rovics Kati (New Markets munkat\u00e1rs) \u00e1ltal k\u00e9pviseltette mag\u00e1t. Oper\u00e1ci\u00f3s Vezet\u0151nk, Kov\u00e1cs Zsolt besz\u00e9lt a Grupo Segura m\u00faltj\u00e1r\u00f3l, jelen\u00e9r\u0151l \u00e9s j\u00f6v\u0151j\u00e9r\u0151l Magyarorsz\u00e1gon, konkr\u00e9tan Szolnokon. Kihangs\u00falyoztuk, hogy egy Magyarorsz\u00e1gon er\u0151sen letelepedett \u00e9s szil\u00e1rd gy\u00f6kerekkel rendelkez\u0151 c\u00e9g vagyunk. Ugyanakkor k\u00f6zvet\u00edtett\u00fck elt\u00f6k\u00e9lt sz\u00e1nd\u00e9kunkat arra vonatkoz\u00f3lag, hogy a szolnoki gy\u00e1runkat az aut\u00f3ipar egyik jelent\u0151s, eur\u00f3pai \u00e9s vil\u00e1gszint\u0171 referenss\u00e9 tegy\u00fck.<\/p>\n<p><a href=\"https:\/\/www.fsegura.com\/wp-content\/uploads\/2017\/03\/DSC_9618.jpg\"><img fetchpriority=\"high\" decoding=\"async\" class=\"alignnone size-large wp-image-6610\" src=\"https:\/\/www.fsegura.com\/wp-content\/uploads\/2017\/03\/DSC_9618-1024x684.jpg\" alt=\"DSC_9618\" width=\"1024\" height=\"684\" \/><\/a><\/p>\n<p>Ezzel az \u00faj beruh\u00e1z\u00e1ssal, \u00e9s a sokf\u00e9les\u00e9gen &#8211; c\u00e9g\u00fcnk egyik alapelv\u00e9n &#8211; t\u00e1maszkodva, nemcsak\u00a0 sz\u00e1mos \u00faj munkahely l\u00e9trehozatal\u00e1t val\u00f3s\u00edtjuk meg, hanem ezenk\u00edv\u00fcl hozz\u00e1j\u00e1rulunk a t\u00e9rs\u00e9g \u00e9letsz\u00ednvonal\u00e1nak el\u0151mozd\u00edt\u00e1s\u00e1hoz is \u00faj \u00e9s helyi besz\u00e1ll\u00edt\u00f3k, valamint egy\u00e9b kieg\u00e9sz\u00edt\u0151 szolg\u00e1ltat\u00e1sok sokas\u00e1g\u00e1nak ig\u00e9nybev\u00e9tel\u00e9vel.<\/p>\n<p>A Grupo Segura ism\u00e9telten bebizony\u00edtja hogy magyarorsz\u00e1gi tervei folyamatosan val\u00f3s\u00e1gg\u00e1 v\u00e1lnak.<\/p>\n","protected":false},"excerpt":{"rendered":"<p>\u00daj szolnoki beruh\u00e1z\u00e1sunk febru\u00e1r 20.-ai hivatalos bejelent\u00e9s\u00e9n k\u00edv\u00fcl, \u00e9s ez alkalommal mint d\u00edszvend\u00e9gek, febru\u00e1r 23.-\u00e1n szint\u00e9n r\u00e9szt vett\u00fcnk Szolnok v\u00e1ros K\u00f6zgy\u0171l\u00e9s\u00e9n, amelyen lehet\u0151s\u00e9get kaptunk a nemcsak gy\u00e1runkat befogad\u00f3, hanem mostant\u00f3l a legnagyob kapacit\u00e1s\u00fa eur\u00f3pai \u00fczem\u00fcnknek is helyet ad\u00f3 v\u00e1ros minden szint\u0171 politikai k\u00e9pviselete el\u0151tt c\u00e9g\u00fcnk \u00e9s projektjeink bemutat\u00e1s\u00e1ra. A K\u00f6zgy\u0171l\u00e9sen c\u00e9g\u00fcnk Kov\u00e1cs Zsolt (Oper\u00e1ci\u00f3s Vezet\u0151), [&hellip;]<\/p>\n","protected":false},"author":1,"featured_media":5433,"comment_status":"open","ping_status":"open","sticky":false,"template":"","format":"standard","meta":{"_acf_changed":false,"_eb_attr":"","footnotes":""},"categories":[1],"tags":[],"class_list":["post-5567","post","type-post","status-publish","format-standard","has-post-thumbnail","hentry","category-sin-categorizar"],"acf":[],"yoast_head":"<!-- This site is optimized with the Yoast SEO plugin v27.4 - https:\/\/yoast.com\/product\/yoast-seo-wordpress\/ -->\n<title>A Grupo Segura hete Magyarorsz\u00e1gon - Grupo Segura<\/title>\n<meta name=\"robots\" content=\"index, follow, max-snippet:-1, max-image-preview:large, max-video-preview:-1\" \/>\n<link rel=\"canonical\" href=\"https:\/\/www.fsegura.com\/hu\/a-grupo-segura-hete-magyarorszagon\/\" \/>\n<meta property=\"og:locale\" content=\"hu_HU\" \/>\n<meta property=\"og:type\" content=\"article\" \/>\n<meta property=\"og:title\" content=\"A Grupo Segura hete Magyarorsz\u00e1gon - Grupo Segura\" \/>\n<meta property=\"og:description\" content=\"\u00daj szolnoki beruh\u00e1z\u00e1sunk febru\u00e1r 20.-ai hivatalos bejelent\u00e9s\u00e9n k\u00edv\u00fcl, \u00e9s ez alkalommal mint d\u00edszvend\u00e9gek, febru\u00e1r 23.-\u00e1n szint\u00e9n r\u00e9szt vett\u00fcnk Szolnok v\u00e1ros K\u00f6zgy\u0171l\u00e9s\u00e9n, amelyen lehet\u0151s\u00e9get kaptunk a nemcsak gy\u00e1runkat befogad\u00f3, hanem mostant\u00f3l a legnagyob kapacit\u00e1s\u00fa eur\u00f3pai \u00fczem\u00fcnknek is helyet ad\u00f3 v\u00e1ros minden szint\u0171 politikai k\u00e9pviselete el\u0151tt c\u00e9g\u00fcnk \u00e9s projektjeink bemutat\u00e1s\u00e1ra. A K\u00f6zgy\u0171l\u00e9sen c\u00e9g\u00fcnk Kov\u00e1cs Zsolt (Oper\u00e1ci\u00f3s Vezet\u0151), [&hellip;]\" \/>\n<meta property=\"og:url\" content=\"https:\/\/www.fsegura.com\/hu\/a-grupo-segura-hete-magyarorszagon\/\" \/>\n<meta property=\"og:site_name\" content=\"Grupo Segura\" \/>\n<meta property=\"article:published_time\" content=\"2017-03-14T11:06:38+00:00\" \/>\n<meta property=\"article:modified_time\" content=\"2026-04-17T13:04:28+00:00\" \/>\n<meta property=\"og:image\" content=\"https:\/\/www.fsegura.com\/wp-content\/uploads\/2025\/11\/hungary1.jpg\" \/>\n\t<meta property=\"og:image:width\" content=\"640\" \/>\n\t<meta property=\"og:image:height\" content=\"420\" \/>\n\t<meta property=\"og:image:type\" content=\"image\/jpeg\" \/>\n<meta name=\"author\" content=\"desarrollo\" \/>\n<meta name=\"twitter:card\" content=\"summary_large_image\" \/>\n<meta name=\"twitter:label1\" content=\"Szerz\u0151:\" \/>\n\t<meta name=\"twitter:data1\" content=\"desarrollo\" \/>\n\t<meta name=\"twitter:label2\" content=\"Becs\u00fclt olvas\u00e1si id\u0151\" \/>\n\t<meta name=\"twitter:data2\" content=\"2 perc\" \/>\n<script type=\"application\/ld+json\" class=\"yoast-schema-graph\">{\"@context\":\"https:\\\/\\\/schema.org\",\"@graph\":[{\"@type\":\"Article\",\"@id\":\"https:\\\/\\\/www.fsegura.com\\\/hu\\\/a-grupo-segura-hete-magyarorszagon\\\/#article\",\"isPartOf\":{\"@id\":\"https:\\\/\\\/www.fsegura.com\\\/hu\\\/a-grupo-segura-hete-magyarorszagon\\\/\"},\"author\":{\"name\":\"desarrollo\",\"@id\":\"https:\\\/\\\/www.fsegura.com\\\/hu\\\/#\\\/schema\\\/person\\\/cf9d1abe35e7e038ac092685669e6ae5\"},\"headline\":\"A Grupo Segura hete Magyarorsz\u00e1gon\",\"datePublished\":\"2017-03-14T11:06:38+00:00\",\"dateModified\":\"2026-04-17T13:04:28+00:00\",\"mainEntityOfPage\":{\"@id\":\"https:\\\/\\\/www.fsegura.com\\\/hu\\\/a-grupo-segura-hete-magyarorszagon\\\/\"},\"wordCount\":296,\"commentCount\":0,\"publisher\":{\"@id\":\"https:\\\/\\\/www.fsegura.com\\\/hu\\\/#organization\"},\"image\":{\"@id\":\"https:\\\/\\\/www.fsegura.com\\\/hu\\\/a-grupo-segura-hete-magyarorszagon\\\/#primaryimage\"},\"thumbnailUrl\":\"https:\\\/\\\/www.fsegura.com\\\/wp-content\\\/uploads\\\/2025\\\/11\\\/hungary1.jpg\",\"articleSection\":[\"Sin categorizar\"],\"inLanguage\":\"hu\",\"potentialAction\":[{\"@type\":\"CommentAction\",\"name\":\"Comment\",\"target\":[\"https:\\\/\\\/www.fsegura.com\\\/hu\\\/a-grupo-segura-hete-magyarorszagon\\\/#respond\"]}]},{\"@type\":\"WebPage\",\"@id\":\"https:\\\/\\\/www.fsegura.com\\\/hu\\\/a-grupo-segura-hete-magyarorszagon\\\/\",\"url\":\"https:\\\/\\\/www.fsegura.com\\\/hu\\\/a-grupo-segura-hete-magyarorszagon\\\/\",\"name\":\"A Grupo Segura hete Magyarorsz\u00e1gon - Grupo Segura\",\"isPartOf\":{\"@id\":\"https:\\\/\\\/www.fsegura.com\\\/hu\\\/#website\"},\"primaryImageOfPage\":{\"@id\":\"https:\\\/\\\/www.fsegura.com\\\/hu\\\/a-grupo-segura-hete-magyarorszagon\\\/#primaryimage\"},\"image\":{\"@id\":\"https:\\\/\\\/www.fsegura.com\\\/hu\\\/a-grupo-segura-hete-magyarorszagon\\\/#primaryimage\"},\"thumbnailUrl\":\"https:\\\/\\\/www.fsegura.com\\\/wp-content\\\/uploads\\\/2025\\\/11\\\/hungary1.jpg\",\"datePublished\":\"2017-03-14T11:06:38+00:00\",\"dateModified\":\"2026-04-17T13:04:28+00:00\",\"breadcrumb\":{\"@id\":\"https:\\\/\\\/www.fsegura.com\\\/hu\\\/a-grupo-segura-hete-magyarorszagon\\\/#breadcrumb\"},\"inLanguage\":\"hu\",\"potentialAction\":[{\"@type\":\"ReadAction\",\"target\":[\"https:\\\/\\\/www.fsegura.com\\\/hu\\\/a-grupo-segura-hete-magyarorszagon\\\/\"]}]},{\"@type\":\"ImageObject\",\"inLanguage\":\"hu\",\"@id\":\"https:\\\/\\\/www.fsegura.com\\\/hu\\\/a-grupo-segura-hete-magyarorszagon\\\/#primaryimage\",\"url\":\"https:\\\/\\\/www.fsegura.com\\\/wp-content\\\/uploads\\\/2025\\\/11\\\/hungary1.jpg\",\"contentUrl\":\"https:\\\/\\\/www.fsegura.com\\\/wp-content\\\/uploads\\\/2025\\\/11\\\/hungary1.jpg\",\"width\":640,\"height\":420,\"caption\":\"hungary1\"},{\"@type\":\"BreadcrumbList\",\"@id\":\"https:\\\/\\\/www.fsegura.com\\\/hu\\\/a-grupo-segura-hete-magyarorszagon\\\/#breadcrumb\",\"itemListElement\":[{\"@type\":\"ListItem\",\"position\":1,\"name\":\"Portada\",\"item\":\"https:\\\/\\\/www.fsegura.com\\\/hu\\\/\"},{\"@type\":\"ListItem\",\"position\":2,\"name\":\"A Grupo Segura hete Magyarorsz\u00e1gon\"}]},{\"@type\":\"WebSite\",\"@id\":\"https:\\\/\\\/www.fsegura.com\\\/hu\\\/#website\",\"url\":\"https:\\\/\\\/www.fsegura.com\\\/hu\\\/\",\"name\":\"Grupo Segura\",\"description\":\"Partner global para componentes de la automoci\u00f3n\",\"publisher\":{\"@id\":\"https:\\\/\\\/www.fsegura.com\\\/hu\\\/#organization\"},\"potentialAction\":[{\"@type\":\"SearchAction\",\"target\":{\"@type\":\"EntryPoint\",\"urlTemplate\":\"https:\\\/\\\/www.fsegura.com\\\/hu\\\/?s={search_term_string}\"},\"query-input\":{\"@type\":\"PropertyValueSpecification\",\"valueRequired\":true,\"valueName\":\"search_term_string\"}}],\"inLanguage\":\"hu\"},{\"@type\":\"Organization\",\"@id\":\"https:\\\/\\\/www.fsegura.com\\\/hu\\\/#organization\",\"name\":\"Grupo Segura\",\"url\":\"https:\\\/\\\/www.fsegura.com\\\/hu\\\/\",\"logo\":{\"@type\":\"ImageObject\",\"inLanguage\":\"hu\",\"@id\":\"https:\\\/\\\/www.fsegura.com\\\/hu\\\/#\\\/schema\\\/logo\\\/image\\\/\",\"url\":\"https:\\\/\\\/www.fsegura.com\\\/wp-content\\\/uploads\\\/2025\\\/09\\\/grupo-segura.jpg\",\"contentUrl\":\"https:\\\/\\\/www.fsegura.com\\\/wp-content\\\/uploads\\\/2025\\\/09\\\/grupo-segura.jpg\",\"width\":458,\"height\":136,\"caption\":\"Grupo Segura\"},\"image\":{\"@id\":\"https:\\\/\\\/www.fsegura.com\\\/hu\\\/#\\\/schema\\\/logo\\\/image\\\/\"}},{\"@type\":\"Person\",\"@id\":\"https:\\\/\\\/www.fsegura.com\\\/hu\\\/#\\\/schema\\\/person\\\/cf9d1abe35e7e038ac092685669e6ae5\",\"name\":\"desarrollo\",\"image\":{\"@type\":\"ImageObject\",\"inLanguage\":\"hu\",\"@id\":\"https:\\\/\\\/secure.gravatar.com\\\/avatar\\\/3b02f34f0ea5a10bc44d1813e23e909e4ef6fd1c0c78c7eed6d094a646af2836?s=96&d=mm&r=g\",\"url\":\"https:\\\/\\\/secure.gravatar.com\\\/avatar\\\/3b02f34f0ea5a10bc44d1813e23e909e4ef6fd1c0c78c7eed6d094a646af2836?s=96&d=mm&r=g\",\"contentUrl\":\"https:\\\/\\\/secure.gravatar.com\\\/avatar\\\/3b02f34f0ea5a10bc44d1813e23e909e4ef6fd1c0c78c7eed6d094a646af2836?s=96&d=mm&r=g\",\"caption\":\"desarrollo\"},\"sameAs\":[\"https:\\\/\\\/www.fsegura.com\"],\"url\":\"https:\\\/\\\/www.fsegura.com\\\/hu\\\/author\\\/desarrollo\\\/\"}]}<\/script>\n<!-- \/ Yoast SEO plugin. -->","yoast_head_json":{"title":"A Grupo Segura hete Magyarorsz\u00e1gon - Grupo Segura","robots":{"index":"index","follow":"follow","max-snippet":"max-snippet:-1","max-image-preview":"max-image-preview:large","max-video-preview":"max-video-preview:-1"},"canonical":"https:\/\/www.fsegura.com\/hu\/a-grupo-segura-hete-magyarorszagon\/","og_locale":"hu_HU","og_type":"article","og_title":"A Grupo Segura hete Magyarorsz\u00e1gon - Grupo Segura","og_description":"\u00daj szolnoki beruh\u00e1z\u00e1sunk febru\u00e1r 20.-ai hivatalos bejelent\u00e9s\u00e9n k\u00edv\u00fcl, \u00e9s ez alkalommal mint d\u00edszvend\u00e9gek, febru\u00e1r 23.-\u00e1n szint\u00e9n r\u00e9szt vett\u00fcnk Szolnok v\u00e1ros K\u00f6zgy\u0171l\u00e9s\u00e9n, amelyen lehet\u0151s\u00e9get kaptunk a nemcsak gy\u00e1runkat befogad\u00f3, hanem mostant\u00f3l a legnagyob kapacit\u00e1s\u00fa eur\u00f3pai \u00fczem\u00fcnknek is helyet ad\u00f3 v\u00e1ros minden szint\u0171 politikai k\u00e9pviselete el\u0151tt c\u00e9g\u00fcnk \u00e9s projektjeink bemutat\u00e1s\u00e1ra. A K\u00f6zgy\u0171l\u00e9sen c\u00e9g\u00fcnk Kov\u00e1cs Zsolt (Oper\u00e1ci\u00f3s Vezet\u0151), [&hellip;]","og_url":"https:\/\/www.fsegura.com\/hu\/a-grupo-segura-hete-magyarorszagon\/","og_site_name":"Grupo Segura","article_published_time":"2017-03-14T11:06:38+00:00","article_modified_time":"2026-04-17T13:04:28+00:00","og_image":[{"width":640,"height":420,"url":"https:\/\/www.fsegura.com\/wp-content\/uploads\/2025\/11\/hungary1.jpg","type":"image\/jpeg"}],"author":"desarrollo","twitter_card":"summary_large_image","twitter_misc":{"Szerz\u0151:":"desarrollo","Becs\u00fclt olvas\u00e1si id\u0151":"2 perc"},"schema":{"@context":"https:\/\/schema.org","@graph":[{"@type":"Article","@id":"https:\/\/www.fsegura.com\/hu\/a-grupo-segura-hete-magyarorszagon\/#article","isPartOf":{"@id":"https:\/\/www.fsegura.com\/hu\/a-grupo-segura-hete-magyarorszagon\/"},"author":{"name":"desarrollo","@id":"https:\/\/www.fsegura.com\/hu\/#\/schema\/person\/cf9d1abe35e7e038ac092685669e6ae5"},"headline":"A Grupo Segura hete Magyarorsz\u00e1gon","datePublished":"2017-03-14T11:06:38+00:00","dateModified":"2026-04-17T13:04:28+00:00","mainEntityOfPage":{"@id":"https:\/\/www.fsegura.com\/hu\/a-grupo-segura-hete-magyarorszagon\/"},"wordCount":296,"commentCount":0,"publisher":{"@id":"https:\/\/www.fsegura.com\/hu\/#organization"},"image":{"@id":"https:\/\/www.fsegura.com\/hu\/a-grupo-segura-hete-magyarorszagon\/#primaryimage"},"thumbnailUrl":"https:\/\/www.fsegura.com\/wp-content\/uploads\/2025\/11\/hungary1.jpg","articleSection":["Sin categorizar"],"inLanguage":"hu","potentialAction":[{"@type":"CommentAction","name":"Comment","target":["https:\/\/www.fsegura.com\/hu\/a-grupo-segura-hete-magyarorszagon\/#respond"]}]},{"@type":"WebPage","@id":"https:\/\/www.fsegura.com\/hu\/a-grupo-segura-hete-magyarorszagon\/","url":"https:\/\/www.fsegura.com\/hu\/a-grupo-segura-hete-magyarorszagon\/","name":"A Grupo Segura hete Magyarorsz\u00e1gon - Grupo Segura","isPartOf":{"@id":"https:\/\/www.fsegura.com\/hu\/#website"},"primaryImageOfPage":{"@id":"https:\/\/www.fsegura.com\/hu\/a-grupo-segura-hete-magyarorszagon\/#primaryimage"},"image":{"@id":"https:\/\/www.fsegura.com\/hu\/a-grupo-segura-hete-magyarorszagon\/#primaryimage"},"thumbnailUrl":"https:\/\/www.fsegura.com\/wp-content\/uploads\/2025\/11\/hungary1.jpg","datePublished":"2017-03-14T11:06:38+00:00","dateModified":"2026-04-17T13:04:28+00:00","breadcrumb":{"@id":"https:\/\/www.fsegura.com\/hu\/a-grupo-segura-hete-magyarorszagon\/#breadcrumb"},"inLanguage":"hu","potentialAction":[{"@type":"ReadAction","target":["https:\/\/www.fsegura.com\/hu\/a-grupo-segura-hete-magyarorszagon\/"]}]},{"@type":"ImageObject","inLanguage":"hu","@id":"https:\/\/www.fsegura.com\/hu\/a-grupo-segura-hete-magyarorszagon\/#primaryimage","url":"https:\/\/www.fsegura.com\/wp-content\/uploads\/2025\/11\/hungary1.jpg","contentUrl":"https:\/\/www.fsegura.com\/wp-content\/uploads\/2025\/11\/hungary1.jpg","width":640,"height":420,"caption":"hungary1"},{"@type":"BreadcrumbList","@id":"https:\/\/www.fsegura.com\/hu\/a-grupo-segura-hete-magyarorszagon\/#breadcrumb","itemListElement":[{"@type":"ListItem","position":1,"name":"Portada","item":"https:\/\/www.fsegura.com\/hu\/"},{"@type":"ListItem","position":2,"name":"A Grupo Segura hete Magyarorsz\u00e1gon"}]},{"@type":"WebSite","@id":"https:\/\/www.fsegura.com\/hu\/#website","url":"https:\/\/www.fsegura.com\/hu\/","name":"Grupo Segura","description":"Partner global para componentes de la automoci\u00f3n","publisher":{"@id":"https:\/\/www.fsegura.com\/hu\/#organization"},"potentialAction":[{"@type":"SearchAction","target":{"@type":"EntryPoint","urlTemplate":"https:\/\/www.fsegura.com\/hu\/?s={search_term_string}"},"query-input":{"@type":"PropertyValueSpecification","valueRequired":true,"valueName":"search_term_string"}}],"inLanguage":"hu"},{"@type":"Organization","@id":"https:\/\/www.fsegura.com\/hu\/#organization","name":"Grupo Segura","url":"https:\/\/www.fsegura.com\/hu\/","logo":{"@type":"ImageObject","inLanguage":"hu","@id":"https:\/\/www.fsegura.com\/hu\/#\/schema\/logo\/image\/","url":"https:\/\/www.fsegura.com\/wp-content\/uploads\/2025\/09\/grupo-segura.jpg","contentUrl":"https:\/\/www.fsegura.com\/wp-content\/uploads\/2025\/09\/grupo-segura.jpg","width":458,"height":136,"caption":"Grupo Segura"},"image":{"@id":"https:\/\/www.fsegura.com\/hu\/#\/schema\/logo\/image\/"}},{"@type":"Person","@id":"https:\/\/www.fsegura.com\/hu\/#\/schema\/person\/cf9d1abe35e7e038ac092685669e6ae5","name":"desarrollo","image":{"@type":"ImageObject","inLanguage":"hu","@id":"https:\/\/secure.gravatar.com\/avatar\/3b02f34f0ea5a10bc44d1813e23e909e4ef6fd1c0c78c7eed6d094a646af2836?s=96&d=mm&r=g","url":"https:\/\/secure.gravatar.com\/avatar\/3b02f34f0ea5a10bc44d1813e23e909e4ef6fd1c0c78c7eed6d094a646af2836?s=96&d=mm&r=g","contentUrl":"https:\/\/secure.gravatar.com\/avatar\/3b02f34f0ea5a10bc44d1813e23e909e4ef6fd1c0c78c7eed6d094a646af2836?s=96&d=mm&r=g","caption":"desarrollo"},"sameAs":["https:\/\/www.fsegura.com"],"url":"https:\/\/www.fsegura.com\/hu\/author\/desarrollo\/"}]}},"_links":{"self":[{"href":"https:\/\/www.fsegura.com\/hu\/wp-json\/wp\/v2\/posts\/5567","targetHints":{"allow":["GET"]}}],"collection":[{"href":"https:\/\/www.fsegura.com\/hu\/wp-json\/wp\/v2\/posts"}],"about":[{"href":"https:\/\/www.fsegura.com\/hu\/wp-json\/wp\/v2\/types\/post"}],"author":[{"embeddable":true,"href":"https:\/\/www.fsegura.com\/hu\/wp-json\/wp\/v2\/users\/1"}],"replies":[{"embeddable":true,"href":"https:\/\/www.fsegura.com\/hu\/wp-json\/wp\/v2\/comments?post=5567"}],"version-history":[{"count":1,"href":"https:\/\/www.fsegura.com\/hu\/wp-json\/wp\/v2\/posts\/5567\/revisions"}],"predecessor-version":[{"id":13843,"href":"https:\/\/www.fsegura.com\/hu\/wp-json\/wp\/v2\/posts\/5567\/revisions\/13843"}],"wp:featuredmedia":[{"embeddable":true,"href":"https:\/\/www.fsegura.com\/hu\/wp-json\/wp\/v2\/media\/5433"}],"wp:attachment":[{"href":"https:\/\/www.fsegura.com\/hu\/wp-json\/wp\/v2\/media?parent=5567"}],"wp:term":[{"taxonomy":"category","embeddable":true,"href":"https:\/\/www.fsegura.com\/hu\/wp-json\/wp\/v2\/categories?post=5567"},{"taxonomy":"post_tag","embeddable":true,"href":"https:\/\/www.fsegura.com\/hu\/wp-json\/wp\/v2\/tags?post=5567"}],"curies":[{"name":"wp","href":"https:\/\/api.w.org\/{rel}","templated":true}]}}