{"id":5568,"date":"2016-12-19T08:40:15","date_gmt":"2016-12-19T08:40:15","guid":{"rendered":"https:\/\/www.fsegura.com\/2016\/12\/19\/grupo-segura-vezetosege-meglatogatja-az-espurna-alapitvany-letesitmenyeit\/"},"modified":"2016-12-19T08:40:15","modified_gmt":"2016-12-19T08:40:15","slug":"grupo-segura-vezetosege-meglatogatja-az-espurna-alapitvany-letesitmenyeit","status":"publish","type":"post","link":"https:\/\/www.fsegura.com\/hu\/grupo-segura-vezetosege-meglatogatja-az-espurna-alapitvany-letesitmenyeit\/","title":{"rendered":"Grupo Segura vezet\u0151s\u00e9ge megl\u00e1togatja az Espurna Alap\u00edtv\u00e1ny l\u00e9tes\u00edtm\u00e9nyeit"},"content":{"rendered":"<p>December 5.-\u00e9n a Grupo Segura vezet\u0151s\u00e9ge megl\u00e1togatta a Gandia-i Espurna Alap\u00edtv\u00e1ny l\u00e9tes\u00edtm\u00e9nyeit, ahol szem\u00e9lyesen is megismerkedhettek az Alap\u00edtv\u00e1ny \u00e1ltal v\u00e9gzett k\u00fcl\u00f6nf\u00e9le tev\u00e9kenys\u00e9gekkel. (www.espurna.org).<\/p>\n<p><!--more--><\/p>\n<p><a href=\"https:\/\/www.fsegura.com\/wp-content\/uploads\/2016\/12\/IMG_6679.jpg\"><img fetchpriority=\"high\" decoding=\"async\" class=\"alignnone size-large wp-image-6413\" src=\"https:\/\/www.fsegura.com\/wp-content\/uploads\/2016\/12\/IMG_6679-1024x768.jpg\" alt=\"IMG_6679\" width=\"1024\" height=\"768\" \/><\/a><\/p>\n<p>Ezt k\u00f6vet\u0151en a Boga \u00e9tterembe l\u00e1togattak el (www.bogarestaurante.es), ahol megk\u00f3stolt\u00e1k az \u00e9tterem fantasztikus f\u0151k\u00edn\u00e1lat\u00e1t, az \u00fagynevezett Fideu\u00e1-t, amelyet k\u00fcl\u00f6nleges kiszolg\u00e1l\u00e1sban k\u00edn\u00e1ltak fel az ott dolgoz\u00f3k.<\/p>\n<p>A Gand\u00eda tengerpartj\u00e1n tal\u00e1lhat\u00f3 Boga \u00e9tterem a sokf\u00e9le munka \u00e9s intergr\u00e1ci\u00f3 kiemelked\u0151 jelk\u00e9pe, ahol fogyat\u00e9kkal \u00e9l\u0151k \u00e9s lecs\u00f6kkent munkak\u00e9pess\u00e9g\u0171 szem\u00e9lyek dolgoznak szak\u00e1csk\u00e9nt, valamint felszolg\u00e1l\u00f3kk\u00e9nt, \u00e9s a vend\u00e9gl\u00e1t\u00f3ipari szakemberekt\u0151l megszokott hasonl\u00f3 felel\u0151ss\u00e9ggel b\u00edrnak, mindezt egy konyhaf\u0151n\u00f6k \u00e9s f\u0151pinc\u00e9r ir\u00e1ny\u00edt\u00e1sa alatt.<\/p>\n<p><a href=\"https:\/\/www.fsegura.com\/wp-content\/uploads\/2016\/12\/IMG_6681.jpg\"><img decoding=\"async\" class=\"alignnone size-large wp-image-6419\" src=\"https:\/\/www.fsegura.com\/wp-content\/uploads\/2016\/12\/IMG_6681-1024x768.jpg\" alt=\"IMG_6681\" width=\"1024\" height=\"768\" \/><\/a><\/p>\n<p>Az eb\u00e9d ut\u00e1n megl\u00e1togatt\u00e1k a munkahelyi k\u00f6zpont m\u0171helyeit valamint a napk\u00f6zit, ahol els\u0151 k\u00e9zb\u0151l ismerkedhettek meg az ott v\u00e9gzett tev\u00e9kenys\u00e9gekkel, t\u00f6bbek k\u00f6z\u00f6tt megismert\u00e9k a trencadist (mozaik) \u00e9s az \u00fczletet ahol az \u00e1ltaluk naponta k\u00e9sz\u00edtett term\u00e9kek ker\u00fclnek ki\u00e1ll\u00edt\u00e1sra.<\/p>\n<p><a href=\"https:\/\/www.fsegura.com\/wp-content\/uploads\/2016\/12\/IMG_6676.jpg\"><img decoding=\"async\" class=\"alignnone size-large wp-image-6404\" src=\"https:\/\/www.fsegura.com\/wp-content\/uploads\/2016\/12\/IMG_6676-1024x768.jpg\" alt=\"IMG_6676\" width=\"1024\" height=\"768\" \/><\/a><\/p>\n<p>A Grupo Segura m\u00e1r \u00e9vek \u00f3ta sz\u00e1mol az Alap\u00edtv\u00e1ny K\u00fcl\u00f6nleges Foglalkoztat\u00e1si K\u00f6zpontja \u00e1ltal ny\u00fajtott szolg\u00e1ltat\u00e1sokkal, ahol a sr\u00e1cok nap mint nap bebizony\u00edtj\u00e1k, hogy nem l\u00e9teznek g\u00e1tak sz\u00e1mukra, ugyanakkor k\u00e9pesek megfert\u0151zni minket lelkesed\u00e9s\u00fckkel \u00e9s \u00e9let\u00f6r\u00f6m\u00fckkel.<\/p>\n<p>Az arcukon visszat\u00fckr\u00f6z\u0151d\u0151 ill\u00fazi\u00f3 m\u00e9g csak er\u0151sebben igazolja azt, hogy az Alap\u00edtv\u00e1nnyal m\u00e1r t\u00f6bb mint 7 \u00e9ve megkezdett kapcsolatunk helyes d\u00f6nt\u00e9s volt, \u00e9s rem\u00e9nyked\u00fcnk abban hogy a Grupo Segura diverzit\u00e1s \u00e9s integr\u00e1ci\u00f3 fel\u00e9 ir\u00e1nyul\u00f3 t\u00e9tje hossz\u00fa \u00e9veken kereszt\u00fcl eltart, \u00e9s hogy tov\u00e1bbra is \u00e9lvezni tudjuk az Espurna embereit\u0151l kapott \u00e9letleck\u00e9ket.<\/p>\n","protected":false},"excerpt":{"rendered":"<p>December 5.-\u00e9n a Grupo Segura vezet\u0151s\u00e9ge megl\u00e1togatta a Gandia-i Espurna Alap\u00edtv\u00e1ny l\u00e9tes\u00edtm\u00e9nyeit, ahol szem\u00e9lyesen is megismerkedhettek az Alap\u00edtv\u00e1ny \u00e1ltal v\u00e9gzett k\u00fcl\u00f6nf\u00e9le tev\u00e9kenys\u00e9gekkel. (www.espurna.org).<\/p>\n","protected":false},"author":1,"featured_media":5364,"comment_status":"open","ping_status":"open","sticky":false,"template":"","format":"standard","meta":{"_acf_changed":false,"_eb_attr":"","footnotes":""},"categories":[1],"tags":[],"class_list":["post-5568","post","type-post","status-publish","format-standard","has-post-thumbnail","hentry","category-sin-categorizar"],"acf":[],"yoast_head":"<!-- This site is optimized with the Yoast SEO plugin v27.4 - https:\/\/yoast.com\/product\/yoast-seo-wordpress\/ -->\n<title>Grupo Segura vezet\u0151s\u00e9ge megl\u00e1togatja az Espurna Alap\u00edtv\u00e1ny l\u00e9tes\u00edtm\u00e9nyeit - Grupo Segura<\/title>\n<meta name=\"robots\" content=\"index, follow, max-snippet:-1, max-image-preview:large, max-video-preview:-1\" \/>\n<link rel=\"canonical\" href=\"https:\/\/www.fsegura.com\/hu\/grupo-segura-vezetosege-meglatogatja-az-espurna-alapitvany-letesitmenyeit\/\" \/>\n<meta property=\"og:locale\" content=\"hu_HU\" \/>\n<meta property=\"og:type\" content=\"article\" \/>\n<meta property=\"og:title\" content=\"Grupo Segura vezet\u0151s\u00e9ge megl\u00e1togatja az Espurna Alap\u00edtv\u00e1ny l\u00e9tes\u00edtm\u00e9nyeit - Grupo Segura\" \/>\n<meta property=\"og:description\" content=\"December 5.-\u00e9n a Grupo Segura vezet\u0151s\u00e9ge megl\u00e1togatta a Gandia-i Espurna Alap\u00edtv\u00e1ny l\u00e9tes\u00edtm\u00e9nyeit, ahol szem\u00e9lyesen is megismerkedhettek az Alap\u00edtv\u00e1ny \u00e1ltal v\u00e9gzett k\u00fcl\u00f6nf\u00e9le tev\u00e9kenys\u00e9gekkel. (www.espurna.org).\" \/>\n<meta property=\"og:url\" content=\"https:\/\/www.fsegura.com\/hu\/grupo-segura-vezetosege-meglatogatja-az-espurna-alapitvany-letesitmenyeit\/\" \/>\n<meta property=\"og:site_name\" content=\"Grupo Segura\" \/>\n<meta property=\"article:published_time\" content=\"2016-12-19T08:40:15+00:00\" \/>\n<meta property=\"og:image\" content=\"https:\/\/www.fsegura.com\/wp-content\/uploads\/2025\/11\/IMG_6689-MOD-2.jpg\" \/>\n\t<meta property=\"og:image:width\" content=\"1400\" \/>\n\t<meta property=\"og:image:height\" content=\"1050\" \/>\n\t<meta property=\"og:image:type\" content=\"image\/jpeg\" \/>\n<meta name=\"author\" content=\"desarrollo\" \/>\n<meta name=\"twitter:card\" content=\"summary_large_image\" \/>\n<meta name=\"twitter:label1\" content=\"Szerz\u0151:\" \/>\n\t<meta name=\"twitter:data1\" content=\"desarrollo\" \/>\n\t<meta name=\"twitter:label2\" content=\"Becs\u00fclt olvas\u00e1si id\u0151\" \/>\n\t<meta name=\"twitter:data2\" content=\"2 perc\" \/>\n<script type=\"application\/ld+json\" class=\"yoast-schema-graph\">{\"@context\":\"https:\\\/\\\/schema.org\",\"@graph\":[{\"@type\":\"Article\",\"@id\":\"https:\\\/\\\/www.fsegura.com\\\/hu\\\/grupo-segura-vezetosege-meglatogatja-az-espurna-alapitvany-letesitmenyeit\\\/#article\",\"isPartOf\":{\"@id\":\"https:\\\/\\\/www.fsegura.com\\\/hu\\\/grupo-segura-vezetosege-meglatogatja-az-espurna-alapitvany-letesitmenyeit\\\/\"},\"author\":{\"name\":\"desarrollo\",\"@id\":\"https:\\\/\\\/www.fsegura.com\\\/hu\\\/#\\\/schema\\\/person\\\/cf9d1abe35e7e038ac092685669e6ae5\"},\"headline\":\"Grupo Segura vezet\u0151s\u00e9ge megl\u00e1togatja az Espurna Alap\u00edtv\u00e1ny l\u00e9tes\u00edtm\u00e9nyeit\",\"datePublished\":\"2016-12-19T08:40:15+00:00\",\"mainEntityOfPage\":{\"@id\":\"https:\\\/\\\/www.fsegura.com\\\/hu\\\/grupo-segura-vezetosege-meglatogatja-az-espurna-alapitvany-letesitmenyeit\\\/\"},\"wordCount\":362,\"commentCount\":0,\"publisher\":{\"@id\":\"https:\\\/\\\/www.fsegura.com\\\/hu\\\/#organization\"},\"image\":{\"@id\":\"https:\\\/\\\/www.fsegura.com\\\/hu\\\/grupo-segura-vezetosege-meglatogatja-az-espurna-alapitvany-letesitmenyeit\\\/#primaryimage\"},\"thumbnailUrl\":\"https:\\\/\\\/www.fsegura.com\\\/wp-content\\\/uploads\\\/2025\\\/11\\\/IMG_6689-MOD-2.jpg\",\"articleSection\":[\"Sin categorizar\"],\"inLanguage\":\"hu\",\"potentialAction\":[{\"@type\":\"CommentAction\",\"name\":\"Comment\",\"target\":[\"https:\\\/\\\/www.fsegura.com\\\/hu\\\/grupo-segura-vezetosege-meglatogatja-az-espurna-alapitvany-letesitmenyeit\\\/#respond\"]}]},{\"@type\":\"WebPage\",\"@id\":\"https:\\\/\\\/www.fsegura.com\\\/hu\\\/grupo-segura-vezetosege-meglatogatja-az-espurna-alapitvany-letesitmenyeit\\\/\",\"url\":\"https:\\\/\\\/www.fsegura.com\\\/hu\\\/grupo-segura-vezetosege-meglatogatja-az-espurna-alapitvany-letesitmenyeit\\\/\",\"name\":\"Grupo Segura vezet\u0151s\u00e9ge megl\u00e1togatja az Espurna Alap\u00edtv\u00e1ny l\u00e9tes\u00edtm\u00e9nyeit - Grupo Segura\",\"isPartOf\":{\"@id\":\"https:\\\/\\\/www.fsegura.com\\\/hu\\\/#website\"},\"primaryImageOfPage\":{\"@id\":\"https:\\\/\\\/www.fsegura.com\\\/hu\\\/grupo-segura-vezetosege-meglatogatja-az-espurna-alapitvany-letesitmenyeit\\\/#primaryimage\"},\"image\":{\"@id\":\"https:\\\/\\\/www.fsegura.com\\\/hu\\\/grupo-segura-vezetosege-meglatogatja-az-espurna-alapitvany-letesitmenyeit\\\/#primaryimage\"},\"thumbnailUrl\":\"https:\\\/\\\/www.fsegura.com\\\/wp-content\\\/uploads\\\/2025\\\/11\\\/IMG_6689-MOD-2.jpg\",\"datePublished\":\"2016-12-19T08:40:15+00:00\",\"breadcrumb\":{\"@id\":\"https:\\\/\\\/www.fsegura.com\\\/hu\\\/grupo-segura-vezetosege-meglatogatja-az-espurna-alapitvany-letesitmenyeit\\\/#breadcrumb\"},\"inLanguage\":\"hu\",\"potentialAction\":[{\"@type\":\"ReadAction\",\"target\":[\"https:\\\/\\\/www.fsegura.com\\\/hu\\\/grupo-segura-vezetosege-meglatogatja-az-espurna-alapitvany-letesitmenyeit\\\/\"]}]},{\"@type\":\"ImageObject\",\"inLanguage\":\"hu\",\"@id\":\"https:\\\/\\\/www.fsegura.com\\\/hu\\\/grupo-segura-vezetosege-meglatogatja-az-espurna-alapitvany-letesitmenyeit\\\/#primaryimage\",\"url\":\"https:\\\/\\\/www.fsegura.com\\\/wp-content\\\/uploads\\\/2025\\\/11\\\/IMG_6689-MOD-2.jpg\",\"contentUrl\":\"https:\\\/\\\/www.fsegura.com\\\/wp-content\\\/uploads\\\/2025\\\/11\\\/IMG_6689-MOD-2.jpg\",\"width\":1400,\"height\":1050,\"caption\":\"noticias\"},{\"@type\":\"BreadcrumbList\",\"@id\":\"https:\\\/\\\/www.fsegura.com\\\/hu\\\/grupo-segura-vezetosege-meglatogatja-az-espurna-alapitvany-letesitmenyeit\\\/#breadcrumb\",\"itemListElement\":[{\"@type\":\"ListItem\",\"position\":1,\"name\":\"Portada\",\"item\":\"https:\\\/\\\/www.fsegura.com\\\/hu\\\/\"},{\"@type\":\"ListItem\",\"position\":2,\"name\":\"Grupo Segura vezet\u0151s\u00e9ge megl\u00e1togatja az Espurna Alap\u00edtv\u00e1ny l\u00e9tes\u00edtm\u00e9nyeit\"}]},{\"@type\":\"WebSite\",\"@id\":\"https:\\\/\\\/www.fsegura.com\\\/hu\\\/#website\",\"url\":\"https:\\\/\\\/www.fsegura.com\\\/hu\\\/\",\"name\":\"Grupo Segura\",\"description\":\"Partner global para componentes de la automoci\u00f3n\",\"publisher\":{\"@id\":\"https:\\\/\\\/www.fsegura.com\\\/hu\\\/#organization\"},\"potentialAction\":[{\"@type\":\"SearchAction\",\"target\":{\"@type\":\"EntryPoint\",\"urlTemplate\":\"https:\\\/\\\/www.fsegura.com\\\/hu\\\/?s={search_term_string}\"},\"query-input\":{\"@type\":\"PropertyValueSpecification\",\"valueRequired\":true,\"valueName\":\"search_term_string\"}}],\"inLanguage\":\"hu\"},{\"@type\":\"Organization\",\"@id\":\"https:\\\/\\\/www.fsegura.com\\\/hu\\\/#organization\",\"name\":\"Grupo Segura\",\"url\":\"https:\\\/\\\/www.fsegura.com\\\/hu\\\/\",\"logo\":{\"@type\":\"ImageObject\",\"inLanguage\":\"hu\",\"@id\":\"https:\\\/\\\/www.fsegura.com\\\/hu\\\/#\\\/schema\\\/logo\\\/image\\\/\",\"url\":\"https:\\\/\\\/www.fsegura.com\\\/wp-content\\\/uploads\\\/2025\\\/09\\\/grupo-segura.jpg\",\"contentUrl\":\"https:\\\/\\\/www.fsegura.com\\\/wp-content\\\/uploads\\\/2025\\\/09\\\/grupo-segura.jpg\",\"width\":458,\"height\":136,\"caption\":\"Grupo Segura\"},\"image\":{\"@id\":\"https:\\\/\\\/www.fsegura.com\\\/hu\\\/#\\\/schema\\\/logo\\\/image\\\/\"}},{\"@type\":\"Person\",\"@id\":\"https:\\\/\\\/www.fsegura.com\\\/hu\\\/#\\\/schema\\\/person\\\/cf9d1abe35e7e038ac092685669e6ae5\",\"name\":\"desarrollo\",\"image\":{\"@type\":\"ImageObject\",\"inLanguage\":\"hu\",\"@id\":\"https:\\\/\\\/secure.gravatar.com\\\/avatar\\\/3b02f34f0ea5a10bc44d1813e23e909e4ef6fd1c0c78c7eed6d094a646af2836?s=96&d=mm&r=g\",\"url\":\"https:\\\/\\\/secure.gravatar.com\\\/avatar\\\/3b02f34f0ea5a10bc44d1813e23e909e4ef6fd1c0c78c7eed6d094a646af2836?s=96&d=mm&r=g\",\"contentUrl\":\"https:\\\/\\\/secure.gravatar.com\\\/avatar\\\/3b02f34f0ea5a10bc44d1813e23e909e4ef6fd1c0c78c7eed6d094a646af2836?s=96&d=mm&r=g\",\"caption\":\"desarrollo\"},\"sameAs\":[\"https:\\\/\\\/www.fsegura.com\"],\"url\":\"https:\\\/\\\/www.fsegura.com\\\/hu\\\/author\\\/desarrollo\\\/\"}]}<\/script>\n<!-- \/ Yoast SEO plugin. -->","yoast_head_json":{"title":"Grupo Segura vezet\u0151s\u00e9ge megl\u00e1togatja az Espurna Alap\u00edtv\u00e1ny l\u00e9tes\u00edtm\u00e9nyeit - Grupo Segura","robots":{"index":"index","follow":"follow","max-snippet":"max-snippet:-1","max-image-preview":"max-image-preview:large","max-video-preview":"max-video-preview:-1"},"canonical":"https:\/\/www.fsegura.com\/hu\/grupo-segura-vezetosege-meglatogatja-az-espurna-alapitvany-letesitmenyeit\/","og_locale":"hu_HU","og_type":"article","og_title":"Grupo Segura vezet\u0151s\u00e9ge megl\u00e1togatja az Espurna Alap\u00edtv\u00e1ny l\u00e9tes\u00edtm\u00e9nyeit - Grupo Segura","og_description":"December 5.-\u00e9n a Grupo Segura vezet\u0151s\u00e9ge megl\u00e1togatta a Gandia-i Espurna Alap\u00edtv\u00e1ny l\u00e9tes\u00edtm\u00e9nyeit, ahol szem\u00e9lyesen is megismerkedhettek az Alap\u00edtv\u00e1ny \u00e1ltal v\u00e9gzett k\u00fcl\u00f6nf\u00e9le tev\u00e9kenys\u00e9gekkel. (www.espurna.org).","og_url":"https:\/\/www.fsegura.com\/hu\/grupo-segura-vezetosege-meglatogatja-az-espurna-alapitvany-letesitmenyeit\/","og_site_name":"Grupo Segura","article_published_time":"2016-12-19T08:40:15+00:00","og_image":[{"width":1400,"height":1050,"url":"https:\/\/www.fsegura.com\/wp-content\/uploads\/2025\/11\/IMG_6689-MOD-2.jpg","type":"image\/jpeg"}],"author":"desarrollo","twitter_card":"summary_large_image","twitter_misc":{"Szerz\u0151:":"desarrollo","Becs\u00fclt olvas\u00e1si id\u0151":"2 perc"},"schema":{"@context":"https:\/\/schema.org","@graph":[{"@type":"Article","@id":"https:\/\/www.fsegura.com\/hu\/grupo-segura-vezetosege-meglatogatja-az-espurna-alapitvany-letesitmenyeit\/#article","isPartOf":{"@id":"https:\/\/www.fsegura.com\/hu\/grupo-segura-vezetosege-meglatogatja-az-espurna-alapitvany-letesitmenyeit\/"},"author":{"name":"desarrollo","@id":"https:\/\/www.fsegura.com\/hu\/#\/schema\/person\/cf9d1abe35e7e038ac092685669e6ae5"},"headline":"Grupo Segura vezet\u0151s\u00e9ge megl\u00e1togatja az Espurna Alap\u00edtv\u00e1ny l\u00e9tes\u00edtm\u00e9nyeit","datePublished":"2016-12-19T08:40:15+00:00","mainEntityOfPage":{"@id":"https:\/\/www.fsegura.com\/hu\/grupo-segura-vezetosege-meglatogatja-az-espurna-alapitvany-letesitmenyeit\/"},"wordCount":362,"commentCount":0,"publisher":{"@id":"https:\/\/www.fsegura.com\/hu\/#organization"},"image":{"@id":"https:\/\/www.fsegura.com\/hu\/grupo-segura-vezetosege-meglatogatja-az-espurna-alapitvany-letesitmenyeit\/#primaryimage"},"thumbnailUrl":"https:\/\/www.fsegura.com\/wp-content\/uploads\/2025\/11\/IMG_6689-MOD-2.jpg","articleSection":["Sin categorizar"],"inLanguage":"hu","potentialAction":[{"@type":"CommentAction","name":"Comment","target":["https:\/\/www.fsegura.com\/hu\/grupo-segura-vezetosege-meglatogatja-az-espurna-alapitvany-letesitmenyeit\/#respond"]}]},{"@type":"WebPage","@id":"https:\/\/www.fsegura.com\/hu\/grupo-segura-vezetosege-meglatogatja-az-espurna-alapitvany-letesitmenyeit\/","url":"https:\/\/www.fsegura.com\/hu\/grupo-segura-vezetosege-meglatogatja-az-espurna-alapitvany-letesitmenyeit\/","name":"Grupo Segura vezet\u0151s\u00e9ge megl\u00e1togatja az Espurna Alap\u00edtv\u00e1ny l\u00e9tes\u00edtm\u00e9nyeit - Grupo Segura","isPartOf":{"@id":"https:\/\/www.fsegura.com\/hu\/#website"},"primaryImageOfPage":{"@id":"https:\/\/www.fsegura.com\/hu\/grupo-segura-vezetosege-meglatogatja-az-espurna-alapitvany-letesitmenyeit\/#primaryimage"},"image":{"@id":"https:\/\/www.fsegura.com\/hu\/grupo-segura-vezetosege-meglatogatja-az-espurna-alapitvany-letesitmenyeit\/#primaryimage"},"thumbnailUrl":"https:\/\/www.fsegura.com\/wp-content\/uploads\/2025\/11\/IMG_6689-MOD-2.jpg","datePublished":"2016-12-19T08:40:15+00:00","breadcrumb":{"@id":"https:\/\/www.fsegura.com\/hu\/grupo-segura-vezetosege-meglatogatja-az-espurna-alapitvany-letesitmenyeit\/#breadcrumb"},"inLanguage":"hu","potentialAction":[{"@type":"ReadAction","target":["https:\/\/www.fsegura.com\/hu\/grupo-segura-vezetosege-meglatogatja-az-espurna-alapitvany-letesitmenyeit\/"]}]},{"@type":"ImageObject","inLanguage":"hu","@id":"https:\/\/www.fsegura.com\/hu\/grupo-segura-vezetosege-meglatogatja-az-espurna-alapitvany-letesitmenyeit\/#primaryimage","url":"https:\/\/www.fsegura.com\/wp-content\/uploads\/2025\/11\/IMG_6689-MOD-2.jpg","contentUrl":"https:\/\/www.fsegura.com\/wp-content\/uploads\/2025\/11\/IMG_6689-MOD-2.jpg","width":1400,"height":1050,"caption":"noticias"},{"@type":"BreadcrumbList","@id":"https:\/\/www.fsegura.com\/hu\/grupo-segura-vezetosege-meglatogatja-az-espurna-alapitvany-letesitmenyeit\/#breadcrumb","itemListElement":[{"@type":"ListItem","position":1,"name":"Portada","item":"https:\/\/www.fsegura.com\/hu\/"},{"@type":"ListItem","position":2,"name":"Grupo Segura vezet\u0151s\u00e9ge megl\u00e1togatja az Espurna Alap\u00edtv\u00e1ny l\u00e9tes\u00edtm\u00e9nyeit"}]},{"@type":"WebSite","@id":"https:\/\/www.fsegura.com\/hu\/#website","url":"https:\/\/www.fsegura.com\/hu\/","name":"Grupo Segura","description":"Partner global para componentes de la automoci\u00f3n","publisher":{"@id":"https:\/\/www.fsegura.com\/hu\/#organization"},"potentialAction":[{"@type":"SearchAction","target":{"@type":"EntryPoint","urlTemplate":"https:\/\/www.fsegura.com\/hu\/?s={search_term_string}"},"query-input":{"@type":"PropertyValueSpecification","valueRequired":true,"valueName":"search_term_string"}}],"inLanguage":"hu"},{"@type":"Organization","@id":"https:\/\/www.fsegura.com\/hu\/#organization","name":"Grupo Segura","url":"https:\/\/www.fsegura.com\/hu\/","logo":{"@type":"ImageObject","inLanguage":"hu","@id":"https:\/\/www.fsegura.com\/hu\/#\/schema\/logo\/image\/","url":"https:\/\/www.fsegura.com\/wp-content\/uploads\/2025\/09\/grupo-segura.jpg","contentUrl":"https:\/\/www.fsegura.com\/wp-content\/uploads\/2025\/09\/grupo-segura.jpg","width":458,"height":136,"caption":"Grupo Segura"},"image":{"@id":"https:\/\/www.fsegura.com\/hu\/#\/schema\/logo\/image\/"}},{"@type":"Person","@id":"https:\/\/www.fsegura.com\/hu\/#\/schema\/person\/cf9d1abe35e7e038ac092685669e6ae5","name":"desarrollo","image":{"@type":"ImageObject","inLanguage":"hu","@id":"https:\/\/secure.gravatar.com\/avatar\/3b02f34f0ea5a10bc44d1813e23e909e4ef6fd1c0c78c7eed6d094a646af2836?s=96&d=mm&r=g","url":"https:\/\/secure.gravatar.com\/avatar\/3b02f34f0ea5a10bc44d1813e23e909e4ef6fd1c0c78c7eed6d094a646af2836?s=96&d=mm&r=g","contentUrl":"https:\/\/secure.gravatar.com\/avatar\/3b02f34f0ea5a10bc44d1813e23e909e4ef6fd1c0c78c7eed6d094a646af2836?s=96&d=mm&r=g","caption":"desarrollo"},"sameAs":["https:\/\/www.fsegura.com"],"url":"https:\/\/www.fsegura.com\/hu\/author\/desarrollo\/"}]}},"_links":{"self":[{"href":"https:\/\/www.fsegura.com\/hu\/wp-json\/wp\/v2\/posts\/5568","targetHints":{"allow":["GET"]}}],"collection":[{"href":"https:\/\/www.fsegura.com\/hu\/wp-json\/wp\/v2\/posts"}],"about":[{"href":"https:\/\/www.fsegura.com\/hu\/wp-json\/wp\/v2\/types\/post"}],"author":[{"embeddable":true,"href":"https:\/\/www.fsegura.com\/hu\/wp-json\/wp\/v2\/users\/1"}],"replies":[{"embeddable":true,"href":"https:\/\/www.fsegura.com\/hu\/wp-json\/wp\/v2\/comments?post=5568"}],"version-history":[{"count":0,"href":"https:\/\/www.fsegura.com\/hu\/wp-json\/wp\/v2\/posts\/5568\/revisions"}],"wp:featuredmedia":[{"embeddable":true,"href":"https:\/\/www.fsegura.com\/hu\/wp-json\/wp\/v2\/media\/5364"}],"wp:attachment":[{"href":"https:\/\/www.fsegura.com\/hu\/wp-json\/wp\/v2\/media?parent=5568"}],"wp:term":[{"taxonomy":"category","embeddable":true,"href":"https:\/\/www.fsegura.com\/hu\/wp-json\/wp\/v2\/categories?post=5568"},{"taxonomy":"post_tag","embeddable":true,"href":"https:\/\/www.fsegura.com\/hu\/wp-json\/wp\/v2\/tags?post=5568"}],"curies":[{"name":"wp","href":"https:\/\/api.w.org\/{rel}","templated":true}]}}