{"id":5570,"date":"2017-06-06T10:57:27","date_gmt":"2017-06-06T10:57:27","guid":{"rendered":"https:\/\/www.fsegura.com\/2017\/06\/06\/francisco-segura-hervas-az-avia-igazgato-tanacsanak-uj-szovivo-tagja\/"},"modified":"2017-06-06T10:57:27","modified_gmt":"2017-06-06T10:57:27","slug":"francisco-segura-hervas-az-avia-igazgato-tanacsanak-uj-szovivo-tagja","status":"publish","type":"post","link":"https:\/\/www.fsegura.com\/hu\/francisco-segura-hervas-az-avia-igazgato-tanacsanak-uj-szovivo-tagja\/","title":{"rendered":"Francisco Segura Herv\u00e1s, az AVIA Igazgat\u00f3 Tan\u00e1cs\u00e1nak \u00faj sz\u00f3viv\u0151 tagja"},"content":{"rendered":"<p>Francisco Segura, a Grupo Segura Eln\u00f6ke, a k\u00f6zelm\u00faltban csatlakozott az AVIA Igazgat\u00f3 Tan\u00e1cs\u00e1hoz, kit a k\u00f6zgy\u0171l\u00e9s tagjai k\u00f6z\u00fcl \u00faj sz\u00f3viv\u0151k\u00e9nt v\u00e1lasztottak ki.<\/p>\n<p>A Klaszter tagjainak fel\u00e9t k\u00e9t\u00e9vente meg\u00faj\u00edtj\u00e1k, ennek k\u00f6sz\u00f6nhet\u0151en az \u00faj v\u00e1laszt\u00e1sok term\u00e9szetes eredm\u00e9nyek\u00e9pp megt\u00f6rt\u00e9nt Francisco Segura csatlakoz\u00e1sa a Klaszter Igazgat\u00f3 Tan\u00e1cs\u00e1hoz.<\/p>\n<p><a href=\"http:\/\/avia.com.es\/francisco-segura-grupo-segura-se-incorpora-la-junta-directiva-avia\/\" target=\"_blank\" rel=\"noopener\">AVIA<\/a><\/p>\n<p><a href=\"http:\/\/www.lasprovincias.es\/economia\/nuevo-impulso-motor-20170611004720-ntvo.html\" target=\"_blank\" rel=\"noopener\">Las Provincias<\/a><\/p>\n<p><a href=\"https:\/\/www.fsegura.com\/wp-content\/uploads\/2017\/06\/Junta-directiva.jpg\"><img fetchpriority=\"high\" decoding=\"async\" class=\"alignnone size-large wp-image-6698\" src=\"https:\/\/www.fsegura.com\/wp-content\/uploads\/2017\/06\/Junta-directiva-1024x687.jpg\" alt=\"Junta directiva\" width=\"1024\" height=\"687\" \/><\/a><\/p>\n","protected":false},"excerpt":{"rendered":"<p>Francisco Segura, a Grupo Segura Eln\u00f6ke, a k\u00f6zelm\u00faltban csatlakozott az AVIA Igazgat\u00f3 Tan\u00e1cs\u00e1hoz, kit a k\u00f6zgy\u0171l\u00e9s tagjai k\u00f6z\u00fcl \u00faj sz\u00f3viv\u0151k\u00e9nt v\u00e1lasztottak ki. A Klaszter tagjainak fel\u00e9t k\u00e9t\u00e9vente meg\u00faj\u00edtj\u00e1k, ennek k\u00f6sz\u00f6nhet\u0151en az \u00faj v\u00e1laszt\u00e1sok term\u00e9szetes eredm\u00e9nyek\u00e9pp megt\u00f6rt\u00e9nt Francisco Segura csatlakoz\u00e1sa a Klaszter Igazgat\u00f3 Tan\u00e1cs\u00e1hoz. AVIA Las Provincias<\/p>\n","protected":false},"author":1,"featured_media":5372,"comment_status":"open","ping_status":"open","sticky":false,"template":"","format":"standard","meta":{"_acf_changed":false,"_eb_attr":"","footnotes":""},"categories":[1],"tags":[],"class_list":["post-5570","post","type-post","status-publish","format-standard","has-post-thumbnail","hentry","category-sin-categorizar"],"acf":[],"yoast_head":"<!-- This site is optimized with the Yoast SEO plugin v27.4 - https:\/\/yoast.com\/product\/yoast-seo-wordpress\/ -->\n<title>Francisco Segura Herv\u00e1s, az AVIA Igazgat\u00f3 Tan\u00e1cs\u00e1nak \u00faj sz\u00f3viv\u0151 tagja - Grupo Segura<\/title>\n<meta name=\"robots\" content=\"index, follow, max-snippet:-1, max-image-preview:large, max-video-preview:-1\" \/>\n<link rel=\"canonical\" href=\"https:\/\/www.fsegura.com\/hu\/francisco-segura-hervas-az-avia-igazgato-tanacsanak-uj-szovivo-tagja\/\" \/>\n<meta property=\"og:locale\" content=\"hu_HU\" \/>\n<meta property=\"og:type\" content=\"article\" \/>\n<meta property=\"og:title\" content=\"Francisco Segura Herv\u00e1s, az AVIA Igazgat\u00f3 Tan\u00e1cs\u00e1nak \u00faj sz\u00f3viv\u0151 tagja - Grupo Segura\" \/>\n<meta property=\"og:description\" content=\"Francisco Segura, a Grupo Segura Eln\u00f6ke, a k\u00f6zelm\u00faltban csatlakozott az AVIA Igazgat\u00f3 Tan\u00e1cs\u00e1hoz, kit a k\u00f6zgy\u0171l\u00e9s tagjai k\u00f6z\u00fcl \u00faj sz\u00f3viv\u0151k\u00e9nt v\u00e1lasztottak ki. A Klaszter tagjainak fel\u00e9t k\u00e9t\u00e9vente meg\u00faj\u00edtj\u00e1k, ennek k\u00f6sz\u00f6nhet\u0151en az \u00faj v\u00e1laszt\u00e1sok term\u00e9szetes eredm\u00e9nyek\u00e9pp megt\u00f6rt\u00e9nt Francisco Segura csatlakoz\u00e1sa a Klaszter Igazgat\u00f3 Tan\u00e1cs\u00e1hoz. AVIA Las Provincias\" \/>\n<meta property=\"og:url\" content=\"https:\/\/www.fsegura.com\/hu\/francisco-segura-hervas-az-avia-igazgato-tanacsanak-uj-szovivo-tagja\/\" \/>\n<meta property=\"og:site_name\" content=\"Grupo Segura\" \/>\n<meta property=\"article:published_time\" content=\"2017-06-06T10:57:27+00:00\" \/>\n<meta property=\"og:image\" content=\"https:\/\/www.fsegura.com\/wp-content\/uploads\/2025\/11\/logo.png\" \/>\n\t<meta property=\"og:image:width\" content=\"1417\" \/>\n\t<meta property=\"og:image:height\" content=\"344\" \/>\n\t<meta property=\"og:image:type\" content=\"image\/png\" \/>\n<meta name=\"author\" content=\"desarrollo\" \/>\n<meta name=\"twitter:card\" content=\"summary_large_image\" \/>\n<meta name=\"twitter:label1\" content=\"Szerz\u0151:\" \/>\n\t<meta name=\"twitter:data1\" content=\"desarrollo\" \/>\n<script type=\"application\/ld+json\" class=\"yoast-schema-graph\">{\"@context\":\"https:\\\/\\\/schema.org\",\"@graph\":[{\"@type\":\"Article\",\"@id\":\"https:\\\/\\\/www.fsegura.com\\\/hu\\\/francisco-segura-hervas-az-avia-igazgato-tanacsanak-uj-szovivo-tagja\\\/#article\",\"isPartOf\":{\"@id\":\"https:\\\/\\\/www.fsegura.com\\\/hu\\\/francisco-segura-hervas-az-avia-igazgato-tanacsanak-uj-szovivo-tagja\\\/\"},\"author\":{\"name\":\"desarrollo\",\"@id\":\"https:\\\/\\\/www.fsegura.com\\\/hu\\\/#\\\/schema\\\/person\\\/cf9d1abe35e7e038ac092685669e6ae5\"},\"headline\":\"Francisco Segura Herv\u00e1s, az AVIA Igazgat\u00f3 Tan\u00e1cs\u00e1nak \u00faj sz\u00f3viv\u0151 tagja\",\"datePublished\":\"2017-06-06T10:57:27+00:00\",\"mainEntityOfPage\":{\"@id\":\"https:\\\/\\\/www.fsegura.com\\\/hu\\\/francisco-segura-hervas-az-avia-igazgato-tanacsanak-uj-szovivo-tagja\\\/\"},\"wordCount\":93,\"commentCount\":0,\"publisher\":{\"@id\":\"https:\\\/\\\/www.fsegura.com\\\/hu\\\/#organization\"},\"image\":{\"@id\":\"https:\\\/\\\/www.fsegura.com\\\/hu\\\/francisco-segura-hervas-az-avia-igazgato-tanacsanak-uj-szovivo-tagja\\\/#primaryimage\"},\"thumbnailUrl\":\"https:\\\/\\\/www.fsegura.com\\\/wp-content\\\/uploads\\\/2025\\\/11\\\/logo.png\",\"articleSection\":[\"Sin categorizar\"],\"inLanguage\":\"hu\",\"potentialAction\":[{\"@type\":\"CommentAction\",\"name\":\"Comment\",\"target\":[\"https:\\\/\\\/www.fsegura.com\\\/hu\\\/francisco-segura-hervas-az-avia-igazgato-tanacsanak-uj-szovivo-tagja\\\/#respond\"]}]},{\"@type\":\"WebPage\",\"@id\":\"https:\\\/\\\/www.fsegura.com\\\/hu\\\/francisco-segura-hervas-az-avia-igazgato-tanacsanak-uj-szovivo-tagja\\\/\",\"url\":\"https:\\\/\\\/www.fsegura.com\\\/hu\\\/francisco-segura-hervas-az-avia-igazgato-tanacsanak-uj-szovivo-tagja\\\/\",\"name\":\"Francisco Segura Herv\u00e1s, az AVIA Igazgat\u00f3 Tan\u00e1cs\u00e1nak \u00faj sz\u00f3viv\u0151 tagja - Grupo Segura\",\"isPartOf\":{\"@id\":\"https:\\\/\\\/www.fsegura.com\\\/hu\\\/#website\"},\"primaryImageOfPage\":{\"@id\":\"https:\\\/\\\/www.fsegura.com\\\/hu\\\/francisco-segura-hervas-az-avia-igazgato-tanacsanak-uj-szovivo-tagja\\\/#primaryimage\"},\"image\":{\"@id\":\"https:\\\/\\\/www.fsegura.com\\\/hu\\\/francisco-segura-hervas-az-avia-igazgato-tanacsanak-uj-szovivo-tagja\\\/#primaryimage\"},\"thumbnailUrl\":\"https:\\\/\\\/www.fsegura.com\\\/wp-content\\\/uploads\\\/2025\\\/11\\\/logo.png\",\"datePublished\":\"2017-06-06T10:57:27+00:00\",\"breadcrumb\":{\"@id\":\"https:\\\/\\\/www.fsegura.com\\\/hu\\\/francisco-segura-hervas-az-avia-igazgato-tanacsanak-uj-szovivo-tagja\\\/#breadcrumb\"},\"inLanguage\":\"hu\",\"potentialAction\":[{\"@type\":\"ReadAction\",\"target\":[\"https:\\\/\\\/www.fsegura.com\\\/hu\\\/francisco-segura-hervas-az-avia-igazgato-tanacsanak-uj-szovivo-tagja\\\/\"]}]},{\"@type\":\"ImageObject\",\"inLanguage\":\"hu\",\"@id\":\"https:\\\/\\\/www.fsegura.com\\\/hu\\\/francisco-segura-hervas-az-avia-igazgato-tanacsanak-uj-szovivo-tagja\\\/#primaryimage\",\"url\":\"https:\\\/\\\/www.fsegura.com\\\/wp-content\\\/uploads\\\/2025\\\/11\\\/logo.png\",\"contentUrl\":\"https:\\\/\\\/www.fsegura.com\\\/wp-content\\\/uploads\\\/2025\\\/11\\\/logo.png\",\"width\":1417,\"height\":344,\"caption\":\"noticias\"},{\"@type\":\"BreadcrumbList\",\"@id\":\"https:\\\/\\\/www.fsegura.com\\\/hu\\\/francisco-segura-hervas-az-avia-igazgato-tanacsanak-uj-szovivo-tagja\\\/#breadcrumb\",\"itemListElement\":[{\"@type\":\"ListItem\",\"position\":1,\"name\":\"Portada\",\"item\":\"https:\\\/\\\/www.fsegura.com\\\/hu\\\/\"},{\"@type\":\"ListItem\",\"position\":2,\"name\":\"Francisco Segura Herv\u00e1s, az AVIA Igazgat\u00f3 Tan\u00e1cs\u00e1nak \u00faj sz\u00f3viv\u0151 tagja\"}]},{\"@type\":\"WebSite\",\"@id\":\"https:\\\/\\\/www.fsegura.com\\\/hu\\\/#website\",\"url\":\"https:\\\/\\\/www.fsegura.com\\\/hu\\\/\",\"name\":\"Grupo Segura\",\"description\":\"Partner global para componentes de la automoci\u00f3n\",\"publisher\":{\"@id\":\"https:\\\/\\\/www.fsegura.com\\\/hu\\\/#organization\"},\"potentialAction\":[{\"@type\":\"SearchAction\",\"target\":{\"@type\":\"EntryPoint\",\"urlTemplate\":\"https:\\\/\\\/www.fsegura.com\\\/hu\\\/?s={search_term_string}\"},\"query-input\":{\"@type\":\"PropertyValueSpecification\",\"valueRequired\":true,\"valueName\":\"search_term_string\"}}],\"inLanguage\":\"hu\"},{\"@type\":\"Organization\",\"@id\":\"https:\\\/\\\/www.fsegura.com\\\/hu\\\/#organization\",\"name\":\"Grupo Segura\",\"url\":\"https:\\\/\\\/www.fsegura.com\\\/hu\\\/\",\"logo\":{\"@type\":\"ImageObject\",\"inLanguage\":\"hu\",\"@id\":\"https:\\\/\\\/www.fsegura.com\\\/hu\\\/#\\\/schema\\\/logo\\\/image\\\/\",\"url\":\"https:\\\/\\\/www.fsegura.com\\\/wp-content\\\/uploads\\\/2025\\\/09\\\/grupo-segura.jpg\",\"contentUrl\":\"https:\\\/\\\/www.fsegura.com\\\/wp-content\\\/uploads\\\/2025\\\/09\\\/grupo-segura.jpg\",\"width\":458,\"height\":136,\"caption\":\"Grupo Segura\"},\"image\":{\"@id\":\"https:\\\/\\\/www.fsegura.com\\\/hu\\\/#\\\/schema\\\/logo\\\/image\\\/\"}},{\"@type\":\"Person\",\"@id\":\"https:\\\/\\\/www.fsegura.com\\\/hu\\\/#\\\/schema\\\/person\\\/cf9d1abe35e7e038ac092685669e6ae5\",\"name\":\"desarrollo\",\"image\":{\"@type\":\"ImageObject\",\"inLanguage\":\"hu\",\"@id\":\"https:\\\/\\\/secure.gravatar.com\\\/avatar\\\/3b02f34f0ea5a10bc44d1813e23e909e4ef6fd1c0c78c7eed6d094a646af2836?s=96&d=mm&r=g\",\"url\":\"https:\\\/\\\/secure.gravatar.com\\\/avatar\\\/3b02f34f0ea5a10bc44d1813e23e909e4ef6fd1c0c78c7eed6d094a646af2836?s=96&d=mm&r=g\",\"contentUrl\":\"https:\\\/\\\/secure.gravatar.com\\\/avatar\\\/3b02f34f0ea5a10bc44d1813e23e909e4ef6fd1c0c78c7eed6d094a646af2836?s=96&d=mm&r=g\",\"caption\":\"desarrollo\"},\"sameAs\":[\"https:\\\/\\\/www.fsegura.com\"],\"url\":\"https:\\\/\\\/www.fsegura.com\\\/hu\\\/author\\\/desarrollo\\\/\"}]}<\/script>\n<!-- \/ Yoast SEO plugin. -->","yoast_head_json":{"title":"Francisco Segura Herv\u00e1s, az AVIA Igazgat\u00f3 Tan\u00e1cs\u00e1nak \u00faj sz\u00f3viv\u0151 tagja - Grupo Segura","robots":{"index":"index","follow":"follow","max-snippet":"max-snippet:-1","max-image-preview":"max-image-preview:large","max-video-preview":"max-video-preview:-1"},"canonical":"https:\/\/www.fsegura.com\/hu\/francisco-segura-hervas-az-avia-igazgato-tanacsanak-uj-szovivo-tagja\/","og_locale":"hu_HU","og_type":"article","og_title":"Francisco Segura Herv\u00e1s, az AVIA Igazgat\u00f3 Tan\u00e1cs\u00e1nak \u00faj sz\u00f3viv\u0151 tagja - Grupo Segura","og_description":"Francisco Segura, a Grupo Segura Eln\u00f6ke, a k\u00f6zelm\u00faltban csatlakozott az AVIA Igazgat\u00f3 Tan\u00e1cs\u00e1hoz, kit a k\u00f6zgy\u0171l\u00e9s tagjai k\u00f6z\u00fcl \u00faj sz\u00f3viv\u0151k\u00e9nt v\u00e1lasztottak ki. A Klaszter tagjainak fel\u00e9t k\u00e9t\u00e9vente meg\u00faj\u00edtj\u00e1k, ennek k\u00f6sz\u00f6nhet\u0151en az \u00faj v\u00e1laszt\u00e1sok term\u00e9szetes eredm\u00e9nyek\u00e9pp megt\u00f6rt\u00e9nt Francisco Segura csatlakoz\u00e1sa a Klaszter Igazgat\u00f3 Tan\u00e1cs\u00e1hoz. AVIA Las Provincias","og_url":"https:\/\/www.fsegura.com\/hu\/francisco-segura-hervas-az-avia-igazgato-tanacsanak-uj-szovivo-tagja\/","og_site_name":"Grupo Segura","article_published_time":"2017-06-06T10:57:27+00:00","og_image":[{"width":1417,"height":344,"url":"https:\/\/www.fsegura.com\/wp-content\/uploads\/2025\/11\/logo.png","type":"image\/png"}],"author":"desarrollo","twitter_card":"summary_large_image","twitter_misc":{"Szerz\u0151:":"desarrollo"},"schema":{"@context":"https:\/\/schema.org","@graph":[{"@type":"Article","@id":"https:\/\/www.fsegura.com\/hu\/francisco-segura-hervas-az-avia-igazgato-tanacsanak-uj-szovivo-tagja\/#article","isPartOf":{"@id":"https:\/\/www.fsegura.com\/hu\/francisco-segura-hervas-az-avia-igazgato-tanacsanak-uj-szovivo-tagja\/"},"author":{"name":"desarrollo","@id":"https:\/\/www.fsegura.com\/hu\/#\/schema\/person\/cf9d1abe35e7e038ac092685669e6ae5"},"headline":"Francisco Segura Herv\u00e1s, az AVIA Igazgat\u00f3 Tan\u00e1cs\u00e1nak \u00faj sz\u00f3viv\u0151 tagja","datePublished":"2017-06-06T10:57:27+00:00","mainEntityOfPage":{"@id":"https:\/\/www.fsegura.com\/hu\/francisco-segura-hervas-az-avia-igazgato-tanacsanak-uj-szovivo-tagja\/"},"wordCount":93,"commentCount":0,"publisher":{"@id":"https:\/\/www.fsegura.com\/hu\/#organization"},"image":{"@id":"https:\/\/www.fsegura.com\/hu\/francisco-segura-hervas-az-avia-igazgato-tanacsanak-uj-szovivo-tagja\/#primaryimage"},"thumbnailUrl":"https:\/\/www.fsegura.com\/wp-content\/uploads\/2025\/11\/logo.png","articleSection":["Sin categorizar"],"inLanguage":"hu","potentialAction":[{"@type":"CommentAction","name":"Comment","target":["https:\/\/www.fsegura.com\/hu\/francisco-segura-hervas-az-avia-igazgato-tanacsanak-uj-szovivo-tagja\/#respond"]}]},{"@type":"WebPage","@id":"https:\/\/www.fsegura.com\/hu\/francisco-segura-hervas-az-avia-igazgato-tanacsanak-uj-szovivo-tagja\/","url":"https:\/\/www.fsegura.com\/hu\/francisco-segura-hervas-az-avia-igazgato-tanacsanak-uj-szovivo-tagja\/","name":"Francisco Segura Herv\u00e1s, az AVIA Igazgat\u00f3 Tan\u00e1cs\u00e1nak \u00faj sz\u00f3viv\u0151 tagja - Grupo Segura","isPartOf":{"@id":"https:\/\/www.fsegura.com\/hu\/#website"},"primaryImageOfPage":{"@id":"https:\/\/www.fsegura.com\/hu\/francisco-segura-hervas-az-avia-igazgato-tanacsanak-uj-szovivo-tagja\/#primaryimage"},"image":{"@id":"https:\/\/www.fsegura.com\/hu\/francisco-segura-hervas-az-avia-igazgato-tanacsanak-uj-szovivo-tagja\/#primaryimage"},"thumbnailUrl":"https:\/\/www.fsegura.com\/wp-content\/uploads\/2025\/11\/logo.png","datePublished":"2017-06-06T10:57:27+00:00","breadcrumb":{"@id":"https:\/\/www.fsegura.com\/hu\/francisco-segura-hervas-az-avia-igazgato-tanacsanak-uj-szovivo-tagja\/#breadcrumb"},"inLanguage":"hu","potentialAction":[{"@type":"ReadAction","target":["https:\/\/www.fsegura.com\/hu\/francisco-segura-hervas-az-avia-igazgato-tanacsanak-uj-szovivo-tagja\/"]}]},{"@type":"ImageObject","inLanguage":"hu","@id":"https:\/\/www.fsegura.com\/hu\/francisco-segura-hervas-az-avia-igazgato-tanacsanak-uj-szovivo-tagja\/#primaryimage","url":"https:\/\/www.fsegura.com\/wp-content\/uploads\/2025\/11\/logo.png","contentUrl":"https:\/\/www.fsegura.com\/wp-content\/uploads\/2025\/11\/logo.png","width":1417,"height":344,"caption":"noticias"},{"@type":"BreadcrumbList","@id":"https:\/\/www.fsegura.com\/hu\/francisco-segura-hervas-az-avia-igazgato-tanacsanak-uj-szovivo-tagja\/#breadcrumb","itemListElement":[{"@type":"ListItem","position":1,"name":"Portada","item":"https:\/\/www.fsegura.com\/hu\/"},{"@type":"ListItem","position":2,"name":"Francisco Segura Herv\u00e1s, az AVIA Igazgat\u00f3 Tan\u00e1cs\u00e1nak \u00faj sz\u00f3viv\u0151 tagja"}]},{"@type":"WebSite","@id":"https:\/\/www.fsegura.com\/hu\/#website","url":"https:\/\/www.fsegura.com\/hu\/","name":"Grupo Segura","description":"Partner global para componentes de la automoci\u00f3n","publisher":{"@id":"https:\/\/www.fsegura.com\/hu\/#organization"},"potentialAction":[{"@type":"SearchAction","target":{"@type":"EntryPoint","urlTemplate":"https:\/\/www.fsegura.com\/hu\/?s={search_term_string}"},"query-input":{"@type":"PropertyValueSpecification","valueRequired":true,"valueName":"search_term_string"}}],"inLanguage":"hu"},{"@type":"Organization","@id":"https:\/\/www.fsegura.com\/hu\/#organization","name":"Grupo Segura","url":"https:\/\/www.fsegura.com\/hu\/","logo":{"@type":"ImageObject","inLanguage":"hu","@id":"https:\/\/www.fsegura.com\/hu\/#\/schema\/logo\/image\/","url":"https:\/\/www.fsegura.com\/wp-content\/uploads\/2025\/09\/grupo-segura.jpg","contentUrl":"https:\/\/www.fsegura.com\/wp-content\/uploads\/2025\/09\/grupo-segura.jpg","width":458,"height":136,"caption":"Grupo Segura"},"image":{"@id":"https:\/\/www.fsegura.com\/hu\/#\/schema\/logo\/image\/"}},{"@type":"Person","@id":"https:\/\/www.fsegura.com\/hu\/#\/schema\/person\/cf9d1abe35e7e038ac092685669e6ae5","name":"desarrollo","image":{"@type":"ImageObject","inLanguage":"hu","@id":"https:\/\/secure.gravatar.com\/avatar\/3b02f34f0ea5a10bc44d1813e23e909e4ef6fd1c0c78c7eed6d094a646af2836?s=96&d=mm&r=g","url":"https:\/\/secure.gravatar.com\/avatar\/3b02f34f0ea5a10bc44d1813e23e909e4ef6fd1c0c78c7eed6d094a646af2836?s=96&d=mm&r=g","contentUrl":"https:\/\/secure.gravatar.com\/avatar\/3b02f34f0ea5a10bc44d1813e23e909e4ef6fd1c0c78c7eed6d094a646af2836?s=96&d=mm&r=g","caption":"desarrollo"},"sameAs":["https:\/\/www.fsegura.com"],"url":"https:\/\/www.fsegura.com\/hu\/author\/desarrollo\/"}]}},"_links":{"self":[{"href":"https:\/\/www.fsegura.com\/hu\/wp-json\/wp\/v2\/posts\/5570","targetHints":{"allow":["GET"]}}],"collection":[{"href":"https:\/\/www.fsegura.com\/hu\/wp-json\/wp\/v2\/posts"}],"about":[{"href":"https:\/\/www.fsegura.com\/hu\/wp-json\/wp\/v2\/types\/post"}],"author":[{"embeddable":true,"href":"https:\/\/www.fsegura.com\/hu\/wp-json\/wp\/v2\/users\/1"}],"replies":[{"embeddable":true,"href":"https:\/\/www.fsegura.com\/hu\/wp-json\/wp\/v2\/comments?post=5570"}],"version-history":[{"count":0,"href":"https:\/\/www.fsegura.com\/hu\/wp-json\/wp\/v2\/posts\/5570\/revisions"}],"wp:featuredmedia":[{"embeddable":true,"href":"https:\/\/www.fsegura.com\/hu\/wp-json\/wp\/v2\/media\/5372"}],"wp:attachment":[{"href":"https:\/\/www.fsegura.com\/hu\/wp-json\/wp\/v2\/media?parent=5570"}],"wp:term":[{"taxonomy":"category","embeddable":true,"href":"https:\/\/www.fsegura.com\/hu\/wp-json\/wp\/v2\/categories?post=5570"},{"taxonomy":"post_tag","embeddable":true,"href":"https:\/\/www.fsegura.com\/hu\/wp-json\/wp\/v2\/tags?post=5570"}],"curies":[{"name":"wp","href":"https:\/\/api.w.org\/{rel}","templated":true}]}}