{"id":5572,"date":"2017-09-21T12:57:49","date_gmt":"2017-09-21T12:57:49","guid":{"rendered":"https:\/\/www.fsegura.com\/2017\/09\/21\/gulyas-fesztival\/"},"modified":"2017-09-21T12:57:49","modified_gmt":"2017-09-21T12:57:49","slug":"gulyas-fesztival","status":"publish","type":"post","link":"https:\/\/www.fsegura.com\/hu\/gulyas-fesztival\/","title":{"rendered":"Guly\u00e1s fesztiv\u00e1l"},"content":{"rendered":"<p>A Grupo Segura, az elm\u00falt \u00e9vekhez hasonl\u00f3an, id\u00e9n is r\u00e9szt vett a hagyom\u00e1nyos szolnoki Guly\u00e1s fesztiv\u00e1lon. Szeptember 9.-\u00e9n szolnoki koll\u00e9gan\u0151ink \u00e9s koll\u00e9g\u00e1ink csal\u00e1dtagjaik k\u00eds\u00e9ret\u00e9ben felvett\u00e9k magukra a k\u00f6t\u00e9nyt \u00e9s r\u00e9szt vettek e tipikus \u00e9s vil\u00e1gszerte is h\u00edres magyar \u00e9tel region\u00e1lis f\u0151z\u0151 verseny\u00e9n.<\/p>\n<p><a href=\"https:\/\/www.fsegura.com\/wp-content\/uploads\/2017\/09\/20170909_103031.jpg\"><img fetchpriority=\"high\" decoding=\"async\" class=\"alignnone size-large wp-image-6809\" src=\"https:\/\/www.fsegura.com\/wp-content\/uploads\/2017\/09\/20170909_103031-1024x576.jpg\" alt=\"\" width=\"1024\" height=\"576\" \/><\/a><\/p>\n<p>A munkat\u00e1rsak k\u00f6z\u00f6tti kellemes hangulat \u00e9s egy naps\u00fct\u00e9ses nap j\u00e1rultak hozz\u00e1 a gasztron\u00f3miai fesztiv\u00e1l minden r\u00e9sztvev\u0151j\u00e9nek a h\u00e9tv\u00e9gi kellemes id\u0151t\u00f6lt\u00e9s\u00e9hez., ahol magyar koll\u00e9g\u00e1ink seg\u00edt\u0151k\u00e9szen oktatt\u00e1k spanyol munkat\u00e1rsaikat a j\u00f3 magyar guly\u00e1s f\u0151z\u00e9si titkaiba bevonva \u0151ket.<\/p>\n<p>&nbsp;<\/p>\n<p>Nem hi\u00e1nyoztak spanyol koll\u00e9g\u00e1k sem, akik mer\u00e9szen indultak neki a versenyen az els\u0151 guly\u00e1suk f\u0151z\u00e9s\u00e9hez, \u00e9s a helyi sajt\u00f3 v\u00e9lem\u00e9ny\u00e9t figyelembev\u00e9ve, nem is kis sikerrel \u2013 kezd\u0151k szerencs\u00e9je \u2013 \u00e1m siker\u00fckh\u00f6z nagy m\u00e9rt\u00e9kben hozz\u00e1j\u00e1rult tapasztalt magyar koll\u00e9g\u00e1ik nagyvonal\u00fa seg\u00edts\u00e9ge, ami nagy szerepet j\u00e1tszott a v\u00e9gs\u0151 \u00e9s meg\u00e9rdemelt j\u00f3 helyez\u00e9s el\u00e9r\u00e9s\u00e9ben.<\/p>\n<p><a href=\"https:\/\/www.fsegura.com\/wp-content\/uploads\/2017\/09\/image1.jpg\"><img decoding=\"async\" class=\"alignnone size-large wp-image-6812\" src=\"https:\/\/www.fsegura.com\/wp-content\/uploads\/2017\/09\/image1-1024x768.jpg\" alt=\"\" width=\"1024\" height=\"768\" \/><\/a><\/p>\n<p>A Grupo Segura, \u00f6sszhangban a v\u00e1llalati t\u00e1rsadalmi felel\u0151ss\u00e9gv\u00e1llal\u00e1si politik\u00e1j\u00e1val, a soksz\u00edn\u0171s\u00e9ggel valamint a k\u00f6rnyezet\u00fcnkh\u00f6z val\u00f3 k\u00f6zels\u00e9g elveivel, r\u00e9sz\u00e9t veszi t\u00e1rsadalmi jelleg\u0171, a helyi kult\u00far\u00e1t \u00e9s \u00e9rt\u00e9keket el\u0151t\u00e9rbe helyez\u0151 tev\u00e9kenys\u00e9gekben, ugyanakkor \u00f6szt\u00f6n\u00f6zve munkav\u00e1llal\u00f3it e t\u00edpus\u00fa kezdem\u00e9nyez\u00e9sek megval\u00f3s\u00edt\u00e1s\u00e1ra.<\/p>\n<p>&nbsp;<\/p>\n<p>Sz\u00edvb\u0151l gratul\u00e1lunk mindenkinek!<\/p>\n<p>&nbsp;<\/p>\n","protected":false},"excerpt":{"rendered":"<p>A Grupo Segura, az elm\u00falt \u00e9vekhez hasonl\u00f3an, id\u00e9n is r\u00e9szt vett a hagyom\u00e1nyos szolnoki Guly\u00e1s fesztiv\u00e1lon. Szeptember 9.-\u00e9n szolnoki koll\u00e9gan\u0151ink \u00e9s koll\u00e9g\u00e1ink csal\u00e1dtagjaik k\u00eds\u00e9ret\u00e9ben felvett\u00e9k magukra a k\u00f6t\u00e9nyt \u00e9s r\u00e9szt vettek e tipikus \u00e9s vil\u00e1gszerte is h\u00edres magyar \u00e9tel region\u00e1lis f\u0151z\u0151 verseny\u00e9n. A munkat\u00e1rsak k\u00f6z\u00f6tti kellemes hangulat \u00e9s egy naps\u00fct\u00e9ses nap j\u00e1rultak hozz\u00e1 a gasztron\u00f3miai [&hellip;]<\/p>\n","protected":false},"author":1,"featured_media":5380,"comment_status":"open","ping_status":"open","sticky":false,"template":"","format":"standard","meta":{"_acf_changed":false,"_eb_attr":"","footnotes":""},"categories":[1],"tags":[],"class_list":["post-5572","post","type-post","status-publish","format-standard","has-post-thumbnail","hentry","category-sin-categorizar"],"acf":[],"yoast_head":"<!-- This site is optimized with the Yoast SEO plugin v27.4 - https:\/\/yoast.com\/product\/yoast-seo-wordpress\/ -->\n<title>Guly\u00e1s fesztiv\u00e1l - Grupo Segura<\/title>\n<meta name=\"robots\" content=\"index, follow, max-snippet:-1, max-image-preview:large, max-video-preview:-1\" \/>\n<link rel=\"canonical\" href=\"https:\/\/www.fsegura.com\/hu\/gulyas-fesztival\/\" \/>\n<meta property=\"og:locale\" content=\"hu_HU\" \/>\n<meta property=\"og:type\" content=\"article\" \/>\n<meta property=\"og:title\" content=\"Guly\u00e1s fesztiv\u00e1l - Grupo Segura\" \/>\n<meta property=\"og:description\" content=\"A Grupo Segura, az elm\u00falt \u00e9vekhez hasonl\u00f3an, id\u00e9n is r\u00e9szt vett a hagyom\u00e1nyos szolnoki Guly\u00e1s fesztiv\u00e1lon. Szeptember 9.-\u00e9n szolnoki koll\u00e9gan\u0151ink \u00e9s koll\u00e9g\u00e1ink csal\u00e1dtagjaik k\u00eds\u00e9ret\u00e9ben felvett\u00e9k magukra a k\u00f6t\u00e9nyt \u00e9s r\u00e9szt vettek e tipikus \u00e9s vil\u00e1gszerte is h\u00edres magyar \u00e9tel region\u00e1lis f\u0151z\u0151 verseny\u00e9n. A munkat\u00e1rsak k\u00f6z\u00f6tti kellemes hangulat \u00e9s egy naps\u00fct\u00e9ses nap j\u00e1rultak hozz\u00e1 a gasztron\u00f3miai [&hellip;]\" \/>\n<meta property=\"og:url\" content=\"https:\/\/www.fsegura.com\/hu\/gulyas-fesztival\/\" \/>\n<meta property=\"og:site_name\" content=\"Grupo Segura\" \/>\n<meta property=\"article:published_time\" content=\"2017-09-21T12:57:49+00:00\" \/>\n<meta property=\"og:image\" content=\"https:\/\/www.fsegura.com\/wp-content\/uploads\/2025\/11\/20170909_131935-scaled.jpg\" \/>\n\t<meta property=\"og:image:width\" content=\"2560\" \/>\n\t<meta property=\"og:image:height\" content=\"888\" \/>\n\t<meta property=\"og:image:type\" content=\"image\/jpeg\" \/>\n<meta name=\"author\" content=\"desarrollo\" \/>\n<meta name=\"twitter:card\" content=\"summary_large_image\" \/>\n<meta name=\"twitter:label1\" content=\"Szerz\u0151:\" \/>\n\t<meta name=\"twitter:data1\" content=\"desarrollo\" \/>\n\t<meta name=\"twitter:label2\" content=\"Becs\u00fclt olvas\u00e1si id\u0151\" \/>\n\t<meta name=\"twitter:data2\" content=\"1 perc\" \/>\n<script type=\"application\/ld+json\" class=\"yoast-schema-graph\">{\"@context\":\"https:\\\/\\\/schema.org\",\"@graph\":[{\"@type\":\"Article\",\"@id\":\"https:\\\/\\\/www.fsegura.com\\\/hu\\\/gulyas-fesztival\\\/#article\",\"isPartOf\":{\"@id\":\"https:\\\/\\\/www.fsegura.com\\\/hu\\\/gulyas-fesztival\\\/\"},\"author\":{\"name\":\"desarrollo\",\"@id\":\"https:\\\/\\\/www.fsegura.com\\\/hu\\\/#\\\/schema\\\/person\\\/cf9d1abe35e7e038ac092685669e6ae5\"},\"headline\":\"Guly\u00e1s fesztiv\u00e1l\",\"datePublished\":\"2017-09-21T12:57:49+00:00\",\"mainEntityOfPage\":{\"@id\":\"https:\\\/\\\/www.fsegura.com\\\/hu\\\/gulyas-fesztival\\\/\"},\"wordCount\":294,\"commentCount\":0,\"publisher\":{\"@id\":\"https:\\\/\\\/www.fsegura.com\\\/hu\\\/#organization\"},\"image\":{\"@id\":\"https:\\\/\\\/www.fsegura.com\\\/hu\\\/gulyas-fesztival\\\/#primaryimage\"},\"thumbnailUrl\":\"https:\\\/\\\/www.fsegura.com\\\/wp-content\\\/uploads\\\/2025\\\/11\\\/20170909_131935-scaled.jpg\",\"articleSection\":[\"Sin categorizar\"],\"inLanguage\":\"hu\",\"potentialAction\":[{\"@type\":\"CommentAction\",\"name\":\"Comment\",\"target\":[\"https:\\\/\\\/www.fsegura.com\\\/hu\\\/gulyas-fesztival\\\/#respond\"]}]},{\"@type\":\"WebPage\",\"@id\":\"https:\\\/\\\/www.fsegura.com\\\/hu\\\/gulyas-fesztival\\\/\",\"url\":\"https:\\\/\\\/www.fsegura.com\\\/hu\\\/gulyas-fesztival\\\/\",\"name\":\"Guly\u00e1s fesztiv\u00e1l - Grupo Segura\",\"isPartOf\":{\"@id\":\"https:\\\/\\\/www.fsegura.com\\\/hu\\\/#website\"},\"primaryImageOfPage\":{\"@id\":\"https:\\\/\\\/www.fsegura.com\\\/hu\\\/gulyas-fesztival\\\/#primaryimage\"},\"image\":{\"@id\":\"https:\\\/\\\/www.fsegura.com\\\/hu\\\/gulyas-fesztival\\\/#primaryimage\"},\"thumbnailUrl\":\"https:\\\/\\\/www.fsegura.com\\\/wp-content\\\/uploads\\\/2025\\\/11\\\/20170909_131935-scaled.jpg\",\"datePublished\":\"2017-09-21T12:57:49+00:00\",\"breadcrumb\":{\"@id\":\"https:\\\/\\\/www.fsegura.com\\\/hu\\\/gulyas-fesztival\\\/#breadcrumb\"},\"inLanguage\":\"hu\",\"potentialAction\":[{\"@type\":\"ReadAction\",\"target\":[\"https:\\\/\\\/www.fsegura.com\\\/hu\\\/gulyas-fesztival\\\/\"]}]},{\"@type\":\"ImageObject\",\"inLanguage\":\"hu\",\"@id\":\"https:\\\/\\\/www.fsegura.com\\\/hu\\\/gulyas-fesztival\\\/#primaryimage\",\"url\":\"https:\\\/\\\/www.fsegura.com\\\/wp-content\\\/uploads\\\/2025\\\/11\\\/20170909_131935-scaled.jpg\",\"contentUrl\":\"https:\\\/\\\/www.fsegura.com\\\/wp-content\\\/uploads\\\/2025\\\/11\\\/20170909_131935-scaled.jpg\",\"width\":2560,\"height\":888,\"caption\":\"20170909_131935\"},{\"@type\":\"BreadcrumbList\",\"@id\":\"https:\\\/\\\/www.fsegura.com\\\/hu\\\/gulyas-fesztival\\\/#breadcrumb\",\"itemListElement\":[{\"@type\":\"ListItem\",\"position\":1,\"name\":\"Portada\",\"item\":\"https:\\\/\\\/www.fsegura.com\\\/hu\\\/\"},{\"@type\":\"ListItem\",\"position\":2,\"name\":\"Guly\u00e1s fesztiv\u00e1l\"}]},{\"@type\":\"WebSite\",\"@id\":\"https:\\\/\\\/www.fsegura.com\\\/hu\\\/#website\",\"url\":\"https:\\\/\\\/www.fsegura.com\\\/hu\\\/\",\"name\":\"Grupo Segura\",\"description\":\"Partner global para componentes de la automoci\u00f3n\",\"publisher\":{\"@id\":\"https:\\\/\\\/www.fsegura.com\\\/hu\\\/#organization\"},\"potentialAction\":[{\"@type\":\"SearchAction\",\"target\":{\"@type\":\"EntryPoint\",\"urlTemplate\":\"https:\\\/\\\/www.fsegura.com\\\/hu\\\/?s={search_term_string}\"},\"query-input\":{\"@type\":\"PropertyValueSpecification\",\"valueRequired\":true,\"valueName\":\"search_term_string\"}}],\"inLanguage\":\"hu\"},{\"@type\":\"Organization\",\"@id\":\"https:\\\/\\\/www.fsegura.com\\\/hu\\\/#organization\",\"name\":\"Grupo Segura\",\"url\":\"https:\\\/\\\/www.fsegura.com\\\/hu\\\/\",\"logo\":{\"@type\":\"ImageObject\",\"inLanguage\":\"hu\",\"@id\":\"https:\\\/\\\/www.fsegura.com\\\/hu\\\/#\\\/schema\\\/logo\\\/image\\\/\",\"url\":\"https:\\\/\\\/www.fsegura.com\\\/wp-content\\\/uploads\\\/2025\\\/09\\\/grupo-segura.jpg\",\"contentUrl\":\"https:\\\/\\\/www.fsegura.com\\\/wp-content\\\/uploads\\\/2025\\\/09\\\/grupo-segura.jpg\",\"width\":458,\"height\":136,\"caption\":\"Grupo Segura\"},\"image\":{\"@id\":\"https:\\\/\\\/www.fsegura.com\\\/hu\\\/#\\\/schema\\\/logo\\\/image\\\/\"}},{\"@type\":\"Person\",\"@id\":\"https:\\\/\\\/www.fsegura.com\\\/hu\\\/#\\\/schema\\\/person\\\/cf9d1abe35e7e038ac092685669e6ae5\",\"name\":\"desarrollo\",\"image\":{\"@type\":\"ImageObject\",\"inLanguage\":\"hu\",\"@id\":\"https:\\\/\\\/secure.gravatar.com\\\/avatar\\\/3b02f34f0ea5a10bc44d1813e23e909e4ef6fd1c0c78c7eed6d094a646af2836?s=96&d=mm&r=g\",\"url\":\"https:\\\/\\\/secure.gravatar.com\\\/avatar\\\/3b02f34f0ea5a10bc44d1813e23e909e4ef6fd1c0c78c7eed6d094a646af2836?s=96&d=mm&r=g\",\"contentUrl\":\"https:\\\/\\\/secure.gravatar.com\\\/avatar\\\/3b02f34f0ea5a10bc44d1813e23e909e4ef6fd1c0c78c7eed6d094a646af2836?s=96&d=mm&r=g\",\"caption\":\"desarrollo\"},\"sameAs\":[\"https:\\\/\\\/www.fsegura.com\"],\"url\":\"https:\\\/\\\/www.fsegura.com\\\/hu\\\/author\\\/desarrollo\\\/\"}]}<\/script>\n<!-- \/ Yoast SEO plugin. -->","yoast_head_json":{"title":"Guly\u00e1s fesztiv\u00e1l - Grupo Segura","robots":{"index":"index","follow":"follow","max-snippet":"max-snippet:-1","max-image-preview":"max-image-preview:large","max-video-preview":"max-video-preview:-1"},"canonical":"https:\/\/www.fsegura.com\/hu\/gulyas-fesztival\/","og_locale":"hu_HU","og_type":"article","og_title":"Guly\u00e1s fesztiv\u00e1l - Grupo Segura","og_description":"A Grupo Segura, az elm\u00falt \u00e9vekhez hasonl\u00f3an, id\u00e9n is r\u00e9szt vett a hagyom\u00e1nyos szolnoki Guly\u00e1s fesztiv\u00e1lon. Szeptember 9.-\u00e9n szolnoki koll\u00e9gan\u0151ink \u00e9s koll\u00e9g\u00e1ink csal\u00e1dtagjaik k\u00eds\u00e9ret\u00e9ben felvett\u00e9k magukra a k\u00f6t\u00e9nyt \u00e9s r\u00e9szt vettek e tipikus \u00e9s vil\u00e1gszerte is h\u00edres magyar \u00e9tel region\u00e1lis f\u0151z\u0151 verseny\u00e9n. A munkat\u00e1rsak k\u00f6z\u00f6tti kellemes hangulat \u00e9s egy naps\u00fct\u00e9ses nap j\u00e1rultak hozz\u00e1 a gasztron\u00f3miai [&hellip;]","og_url":"https:\/\/www.fsegura.com\/hu\/gulyas-fesztival\/","og_site_name":"Grupo Segura","article_published_time":"2017-09-21T12:57:49+00:00","og_image":[{"width":2560,"height":888,"url":"https:\/\/www.fsegura.com\/wp-content\/uploads\/2025\/11\/20170909_131935-scaled.jpg","type":"image\/jpeg"}],"author":"desarrollo","twitter_card":"summary_large_image","twitter_misc":{"Szerz\u0151:":"desarrollo","Becs\u00fclt olvas\u00e1si id\u0151":"1 perc"},"schema":{"@context":"https:\/\/schema.org","@graph":[{"@type":"Article","@id":"https:\/\/www.fsegura.com\/hu\/gulyas-fesztival\/#article","isPartOf":{"@id":"https:\/\/www.fsegura.com\/hu\/gulyas-fesztival\/"},"author":{"name":"desarrollo","@id":"https:\/\/www.fsegura.com\/hu\/#\/schema\/person\/cf9d1abe35e7e038ac092685669e6ae5"},"headline":"Guly\u00e1s fesztiv\u00e1l","datePublished":"2017-09-21T12:57:49+00:00","mainEntityOfPage":{"@id":"https:\/\/www.fsegura.com\/hu\/gulyas-fesztival\/"},"wordCount":294,"commentCount":0,"publisher":{"@id":"https:\/\/www.fsegura.com\/hu\/#organization"},"image":{"@id":"https:\/\/www.fsegura.com\/hu\/gulyas-fesztival\/#primaryimage"},"thumbnailUrl":"https:\/\/www.fsegura.com\/wp-content\/uploads\/2025\/11\/20170909_131935-scaled.jpg","articleSection":["Sin categorizar"],"inLanguage":"hu","potentialAction":[{"@type":"CommentAction","name":"Comment","target":["https:\/\/www.fsegura.com\/hu\/gulyas-fesztival\/#respond"]}]},{"@type":"WebPage","@id":"https:\/\/www.fsegura.com\/hu\/gulyas-fesztival\/","url":"https:\/\/www.fsegura.com\/hu\/gulyas-fesztival\/","name":"Guly\u00e1s fesztiv\u00e1l - Grupo Segura","isPartOf":{"@id":"https:\/\/www.fsegura.com\/hu\/#website"},"primaryImageOfPage":{"@id":"https:\/\/www.fsegura.com\/hu\/gulyas-fesztival\/#primaryimage"},"image":{"@id":"https:\/\/www.fsegura.com\/hu\/gulyas-fesztival\/#primaryimage"},"thumbnailUrl":"https:\/\/www.fsegura.com\/wp-content\/uploads\/2025\/11\/20170909_131935-scaled.jpg","datePublished":"2017-09-21T12:57:49+00:00","breadcrumb":{"@id":"https:\/\/www.fsegura.com\/hu\/gulyas-fesztival\/#breadcrumb"},"inLanguage":"hu","potentialAction":[{"@type":"ReadAction","target":["https:\/\/www.fsegura.com\/hu\/gulyas-fesztival\/"]}]},{"@type":"ImageObject","inLanguage":"hu","@id":"https:\/\/www.fsegura.com\/hu\/gulyas-fesztival\/#primaryimage","url":"https:\/\/www.fsegura.com\/wp-content\/uploads\/2025\/11\/20170909_131935-scaled.jpg","contentUrl":"https:\/\/www.fsegura.com\/wp-content\/uploads\/2025\/11\/20170909_131935-scaled.jpg","width":2560,"height":888,"caption":"20170909_131935"},{"@type":"BreadcrumbList","@id":"https:\/\/www.fsegura.com\/hu\/gulyas-fesztival\/#breadcrumb","itemListElement":[{"@type":"ListItem","position":1,"name":"Portada","item":"https:\/\/www.fsegura.com\/hu\/"},{"@type":"ListItem","position":2,"name":"Guly\u00e1s fesztiv\u00e1l"}]},{"@type":"WebSite","@id":"https:\/\/www.fsegura.com\/hu\/#website","url":"https:\/\/www.fsegura.com\/hu\/","name":"Grupo Segura","description":"Partner global para componentes de la automoci\u00f3n","publisher":{"@id":"https:\/\/www.fsegura.com\/hu\/#organization"},"potentialAction":[{"@type":"SearchAction","target":{"@type":"EntryPoint","urlTemplate":"https:\/\/www.fsegura.com\/hu\/?s={search_term_string}"},"query-input":{"@type":"PropertyValueSpecification","valueRequired":true,"valueName":"search_term_string"}}],"inLanguage":"hu"},{"@type":"Organization","@id":"https:\/\/www.fsegura.com\/hu\/#organization","name":"Grupo Segura","url":"https:\/\/www.fsegura.com\/hu\/","logo":{"@type":"ImageObject","inLanguage":"hu","@id":"https:\/\/www.fsegura.com\/hu\/#\/schema\/logo\/image\/","url":"https:\/\/www.fsegura.com\/wp-content\/uploads\/2025\/09\/grupo-segura.jpg","contentUrl":"https:\/\/www.fsegura.com\/wp-content\/uploads\/2025\/09\/grupo-segura.jpg","width":458,"height":136,"caption":"Grupo Segura"},"image":{"@id":"https:\/\/www.fsegura.com\/hu\/#\/schema\/logo\/image\/"}},{"@type":"Person","@id":"https:\/\/www.fsegura.com\/hu\/#\/schema\/person\/cf9d1abe35e7e038ac092685669e6ae5","name":"desarrollo","image":{"@type":"ImageObject","inLanguage":"hu","@id":"https:\/\/secure.gravatar.com\/avatar\/3b02f34f0ea5a10bc44d1813e23e909e4ef6fd1c0c78c7eed6d094a646af2836?s=96&d=mm&r=g","url":"https:\/\/secure.gravatar.com\/avatar\/3b02f34f0ea5a10bc44d1813e23e909e4ef6fd1c0c78c7eed6d094a646af2836?s=96&d=mm&r=g","contentUrl":"https:\/\/secure.gravatar.com\/avatar\/3b02f34f0ea5a10bc44d1813e23e909e4ef6fd1c0c78c7eed6d094a646af2836?s=96&d=mm&r=g","caption":"desarrollo"},"sameAs":["https:\/\/www.fsegura.com"],"url":"https:\/\/www.fsegura.com\/hu\/author\/desarrollo\/"}]}},"_links":{"self":[{"href":"https:\/\/www.fsegura.com\/hu\/wp-json\/wp\/v2\/posts\/5572","targetHints":{"allow":["GET"]}}],"collection":[{"href":"https:\/\/www.fsegura.com\/hu\/wp-json\/wp\/v2\/posts"}],"about":[{"href":"https:\/\/www.fsegura.com\/hu\/wp-json\/wp\/v2\/types\/post"}],"author":[{"embeddable":true,"href":"https:\/\/www.fsegura.com\/hu\/wp-json\/wp\/v2\/users\/1"}],"replies":[{"embeddable":true,"href":"https:\/\/www.fsegura.com\/hu\/wp-json\/wp\/v2\/comments?post=5572"}],"version-history":[{"count":0,"href":"https:\/\/www.fsegura.com\/hu\/wp-json\/wp\/v2\/posts\/5572\/revisions"}],"wp:featuredmedia":[{"embeddable":true,"href":"https:\/\/www.fsegura.com\/hu\/wp-json\/wp\/v2\/media\/5380"}],"wp:attachment":[{"href":"https:\/\/www.fsegura.com\/hu\/wp-json\/wp\/v2\/media?parent=5572"}],"wp:term":[{"taxonomy":"category","embeddable":true,"href":"https:\/\/www.fsegura.com\/hu\/wp-json\/wp\/v2\/categories?post=5572"},{"taxonomy":"post_tag","embeddable":true,"href":"https:\/\/www.fsegura.com\/hu\/wp-json\/wp\/v2\/tags?post=5572"}],"curies":[{"name":"wp","href":"https:\/\/api.w.org\/{rel}","templated":true}]}}