{"id":5574,"date":"2017-10-18T10:01:10","date_gmt":"2017-10-18T10:01:10","guid":{"rendered":"https:\/\/www.fsegura.com\/2017\/10\/18\/grupo-segura-jelen-van-az-appi-elso-ket-evtizedes-palyafutasat-megemlekezo-unnepsegen\/"},"modified":"2017-10-18T10:01:10","modified_gmt":"2017-10-18T10:01:10","slug":"grupo-segura-jelen-van-az-appi-elso-ket-evtizedes-palyafutasat-megemlekezo-unnepsegen","status":"publish","type":"post","link":"https:\/\/www.fsegura.com\/hu\/grupo-segura-jelen-van-az-appi-elso-ket-evtizedes-palyafutasat-megemlekezo-unnepsegen\/","title":{"rendered":"Grupo Segura jelen van az APPI els\u0151 k\u00e9t \u00e9vtizedes p\u00e1lyafut\u00e1s\u00e1t megeml\u00e9kez\u0151 \u00fcnneps\u00e9g\u00e9n"},"content":{"rendered":"<p>Szeptember 28.-\u00e1n cs\u00fct\u00f6rt\u00f6k\u00f6n, t\u00f6bb mint 200 ember gy\u0171lt \u00f6ssze az Almussafes-i Juan Carlos I. Szolg\u00e1ltat\u00f3i Park Sz\u00f6vets\u00e9ge (APPI) p\u00e1lyafut\u00e1sa 20. \u00e9vfordul\u00f3j\u00e1nak meg\u00fcnnepl\u00e9s\u00e9re.\u00a0A megeml\u00e9kez\u00e9sen sz\u00e1mos v\u00e1llalkoz\u00f3 mellet jelen volt t\u00f6bbbek k\u00f6z\u00f6tt a v\u00e1ros polg\u00e1rmestere, Toni Gonz\u00e1lez, a Valenciai Generalitat Ipar \u00e9s Energia \u00dcgyvezet\u0151 Igazgat\u00f3ja, Diego Maci\u00e1, valamint a szervezet kor\u00e1bbi eln\u00f6kei, k\u00f6zt\u00fck HR vezet\u0151nk, Luis S\u00e1nchez, mint ahogy egy\u00e9b megtisztelt vend\u00e9gek is, valamennyien az elm\u00falt k\u00e9t \u00e9vtized legkiemelked\u0151bb eredm\u00e9nyeinek megeml\u00e9kez\u00e9se c\u00e9lj\u00e1b\u00f3l. Mindk\u00e9t politikai k\u00e9pvisel\u0151 meger\u0151s\u00edtette az APPI sz\u00f6vets\u00e9ge ir\u00e1nti elk\u00f6telezetts\u00e9g\u00e9t, valamint a k\u00f6z\u00f6s el\u0151rehalad\u00e1si sz\u00e1nd\u00e9kait.<\/p>\n<p><a href=\"https:\/\/www.fsegura.com\/wp-content\/uploads\/2017\/10\/Luis-foto.jpg\"><img fetchpriority=\"high\" decoding=\"async\" class=\"alignnone size-full wp-image-6854\" src=\"https:\/\/www.fsegura.com\/wp-content\/uploads\/2017\/10\/Luis-foto.jpg\" alt=\"\" width=\"1000\" height=\"667\" \/><\/a><\/p>\n<p>1997-ben j\u00e1rtunk, amikor ez a projekt form\u00e1l\u00f3dni kezdett, azt\u00e1n hivatalosan is l\u00e9trej\u00f6tt a szervezet, amely jelenleg 88 v\u00e1llalatot tart \u00f6ssze. \u201cKevesen voltunk, \u00e9s narancsf\u00f6ldek vettek k\u00f6r\u00fcl minket, nehezen tudtuk elmagyar\u00e1zni, hogy hogyan lehet eljutni gy\u00e1rainkhoz, mivel m\u00e9g a megk\u00f6zel\u00edt\u00e9shez sz\u00fcks\u00e9ges infrastrukt\u00far\u00e1kat sem fejlesztett\u00e9k ki megfelel\u0151en\u201d, magyar\u00e1zta a sz\u00f6vets\u00e9g els\u0151 eln\u00f6ke, Luis S\u00e1nchez, munkat\u00e1rsunk \u00e9s HR Igazgat\u00f3nk. \u201cKezdetekben nem volt sem orvosi sem postai szolg\u00e1ltat\u00e1sunk, ami azt\u00e1n megteremtette a sz\u00fcks\u00e9gletet egy szervezettebb m\u0171k\u00f6d\u00e9shez\u201d, eml\u00e9kezett viszza.Az APPI egym\u00e1ssal \u00f6sszek\u00f6ti a k\u00fcl\u00f6nb\u00f6z\u0151 v\u00e1llalatokat, melyeknek l\u00e9tfontoss\u00e1g\u00fa f\u00f3rumk\u00e9nt szolg\u00e1l a r\u00e9szv\u00e9telhez, valamint azon \u00f6tletek keres\u00e9s\u00e9hez, melyek hasznos eszk\u00f6zk\u00e9nt szolg\u00e1lnak a Juan Carlos I. Ipari Park fejleszt\u00e9s\u00e9hez, innov\u00e1ci\u00f3hoz, technol\u00f3gi\u00e1j\u00e1hoz, n\u00f6veked\u00e9s\u00e9hez, a munkahelyteremt\u00e9shez, valamint annak vagyoni n\u00f6veked\u00e9s\u00e9hez.<\/p>\n<p><a href=\"https:\/\/www.fsegura.com\/wp-content\/uploads\/2017\/10\/FullSizeRender-004.jpg\"><img decoding=\"async\" class=\"alignnone size-large wp-image-6853\" src=\"https:\/\/www.fsegura.com\/wp-content\/uploads\/2017\/10\/FullSizeRender-004-1024x675.jpg\" alt=\"\" width=\"1024\" height=\"675\" \/><\/a><\/p>\n<p>A Grupo Segura az APPI partnerek\u00e9nt tov\u00e1bbra is elk\u00f6telezett marad az APPI \u00e1lland\u00f3 bizotts\u00e1g\u00e1val val\u00f3 egy\u00fcttm\u0171k\u00f6d\u00e9sre a k\u00f6z\u00f6s tov\u00e1bbhalad\u00e1s \u00e9rdek\u00e9ben, ugyan\u00fagy a park az \u00e9rintett piachoz val\u00f3 alkalmazkod\u00e1s\u00e1ban, mint a k\u00f6z\u00f6s fejleszt\u00e9sek megval\u00f3s\u00edt\u00e1s\u00e1ban.\u00a0A Segura Csoport tov\u00e1bbra is t\u00e1mogatja az APPI kezdem\u00e9nyez\u00e9seit \u00e9s \u00faj k\u00f6z\u00f6s projektjeit, ugyanakkor hozz\u00e1j\u00e1rul a tud\u00e1s \u00e9s az \u00fczleti fejl\u0151d\u00e9shez.<\/p>\n<p>K\u00f6sz\u00f6nj\u00fck\u00a0!<\/p>\n<p>&nbsp;<\/p>\n<p>&nbsp;<\/p>\n","protected":false},"excerpt":{"rendered":"<p>Szeptember 28.-\u00e1n cs\u00fct\u00f6rt\u00f6k\u00f6n, t\u00f6bb mint 200 ember gy\u0171lt \u00f6ssze az Almussafes-i Juan Carlos I. Szolg\u00e1ltat\u00f3i Park Sz\u00f6vets\u00e9ge (APPI) p\u00e1lyafut\u00e1sa 20. \u00e9vfordul\u00f3j\u00e1nak meg\u00fcnnepl\u00e9s\u00e9re.\u00a0A megeml\u00e9kez\u00e9sen sz\u00e1mos v\u00e1llalkoz\u00f3 mellet jelen volt t\u00f6bbbek k\u00f6z\u00f6tt a v\u00e1ros polg\u00e1rmestere, Toni Gonz\u00e1lez, a Valenciai Generalitat Ipar \u00e9s Energia \u00dcgyvezet\u0151 Igazgat\u00f3ja, Diego Maci\u00e1, valamint a szervezet kor\u00e1bbi eln\u00f6kei, k\u00f6zt\u00fck HR vezet\u0151nk, Luis S\u00e1nchez, [&hellip;]<\/p>\n","protected":false},"author":1,"featured_media":5388,"comment_status":"open","ping_status":"open","sticky":false,"template":"","format":"standard","meta":{"_acf_changed":false,"_eb_attr":"","footnotes":""},"categories":[1],"tags":[],"class_list":["post-5574","post","type-post","status-publish","format-standard","has-post-thumbnail","hentry","category-sin-categorizar"],"acf":[],"yoast_head":"<!-- This site is optimized with the Yoast SEO plugin v27.4 - https:\/\/yoast.com\/product\/yoast-seo-wordpress\/ -->\n<title>Grupo Segura jelen van az APPI els\u0151 k\u00e9t \u00e9vtizedes p\u00e1lyafut\u00e1s\u00e1t megeml\u00e9kez\u0151 \u00fcnneps\u00e9g\u00e9n - Grupo Segura<\/title>\n<meta name=\"robots\" content=\"index, follow, max-snippet:-1, max-image-preview:large, max-video-preview:-1\" \/>\n<link rel=\"canonical\" href=\"https:\/\/www.fsegura.com\/hu\/grupo-segura-jelen-van-az-appi-elso-ket-evtizedes-palyafutasat-megemlekezo-unnepsegen\/\" \/>\n<meta property=\"og:locale\" content=\"hu_HU\" \/>\n<meta property=\"og:type\" content=\"article\" \/>\n<meta property=\"og:title\" content=\"Grupo Segura jelen van az APPI els\u0151 k\u00e9t \u00e9vtizedes p\u00e1lyafut\u00e1s\u00e1t megeml\u00e9kez\u0151 \u00fcnneps\u00e9g\u00e9n - Grupo Segura\" \/>\n<meta property=\"og:description\" content=\"Szeptember 28.-\u00e1n cs\u00fct\u00f6rt\u00f6k\u00f6n, t\u00f6bb mint 200 ember gy\u0171lt \u00f6ssze az Almussafes-i Juan Carlos I. Szolg\u00e1ltat\u00f3i Park Sz\u00f6vets\u00e9ge (APPI) p\u00e1lyafut\u00e1sa 20. \u00e9vfordul\u00f3j\u00e1nak meg\u00fcnnepl\u00e9s\u00e9re.\u00a0A megeml\u00e9kez\u00e9sen sz\u00e1mos v\u00e1llalkoz\u00f3 mellet jelen volt t\u00f6bbbek k\u00f6z\u00f6tt a v\u00e1ros polg\u00e1rmestere, Toni Gonz\u00e1lez, a Valenciai Generalitat Ipar \u00e9s Energia \u00dcgyvezet\u0151 Igazgat\u00f3ja, Diego Maci\u00e1, valamint a szervezet kor\u00e1bbi eln\u00f6kei, k\u00f6zt\u00fck HR vezet\u0151nk, Luis S\u00e1nchez, [&hellip;]\" \/>\n<meta property=\"og:url\" content=\"https:\/\/www.fsegura.com\/hu\/grupo-segura-jelen-van-az-appi-elso-ket-evtizedes-palyafutasat-megemlekezo-unnepsegen\/\" \/>\n<meta property=\"og:site_name\" content=\"Grupo Segura\" \/>\n<meta property=\"article:published_time\" content=\"2017-10-18T10:01:10+00:00\" \/>\n<meta property=\"og:image\" content=\"https:\/\/www.fsegura.com\/wp-content\/uploads\/2025\/11\/APPI-.jpg\" \/>\n\t<meta property=\"og:image:width\" content=\"991\" \/>\n\t<meta property=\"og:image:height\" content=\"991\" \/>\n\t<meta property=\"og:image:type\" content=\"image\/jpeg\" \/>\n<meta name=\"author\" content=\"desarrollo\" \/>\n<meta name=\"twitter:card\" content=\"summary_large_image\" \/>\n<meta name=\"twitter:label1\" content=\"Szerz\u0151:\" \/>\n\t<meta name=\"twitter:data1\" content=\"desarrollo\" \/>\n\t<meta name=\"twitter:label2\" content=\"Becs\u00fclt olvas\u00e1si id\u0151\" \/>\n\t<meta name=\"twitter:data2\" content=\"2 perc\" \/>\n<script type=\"application\/ld+json\" class=\"yoast-schema-graph\">{\"@context\":\"https:\\\/\\\/schema.org\",\"@graph\":[{\"@type\":\"Article\",\"@id\":\"https:\\\/\\\/www.fsegura.com\\\/hu\\\/grupo-segura-jelen-van-az-appi-elso-ket-evtizedes-palyafutasat-megemlekezo-unnepsegen\\\/#article\",\"isPartOf\":{\"@id\":\"https:\\\/\\\/www.fsegura.com\\\/hu\\\/grupo-segura-jelen-van-az-appi-elso-ket-evtizedes-palyafutasat-megemlekezo-unnepsegen\\\/\"},\"author\":{\"name\":\"desarrollo\",\"@id\":\"https:\\\/\\\/www.fsegura.com\\\/hu\\\/#\\\/schema\\\/person\\\/cf9d1abe35e7e038ac092685669e6ae5\"},\"headline\":\"Grupo Segura jelen van az APPI els\u0151 k\u00e9t \u00e9vtizedes p\u00e1lyafut\u00e1s\u00e1t megeml\u00e9kez\u0151 \u00fcnneps\u00e9g\u00e9n\",\"datePublished\":\"2017-10-18T10:01:10+00:00\",\"mainEntityOfPage\":{\"@id\":\"https:\\\/\\\/www.fsegura.com\\\/hu\\\/grupo-segura-jelen-van-az-appi-elso-ket-evtizedes-palyafutasat-megemlekezo-unnepsegen\\\/\"},\"wordCount\":439,\"commentCount\":0,\"publisher\":{\"@id\":\"https:\\\/\\\/www.fsegura.com\\\/hu\\\/#organization\"},\"image\":{\"@id\":\"https:\\\/\\\/www.fsegura.com\\\/hu\\\/grupo-segura-jelen-van-az-appi-elso-ket-evtizedes-palyafutasat-megemlekezo-unnepsegen\\\/#primaryimage\"},\"thumbnailUrl\":\"https:\\\/\\\/www.fsegura.com\\\/wp-content\\\/uploads\\\/2025\\\/11\\\/APPI-.jpg\",\"articleSection\":[\"Sin categorizar\"],\"inLanguage\":\"hu\",\"potentialAction\":[{\"@type\":\"CommentAction\",\"name\":\"Comment\",\"target\":[\"https:\\\/\\\/www.fsegura.com\\\/hu\\\/grupo-segura-jelen-van-az-appi-elso-ket-evtizedes-palyafutasat-megemlekezo-unnepsegen\\\/#respond\"]}]},{\"@type\":\"WebPage\",\"@id\":\"https:\\\/\\\/www.fsegura.com\\\/hu\\\/grupo-segura-jelen-van-az-appi-elso-ket-evtizedes-palyafutasat-megemlekezo-unnepsegen\\\/\",\"url\":\"https:\\\/\\\/www.fsegura.com\\\/hu\\\/grupo-segura-jelen-van-az-appi-elso-ket-evtizedes-palyafutasat-megemlekezo-unnepsegen\\\/\",\"name\":\"Grupo Segura jelen van az APPI els\u0151 k\u00e9t \u00e9vtizedes p\u00e1lyafut\u00e1s\u00e1t megeml\u00e9kez\u0151 \u00fcnneps\u00e9g\u00e9n - Grupo Segura\",\"isPartOf\":{\"@id\":\"https:\\\/\\\/www.fsegura.com\\\/hu\\\/#website\"},\"primaryImageOfPage\":{\"@id\":\"https:\\\/\\\/www.fsegura.com\\\/hu\\\/grupo-segura-jelen-van-az-appi-elso-ket-evtizedes-palyafutasat-megemlekezo-unnepsegen\\\/#primaryimage\"},\"image\":{\"@id\":\"https:\\\/\\\/www.fsegura.com\\\/hu\\\/grupo-segura-jelen-van-az-appi-elso-ket-evtizedes-palyafutasat-megemlekezo-unnepsegen\\\/#primaryimage\"},\"thumbnailUrl\":\"https:\\\/\\\/www.fsegura.com\\\/wp-content\\\/uploads\\\/2025\\\/11\\\/APPI-.jpg\",\"datePublished\":\"2017-10-18T10:01:10+00:00\",\"breadcrumb\":{\"@id\":\"https:\\\/\\\/www.fsegura.com\\\/hu\\\/grupo-segura-jelen-van-az-appi-elso-ket-evtizedes-palyafutasat-megemlekezo-unnepsegen\\\/#breadcrumb\"},\"inLanguage\":\"hu\",\"potentialAction\":[{\"@type\":\"ReadAction\",\"target\":[\"https:\\\/\\\/www.fsegura.com\\\/hu\\\/grupo-segura-jelen-van-az-appi-elso-ket-evtizedes-palyafutasat-megemlekezo-unnepsegen\\\/\"]}]},{\"@type\":\"ImageObject\",\"inLanguage\":\"hu\",\"@id\":\"https:\\\/\\\/www.fsegura.com\\\/hu\\\/grupo-segura-jelen-van-az-appi-elso-ket-evtizedes-palyafutasat-megemlekezo-unnepsegen\\\/#primaryimage\",\"url\":\"https:\\\/\\\/www.fsegura.com\\\/wp-content\\\/uploads\\\/2025\\\/11\\\/APPI-.jpg\",\"contentUrl\":\"https:\\\/\\\/www.fsegura.com\\\/wp-content\\\/uploads\\\/2025\\\/11\\\/APPI-.jpg\",\"width\":991,\"height\":991,\"caption\":\"APPI\"},{\"@type\":\"BreadcrumbList\",\"@id\":\"https:\\\/\\\/www.fsegura.com\\\/hu\\\/grupo-segura-jelen-van-az-appi-elso-ket-evtizedes-palyafutasat-megemlekezo-unnepsegen\\\/#breadcrumb\",\"itemListElement\":[{\"@type\":\"ListItem\",\"position\":1,\"name\":\"Portada\",\"item\":\"https:\\\/\\\/www.fsegura.com\\\/hu\\\/\"},{\"@type\":\"ListItem\",\"position\":2,\"name\":\"Grupo Segura jelen van az APPI els\u0151 k\u00e9t \u00e9vtizedes p\u00e1lyafut\u00e1s\u00e1t megeml\u00e9kez\u0151 \u00fcnneps\u00e9g\u00e9n\"}]},{\"@type\":\"WebSite\",\"@id\":\"https:\\\/\\\/www.fsegura.com\\\/hu\\\/#website\",\"url\":\"https:\\\/\\\/www.fsegura.com\\\/hu\\\/\",\"name\":\"Grupo Segura\",\"description\":\"Partner global para componentes de la automoci\u00f3n\",\"publisher\":{\"@id\":\"https:\\\/\\\/www.fsegura.com\\\/hu\\\/#organization\"},\"potentialAction\":[{\"@type\":\"SearchAction\",\"target\":{\"@type\":\"EntryPoint\",\"urlTemplate\":\"https:\\\/\\\/www.fsegura.com\\\/hu\\\/?s={search_term_string}\"},\"query-input\":{\"@type\":\"PropertyValueSpecification\",\"valueRequired\":true,\"valueName\":\"search_term_string\"}}],\"inLanguage\":\"hu\"},{\"@type\":\"Organization\",\"@id\":\"https:\\\/\\\/www.fsegura.com\\\/hu\\\/#organization\",\"name\":\"Grupo Segura\",\"url\":\"https:\\\/\\\/www.fsegura.com\\\/hu\\\/\",\"logo\":{\"@type\":\"ImageObject\",\"inLanguage\":\"hu\",\"@id\":\"https:\\\/\\\/www.fsegura.com\\\/hu\\\/#\\\/schema\\\/logo\\\/image\\\/\",\"url\":\"https:\\\/\\\/www.fsegura.com\\\/wp-content\\\/uploads\\\/2025\\\/09\\\/grupo-segura.jpg\",\"contentUrl\":\"https:\\\/\\\/www.fsegura.com\\\/wp-content\\\/uploads\\\/2025\\\/09\\\/grupo-segura.jpg\",\"width\":458,\"height\":136,\"caption\":\"Grupo Segura\"},\"image\":{\"@id\":\"https:\\\/\\\/www.fsegura.com\\\/hu\\\/#\\\/schema\\\/logo\\\/image\\\/\"}},{\"@type\":\"Person\",\"@id\":\"https:\\\/\\\/www.fsegura.com\\\/hu\\\/#\\\/schema\\\/person\\\/cf9d1abe35e7e038ac092685669e6ae5\",\"name\":\"desarrollo\",\"image\":{\"@type\":\"ImageObject\",\"inLanguage\":\"hu\",\"@id\":\"https:\\\/\\\/secure.gravatar.com\\\/avatar\\\/3b02f34f0ea5a10bc44d1813e23e909e4ef6fd1c0c78c7eed6d094a646af2836?s=96&d=mm&r=g\",\"url\":\"https:\\\/\\\/secure.gravatar.com\\\/avatar\\\/3b02f34f0ea5a10bc44d1813e23e909e4ef6fd1c0c78c7eed6d094a646af2836?s=96&d=mm&r=g\",\"contentUrl\":\"https:\\\/\\\/secure.gravatar.com\\\/avatar\\\/3b02f34f0ea5a10bc44d1813e23e909e4ef6fd1c0c78c7eed6d094a646af2836?s=96&d=mm&r=g\",\"caption\":\"desarrollo\"},\"sameAs\":[\"https:\\\/\\\/www.fsegura.com\"],\"url\":\"https:\\\/\\\/www.fsegura.com\\\/hu\\\/author\\\/desarrollo\\\/\"}]}<\/script>\n<!-- \/ Yoast SEO plugin. -->","yoast_head_json":{"title":"Grupo Segura jelen van az APPI els\u0151 k\u00e9t \u00e9vtizedes p\u00e1lyafut\u00e1s\u00e1t megeml\u00e9kez\u0151 \u00fcnneps\u00e9g\u00e9n - Grupo Segura","robots":{"index":"index","follow":"follow","max-snippet":"max-snippet:-1","max-image-preview":"max-image-preview:large","max-video-preview":"max-video-preview:-1"},"canonical":"https:\/\/www.fsegura.com\/hu\/grupo-segura-jelen-van-az-appi-elso-ket-evtizedes-palyafutasat-megemlekezo-unnepsegen\/","og_locale":"hu_HU","og_type":"article","og_title":"Grupo Segura jelen van az APPI els\u0151 k\u00e9t \u00e9vtizedes p\u00e1lyafut\u00e1s\u00e1t megeml\u00e9kez\u0151 \u00fcnneps\u00e9g\u00e9n - Grupo Segura","og_description":"Szeptember 28.-\u00e1n cs\u00fct\u00f6rt\u00f6k\u00f6n, t\u00f6bb mint 200 ember gy\u0171lt \u00f6ssze az Almussafes-i Juan Carlos I. Szolg\u00e1ltat\u00f3i Park Sz\u00f6vets\u00e9ge (APPI) p\u00e1lyafut\u00e1sa 20. \u00e9vfordul\u00f3j\u00e1nak meg\u00fcnnepl\u00e9s\u00e9re.\u00a0A megeml\u00e9kez\u00e9sen sz\u00e1mos v\u00e1llalkoz\u00f3 mellet jelen volt t\u00f6bbbek k\u00f6z\u00f6tt a v\u00e1ros polg\u00e1rmestere, Toni Gonz\u00e1lez, a Valenciai Generalitat Ipar \u00e9s Energia \u00dcgyvezet\u0151 Igazgat\u00f3ja, Diego Maci\u00e1, valamint a szervezet kor\u00e1bbi eln\u00f6kei, k\u00f6zt\u00fck HR vezet\u0151nk, Luis S\u00e1nchez, [&hellip;]","og_url":"https:\/\/www.fsegura.com\/hu\/grupo-segura-jelen-van-az-appi-elso-ket-evtizedes-palyafutasat-megemlekezo-unnepsegen\/","og_site_name":"Grupo Segura","article_published_time":"2017-10-18T10:01:10+00:00","og_image":[{"width":991,"height":991,"url":"https:\/\/www.fsegura.com\/wp-content\/uploads\/2025\/11\/APPI-.jpg","type":"image\/jpeg"}],"author":"desarrollo","twitter_card":"summary_large_image","twitter_misc":{"Szerz\u0151:":"desarrollo","Becs\u00fclt olvas\u00e1si id\u0151":"2 perc"},"schema":{"@context":"https:\/\/schema.org","@graph":[{"@type":"Article","@id":"https:\/\/www.fsegura.com\/hu\/grupo-segura-jelen-van-az-appi-elso-ket-evtizedes-palyafutasat-megemlekezo-unnepsegen\/#article","isPartOf":{"@id":"https:\/\/www.fsegura.com\/hu\/grupo-segura-jelen-van-az-appi-elso-ket-evtizedes-palyafutasat-megemlekezo-unnepsegen\/"},"author":{"name":"desarrollo","@id":"https:\/\/www.fsegura.com\/hu\/#\/schema\/person\/cf9d1abe35e7e038ac092685669e6ae5"},"headline":"Grupo Segura jelen van az APPI els\u0151 k\u00e9t \u00e9vtizedes p\u00e1lyafut\u00e1s\u00e1t megeml\u00e9kez\u0151 \u00fcnneps\u00e9g\u00e9n","datePublished":"2017-10-18T10:01:10+00:00","mainEntityOfPage":{"@id":"https:\/\/www.fsegura.com\/hu\/grupo-segura-jelen-van-az-appi-elso-ket-evtizedes-palyafutasat-megemlekezo-unnepsegen\/"},"wordCount":439,"commentCount":0,"publisher":{"@id":"https:\/\/www.fsegura.com\/hu\/#organization"},"image":{"@id":"https:\/\/www.fsegura.com\/hu\/grupo-segura-jelen-van-az-appi-elso-ket-evtizedes-palyafutasat-megemlekezo-unnepsegen\/#primaryimage"},"thumbnailUrl":"https:\/\/www.fsegura.com\/wp-content\/uploads\/2025\/11\/APPI-.jpg","articleSection":["Sin categorizar"],"inLanguage":"hu","potentialAction":[{"@type":"CommentAction","name":"Comment","target":["https:\/\/www.fsegura.com\/hu\/grupo-segura-jelen-van-az-appi-elso-ket-evtizedes-palyafutasat-megemlekezo-unnepsegen\/#respond"]}]},{"@type":"WebPage","@id":"https:\/\/www.fsegura.com\/hu\/grupo-segura-jelen-van-az-appi-elso-ket-evtizedes-palyafutasat-megemlekezo-unnepsegen\/","url":"https:\/\/www.fsegura.com\/hu\/grupo-segura-jelen-van-az-appi-elso-ket-evtizedes-palyafutasat-megemlekezo-unnepsegen\/","name":"Grupo Segura jelen van az APPI els\u0151 k\u00e9t \u00e9vtizedes p\u00e1lyafut\u00e1s\u00e1t megeml\u00e9kez\u0151 \u00fcnneps\u00e9g\u00e9n - Grupo Segura","isPartOf":{"@id":"https:\/\/www.fsegura.com\/hu\/#website"},"primaryImageOfPage":{"@id":"https:\/\/www.fsegura.com\/hu\/grupo-segura-jelen-van-az-appi-elso-ket-evtizedes-palyafutasat-megemlekezo-unnepsegen\/#primaryimage"},"image":{"@id":"https:\/\/www.fsegura.com\/hu\/grupo-segura-jelen-van-az-appi-elso-ket-evtizedes-palyafutasat-megemlekezo-unnepsegen\/#primaryimage"},"thumbnailUrl":"https:\/\/www.fsegura.com\/wp-content\/uploads\/2025\/11\/APPI-.jpg","datePublished":"2017-10-18T10:01:10+00:00","breadcrumb":{"@id":"https:\/\/www.fsegura.com\/hu\/grupo-segura-jelen-van-az-appi-elso-ket-evtizedes-palyafutasat-megemlekezo-unnepsegen\/#breadcrumb"},"inLanguage":"hu","potentialAction":[{"@type":"ReadAction","target":["https:\/\/www.fsegura.com\/hu\/grupo-segura-jelen-van-az-appi-elso-ket-evtizedes-palyafutasat-megemlekezo-unnepsegen\/"]}]},{"@type":"ImageObject","inLanguage":"hu","@id":"https:\/\/www.fsegura.com\/hu\/grupo-segura-jelen-van-az-appi-elso-ket-evtizedes-palyafutasat-megemlekezo-unnepsegen\/#primaryimage","url":"https:\/\/www.fsegura.com\/wp-content\/uploads\/2025\/11\/APPI-.jpg","contentUrl":"https:\/\/www.fsegura.com\/wp-content\/uploads\/2025\/11\/APPI-.jpg","width":991,"height":991,"caption":"APPI"},{"@type":"BreadcrumbList","@id":"https:\/\/www.fsegura.com\/hu\/grupo-segura-jelen-van-az-appi-elso-ket-evtizedes-palyafutasat-megemlekezo-unnepsegen\/#breadcrumb","itemListElement":[{"@type":"ListItem","position":1,"name":"Portada","item":"https:\/\/www.fsegura.com\/hu\/"},{"@type":"ListItem","position":2,"name":"Grupo Segura jelen van az APPI els\u0151 k\u00e9t \u00e9vtizedes p\u00e1lyafut\u00e1s\u00e1t megeml\u00e9kez\u0151 \u00fcnneps\u00e9g\u00e9n"}]},{"@type":"WebSite","@id":"https:\/\/www.fsegura.com\/hu\/#website","url":"https:\/\/www.fsegura.com\/hu\/","name":"Grupo Segura","description":"Partner global para componentes de la automoci\u00f3n","publisher":{"@id":"https:\/\/www.fsegura.com\/hu\/#organization"},"potentialAction":[{"@type":"SearchAction","target":{"@type":"EntryPoint","urlTemplate":"https:\/\/www.fsegura.com\/hu\/?s={search_term_string}"},"query-input":{"@type":"PropertyValueSpecification","valueRequired":true,"valueName":"search_term_string"}}],"inLanguage":"hu"},{"@type":"Organization","@id":"https:\/\/www.fsegura.com\/hu\/#organization","name":"Grupo Segura","url":"https:\/\/www.fsegura.com\/hu\/","logo":{"@type":"ImageObject","inLanguage":"hu","@id":"https:\/\/www.fsegura.com\/hu\/#\/schema\/logo\/image\/","url":"https:\/\/www.fsegura.com\/wp-content\/uploads\/2025\/09\/grupo-segura.jpg","contentUrl":"https:\/\/www.fsegura.com\/wp-content\/uploads\/2025\/09\/grupo-segura.jpg","width":458,"height":136,"caption":"Grupo Segura"},"image":{"@id":"https:\/\/www.fsegura.com\/hu\/#\/schema\/logo\/image\/"}},{"@type":"Person","@id":"https:\/\/www.fsegura.com\/hu\/#\/schema\/person\/cf9d1abe35e7e038ac092685669e6ae5","name":"desarrollo","image":{"@type":"ImageObject","inLanguage":"hu","@id":"https:\/\/secure.gravatar.com\/avatar\/3b02f34f0ea5a10bc44d1813e23e909e4ef6fd1c0c78c7eed6d094a646af2836?s=96&d=mm&r=g","url":"https:\/\/secure.gravatar.com\/avatar\/3b02f34f0ea5a10bc44d1813e23e909e4ef6fd1c0c78c7eed6d094a646af2836?s=96&d=mm&r=g","contentUrl":"https:\/\/secure.gravatar.com\/avatar\/3b02f34f0ea5a10bc44d1813e23e909e4ef6fd1c0c78c7eed6d094a646af2836?s=96&d=mm&r=g","caption":"desarrollo"},"sameAs":["https:\/\/www.fsegura.com"],"url":"https:\/\/www.fsegura.com\/hu\/author\/desarrollo\/"}]}},"_links":{"self":[{"href":"https:\/\/www.fsegura.com\/hu\/wp-json\/wp\/v2\/posts\/5574","targetHints":{"allow":["GET"]}}],"collection":[{"href":"https:\/\/www.fsegura.com\/hu\/wp-json\/wp\/v2\/posts"}],"about":[{"href":"https:\/\/www.fsegura.com\/hu\/wp-json\/wp\/v2\/types\/post"}],"author":[{"embeddable":true,"href":"https:\/\/www.fsegura.com\/hu\/wp-json\/wp\/v2\/users\/1"}],"replies":[{"embeddable":true,"href":"https:\/\/www.fsegura.com\/hu\/wp-json\/wp\/v2\/comments?post=5574"}],"version-history":[{"count":0,"href":"https:\/\/www.fsegura.com\/hu\/wp-json\/wp\/v2\/posts\/5574\/revisions"}],"wp:featuredmedia":[{"embeddable":true,"href":"https:\/\/www.fsegura.com\/hu\/wp-json\/wp\/v2\/media\/5388"}],"wp:attachment":[{"href":"https:\/\/www.fsegura.com\/hu\/wp-json\/wp\/v2\/media?parent=5574"}],"wp:term":[{"taxonomy":"category","embeddable":true,"href":"https:\/\/www.fsegura.com\/hu\/wp-json\/wp\/v2\/categories?post=5574"},{"taxonomy":"post_tag","embeddable":true,"href":"https:\/\/www.fsegura.com\/hu\/wp-json\/wp\/v2\/tags?post=5574"}],"curies":[{"name":"wp","href":"https:\/\/api.w.org\/{rel}","templated":true}]}}