{"id":5575,"date":"2017-11-02T06:59:31","date_gmt":"2017-11-02T06:59:31","guid":{"rendered":"https:\/\/www.fsegura.com\/2017\/11\/02\/grupo-segura-egyuttmukodese-a-szolnoki-kulturalis-integracio-erdekeben\/"},"modified":"2017-11-02T06:59:31","modified_gmt":"2017-11-02T06:59:31","slug":"grupo-segura-egyuttmukodese-a-szolnoki-kulturalis-integracio-erdekeben","status":"publish","type":"post","link":"https:\/\/www.fsegura.com\/hu\/grupo-segura-egyuttmukodese-a-szolnoki-kulturalis-integracio-erdekeben\/","title":{"rendered":"Grupo Segura egy\u00fcttm\u0171k\u00f6d\u00e9se a szolnoki kult\u00far\u00e1lis integr\u00e1ci\u00f3 \u00e9rdek\u00e9ben"},"content":{"rendered":"<p>A Grupo Segura magyarorsz\u00e1gi megval\u00f3s\u00edt\u00e1s\u00e1nak tizedik \u00e9vfordul\u00f3j\u00e1hoz k\u00f6zeledv\u00e9n, \u00e9s a v\u00e1llalati t\u00e1rsadalmi felel\u0151ss\u00e9gv\u00e1llal\u00e1s\u00e1nak, a soksz\u00edn\u0171s\u00e9gnek, valamint az integr\u00e1ci\u00f3s kezdem\u00e9nyez\u00e9seinek t\u00fckr\u00e9ben okt\u00f3ber 17.-\u00e9n gy\u00e1rigazgat\u00f3nk, Lipt\u00e1k-Feg\u00f3 L\u00e1szl\u00f3, egy \u00fcnnep\u00e9lyes aktus keret\u00e9ben spanyol nyelv\u0171 oktat\u00f3 k\u00f6nyveket ny\u00fajtott \u00e1t c\u00e9gcsoportunk nev\u00e9ben a Verseghy Ferenc Gimn\u00e1zium igazgat\u00f3j\u00e1nak, Pog\u00e1ny Gyul\u00e1nak.<\/p>\n<p><a href=\"https:\/\/www.fsegura.com\/wp-content\/uploads\/2017\/10\/pinceCSI_1997.jpg\"><img fetchpriority=\"high\" decoding=\"async\" class=\"alignnone size-large wp-image-6884\" src=\"https:\/\/www.fsegura.com\/wp-content\/uploads\/2017\/10\/pinceCSI_1997-1024x683.jpg\" alt=\"\" width=\"1024\" height=\"683\" \/><\/a><\/p>\n<p>A szolnoki Verseghy Ferenc Gimn\u00e1zium 14 \u2013 18 \u00e9ves tanul\u00f3inak id\u00e9n szeptembert\u0151l els\u0151 alkalommal volt lehet\u0151s\u00e9g\u00fck spanyol nyelv\u0171 oktat\u00e1sban r\u00e9szt venni. A spanyol k\u00e9pz\u00e9s a j\u00f6v\u0151ben el\u0151seg\u00edtheti egy\u00fcttm\u0171k\u00f6d\u00e9si lehet\u0151s\u00e9geinket, m\u00e1s szempontb\u00f3l pedig hozz\u00e1j\u00e1rulhat a k\u00e9t kult\u00fara integr\u00e1cii\u00f3j\u00e1nak megval\u00f3s\u00edt\u00e1s\u00e1hoz.<\/p>\n<p>&nbsp;<\/p>\n<p>A Grupo Segura v\u00e1llalati t\u00e1rsadalmi felel\u0151ss\u00e9gv\u00e1llal\u00e1si politik\u00e1j\u00e1nak, a t\u00e1rsadalom ir\u00e1nti elk\u00f6telezetts\u00e9g\u00e9nek \u00e9s a soksz\u00edn\u0171s\u00e9g el\u0151mozd\u00edt\u00e1s\u00e1nak r\u00e9szek\u00e9nt t\u00e1mogatja a kultur\u00e1lis integr\u00e1ci\u00f3t \u00e9s a kultur\u00e1lis soksz\u00edn\u0171s\u00e9get a k\u00f6rnyezet\u00e9ben tal\u00e1lhat\u00f3 k\u00f6z\u00f6ss\u00e9gek k\u00f6r\u00e9ben, j\u00f3t\u00e9konys\u00e1gi tev\u00e9kenys\u00e9gek kialak\u00edt\u00e1s\u00e1val.<\/p>\n","protected":false},"excerpt":{"rendered":"<p>A Grupo Segura magyarorsz\u00e1gi megval\u00f3s\u00edt\u00e1s\u00e1nak tizedik \u00e9vfordul\u00f3j\u00e1hoz k\u00f6zeledv\u00e9n, \u00e9s a v\u00e1llalati t\u00e1rsadalmi felel\u0151ss\u00e9gv\u00e1llal\u00e1s\u00e1nak, a soksz\u00edn\u0171s\u00e9gnek, valamint az integr\u00e1ci\u00f3s kezdem\u00e9nyez\u00e9seinek t\u00fckr\u00e9ben okt\u00f3ber 17.-\u00e9n gy\u00e1rigazgat\u00f3nk, Lipt\u00e1k-Feg\u00f3 L\u00e1szl\u00f3, egy \u00fcnnep\u00e9lyes aktus keret\u00e9ben spanyol nyelv\u0171 oktat\u00f3 k\u00f6nyveket ny\u00fajtott \u00e1t c\u00e9gcsoportunk nev\u00e9ben a Verseghy Ferenc Gimn\u00e1zium igazgat\u00f3j\u00e1nak, Pog\u00e1ny Gyul\u00e1nak. A szolnoki Verseghy Ferenc Gimn\u00e1zium 14 \u2013 18 \u00e9ves tanul\u00f3inak id\u00e9n [&hellip;]<\/p>\n","protected":false},"author":1,"featured_media":5392,"comment_status":"open","ping_status":"open","sticky":false,"template":"","format":"standard","meta":{"_acf_changed":false,"_eb_attr":"","footnotes":""},"categories":[1],"tags":[],"class_list":["post-5575","post","type-post","status-publish","format-standard","has-post-thumbnail","hentry","category-sin-categorizar"],"acf":[],"yoast_head":"<!-- This site is optimized with the Yoast SEO plugin v27.4 - https:\/\/yoast.com\/product\/yoast-seo-wordpress\/ -->\n<title>Grupo Segura egy\u00fcttm\u0171k\u00f6d\u00e9se a szolnoki kult\u00far\u00e1lis integr\u00e1ci\u00f3 \u00e9rdek\u00e9ben - Grupo Segura<\/title>\n<meta name=\"robots\" content=\"index, follow, max-snippet:-1, max-image-preview:large, max-video-preview:-1\" \/>\n<link rel=\"canonical\" href=\"https:\/\/www.fsegura.com\/hu\/grupo-segura-egyuttmukodese-a-szolnoki-kulturalis-integracio-erdekeben\/\" \/>\n<meta property=\"og:locale\" content=\"hu_HU\" \/>\n<meta property=\"og:type\" content=\"article\" \/>\n<meta property=\"og:title\" content=\"Grupo Segura egy\u00fcttm\u0171k\u00f6d\u00e9se a szolnoki kult\u00far\u00e1lis integr\u00e1ci\u00f3 \u00e9rdek\u00e9ben - Grupo Segura\" \/>\n<meta property=\"og:description\" content=\"A Grupo Segura magyarorsz\u00e1gi megval\u00f3s\u00edt\u00e1s\u00e1nak tizedik \u00e9vfordul\u00f3j\u00e1hoz k\u00f6zeledv\u00e9n, \u00e9s a v\u00e1llalati t\u00e1rsadalmi felel\u0151ss\u00e9gv\u00e1llal\u00e1s\u00e1nak, a soksz\u00edn\u0171s\u00e9gnek, valamint az integr\u00e1ci\u00f3s kezdem\u00e9nyez\u00e9seinek t\u00fckr\u00e9ben okt\u00f3ber 17.-\u00e9n gy\u00e1rigazgat\u00f3nk, Lipt\u00e1k-Feg\u00f3 L\u00e1szl\u00f3, egy \u00fcnnep\u00e9lyes aktus keret\u00e9ben spanyol nyelv\u0171 oktat\u00f3 k\u00f6nyveket ny\u00fajtott \u00e1t c\u00e9gcsoportunk nev\u00e9ben a Verseghy Ferenc Gimn\u00e1zium igazgat\u00f3j\u00e1nak, Pog\u00e1ny Gyul\u00e1nak. A szolnoki Verseghy Ferenc Gimn\u00e1zium 14 \u2013 18 \u00e9ves tanul\u00f3inak id\u00e9n [&hellip;]\" \/>\n<meta property=\"og:url\" content=\"https:\/\/www.fsegura.com\/hu\/grupo-segura-egyuttmukodese-a-szolnoki-kulturalis-integracio-erdekeben\/\" \/>\n<meta property=\"og:site_name\" content=\"Grupo Segura\" \/>\n<meta property=\"article:published_time\" content=\"2017-11-02T06:59:31+00:00\" \/>\n<meta property=\"og:image\" content=\"https:\/\/www.fsegura.com\/wp-content\/uploads\/2025\/11\/F-Segura-4.jpg\" \/>\n\t<meta property=\"og:image:width\" content=\"640\" \/>\n\t<meta property=\"og:image:height\" content=\"420\" \/>\n\t<meta property=\"og:image:type\" content=\"image\/jpeg\" \/>\n<meta name=\"author\" content=\"desarrollo\" \/>\n<meta name=\"twitter:card\" content=\"summary_large_image\" \/>\n<meta name=\"twitter:label1\" content=\"Szerz\u0151:\" \/>\n\t<meta name=\"twitter:data1\" content=\"desarrollo\" \/>\n\t<meta name=\"twitter:label2\" content=\"Becs\u00fclt olvas\u00e1si id\u0151\" \/>\n\t<meta name=\"twitter:data2\" content=\"1 perc\" \/>\n<script type=\"application\/ld+json\" class=\"yoast-schema-graph\">{\"@context\":\"https:\\\/\\\/schema.org\",\"@graph\":[{\"@type\":\"Article\",\"@id\":\"https:\\\/\\\/www.fsegura.com\\\/hu\\\/grupo-segura-egyuttmukodese-a-szolnoki-kulturalis-integracio-erdekeben\\\/#article\",\"isPartOf\":{\"@id\":\"https:\\\/\\\/www.fsegura.com\\\/hu\\\/grupo-segura-egyuttmukodese-a-szolnoki-kulturalis-integracio-erdekeben\\\/\"},\"author\":{\"name\":\"desarrollo\",\"@id\":\"https:\\\/\\\/www.fsegura.com\\\/hu\\\/#\\\/schema\\\/person\\\/cf9d1abe35e7e038ac092685669e6ae5\"},\"headline\":\"Grupo Segura egy\u00fcttm\u0171k\u00f6d\u00e9se a szolnoki kult\u00far\u00e1lis integr\u00e1ci\u00f3 \u00e9rdek\u00e9ben\",\"datePublished\":\"2017-11-02T06:59:31+00:00\",\"mainEntityOfPage\":{\"@id\":\"https:\\\/\\\/www.fsegura.com\\\/hu\\\/grupo-segura-egyuttmukodese-a-szolnoki-kulturalis-integracio-erdekeben\\\/\"},\"wordCount\":250,\"commentCount\":0,\"publisher\":{\"@id\":\"https:\\\/\\\/www.fsegura.com\\\/hu\\\/#organization\"},\"image\":{\"@id\":\"https:\\\/\\\/www.fsegura.com\\\/hu\\\/grupo-segura-egyuttmukodese-a-szolnoki-kulturalis-integracio-erdekeben\\\/#primaryimage\"},\"thumbnailUrl\":\"https:\\\/\\\/www.fsegura.com\\\/wp-content\\\/uploads\\\/2025\\\/11\\\/F-Segura-4.jpg\",\"articleSection\":[\"Sin categorizar\"],\"inLanguage\":\"hu\",\"potentialAction\":[{\"@type\":\"CommentAction\",\"name\":\"Comment\",\"target\":[\"https:\\\/\\\/www.fsegura.com\\\/hu\\\/grupo-segura-egyuttmukodese-a-szolnoki-kulturalis-integracio-erdekeben\\\/#respond\"]}]},{\"@type\":\"WebPage\",\"@id\":\"https:\\\/\\\/www.fsegura.com\\\/hu\\\/grupo-segura-egyuttmukodese-a-szolnoki-kulturalis-integracio-erdekeben\\\/\",\"url\":\"https:\\\/\\\/www.fsegura.com\\\/hu\\\/grupo-segura-egyuttmukodese-a-szolnoki-kulturalis-integracio-erdekeben\\\/\",\"name\":\"Grupo Segura egy\u00fcttm\u0171k\u00f6d\u00e9se a szolnoki kult\u00far\u00e1lis integr\u00e1ci\u00f3 \u00e9rdek\u00e9ben - Grupo Segura\",\"isPartOf\":{\"@id\":\"https:\\\/\\\/www.fsegura.com\\\/hu\\\/#website\"},\"primaryImageOfPage\":{\"@id\":\"https:\\\/\\\/www.fsegura.com\\\/hu\\\/grupo-segura-egyuttmukodese-a-szolnoki-kulturalis-integracio-erdekeben\\\/#primaryimage\"},\"image\":{\"@id\":\"https:\\\/\\\/www.fsegura.com\\\/hu\\\/grupo-segura-egyuttmukodese-a-szolnoki-kulturalis-integracio-erdekeben\\\/#primaryimage\"},\"thumbnailUrl\":\"https:\\\/\\\/www.fsegura.com\\\/wp-content\\\/uploads\\\/2025\\\/11\\\/F-Segura-4.jpg\",\"datePublished\":\"2017-11-02T06:59:31+00:00\",\"breadcrumb\":{\"@id\":\"https:\\\/\\\/www.fsegura.com\\\/hu\\\/grupo-segura-egyuttmukodese-a-szolnoki-kulturalis-integracio-erdekeben\\\/#breadcrumb\"},\"inLanguage\":\"hu\",\"potentialAction\":[{\"@type\":\"ReadAction\",\"target\":[\"https:\\\/\\\/www.fsegura.com\\\/hu\\\/grupo-segura-egyuttmukodese-a-szolnoki-kulturalis-integracio-erdekeben\\\/\"]}]},{\"@type\":\"ImageObject\",\"inLanguage\":\"hu\",\"@id\":\"https:\\\/\\\/www.fsegura.com\\\/hu\\\/grupo-segura-egyuttmukodese-a-szolnoki-kulturalis-integracio-erdekeben\\\/#primaryimage\",\"url\":\"https:\\\/\\\/www.fsegura.com\\\/wp-content\\\/uploads\\\/2025\\\/11\\\/F-Segura-4.jpg\",\"contentUrl\":\"https:\\\/\\\/www.fsegura.com\\\/wp-content\\\/uploads\\\/2025\\\/11\\\/F-Segura-4.jpg\",\"width\":640,\"height\":420,\"caption\":\"F-Segura-4\"},{\"@type\":\"BreadcrumbList\",\"@id\":\"https:\\\/\\\/www.fsegura.com\\\/hu\\\/grupo-segura-egyuttmukodese-a-szolnoki-kulturalis-integracio-erdekeben\\\/#breadcrumb\",\"itemListElement\":[{\"@type\":\"ListItem\",\"position\":1,\"name\":\"Portada\",\"item\":\"https:\\\/\\\/www.fsegura.com\\\/hu\\\/\"},{\"@type\":\"ListItem\",\"position\":2,\"name\":\"Grupo Segura egy\u00fcttm\u0171k\u00f6d\u00e9se a szolnoki kult\u00far\u00e1lis integr\u00e1ci\u00f3 \u00e9rdek\u00e9ben\"}]},{\"@type\":\"WebSite\",\"@id\":\"https:\\\/\\\/www.fsegura.com\\\/hu\\\/#website\",\"url\":\"https:\\\/\\\/www.fsegura.com\\\/hu\\\/\",\"name\":\"Grupo Segura\",\"description\":\"Partner global para componentes de la automoci\u00f3n\",\"publisher\":{\"@id\":\"https:\\\/\\\/www.fsegura.com\\\/hu\\\/#organization\"},\"potentialAction\":[{\"@type\":\"SearchAction\",\"target\":{\"@type\":\"EntryPoint\",\"urlTemplate\":\"https:\\\/\\\/www.fsegura.com\\\/hu\\\/?s={search_term_string}\"},\"query-input\":{\"@type\":\"PropertyValueSpecification\",\"valueRequired\":true,\"valueName\":\"search_term_string\"}}],\"inLanguage\":\"hu\"},{\"@type\":\"Organization\",\"@id\":\"https:\\\/\\\/www.fsegura.com\\\/hu\\\/#organization\",\"name\":\"Grupo Segura\",\"url\":\"https:\\\/\\\/www.fsegura.com\\\/hu\\\/\",\"logo\":{\"@type\":\"ImageObject\",\"inLanguage\":\"hu\",\"@id\":\"https:\\\/\\\/www.fsegura.com\\\/hu\\\/#\\\/schema\\\/logo\\\/image\\\/\",\"url\":\"https:\\\/\\\/www.fsegura.com\\\/wp-content\\\/uploads\\\/2025\\\/09\\\/grupo-segura.jpg\",\"contentUrl\":\"https:\\\/\\\/www.fsegura.com\\\/wp-content\\\/uploads\\\/2025\\\/09\\\/grupo-segura.jpg\",\"width\":458,\"height\":136,\"caption\":\"Grupo Segura\"},\"image\":{\"@id\":\"https:\\\/\\\/www.fsegura.com\\\/hu\\\/#\\\/schema\\\/logo\\\/image\\\/\"}},{\"@type\":\"Person\",\"@id\":\"https:\\\/\\\/www.fsegura.com\\\/hu\\\/#\\\/schema\\\/person\\\/cf9d1abe35e7e038ac092685669e6ae5\",\"name\":\"desarrollo\",\"image\":{\"@type\":\"ImageObject\",\"inLanguage\":\"hu\",\"@id\":\"https:\\\/\\\/secure.gravatar.com\\\/avatar\\\/3b02f34f0ea5a10bc44d1813e23e909e4ef6fd1c0c78c7eed6d094a646af2836?s=96&d=mm&r=g\",\"url\":\"https:\\\/\\\/secure.gravatar.com\\\/avatar\\\/3b02f34f0ea5a10bc44d1813e23e909e4ef6fd1c0c78c7eed6d094a646af2836?s=96&d=mm&r=g\",\"contentUrl\":\"https:\\\/\\\/secure.gravatar.com\\\/avatar\\\/3b02f34f0ea5a10bc44d1813e23e909e4ef6fd1c0c78c7eed6d094a646af2836?s=96&d=mm&r=g\",\"caption\":\"desarrollo\"},\"sameAs\":[\"https:\\\/\\\/www.fsegura.com\"],\"url\":\"https:\\\/\\\/www.fsegura.com\\\/hu\\\/author\\\/desarrollo\\\/\"}]}<\/script>\n<!-- \/ Yoast SEO plugin. -->","yoast_head_json":{"title":"Grupo Segura egy\u00fcttm\u0171k\u00f6d\u00e9se a szolnoki kult\u00far\u00e1lis integr\u00e1ci\u00f3 \u00e9rdek\u00e9ben - Grupo Segura","robots":{"index":"index","follow":"follow","max-snippet":"max-snippet:-1","max-image-preview":"max-image-preview:large","max-video-preview":"max-video-preview:-1"},"canonical":"https:\/\/www.fsegura.com\/hu\/grupo-segura-egyuttmukodese-a-szolnoki-kulturalis-integracio-erdekeben\/","og_locale":"hu_HU","og_type":"article","og_title":"Grupo Segura egy\u00fcttm\u0171k\u00f6d\u00e9se a szolnoki kult\u00far\u00e1lis integr\u00e1ci\u00f3 \u00e9rdek\u00e9ben - Grupo Segura","og_description":"A Grupo Segura magyarorsz\u00e1gi megval\u00f3s\u00edt\u00e1s\u00e1nak tizedik \u00e9vfordul\u00f3j\u00e1hoz k\u00f6zeledv\u00e9n, \u00e9s a v\u00e1llalati t\u00e1rsadalmi felel\u0151ss\u00e9gv\u00e1llal\u00e1s\u00e1nak, a soksz\u00edn\u0171s\u00e9gnek, valamint az integr\u00e1ci\u00f3s kezdem\u00e9nyez\u00e9seinek t\u00fckr\u00e9ben okt\u00f3ber 17.-\u00e9n gy\u00e1rigazgat\u00f3nk, Lipt\u00e1k-Feg\u00f3 L\u00e1szl\u00f3, egy \u00fcnnep\u00e9lyes aktus keret\u00e9ben spanyol nyelv\u0171 oktat\u00f3 k\u00f6nyveket ny\u00fajtott \u00e1t c\u00e9gcsoportunk nev\u00e9ben a Verseghy Ferenc Gimn\u00e1zium igazgat\u00f3j\u00e1nak, Pog\u00e1ny Gyul\u00e1nak. A szolnoki Verseghy Ferenc Gimn\u00e1zium 14 \u2013 18 \u00e9ves tanul\u00f3inak id\u00e9n [&hellip;]","og_url":"https:\/\/www.fsegura.com\/hu\/grupo-segura-egyuttmukodese-a-szolnoki-kulturalis-integracio-erdekeben\/","og_site_name":"Grupo Segura","article_published_time":"2017-11-02T06:59:31+00:00","og_image":[{"width":640,"height":420,"url":"https:\/\/www.fsegura.com\/wp-content\/uploads\/2025\/11\/F-Segura-4.jpg","type":"image\/jpeg"}],"author":"desarrollo","twitter_card":"summary_large_image","twitter_misc":{"Szerz\u0151:":"desarrollo","Becs\u00fclt olvas\u00e1si id\u0151":"1 perc"},"schema":{"@context":"https:\/\/schema.org","@graph":[{"@type":"Article","@id":"https:\/\/www.fsegura.com\/hu\/grupo-segura-egyuttmukodese-a-szolnoki-kulturalis-integracio-erdekeben\/#article","isPartOf":{"@id":"https:\/\/www.fsegura.com\/hu\/grupo-segura-egyuttmukodese-a-szolnoki-kulturalis-integracio-erdekeben\/"},"author":{"name":"desarrollo","@id":"https:\/\/www.fsegura.com\/hu\/#\/schema\/person\/cf9d1abe35e7e038ac092685669e6ae5"},"headline":"Grupo Segura egy\u00fcttm\u0171k\u00f6d\u00e9se a szolnoki kult\u00far\u00e1lis integr\u00e1ci\u00f3 \u00e9rdek\u00e9ben","datePublished":"2017-11-02T06:59:31+00:00","mainEntityOfPage":{"@id":"https:\/\/www.fsegura.com\/hu\/grupo-segura-egyuttmukodese-a-szolnoki-kulturalis-integracio-erdekeben\/"},"wordCount":250,"commentCount":0,"publisher":{"@id":"https:\/\/www.fsegura.com\/hu\/#organization"},"image":{"@id":"https:\/\/www.fsegura.com\/hu\/grupo-segura-egyuttmukodese-a-szolnoki-kulturalis-integracio-erdekeben\/#primaryimage"},"thumbnailUrl":"https:\/\/www.fsegura.com\/wp-content\/uploads\/2025\/11\/F-Segura-4.jpg","articleSection":["Sin categorizar"],"inLanguage":"hu","potentialAction":[{"@type":"CommentAction","name":"Comment","target":["https:\/\/www.fsegura.com\/hu\/grupo-segura-egyuttmukodese-a-szolnoki-kulturalis-integracio-erdekeben\/#respond"]}]},{"@type":"WebPage","@id":"https:\/\/www.fsegura.com\/hu\/grupo-segura-egyuttmukodese-a-szolnoki-kulturalis-integracio-erdekeben\/","url":"https:\/\/www.fsegura.com\/hu\/grupo-segura-egyuttmukodese-a-szolnoki-kulturalis-integracio-erdekeben\/","name":"Grupo Segura egy\u00fcttm\u0171k\u00f6d\u00e9se a szolnoki kult\u00far\u00e1lis integr\u00e1ci\u00f3 \u00e9rdek\u00e9ben - Grupo Segura","isPartOf":{"@id":"https:\/\/www.fsegura.com\/hu\/#website"},"primaryImageOfPage":{"@id":"https:\/\/www.fsegura.com\/hu\/grupo-segura-egyuttmukodese-a-szolnoki-kulturalis-integracio-erdekeben\/#primaryimage"},"image":{"@id":"https:\/\/www.fsegura.com\/hu\/grupo-segura-egyuttmukodese-a-szolnoki-kulturalis-integracio-erdekeben\/#primaryimage"},"thumbnailUrl":"https:\/\/www.fsegura.com\/wp-content\/uploads\/2025\/11\/F-Segura-4.jpg","datePublished":"2017-11-02T06:59:31+00:00","breadcrumb":{"@id":"https:\/\/www.fsegura.com\/hu\/grupo-segura-egyuttmukodese-a-szolnoki-kulturalis-integracio-erdekeben\/#breadcrumb"},"inLanguage":"hu","potentialAction":[{"@type":"ReadAction","target":["https:\/\/www.fsegura.com\/hu\/grupo-segura-egyuttmukodese-a-szolnoki-kulturalis-integracio-erdekeben\/"]}]},{"@type":"ImageObject","inLanguage":"hu","@id":"https:\/\/www.fsegura.com\/hu\/grupo-segura-egyuttmukodese-a-szolnoki-kulturalis-integracio-erdekeben\/#primaryimage","url":"https:\/\/www.fsegura.com\/wp-content\/uploads\/2025\/11\/F-Segura-4.jpg","contentUrl":"https:\/\/www.fsegura.com\/wp-content\/uploads\/2025\/11\/F-Segura-4.jpg","width":640,"height":420,"caption":"F-Segura-4"},{"@type":"BreadcrumbList","@id":"https:\/\/www.fsegura.com\/hu\/grupo-segura-egyuttmukodese-a-szolnoki-kulturalis-integracio-erdekeben\/#breadcrumb","itemListElement":[{"@type":"ListItem","position":1,"name":"Portada","item":"https:\/\/www.fsegura.com\/hu\/"},{"@type":"ListItem","position":2,"name":"Grupo Segura egy\u00fcttm\u0171k\u00f6d\u00e9se a szolnoki kult\u00far\u00e1lis integr\u00e1ci\u00f3 \u00e9rdek\u00e9ben"}]},{"@type":"WebSite","@id":"https:\/\/www.fsegura.com\/hu\/#website","url":"https:\/\/www.fsegura.com\/hu\/","name":"Grupo Segura","description":"Partner global para componentes de la automoci\u00f3n","publisher":{"@id":"https:\/\/www.fsegura.com\/hu\/#organization"},"potentialAction":[{"@type":"SearchAction","target":{"@type":"EntryPoint","urlTemplate":"https:\/\/www.fsegura.com\/hu\/?s={search_term_string}"},"query-input":{"@type":"PropertyValueSpecification","valueRequired":true,"valueName":"search_term_string"}}],"inLanguage":"hu"},{"@type":"Organization","@id":"https:\/\/www.fsegura.com\/hu\/#organization","name":"Grupo Segura","url":"https:\/\/www.fsegura.com\/hu\/","logo":{"@type":"ImageObject","inLanguage":"hu","@id":"https:\/\/www.fsegura.com\/hu\/#\/schema\/logo\/image\/","url":"https:\/\/www.fsegura.com\/wp-content\/uploads\/2025\/09\/grupo-segura.jpg","contentUrl":"https:\/\/www.fsegura.com\/wp-content\/uploads\/2025\/09\/grupo-segura.jpg","width":458,"height":136,"caption":"Grupo Segura"},"image":{"@id":"https:\/\/www.fsegura.com\/hu\/#\/schema\/logo\/image\/"}},{"@type":"Person","@id":"https:\/\/www.fsegura.com\/hu\/#\/schema\/person\/cf9d1abe35e7e038ac092685669e6ae5","name":"desarrollo","image":{"@type":"ImageObject","inLanguage":"hu","@id":"https:\/\/secure.gravatar.com\/avatar\/3b02f34f0ea5a10bc44d1813e23e909e4ef6fd1c0c78c7eed6d094a646af2836?s=96&d=mm&r=g","url":"https:\/\/secure.gravatar.com\/avatar\/3b02f34f0ea5a10bc44d1813e23e909e4ef6fd1c0c78c7eed6d094a646af2836?s=96&d=mm&r=g","contentUrl":"https:\/\/secure.gravatar.com\/avatar\/3b02f34f0ea5a10bc44d1813e23e909e4ef6fd1c0c78c7eed6d094a646af2836?s=96&d=mm&r=g","caption":"desarrollo"},"sameAs":["https:\/\/www.fsegura.com"],"url":"https:\/\/www.fsegura.com\/hu\/author\/desarrollo\/"}]}},"_links":{"self":[{"href":"https:\/\/www.fsegura.com\/hu\/wp-json\/wp\/v2\/posts\/5575","targetHints":{"allow":["GET"]}}],"collection":[{"href":"https:\/\/www.fsegura.com\/hu\/wp-json\/wp\/v2\/posts"}],"about":[{"href":"https:\/\/www.fsegura.com\/hu\/wp-json\/wp\/v2\/types\/post"}],"author":[{"embeddable":true,"href":"https:\/\/www.fsegura.com\/hu\/wp-json\/wp\/v2\/users\/1"}],"replies":[{"embeddable":true,"href":"https:\/\/www.fsegura.com\/hu\/wp-json\/wp\/v2\/comments?post=5575"}],"version-history":[{"count":0,"href":"https:\/\/www.fsegura.com\/hu\/wp-json\/wp\/v2\/posts\/5575\/revisions"}],"wp:featuredmedia":[{"embeddable":true,"href":"https:\/\/www.fsegura.com\/hu\/wp-json\/wp\/v2\/media\/5392"}],"wp:attachment":[{"href":"https:\/\/www.fsegura.com\/hu\/wp-json\/wp\/v2\/media?parent=5575"}],"wp:term":[{"taxonomy":"category","embeddable":true,"href":"https:\/\/www.fsegura.com\/hu\/wp-json\/wp\/v2\/categories?post=5575"},{"taxonomy":"post_tag","embeddable":true,"href":"https:\/\/www.fsegura.com\/hu\/wp-json\/wp\/v2\/tags?post=5575"}],"curies":[{"name":"wp","href":"https:\/\/api.w.org\/{rel}","templated":true}]}}