{"id":5576,"date":"2017-11-10T16:10:08","date_gmt":"2017-11-10T16:10:08","guid":{"rendered":"https:\/\/www.fsegura.com\/2017\/11\/10\/madridi-magyar-nagykovetunk-gyori-eniko-meglatogatja-a-grupo-segura-kozponti-letesitmenyet\/"},"modified":"2017-11-10T16:10:08","modified_gmt":"2017-11-10T16:10:08","slug":"madridi-magyar-nagykovetunk-gyori-eniko-meglatogatja-a-grupo-segura-kozponti-letesitmenyet","status":"publish","type":"post","link":"https:\/\/www.fsegura.com\/hu\/madridi-magyar-nagykovetunk-gyori-eniko-meglatogatja-a-grupo-segura-kozponti-letesitmenyet\/","title":{"rendered":"Madridi Magyar Nagyk\u00f6vet\u00fcnk, Gy\u0151ri Enik\u0151, megl\u00e1togatja a GRUPO SEGURA k\u00f6zponti l\u00e9tes\u00edtm\u00e9ny\u00e9t"},"content":{"rendered":"<p>M\u00falt h\u00e9t p\u00e9nteken, november 3.-\u00e1n a valenciai rept\u00e9r egy \u00faj k\u00f6zvetlen budapesti j\u00e1rat beind\u00edt\u00e1s\u00e1t \u00fcnnepelte meg. Az \u00faj k\u00f6zvetlen j\u00e1rat egy hagyom\u00e1nyos \u201ej\u00e1rat keresztel\u0151\u201d \u00fcnneps\u00e9g keret\u00e9ben ker\u00fclt felavat\u00e1sra, ahol a rept\u00e9r t\u0171zolt\u00f3i hatalmas v\u00edzsug\u00e1rral v\u00e1rt\u00e1k a Budapestr\u0151l \u00e9rkez\u0151 g\u00e9pet, azt\u00e1n a keresztel\u0151t k\u00f6vet\u0151 \u00fcnneps\u00e9gen pedig egy torta felv\u00e1g\u00e1s\u00e1ra ker\u00fclt sor, melyen \u00e9ppen ezen az els\u0151 j\u00e1raton \u00e9rkez\u0151 munkat\u00e1rsaink \u00e9s Vez\u00e9rigazgat\u00f3nk, Jorge Segura, valamint M. Montalb\u00e1n \u00e9s S\u00e1rovics Kati is r\u00e9szt vettek.<\/p>\n<p><a href=\"https:\/\/www.fsegura.com\/wp-content\/uploads\/2017\/11\/J.Segura_M.M_Embajadora3.jpg\"><img fetchpriority=\"high\" decoding=\"async\" class=\"alignnone size-large wp-image-6973\" src=\"https:\/\/www.fsegura.com\/wp-content\/uploads\/2017\/11\/J.Segura_M.M_Embajadora3-768x1024.jpg\" alt=\"\" width=\"768\" height=\"1024\" \/><\/a><\/p>\n<p>A rendezv\u00e9nyen jelen volt a Spanyolorsz\u00e1gi Magyar Nagyk\u00f6vet, Gy\u0151ri Enik\u0151, a Valenciai Turisztikai \u00dcgyn\u00f6ks\u00e9g region\u00e1lis titk\u00e1ra, Francesc Colomer; a Valenciai Rep\u00fcl\u0151t\u00e9r Igazgat\u00f3ja, \u00a0Mariano Menor, a Valenciai V\u00e1rosi Tan\u00e1cs turisztikai tan\u00e1csad\u00f3ja, Sandra G\u00f3mez; a Turismo Valencia Alap\u00edtv\u00e1ny Igazgat\u00f3ja, Antoni Bernab\u00e9, valamint a l\u00e9git\u00e1rsas\u00e1g \u00e9s a rep\u00fcl\u0151t\u00e9r neves k\u00e9pvisel\u0151i.<\/p>\n<p>Besz\u00e9d\u00e9ben Gy\u0151ri Enik\u0151 nagyk\u00f6vetasszony k\u00fcl\u00f6n\u00f6sk\u00e9ppen dics\u00e9rte a Grupo Segur\u00e1t, melyet a Magyarorsz\u00e1gon tev\u00e9kenyked\u0151 valenciai gazdas\u00e1g kiemelt \u00e9s referenciak\u00e9nt szolg\u00e1l\u00f3 v\u00e1llalatak\u00e9nt emlegetett.<\/p>\n<p>Az \u00fcnnepl\u00e9st k\u00f6vet\u0151en, \u00e9s a Grupo Segura k\u00e9pvisel\u0151i valamint a magyarorsz\u00e1gi hivatalos int\u00e9zm\u00e9nyek k\u00f6z\u00f6tti j\u00f3 kapcsolataink bizony\u00edt\u00e9kak\u00e9nt, a nagyk\u00f6vetasszony \u00e9s munkat\u00e1rsai megl\u00e1togatt\u00e1k paternai k\u00f6zponti l\u00e9tes\u00edtm\u00e9nyeinket. A l\u00e1togat\u00e1s sor\u00e1n lehet\u0151s\u00e9ge ny\u00edlt szolnoki gy\u00e1rigazgat\u00f3nkkal is szem\u00e9lyes besz\u00e9lget\u00e9st folytatni vide\u00f3konferencia seg\u00edts\u00e9g\u00e9vel, melynek keret\u00e9ben a jelenlegi strat\u00e9giai kezdem\u00e9nyez\u00e9sek valamint a lehets\u00e9ges egy\u00fcttm\u0171k\u00f6d\u00e9si ir\u00e1nyvonalak ker\u00fcltek el\u0151t\u00e9rbe, azon lehet\u0151s\u00e9gek \u00e9rt\u00e9kel\u00e9s\u00e9vel egy\u00fctt, amelyek a Grupo Segura magyarorsz\u00e1gi implant\u00e1ci\u00f3j\u00e1t el\u0151seg\u00edthetik \u00e9s jav\u00edthatj\u00e1k a j\u00f6v\u0151ben.<\/p>\n<p><a href=\"https:\/\/www.fsegura.com\/wp-content\/uploads\/2017\/11\/20171103_161445.jpg\"><img decoding=\"async\" class=\"alignnone size-large wp-image-6967\" src=\"https:\/\/www.fsegura.com\/wp-content\/uploads\/2017\/11\/20171103_161445-1024x576.jpg\" alt=\"\" width=\"1024\" height=\"576\" \/><\/a><\/p>\n<p>Ugyan\u00fagy a Ryanair l\u00e9git\u00e1rsas\u00e1g \u00e1ltal \u00fczemeltetett k\u00f6zvetlen j\u00e1rat, mint a magyar korm\u00e1nnyal l\u00e9tez\u0151 j\u00f3 kapcsolataink tov\u00e1bbra is meger\u0151s\u00edtik az int\u00e9zm\u00e9nyek k\u00f6z\u00f6tti egy\u00fcttm\u0171k\u00f6d\u00e9s, valamint a k\u00e9t n\u00e9p, a kult\u00fara \u00e9s a gazdas\u00e1g k\u00f6z\u00f6tti k\u00f6zeled\u00e9s fontoss\u00e1g\u00e1t<\/p>\n","protected":false},"excerpt":{"rendered":"<p>M\u00falt h\u00e9t p\u00e9nteken, november 3.-\u00e1n a valenciai rept\u00e9r egy \u00faj k\u00f6zvetlen budapesti j\u00e1rat beind\u00edt\u00e1s\u00e1t \u00fcnnepelte meg. Az \u00faj k\u00f6zvetlen j\u00e1rat egy hagyom\u00e1nyos \u201ej\u00e1rat keresztel\u0151\u201d \u00fcnneps\u00e9g keret\u00e9ben ker\u00fclt felavat\u00e1sra, ahol a rept\u00e9r t\u0171zolt\u00f3i hatalmas v\u00edzsug\u00e1rral v\u00e1rt\u00e1k a Budapestr\u0151l \u00e9rkez\u0151 g\u00e9pet, azt\u00e1n a keresztel\u0151t k\u00f6vet\u0151 \u00fcnneps\u00e9gen pedig egy torta felv\u00e1g\u00e1s\u00e1ra ker\u00fclt sor, melyen \u00e9ppen ezen az els\u0151 [&hellip;]<\/p>\n","protected":false},"author":1,"featured_media":5396,"comment_status":"open","ping_status":"open","sticky":false,"template":"","format":"standard","meta":{"_acf_changed":false,"_eb_attr":"","footnotes":""},"categories":[1],"tags":[],"class_list":["post-5576","post","type-post","status-publish","format-standard","has-post-thumbnail","hentry","category-sin-categorizar"],"acf":[],"yoast_head":"<!-- This site is optimized with the Yoast SEO plugin v27.4 - https:\/\/yoast.com\/product\/yoast-seo-wordpress\/ -->\n<title>Madridi Magyar Nagyk\u00f6vet\u00fcnk, Gy\u0151ri Enik\u0151, megl\u00e1togatja a GRUPO SEGURA k\u00f6zponti l\u00e9tes\u00edtm\u00e9ny\u00e9t - Grupo Segura<\/title>\n<meta name=\"robots\" content=\"index, follow, max-snippet:-1, max-image-preview:large, max-video-preview:-1\" \/>\n<link rel=\"canonical\" href=\"https:\/\/www.fsegura.com\/hu\/madridi-magyar-nagykovetunk-gyori-eniko-meglatogatja-a-grupo-segura-kozponti-letesitmenyet\/\" \/>\n<meta property=\"og:locale\" content=\"hu_HU\" \/>\n<meta property=\"og:type\" content=\"article\" \/>\n<meta property=\"og:title\" content=\"Madridi Magyar Nagyk\u00f6vet\u00fcnk, Gy\u0151ri Enik\u0151, megl\u00e1togatja a GRUPO SEGURA k\u00f6zponti l\u00e9tes\u00edtm\u00e9ny\u00e9t - Grupo Segura\" \/>\n<meta property=\"og:description\" content=\"M\u00falt h\u00e9t p\u00e9nteken, november 3.-\u00e1n a valenciai rept\u00e9r egy \u00faj k\u00f6zvetlen budapesti j\u00e1rat beind\u00edt\u00e1s\u00e1t \u00fcnnepelte meg. Az \u00faj k\u00f6zvetlen j\u00e1rat egy hagyom\u00e1nyos \u201ej\u00e1rat keresztel\u0151\u201d \u00fcnneps\u00e9g keret\u00e9ben ker\u00fclt felavat\u00e1sra, ahol a rept\u00e9r t\u0171zolt\u00f3i hatalmas v\u00edzsug\u00e1rral v\u00e1rt\u00e1k a Budapestr\u0151l \u00e9rkez\u0151 g\u00e9pet, azt\u00e1n a keresztel\u0151t k\u00f6vet\u0151 \u00fcnneps\u00e9gen pedig egy torta felv\u00e1g\u00e1s\u00e1ra ker\u00fclt sor, melyen \u00e9ppen ezen az els\u0151 [&hellip;]\" \/>\n<meta property=\"og:url\" content=\"https:\/\/www.fsegura.com\/hu\/madridi-magyar-nagykovetunk-gyori-eniko-meglatogatja-a-grupo-segura-kozponti-letesitmenyet\/\" \/>\n<meta property=\"og:site_name\" content=\"Grupo Segura\" \/>\n<meta property=\"article:published_time\" content=\"2017-11-10T16:10:08+00:00\" \/>\n<meta property=\"og:image\" content=\"https:\/\/www.fsegura.com\/wp-content\/uploads\/2025\/11\/2017-11-03-99529.jpg\" \/>\n\t<meta property=\"og:image:width\" content=\"1952\" \/>\n\t<meta property=\"og:image:height\" content=\"1297\" \/>\n\t<meta property=\"og:image:type\" content=\"image\/jpeg\" \/>\n<meta name=\"author\" content=\"desarrollo\" \/>\n<meta name=\"twitter:card\" content=\"summary_large_image\" \/>\n<meta name=\"twitter:label1\" content=\"Szerz\u0151:\" \/>\n\t<meta name=\"twitter:data1\" content=\"desarrollo\" \/>\n\t<meta name=\"twitter:label2\" content=\"Becs\u00fclt olvas\u00e1si id\u0151\" \/>\n\t<meta name=\"twitter:data2\" content=\"2 perc\" \/>\n<script type=\"application\/ld+json\" class=\"yoast-schema-graph\">{\"@context\":\"https:\\\/\\\/schema.org\",\"@graph\":[{\"@type\":\"Article\",\"@id\":\"https:\\\/\\\/www.fsegura.com\\\/hu\\\/madridi-magyar-nagykovetunk-gyori-eniko-meglatogatja-a-grupo-segura-kozponti-letesitmenyet\\\/#article\",\"isPartOf\":{\"@id\":\"https:\\\/\\\/www.fsegura.com\\\/hu\\\/madridi-magyar-nagykovetunk-gyori-eniko-meglatogatja-a-grupo-segura-kozponti-letesitmenyet\\\/\"},\"author\":{\"name\":\"desarrollo\",\"@id\":\"https:\\\/\\\/www.fsegura.com\\\/hu\\\/#\\\/schema\\\/person\\\/cf9d1abe35e7e038ac092685669e6ae5\"},\"headline\":\"Madridi Magyar Nagyk\u00f6vet\u00fcnk, Gy\u0151ri Enik\u0151, megl\u00e1togatja a GRUPO SEGURA k\u00f6zponti l\u00e9tes\u00edtm\u00e9ny\u00e9t\",\"datePublished\":\"2017-11-10T16:10:08+00:00\",\"mainEntityOfPage\":{\"@id\":\"https:\\\/\\\/www.fsegura.com\\\/hu\\\/madridi-magyar-nagykovetunk-gyori-eniko-meglatogatja-a-grupo-segura-kozponti-letesitmenyet\\\/\"},\"wordCount\":440,\"commentCount\":0,\"publisher\":{\"@id\":\"https:\\\/\\\/www.fsegura.com\\\/hu\\\/#organization\"},\"image\":{\"@id\":\"https:\\\/\\\/www.fsegura.com\\\/hu\\\/madridi-magyar-nagykovetunk-gyori-eniko-meglatogatja-a-grupo-segura-kozponti-letesitmenyet\\\/#primaryimage\"},\"thumbnailUrl\":\"https:\\\/\\\/www.fsegura.com\\\/wp-content\\\/uploads\\\/2025\\\/11\\\/2017-11-03-99529.jpg\",\"articleSection\":[\"Sin categorizar\"],\"inLanguage\":\"hu\",\"potentialAction\":[{\"@type\":\"CommentAction\",\"name\":\"Comment\",\"target\":[\"https:\\\/\\\/www.fsegura.com\\\/hu\\\/madridi-magyar-nagykovetunk-gyori-eniko-meglatogatja-a-grupo-segura-kozponti-letesitmenyet\\\/#respond\"]}]},{\"@type\":\"WebPage\",\"@id\":\"https:\\\/\\\/www.fsegura.com\\\/hu\\\/madridi-magyar-nagykovetunk-gyori-eniko-meglatogatja-a-grupo-segura-kozponti-letesitmenyet\\\/\",\"url\":\"https:\\\/\\\/www.fsegura.com\\\/hu\\\/madridi-magyar-nagykovetunk-gyori-eniko-meglatogatja-a-grupo-segura-kozponti-letesitmenyet\\\/\",\"name\":\"Madridi Magyar Nagyk\u00f6vet\u00fcnk, Gy\u0151ri Enik\u0151, megl\u00e1togatja a GRUPO SEGURA k\u00f6zponti l\u00e9tes\u00edtm\u00e9ny\u00e9t - Grupo Segura\",\"isPartOf\":{\"@id\":\"https:\\\/\\\/www.fsegura.com\\\/hu\\\/#website\"},\"primaryImageOfPage\":{\"@id\":\"https:\\\/\\\/www.fsegura.com\\\/hu\\\/madridi-magyar-nagykovetunk-gyori-eniko-meglatogatja-a-grupo-segura-kozponti-letesitmenyet\\\/#primaryimage\"},\"image\":{\"@id\":\"https:\\\/\\\/www.fsegura.com\\\/hu\\\/madridi-magyar-nagykovetunk-gyori-eniko-meglatogatja-a-grupo-segura-kozponti-letesitmenyet\\\/#primaryimage\"},\"thumbnailUrl\":\"https:\\\/\\\/www.fsegura.com\\\/wp-content\\\/uploads\\\/2025\\\/11\\\/2017-11-03-99529.jpg\",\"datePublished\":\"2017-11-10T16:10:08+00:00\",\"breadcrumb\":{\"@id\":\"https:\\\/\\\/www.fsegura.com\\\/hu\\\/madridi-magyar-nagykovetunk-gyori-eniko-meglatogatja-a-grupo-segura-kozponti-letesitmenyet\\\/#breadcrumb\"},\"inLanguage\":\"hu\",\"potentialAction\":[{\"@type\":\"ReadAction\",\"target\":[\"https:\\\/\\\/www.fsegura.com\\\/hu\\\/madridi-magyar-nagykovetunk-gyori-eniko-meglatogatja-a-grupo-segura-kozponti-letesitmenyet\\\/\"]}]},{\"@type\":\"ImageObject\",\"inLanguage\":\"hu\",\"@id\":\"https:\\\/\\\/www.fsegura.com\\\/hu\\\/madridi-magyar-nagykovetunk-gyori-eniko-meglatogatja-a-grupo-segura-kozponti-letesitmenyet\\\/#primaryimage\",\"url\":\"https:\\\/\\\/www.fsegura.com\\\/wp-content\\\/uploads\\\/2025\\\/11\\\/2017-11-03-99529.jpg\",\"contentUrl\":\"https:\\\/\\\/www.fsegura.com\\\/wp-content\\\/uploads\\\/2025\\\/11\\\/2017-11-03-99529.jpg\",\"width\":1952,\"height\":1297,\"caption\":\"2017-11-03-99529\"},{\"@type\":\"BreadcrumbList\",\"@id\":\"https:\\\/\\\/www.fsegura.com\\\/hu\\\/madridi-magyar-nagykovetunk-gyori-eniko-meglatogatja-a-grupo-segura-kozponti-letesitmenyet\\\/#breadcrumb\",\"itemListElement\":[{\"@type\":\"ListItem\",\"position\":1,\"name\":\"Portada\",\"item\":\"https:\\\/\\\/www.fsegura.com\\\/hu\\\/\"},{\"@type\":\"ListItem\",\"position\":2,\"name\":\"Madridi Magyar Nagyk\u00f6vet\u00fcnk, Gy\u0151ri Enik\u0151, megl\u00e1togatja a GRUPO SEGURA k\u00f6zponti l\u00e9tes\u00edtm\u00e9ny\u00e9t\"}]},{\"@type\":\"WebSite\",\"@id\":\"https:\\\/\\\/www.fsegura.com\\\/hu\\\/#website\",\"url\":\"https:\\\/\\\/www.fsegura.com\\\/hu\\\/\",\"name\":\"Grupo Segura\",\"description\":\"Partner global para componentes de la automoci\u00f3n\",\"publisher\":{\"@id\":\"https:\\\/\\\/www.fsegura.com\\\/hu\\\/#organization\"},\"potentialAction\":[{\"@type\":\"SearchAction\",\"target\":{\"@type\":\"EntryPoint\",\"urlTemplate\":\"https:\\\/\\\/www.fsegura.com\\\/hu\\\/?s={search_term_string}\"},\"query-input\":{\"@type\":\"PropertyValueSpecification\",\"valueRequired\":true,\"valueName\":\"search_term_string\"}}],\"inLanguage\":\"hu\"},{\"@type\":\"Organization\",\"@id\":\"https:\\\/\\\/www.fsegura.com\\\/hu\\\/#organization\",\"name\":\"Grupo Segura\",\"url\":\"https:\\\/\\\/www.fsegura.com\\\/hu\\\/\",\"logo\":{\"@type\":\"ImageObject\",\"inLanguage\":\"hu\",\"@id\":\"https:\\\/\\\/www.fsegura.com\\\/hu\\\/#\\\/schema\\\/logo\\\/image\\\/\",\"url\":\"https:\\\/\\\/www.fsegura.com\\\/wp-content\\\/uploads\\\/2025\\\/09\\\/grupo-segura.jpg\",\"contentUrl\":\"https:\\\/\\\/www.fsegura.com\\\/wp-content\\\/uploads\\\/2025\\\/09\\\/grupo-segura.jpg\",\"width\":458,\"height\":136,\"caption\":\"Grupo Segura\"},\"image\":{\"@id\":\"https:\\\/\\\/www.fsegura.com\\\/hu\\\/#\\\/schema\\\/logo\\\/image\\\/\"}},{\"@type\":\"Person\",\"@id\":\"https:\\\/\\\/www.fsegura.com\\\/hu\\\/#\\\/schema\\\/person\\\/cf9d1abe35e7e038ac092685669e6ae5\",\"name\":\"desarrollo\",\"image\":{\"@type\":\"ImageObject\",\"inLanguage\":\"hu\",\"@id\":\"https:\\\/\\\/secure.gravatar.com\\\/avatar\\\/3b02f34f0ea5a10bc44d1813e23e909e4ef6fd1c0c78c7eed6d094a646af2836?s=96&d=mm&r=g\",\"url\":\"https:\\\/\\\/secure.gravatar.com\\\/avatar\\\/3b02f34f0ea5a10bc44d1813e23e909e4ef6fd1c0c78c7eed6d094a646af2836?s=96&d=mm&r=g\",\"contentUrl\":\"https:\\\/\\\/secure.gravatar.com\\\/avatar\\\/3b02f34f0ea5a10bc44d1813e23e909e4ef6fd1c0c78c7eed6d094a646af2836?s=96&d=mm&r=g\",\"caption\":\"desarrollo\"},\"sameAs\":[\"https:\\\/\\\/www.fsegura.com\"],\"url\":\"https:\\\/\\\/www.fsegura.com\\\/hu\\\/author\\\/desarrollo\\\/\"}]}<\/script>\n<!-- \/ Yoast SEO plugin. -->","yoast_head_json":{"title":"Madridi Magyar Nagyk\u00f6vet\u00fcnk, Gy\u0151ri Enik\u0151, megl\u00e1togatja a GRUPO SEGURA k\u00f6zponti l\u00e9tes\u00edtm\u00e9ny\u00e9t - Grupo Segura","robots":{"index":"index","follow":"follow","max-snippet":"max-snippet:-1","max-image-preview":"max-image-preview:large","max-video-preview":"max-video-preview:-1"},"canonical":"https:\/\/www.fsegura.com\/hu\/madridi-magyar-nagykovetunk-gyori-eniko-meglatogatja-a-grupo-segura-kozponti-letesitmenyet\/","og_locale":"hu_HU","og_type":"article","og_title":"Madridi Magyar Nagyk\u00f6vet\u00fcnk, Gy\u0151ri Enik\u0151, megl\u00e1togatja a GRUPO SEGURA k\u00f6zponti l\u00e9tes\u00edtm\u00e9ny\u00e9t - Grupo Segura","og_description":"M\u00falt h\u00e9t p\u00e9nteken, november 3.-\u00e1n a valenciai rept\u00e9r egy \u00faj k\u00f6zvetlen budapesti j\u00e1rat beind\u00edt\u00e1s\u00e1t \u00fcnnepelte meg. Az \u00faj k\u00f6zvetlen j\u00e1rat egy hagyom\u00e1nyos \u201ej\u00e1rat keresztel\u0151\u201d \u00fcnneps\u00e9g keret\u00e9ben ker\u00fclt felavat\u00e1sra, ahol a rept\u00e9r t\u0171zolt\u00f3i hatalmas v\u00edzsug\u00e1rral v\u00e1rt\u00e1k a Budapestr\u0151l \u00e9rkez\u0151 g\u00e9pet, azt\u00e1n a keresztel\u0151t k\u00f6vet\u0151 \u00fcnneps\u00e9gen pedig egy torta felv\u00e1g\u00e1s\u00e1ra ker\u00fclt sor, melyen \u00e9ppen ezen az els\u0151 [&hellip;]","og_url":"https:\/\/www.fsegura.com\/hu\/madridi-magyar-nagykovetunk-gyori-eniko-meglatogatja-a-grupo-segura-kozponti-letesitmenyet\/","og_site_name":"Grupo Segura","article_published_time":"2017-11-10T16:10:08+00:00","og_image":[{"width":1952,"height":1297,"url":"https:\/\/www.fsegura.com\/wp-content\/uploads\/2025\/11\/2017-11-03-99529.jpg","type":"image\/jpeg"}],"author":"desarrollo","twitter_card":"summary_large_image","twitter_misc":{"Szerz\u0151:":"desarrollo","Becs\u00fclt olvas\u00e1si id\u0151":"2 perc"},"schema":{"@context":"https:\/\/schema.org","@graph":[{"@type":"Article","@id":"https:\/\/www.fsegura.com\/hu\/madridi-magyar-nagykovetunk-gyori-eniko-meglatogatja-a-grupo-segura-kozponti-letesitmenyet\/#article","isPartOf":{"@id":"https:\/\/www.fsegura.com\/hu\/madridi-magyar-nagykovetunk-gyori-eniko-meglatogatja-a-grupo-segura-kozponti-letesitmenyet\/"},"author":{"name":"desarrollo","@id":"https:\/\/www.fsegura.com\/hu\/#\/schema\/person\/cf9d1abe35e7e038ac092685669e6ae5"},"headline":"Madridi Magyar Nagyk\u00f6vet\u00fcnk, Gy\u0151ri Enik\u0151, megl\u00e1togatja a GRUPO SEGURA k\u00f6zponti l\u00e9tes\u00edtm\u00e9ny\u00e9t","datePublished":"2017-11-10T16:10:08+00:00","mainEntityOfPage":{"@id":"https:\/\/www.fsegura.com\/hu\/madridi-magyar-nagykovetunk-gyori-eniko-meglatogatja-a-grupo-segura-kozponti-letesitmenyet\/"},"wordCount":440,"commentCount":0,"publisher":{"@id":"https:\/\/www.fsegura.com\/hu\/#organization"},"image":{"@id":"https:\/\/www.fsegura.com\/hu\/madridi-magyar-nagykovetunk-gyori-eniko-meglatogatja-a-grupo-segura-kozponti-letesitmenyet\/#primaryimage"},"thumbnailUrl":"https:\/\/www.fsegura.com\/wp-content\/uploads\/2025\/11\/2017-11-03-99529.jpg","articleSection":["Sin categorizar"],"inLanguage":"hu","potentialAction":[{"@type":"CommentAction","name":"Comment","target":["https:\/\/www.fsegura.com\/hu\/madridi-magyar-nagykovetunk-gyori-eniko-meglatogatja-a-grupo-segura-kozponti-letesitmenyet\/#respond"]}]},{"@type":"WebPage","@id":"https:\/\/www.fsegura.com\/hu\/madridi-magyar-nagykovetunk-gyori-eniko-meglatogatja-a-grupo-segura-kozponti-letesitmenyet\/","url":"https:\/\/www.fsegura.com\/hu\/madridi-magyar-nagykovetunk-gyori-eniko-meglatogatja-a-grupo-segura-kozponti-letesitmenyet\/","name":"Madridi Magyar Nagyk\u00f6vet\u00fcnk, Gy\u0151ri Enik\u0151, megl\u00e1togatja a GRUPO SEGURA k\u00f6zponti l\u00e9tes\u00edtm\u00e9ny\u00e9t - Grupo Segura","isPartOf":{"@id":"https:\/\/www.fsegura.com\/hu\/#website"},"primaryImageOfPage":{"@id":"https:\/\/www.fsegura.com\/hu\/madridi-magyar-nagykovetunk-gyori-eniko-meglatogatja-a-grupo-segura-kozponti-letesitmenyet\/#primaryimage"},"image":{"@id":"https:\/\/www.fsegura.com\/hu\/madridi-magyar-nagykovetunk-gyori-eniko-meglatogatja-a-grupo-segura-kozponti-letesitmenyet\/#primaryimage"},"thumbnailUrl":"https:\/\/www.fsegura.com\/wp-content\/uploads\/2025\/11\/2017-11-03-99529.jpg","datePublished":"2017-11-10T16:10:08+00:00","breadcrumb":{"@id":"https:\/\/www.fsegura.com\/hu\/madridi-magyar-nagykovetunk-gyori-eniko-meglatogatja-a-grupo-segura-kozponti-letesitmenyet\/#breadcrumb"},"inLanguage":"hu","potentialAction":[{"@type":"ReadAction","target":["https:\/\/www.fsegura.com\/hu\/madridi-magyar-nagykovetunk-gyori-eniko-meglatogatja-a-grupo-segura-kozponti-letesitmenyet\/"]}]},{"@type":"ImageObject","inLanguage":"hu","@id":"https:\/\/www.fsegura.com\/hu\/madridi-magyar-nagykovetunk-gyori-eniko-meglatogatja-a-grupo-segura-kozponti-letesitmenyet\/#primaryimage","url":"https:\/\/www.fsegura.com\/wp-content\/uploads\/2025\/11\/2017-11-03-99529.jpg","contentUrl":"https:\/\/www.fsegura.com\/wp-content\/uploads\/2025\/11\/2017-11-03-99529.jpg","width":1952,"height":1297,"caption":"2017-11-03-99529"},{"@type":"BreadcrumbList","@id":"https:\/\/www.fsegura.com\/hu\/madridi-magyar-nagykovetunk-gyori-eniko-meglatogatja-a-grupo-segura-kozponti-letesitmenyet\/#breadcrumb","itemListElement":[{"@type":"ListItem","position":1,"name":"Portada","item":"https:\/\/www.fsegura.com\/hu\/"},{"@type":"ListItem","position":2,"name":"Madridi Magyar Nagyk\u00f6vet\u00fcnk, Gy\u0151ri Enik\u0151, megl\u00e1togatja a GRUPO SEGURA k\u00f6zponti l\u00e9tes\u00edtm\u00e9ny\u00e9t"}]},{"@type":"WebSite","@id":"https:\/\/www.fsegura.com\/hu\/#website","url":"https:\/\/www.fsegura.com\/hu\/","name":"Grupo Segura","description":"Partner global para componentes de la automoci\u00f3n","publisher":{"@id":"https:\/\/www.fsegura.com\/hu\/#organization"},"potentialAction":[{"@type":"SearchAction","target":{"@type":"EntryPoint","urlTemplate":"https:\/\/www.fsegura.com\/hu\/?s={search_term_string}"},"query-input":{"@type":"PropertyValueSpecification","valueRequired":true,"valueName":"search_term_string"}}],"inLanguage":"hu"},{"@type":"Organization","@id":"https:\/\/www.fsegura.com\/hu\/#organization","name":"Grupo Segura","url":"https:\/\/www.fsegura.com\/hu\/","logo":{"@type":"ImageObject","inLanguage":"hu","@id":"https:\/\/www.fsegura.com\/hu\/#\/schema\/logo\/image\/","url":"https:\/\/www.fsegura.com\/wp-content\/uploads\/2025\/09\/grupo-segura.jpg","contentUrl":"https:\/\/www.fsegura.com\/wp-content\/uploads\/2025\/09\/grupo-segura.jpg","width":458,"height":136,"caption":"Grupo Segura"},"image":{"@id":"https:\/\/www.fsegura.com\/hu\/#\/schema\/logo\/image\/"}},{"@type":"Person","@id":"https:\/\/www.fsegura.com\/hu\/#\/schema\/person\/cf9d1abe35e7e038ac092685669e6ae5","name":"desarrollo","image":{"@type":"ImageObject","inLanguage":"hu","@id":"https:\/\/secure.gravatar.com\/avatar\/3b02f34f0ea5a10bc44d1813e23e909e4ef6fd1c0c78c7eed6d094a646af2836?s=96&d=mm&r=g","url":"https:\/\/secure.gravatar.com\/avatar\/3b02f34f0ea5a10bc44d1813e23e909e4ef6fd1c0c78c7eed6d094a646af2836?s=96&d=mm&r=g","contentUrl":"https:\/\/secure.gravatar.com\/avatar\/3b02f34f0ea5a10bc44d1813e23e909e4ef6fd1c0c78c7eed6d094a646af2836?s=96&d=mm&r=g","caption":"desarrollo"},"sameAs":["https:\/\/www.fsegura.com"],"url":"https:\/\/www.fsegura.com\/hu\/author\/desarrollo\/"}]}},"_links":{"self":[{"href":"https:\/\/www.fsegura.com\/hu\/wp-json\/wp\/v2\/posts\/5576","targetHints":{"allow":["GET"]}}],"collection":[{"href":"https:\/\/www.fsegura.com\/hu\/wp-json\/wp\/v2\/posts"}],"about":[{"href":"https:\/\/www.fsegura.com\/hu\/wp-json\/wp\/v2\/types\/post"}],"author":[{"embeddable":true,"href":"https:\/\/www.fsegura.com\/hu\/wp-json\/wp\/v2\/users\/1"}],"replies":[{"embeddable":true,"href":"https:\/\/www.fsegura.com\/hu\/wp-json\/wp\/v2\/comments?post=5576"}],"version-history":[{"count":0,"href":"https:\/\/www.fsegura.com\/hu\/wp-json\/wp\/v2\/posts\/5576\/revisions"}],"wp:featuredmedia":[{"embeddable":true,"href":"https:\/\/www.fsegura.com\/hu\/wp-json\/wp\/v2\/media\/5396"}],"wp:attachment":[{"href":"https:\/\/www.fsegura.com\/hu\/wp-json\/wp\/v2\/media?parent=5576"}],"wp:term":[{"taxonomy":"category","embeddable":true,"href":"https:\/\/www.fsegura.com\/hu\/wp-json\/wp\/v2\/categories?post=5576"},{"taxonomy":"post_tag","embeddable":true,"href":"https:\/\/www.fsegura.com\/hu\/wp-json\/wp\/v2\/tags?post=5576"}],"curies":[{"name":"wp","href":"https:\/\/api.w.org\/{rel}","templated":true}]}}