{"id":5578,"date":"2018-04-23T09:11:26","date_gmt":"2018-04-23T09:11:26","guid":{"rendered":"https:\/\/www.fsegura.com\/2018\/04\/23\/a-valenciai-regio-autoipari-klasztere-meghaladja-a-szaz-tagot-es-hozzajarul-a-gdp-12-ahoz\/"},"modified":"2018-04-23T09:11:26","modified_gmt":"2018-04-23T09:11:26","slug":"a-valenciai-regio-autoipari-klasztere-meghaladja-a-szaz-tagot-es-hozzajarul-a-gdp-12-ahoz","status":"publish","type":"post","link":"https:\/\/www.fsegura.com\/hu\/a-valenciai-regio-autoipari-klasztere-meghaladja-a-szaz-tagot-es-hozzajarul-a-gdp-12-ahoz\/","title":{"rendered":"A Valenciai r\u00e9gi\u00f3 aut\u00f3ipari klasztere meghaladja a sz\u00e1z tagot, \u00e9s hozz\u00e1j\u00e1rul a GDP 12% -\u00e1hoz."},"content":{"rendered":"<h2>Interj\u00fa Francisco Segur\u00e1val.<\/h2>\n<p>A Valenciai R\u00e9gi\u00f3 G\u00e9pj\u00e1rm\u0171ipari Klasztere (AVIA) nemr\u00e9g haladta meg a sz\u00e1z tagot, ami az eg\u00e9sz R\u00e9gi\u00f3 ipari szektor\u00e1nak legmagasabb k\u00e9pviselet\u00e9v\u00e9 teszi.<\/p>\n<p><a href=\"http:\/\/cadenaser.com\/emisora\/2018\/04\/15\/radio_valencia\/1523776078_006908.html\" target=\"_blank\" rel=\"noopener\">AVIA<\/a><\/p>\n<p>Hallgasd meg az AVIA sz\u00f3viv\u0151j\u00e9vel, Paco Segur\u00e1val folytatott teljes interj\u00fat.<\/p>\n<p><a href=\"http:\/\/play.cadenaser.com\/audio\/004RD010000000324835\/?leer=on\" target=\"_blank\" rel=\"noopener\">CADENA SER<\/a><\/p>\n<p><a href=\"https:\/\/www.fsegura.com\/wp-content\/uploads\/2018\/04\/AVIA_2017_130.jpg\"><img fetchpriority=\"high\" decoding=\"async\" class=\"alignnone size-large wp-image-7052\" src=\"https:\/\/www.fsegura.com\/wp-content\/uploads\/2018\/04\/AVIA_2017_130-931x1024.jpg\" alt=\"\" width=\"931\" height=\"1024\" \/><\/a><\/p>\n","protected":false},"excerpt":{"rendered":"<p>Interj\u00fa Francisco Segur\u00e1val. A Valenciai R\u00e9gi\u00f3 G\u00e9pj\u00e1rm\u0171ipari Klasztere (AVIA) nemr\u00e9g haladta meg a sz\u00e1z tagot, ami az eg\u00e9sz R\u00e9gi\u00f3 ipari szektor\u00e1nak legmagasabb k\u00e9pviselet\u00e9v\u00e9 teszi. AVIA Hallgasd meg az AVIA sz\u00f3viv\u0151j\u00e9vel, Paco Segur\u00e1val folytatott teljes interj\u00fat. CADENA SER<\/p>\n","protected":false},"author":1,"featured_media":5404,"comment_status":"open","ping_status":"open","sticky":false,"template":"","format":"standard","meta":{"_acf_changed":false,"_eb_attr":"","footnotes":""},"categories":[1],"tags":[],"class_list":["post-5578","post","type-post","status-publish","format-standard","has-post-thumbnail","hentry","category-sin-categorizar"],"acf":[],"yoast_head":"<!-- This site is optimized with the Yoast SEO plugin v27.4 - https:\/\/yoast.com\/product\/yoast-seo-wordpress\/ -->\n<title>A Valenciai r\u00e9gi\u00f3 aut\u00f3ipari klasztere meghaladja a sz\u00e1z tagot, \u00e9s hozz\u00e1j\u00e1rul a GDP 12% -\u00e1hoz. - Grupo Segura<\/title>\n<meta name=\"robots\" content=\"index, follow, max-snippet:-1, max-image-preview:large, max-video-preview:-1\" \/>\n<link rel=\"canonical\" href=\"https:\/\/www.fsegura.com\/hu\/a-valenciai-regio-autoipari-klasztere-meghaladja-a-szaz-tagot-es-hozzajarul-a-gdp-12-ahoz\/\" \/>\n<meta property=\"og:locale\" content=\"hu_HU\" \/>\n<meta property=\"og:type\" content=\"article\" \/>\n<meta property=\"og:title\" content=\"A Valenciai r\u00e9gi\u00f3 aut\u00f3ipari klasztere meghaladja a sz\u00e1z tagot, \u00e9s hozz\u00e1j\u00e1rul a GDP 12% -\u00e1hoz. - Grupo Segura\" \/>\n<meta property=\"og:description\" content=\"Interj\u00fa Francisco Segur\u00e1val. A Valenciai R\u00e9gi\u00f3 G\u00e9pj\u00e1rm\u0171ipari Klasztere (AVIA) nemr\u00e9g haladta meg a sz\u00e1z tagot, ami az eg\u00e9sz R\u00e9gi\u00f3 ipari szektor\u00e1nak legmagasabb k\u00e9pviselet\u00e9v\u00e9 teszi. AVIA Hallgasd meg az AVIA sz\u00f3viv\u0151j\u00e9vel, Paco Segur\u00e1val folytatott teljes interj\u00fat. CADENA SER\" \/>\n<meta property=\"og:url\" content=\"https:\/\/www.fsegura.com\/hu\/a-valenciai-regio-autoipari-klasztere-meghaladja-a-szaz-tagot-es-hozzajarul-a-gdp-12-ahoz\/\" \/>\n<meta property=\"og:site_name\" content=\"Grupo Segura\" \/>\n<meta property=\"article:published_time\" content=\"2018-04-23T09:11:26+00:00\" \/>\n<meta property=\"og:image\" content=\"https:\/\/www.fsegura.com\/wp-content\/uploads\/2025\/11\/AVIA_2017_003.jpg\" \/>\n\t<meta property=\"og:image:width\" content=\"2000\" \/>\n\t<meta property=\"og:image:height\" content=\"1335\" \/>\n\t<meta property=\"og:image:type\" content=\"image\/jpeg\" \/>\n<meta name=\"author\" content=\"desarrollo\" \/>\n<meta name=\"twitter:card\" content=\"summary_large_image\" \/>\n<meta name=\"twitter:label1\" content=\"Szerz\u0151:\" \/>\n\t<meta name=\"twitter:data1\" content=\"desarrollo\" \/>\n<script type=\"application\/ld+json\" class=\"yoast-schema-graph\">{\"@context\":\"https:\\\/\\\/schema.org\",\"@graph\":[{\"@type\":\"Article\",\"@id\":\"https:\\\/\\\/www.fsegura.com\\\/hu\\\/a-valenciai-regio-autoipari-klasztere-meghaladja-a-szaz-tagot-es-hozzajarul-a-gdp-12-ahoz\\\/#article\",\"isPartOf\":{\"@id\":\"https:\\\/\\\/www.fsegura.com\\\/hu\\\/a-valenciai-regio-autoipari-klasztere-meghaladja-a-szaz-tagot-es-hozzajarul-a-gdp-12-ahoz\\\/\"},\"author\":{\"name\":\"desarrollo\",\"@id\":\"https:\\\/\\\/www.fsegura.com\\\/hu\\\/#\\\/schema\\\/person\\\/cf9d1abe35e7e038ac092685669e6ae5\"},\"headline\":\"A Valenciai r\u00e9gi\u00f3 aut\u00f3ipari klasztere meghaladja a sz\u00e1z tagot, \u00e9s hozz\u00e1j\u00e1rul a GDP 12% -\u00e1hoz.\",\"datePublished\":\"2018-04-23T09:11:26+00:00\",\"mainEntityOfPage\":{\"@id\":\"https:\\\/\\\/www.fsegura.com\\\/hu\\\/a-valenciai-regio-autoipari-klasztere-meghaladja-a-szaz-tagot-es-hozzajarul-a-gdp-12-ahoz\\\/\"},\"wordCount\":74,\"commentCount\":0,\"publisher\":{\"@id\":\"https:\\\/\\\/www.fsegura.com\\\/hu\\\/#organization\"},\"image\":{\"@id\":\"https:\\\/\\\/www.fsegura.com\\\/hu\\\/a-valenciai-regio-autoipari-klasztere-meghaladja-a-szaz-tagot-es-hozzajarul-a-gdp-12-ahoz\\\/#primaryimage\"},\"thumbnailUrl\":\"https:\\\/\\\/www.fsegura.com\\\/wp-content\\\/uploads\\\/2025\\\/11\\\/AVIA_2017_003.jpg\",\"articleSection\":[\"Sin categorizar\"],\"inLanguage\":\"hu\",\"potentialAction\":[{\"@type\":\"CommentAction\",\"name\":\"Comment\",\"target\":[\"https:\\\/\\\/www.fsegura.com\\\/hu\\\/a-valenciai-regio-autoipari-klasztere-meghaladja-a-szaz-tagot-es-hozzajarul-a-gdp-12-ahoz\\\/#respond\"]}]},{\"@type\":\"WebPage\",\"@id\":\"https:\\\/\\\/www.fsegura.com\\\/hu\\\/a-valenciai-regio-autoipari-klasztere-meghaladja-a-szaz-tagot-es-hozzajarul-a-gdp-12-ahoz\\\/\",\"url\":\"https:\\\/\\\/www.fsegura.com\\\/hu\\\/a-valenciai-regio-autoipari-klasztere-meghaladja-a-szaz-tagot-es-hozzajarul-a-gdp-12-ahoz\\\/\",\"name\":\"A Valenciai r\u00e9gi\u00f3 aut\u00f3ipari klasztere meghaladja a sz\u00e1z tagot, \u00e9s hozz\u00e1j\u00e1rul a GDP 12% -\u00e1hoz. - Grupo Segura\",\"isPartOf\":{\"@id\":\"https:\\\/\\\/www.fsegura.com\\\/hu\\\/#website\"},\"primaryImageOfPage\":{\"@id\":\"https:\\\/\\\/www.fsegura.com\\\/hu\\\/a-valenciai-regio-autoipari-klasztere-meghaladja-a-szaz-tagot-es-hozzajarul-a-gdp-12-ahoz\\\/#primaryimage\"},\"image\":{\"@id\":\"https:\\\/\\\/www.fsegura.com\\\/hu\\\/a-valenciai-regio-autoipari-klasztere-meghaladja-a-szaz-tagot-es-hozzajarul-a-gdp-12-ahoz\\\/#primaryimage\"},\"thumbnailUrl\":\"https:\\\/\\\/www.fsegura.com\\\/wp-content\\\/uploads\\\/2025\\\/11\\\/AVIA_2017_003.jpg\",\"datePublished\":\"2018-04-23T09:11:26+00:00\",\"breadcrumb\":{\"@id\":\"https:\\\/\\\/www.fsegura.com\\\/hu\\\/a-valenciai-regio-autoipari-klasztere-meghaladja-a-szaz-tagot-es-hozzajarul-a-gdp-12-ahoz\\\/#breadcrumb\"},\"inLanguage\":\"hu\",\"potentialAction\":[{\"@type\":\"ReadAction\",\"target\":[\"https:\\\/\\\/www.fsegura.com\\\/hu\\\/a-valenciai-regio-autoipari-klasztere-meghaladja-a-szaz-tagot-es-hozzajarul-a-gdp-12-ahoz\\\/\"]}]},{\"@type\":\"ImageObject\",\"inLanguage\":\"hu\",\"@id\":\"https:\\\/\\\/www.fsegura.com\\\/hu\\\/a-valenciai-regio-autoipari-klasztere-meghaladja-a-szaz-tagot-es-hozzajarul-a-gdp-12-ahoz\\\/#primaryimage\",\"url\":\"https:\\\/\\\/www.fsegura.com\\\/wp-content\\\/uploads\\\/2025\\\/11\\\/AVIA_2017_003.jpg\",\"contentUrl\":\"https:\\\/\\\/www.fsegura.com\\\/wp-content\\\/uploads\\\/2025\\\/11\\\/AVIA_2017_003.jpg\",\"width\":2000,\"height\":1335,\"caption\":\"AVIA_2017_003\"},{\"@type\":\"BreadcrumbList\",\"@id\":\"https:\\\/\\\/www.fsegura.com\\\/hu\\\/a-valenciai-regio-autoipari-klasztere-meghaladja-a-szaz-tagot-es-hozzajarul-a-gdp-12-ahoz\\\/#breadcrumb\",\"itemListElement\":[{\"@type\":\"ListItem\",\"position\":1,\"name\":\"Portada\",\"item\":\"https:\\\/\\\/www.fsegura.com\\\/hu\\\/\"},{\"@type\":\"ListItem\",\"position\":2,\"name\":\"A Valenciai r\u00e9gi\u00f3 aut\u00f3ipari klasztere meghaladja a sz\u00e1z tagot, \u00e9s hozz\u00e1j\u00e1rul a GDP 12% -\u00e1hoz.\"}]},{\"@type\":\"WebSite\",\"@id\":\"https:\\\/\\\/www.fsegura.com\\\/hu\\\/#website\",\"url\":\"https:\\\/\\\/www.fsegura.com\\\/hu\\\/\",\"name\":\"Grupo Segura\",\"description\":\"Partner global para componentes de la automoci\u00f3n\",\"publisher\":{\"@id\":\"https:\\\/\\\/www.fsegura.com\\\/hu\\\/#organization\"},\"potentialAction\":[{\"@type\":\"SearchAction\",\"target\":{\"@type\":\"EntryPoint\",\"urlTemplate\":\"https:\\\/\\\/www.fsegura.com\\\/hu\\\/?s={search_term_string}\"},\"query-input\":{\"@type\":\"PropertyValueSpecification\",\"valueRequired\":true,\"valueName\":\"search_term_string\"}}],\"inLanguage\":\"hu\"},{\"@type\":\"Organization\",\"@id\":\"https:\\\/\\\/www.fsegura.com\\\/hu\\\/#organization\",\"name\":\"Grupo Segura\",\"url\":\"https:\\\/\\\/www.fsegura.com\\\/hu\\\/\",\"logo\":{\"@type\":\"ImageObject\",\"inLanguage\":\"hu\",\"@id\":\"https:\\\/\\\/www.fsegura.com\\\/hu\\\/#\\\/schema\\\/logo\\\/image\\\/\",\"url\":\"https:\\\/\\\/www.fsegura.com\\\/wp-content\\\/uploads\\\/2025\\\/09\\\/grupo-segura.jpg\",\"contentUrl\":\"https:\\\/\\\/www.fsegura.com\\\/wp-content\\\/uploads\\\/2025\\\/09\\\/grupo-segura.jpg\",\"width\":458,\"height\":136,\"caption\":\"Grupo Segura\"},\"image\":{\"@id\":\"https:\\\/\\\/www.fsegura.com\\\/hu\\\/#\\\/schema\\\/logo\\\/image\\\/\"}},{\"@type\":\"Person\",\"@id\":\"https:\\\/\\\/www.fsegura.com\\\/hu\\\/#\\\/schema\\\/person\\\/cf9d1abe35e7e038ac092685669e6ae5\",\"name\":\"desarrollo\",\"image\":{\"@type\":\"ImageObject\",\"inLanguage\":\"hu\",\"@id\":\"https:\\\/\\\/secure.gravatar.com\\\/avatar\\\/3b02f34f0ea5a10bc44d1813e23e909e4ef6fd1c0c78c7eed6d094a646af2836?s=96&d=mm&r=g\",\"url\":\"https:\\\/\\\/secure.gravatar.com\\\/avatar\\\/3b02f34f0ea5a10bc44d1813e23e909e4ef6fd1c0c78c7eed6d094a646af2836?s=96&d=mm&r=g\",\"contentUrl\":\"https:\\\/\\\/secure.gravatar.com\\\/avatar\\\/3b02f34f0ea5a10bc44d1813e23e909e4ef6fd1c0c78c7eed6d094a646af2836?s=96&d=mm&r=g\",\"caption\":\"desarrollo\"},\"sameAs\":[\"https:\\\/\\\/www.fsegura.com\"],\"url\":\"https:\\\/\\\/www.fsegura.com\\\/hu\\\/author\\\/desarrollo\\\/\"}]}<\/script>\n<!-- \/ Yoast SEO plugin. -->","yoast_head_json":{"title":"A Valenciai r\u00e9gi\u00f3 aut\u00f3ipari klasztere meghaladja a sz\u00e1z tagot, \u00e9s hozz\u00e1j\u00e1rul a GDP 12% -\u00e1hoz. - Grupo Segura","robots":{"index":"index","follow":"follow","max-snippet":"max-snippet:-1","max-image-preview":"max-image-preview:large","max-video-preview":"max-video-preview:-1"},"canonical":"https:\/\/www.fsegura.com\/hu\/a-valenciai-regio-autoipari-klasztere-meghaladja-a-szaz-tagot-es-hozzajarul-a-gdp-12-ahoz\/","og_locale":"hu_HU","og_type":"article","og_title":"A Valenciai r\u00e9gi\u00f3 aut\u00f3ipari klasztere meghaladja a sz\u00e1z tagot, \u00e9s hozz\u00e1j\u00e1rul a GDP 12% -\u00e1hoz. - Grupo Segura","og_description":"Interj\u00fa Francisco Segur\u00e1val. A Valenciai R\u00e9gi\u00f3 G\u00e9pj\u00e1rm\u0171ipari Klasztere (AVIA) nemr\u00e9g haladta meg a sz\u00e1z tagot, ami az eg\u00e9sz R\u00e9gi\u00f3 ipari szektor\u00e1nak legmagasabb k\u00e9pviselet\u00e9v\u00e9 teszi. AVIA Hallgasd meg az AVIA sz\u00f3viv\u0151j\u00e9vel, Paco Segur\u00e1val folytatott teljes interj\u00fat. CADENA SER","og_url":"https:\/\/www.fsegura.com\/hu\/a-valenciai-regio-autoipari-klasztere-meghaladja-a-szaz-tagot-es-hozzajarul-a-gdp-12-ahoz\/","og_site_name":"Grupo Segura","article_published_time":"2018-04-23T09:11:26+00:00","og_image":[{"width":2000,"height":1335,"url":"https:\/\/www.fsegura.com\/wp-content\/uploads\/2025\/11\/AVIA_2017_003.jpg","type":"image\/jpeg"}],"author":"desarrollo","twitter_card":"summary_large_image","twitter_misc":{"Szerz\u0151:":"desarrollo"},"schema":{"@context":"https:\/\/schema.org","@graph":[{"@type":"Article","@id":"https:\/\/www.fsegura.com\/hu\/a-valenciai-regio-autoipari-klasztere-meghaladja-a-szaz-tagot-es-hozzajarul-a-gdp-12-ahoz\/#article","isPartOf":{"@id":"https:\/\/www.fsegura.com\/hu\/a-valenciai-regio-autoipari-klasztere-meghaladja-a-szaz-tagot-es-hozzajarul-a-gdp-12-ahoz\/"},"author":{"name":"desarrollo","@id":"https:\/\/www.fsegura.com\/hu\/#\/schema\/person\/cf9d1abe35e7e038ac092685669e6ae5"},"headline":"A Valenciai r\u00e9gi\u00f3 aut\u00f3ipari klasztere meghaladja a sz\u00e1z tagot, \u00e9s hozz\u00e1j\u00e1rul a GDP 12% -\u00e1hoz.","datePublished":"2018-04-23T09:11:26+00:00","mainEntityOfPage":{"@id":"https:\/\/www.fsegura.com\/hu\/a-valenciai-regio-autoipari-klasztere-meghaladja-a-szaz-tagot-es-hozzajarul-a-gdp-12-ahoz\/"},"wordCount":74,"commentCount":0,"publisher":{"@id":"https:\/\/www.fsegura.com\/hu\/#organization"},"image":{"@id":"https:\/\/www.fsegura.com\/hu\/a-valenciai-regio-autoipari-klasztere-meghaladja-a-szaz-tagot-es-hozzajarul-a-gdp-12-ahoz\/#primaryimage"},"thumbnailUrl":"https:\/\/www.fsegura.com\/wp-content\/uploads\/2025\/11\/AVIA_2017_003.jpg","articleSection":["Sin categorizar"],"inLanguage":"hu","potentialAction":[{"@type":"CommentAction","name":"Comment","target":["https:\/\/www.fsegura.com\/hu\/a-valenciai-regio-autoipari-klasztere-meghaladja-a-szaz-tagot-es-hozzajarul-a-gdp-12-ahoz\/#respond"]}]},{"@type":"WebPage","@id":"https:\/\/www.fsegura.com\/hu\/a-valenciai-regio-autoipari-klasztere-meghaladja-a-szaz-tagot-es-hozzajarul-a-gdp-12-ahoz\/","url":"https:\/\/www.fsegura.com\/hu\/a-valenciai-regio-autoipari-klasztere-meghaladja-a-szaz-tagot-es-hozzajarul-a-gdp-12-ahoz\/","name":"A Valenciai r\u00e9gi\u00f3 aut\u00f3ipari klasztere meghaladja a sz\u00e1z tagot, \u00e9s hozz\u00e1j\u00e1rul a GDP 12% -\u00e1hoz. - Grupo Segura","isPartOf":{"@id":"https:\/\/www.fsegura.com\/hu\/#website"},"primaryImageOfPage":{"@id":"https:\/\/www.fsegura.com\/hu\/a-valenciai-regio-autoipari-klasztere-meghaladja-a-szaz-tagot-es-hozzajarul-a-gdp-12-ahoz\/#primaryimage"},"image":{"@id":"https:\/\/www.fsegura.com\/hu\/a-valenciai-regio-autoipari-klasztere-meghaladja-a-szaz-tagot-es-hozzajarul-a-gdp-12-ahoz\/#primaryimage"},"thumbnailUrl":"https:\/\/www.fsegura.com\/wp-content\/uploads\/2025\/11\/AVIA_2017_003.jpg","datePublished":"2018-04-23T09:11:26+00:00","breadcrumb":{"@id":"https:\/\/www.fsegura.com\/hu\/a-valenciai-regio-autoipari-klasztere-meghaladja-a-szaz-tagot-es-hozzajarul-a-gdp-12-ahoz\/#breadcrumb"},"inLanguage":"hu","potentialAction":[{"@type":"ReadAction","target":["https:\/\/www.fsegura.com\/hu\/a-valenciai-regio-autoipari-klasztere-meghaladja-a-szaz-tagot-es-hozzajarul-a-gdp-12-ahoz\/"]}]},{"@type":"ImageObject","inLanguage":"hu","@id":"https:\/\/www.fsegura.com\/hu\/a-valenciai-regio-autoipari-klasztere-meghaladja-a-szaz-tagot-es-hozzajarul-a-gdp-12-ahoz\/#primaryimage","url":"https:\/\/www.fsegura.com\/wp-content\/uploads\/2025\/11\/AVIA_2017_003.jpg","contentUrl":"https:\/\/www.fsegura.com\/wp-content\/uploads\/2025\/11\/AVIA_2017_003.jpg","width":2000,"height":1335,"caption":"AVIA_2017_003"},{"@type":"BreadcrumbList","@id":"https:\/\/www.fsegura.com\/hu\/a-valenciai-regio-autoipari-klasztere-meghaladja-a-szaz-tagot-es-hozzajarul-a-gdp-12-ahoz\/#breadcrumb","itemListElement":[{"@type":"ListItem","position":1,"name":"Portada","item":"https:\/\/www.fsegura.com\/hu\/"},{"@type":"ListItem","position":2,"name":"A Valenciai r\u00e9gi\u00f3 aut\u00f3ipari klasztere meghaladja a sz\u00e1z tagot, \u00e9s hozz\u00e1j\u00e1rul a GDP 12% -\u00e1hoz."}]},{"@type":"WebSite","@id":"https:\/\/www.fsegura.com\/hu\/#website","url":"https:\/\/www.fsegura.com\/hu\/","name":"Grupo Segura","description":"Partner global para componentes de la automoci\u00f3n","publisher":{"@id":"https:\/\/www.fsegura.com\/hu\/#organization"},"potentialAction":[{"@type":"SearchAction","target":{"@type":"EntryPoint","urlTemplate":"https:\/\/www.fsegura.com\/hu\/?s={search_term_string}"},"query-input":{"@type":"PropertyValueSpecification","valueRequired":true,"valueName":"search_term_string"}}],"inLanguage":"hu"},{"@type":"Organization","@id":"https:\/\/www.fsegura.com\/hu\/#organization","name":"Grupo Segura","url":"https:\/\/www.fsegura.com\/hu\/","logo":{"@type":"ImageObject","inLanguage":"hu","@id":"https:\/\/www.fsegura.com\/hu\/#\/schema\/logo\/image\/","url":"https:\/\/www.fsegura.com\/wp-content\/uploads\/2025\/09\/grupo-segura.jpg","contentUrl":"https:\/\/www.fsegura.com\/wp-content\/uploads\/2025\/09\/grupo-segura.jpg","width":458,"height":136,"caption":"Grupo Segura"},"image":{"@id":"https:\/\/www.fsegura.com\/hu\/#\/schema\/logo\/image\/"}},{"@type":"Person","@id":"https:\/\/www.fsegura.com\/hu\/#\/schema\/person\/cf9d1abe35e7e038ac092685669e6ae5","name":"desarrollo","image":{"@type":"ImageObject","inLanguage":"hu","@id":"https:\/\/secure.gravatar.com\/avatar\/3b02f34f0ea5a10bc44d1813e23e909e4ef6fd1c0c78c7eed6d094a646af2836?s=96&d=mm&r=g","url":"https:\/\/secure.gravatar.com\/avatar\/3b02f34f0ea5a10bc44d1813e23e909e4ef6fd1c0c78c7eed6d094a646af2836?s=96&d=mm&r=g","contentUrl":"https:\/\/secure.gravatar.com\/avatar\/3b02f34f0ea5a10bc44d1813e23e909e4ef6fd1c0c78c7eed6d094a646af2836?s=96&d=mm&r=g","caption":"desarrollo"},"sameAs":["https:\/\/www.fsegura.com"],"url":"https:\/\/www.fsegura.com\/hu\/author\/desarrollo\/"}]}},"_links":{"self":[{"href":"https:\/\/www.fsegura.com\/hu\/wp-json\/wp\/v2\/posts\/5578","targetHints":{"allow":["GET"]}}],"collection":[{"href":"https:\/\/www.fsegura.com\/hu\/wp-json\/wp\/v2\/posts"}],"about":[{"href":"https:\/\/www.fsegura.com\/hu\/wp-json\/wp\/v2\/types\/post"}],"author":[{"embeddable":true,"href":"https:\/\/www.fsegura.com\/hu\/wp-json\/wp\/v2\/users\/1"}],"replies":[{"embeddable":true,"href":"https:\/\/www.fsegura.com\/hu\/wp-json\/wp\/v2\/comments?post=5578"}],"version-history":[{"count":0,"href":"https:\/\/www.fsegura.com\/hu\/wp-json\/wp\/v2\/posts\/5578\/revisions"}],"wp:featuredmedia":[{"embeddable":true,"href":"https:\/\/www.fsegura.com\/hu\/wp-json\/wp\/v2\/media\/5404"}],"wp:attachment":[{"href":"https:\/\/www.fsegura.com\/hu\/wp-json\/wp\/v2\/media?parent=5578"}],"wp:term":[{"taxonomy":"category","embeddable":true,"href":"https:\/\/www.fsegura.com\/hu\/wp-json\/wp\/v2\/categories?post=5578"},{"taxonomy":"post_tag","embeddable":true,"href":"https:\/\/www.fsegura.com\/hu\/wp-json\/wp\/v2\/tags?post=5578"}],"curies":[{"name":"wp","href":"https:\/\/api.w.org\/{rel}","templated":true}]}}