{"id":5582,"date":"2018-07-12T09:17:49","date_gmt":"2018-07-12T09:17:49","guid":{"rendered":"https:\/\/www.fsegura.com\/2018\/07\/12\/verseghy-gimnazium-szolnok\/"},"modified":"2018-07-12T09:17:49","modified_gmt":"2018-07-12T09:17:49","slug":"verseghy-gimnazium-szolnok","status":"publish","type":"post","link":"https:\/\/www.fsegura.com\/hu\/verseghy-gimnazium-szolnok\/","title":{"rendered":"Verseghy Gimn\u00e1zium.Szolnok"},"content":{"rendered":"<p>A m\u00falt h\u00e9t folyam\u00e1n \u00f6r\u00f6mmel fogadtuk Valenci\u00e1ban a szolnoki Verseghy Gimn\u00e1zium els\u0151 spanyol \u00e9vfolyam spanyol verseny\u00e9nek gy\u0151ztes\u00e9t, Ber\u00e9nyi Fannit, aki spanyol tan\u00e1rn\u0151je, Valyon Eszter k\u00eds\u00e9ret\u00e9ben utazott el hozz\u00e1nk.<\/p>\n<p><a href=\"https:\/\/www.fsegura.com\/wp-content\/uploads\/2018\/07\/1er-concurso_16.jpg\"><img fetchpriority=\"high\" decoding=\"async\" class=\"alignnone wp-image-7176 size-medium\" src=\"https:\/\/www.fsegura.com\/wp-content\/uploads\/2018\/07\/1er-concurso_16-300x225.jpg\" alt=\"\" width=\"300\" height=\"225\" \/><\/a><\/p>\n<p>Valenciai tart\u00f3zkod\u00e1suk ideje alatt lehet\u0151s\u00e9g\u00fck ny\u00edlt megismerkedni c\u00e9g\u00fcnk tev\u00e9kenys\u00e9g\u00e9vel, ahol megl\u00e1togatt\u00e1k burjassoti \u00e9s almussafesi gy\u00e1rainkat, valamint paternai Technol\u00f3giai Parkban elhelyezked\u0151 sz\u00e9khely\u00fcnket.<\/p>\n<p>Term\u00e9szetesen \u00e9lvezhett\u00e9k fantasztikus gasztron\u00f3mi\u00e1nkat is, \u00e9s ell\u00e1togathattak v\u00e1rosunk legnevesebb l\u00e1tv\u00e1nyoss\u00e1gaira.<\/p>\n<p><a href=\"https:\/\/www.fsegura.com\/wp-content\/uploads\/2018\/07\/34D70F3D.jpeg\"><img decoding=\"async\" class=\"alignnone wp-image-7177 size-medium\" src=\"https:\/\/www.fsegura.com\/wp-content\/uploads\/2018\/07\/34D70F3D-300x169.jpeg\" alt=\"\" width=\"300\" height=\"169\" \/><\/a><\/p>\n<p>Ez a kezdem\u00e9nyez\u00e9s a Grupo Segura t\u00e1rsadalmi elk\u00f6telezetts\u00e9gi \u00e9s felel\u0151ss\u00e9gv\u00e1llal\u00e1si politik\u00e1j\u00e1nak egy r\u00e9sze, mellyel c\u00e9lunk a k\u00f6z\u00f6ss\u00e9gek fejl\u0151d\u00e9s\u00e9nek t\u00e1mogat\u00e1sa szervezet\u00fcnk \u00e9rt\u00e9keinek megfelel\u0151en.<\/p>\n<p>&nbsp;<\/p>\n<p>&nbsp;<\/p>\n","protected":false},"excerpt":{"rendered":"<p>A m\u00falt h\u00e9t folyam\u00e1n \u00f6r\u00f6mmel fogadtuk Valenci\u00e1ban a szolnoki Verseghy Gimn\u00e1zium els\u0151 spanyol \u00e9vfolyam spanyol verseny\u00e9nek gy\u0151ztes\u00e9t, Ber\u00e9nyi Fannit, aki spanyol tan\u00e1rn\u0151je, Valyon Eszter k\u00eds\u00e9ret\u00e9ben utazott el hozz\u00e1nk. Valenciai tart\u00f3zkod\u00e1suk ideje alatt lehet\u0151s\u00e9g\u00fck ny\u00edlt megismerkedni c\u00e9g\u00fcnk tev\u00e9kenys\u00e9g\u00e9vel, ahol megl\u00e1togatt\u00e1k burjassoti \u00e9s almussafesi gy\u00e1rainkat, valamint paternai Technol\u00f3giai Parkban elhelyezked\u0151 sz\u00e9khely\u00fcnket. Term\u00e9szetesen \u00e9lvezhett\u00e9k fantasztikus gasztron\u00f3mi\u00e1nkat is, \u00e9s [&hellip;]<\/p>\n","protected":false},"author":1,"featured_media":5413,"comment_status":"open","ping_status":"open","sticky":false,"template":"","format":"standard","meta":{"_acf_changed":false,"_eb_attr":"","footnotes":""},"categories":[1],"tags":[],"class_list":["post-5582","post","type-post","status-publish","format-standard","has-post-thumbnail","hentry","category-sin-categorizar"],"acf":[],"yoast_head":"<!-- This site is optimized with the Yoast SEO plugin v27.4 - https:\/\/yoast.com\/product\/yoast-seo-wordpress\/ -->\n<title>Verseghy Gimn\u00e1zium.Szolnok - Grupo Segura<\/title>\n<meta name=\"robots\" content=\"index, follow, max-snippet:-1, max-image-preview:large, max-video-preview:-1\" \/>\n<link rel=\"canonical\" href=\"https:\/\/www.fsegura.com\/hu\/verseghy-gimnazium-szolnok\/\" \/>\n<meta property=\"og:locale\" content=\"hu_HU\" \/>\n<meta property=\"og:type\" content=\"article\" \/>\n<meta property=\"og:title\" content=\"Verseghy Gimn\u00e1zium.Szolnok - Grupo Segura\" \/>\n<meta property=\"og:description\" content=\"A m\u00falt h\u00e9t folyam\u00e1n \u00f6r\u00f6mmel fogadtuk Valenci\u00e1ban a szolnoki Verseghy Gimn\u00e1zium els\u0151 spanyol \u00e9vfolyam spanyol verseny\u00e9nek gy\u0151ztes\u00e9t, Ber\u00e9nyi Fannit, aki spanyol tan\u00e1rn\u0151je, Valyon Eszter k\u00eds\u00e9ret\u00e9ben utazott el hozz\u00e1nk. Valenciai tart\u00f3zkod\u00e1suk ideje alatt lehet\u0151s\u00e9g\u00fck ny\u00edlt megismerkedni c\u00e9g\u00fcnk tev\u00e9kenys\u00e9g\u00e9vel, ahol megl\u00e1togatt\u00e1k burjassoti \u00e9s almussafesi gy\u00e1rainkat, valamint paternai Technol\u00f3giai Parkban elhelyezked\u0151 sz\u00e9khely\u00fcnket. Term\u00e9szetesen \u00e9lvezhett\u00e9k fantasztikus gasztron\u00f3mi\u00e1nkat is, \u00e9s [&hellip;]\" \/>\n<meta property=\"og:url\" content=\"https:\/\/www.fsegura.com\/hu\/verseghy-gimnazium-szolnok\/\" \/>\n<meta property=\"og:site_name\" content=\"Grupo Segura\" \/>\n<meta property=\"article:published_time\" content=\"2018-07-12T09:17:49+00:00\" \/>\n<meta property=\"og:image\" content=\"https:\/\/www.fsegura.com\/wp-content\/uploads\/2025\/11\/Sala-con-alumnos-scaled.jpg\" \/>\n\t<meta property=\"og:image:width\" content=\"2560\" \/>\n\t<meta property=\"og:image:height\" content=\"1920\" \/>\n\t<meta property=\"og:image:type\" content=\"image\/jpeg\" \/>\n<meta name=\"author\" content=\"desarrollo\" \/>\n<meta name=\"twitter:card\" content=\"summary_large_image\" \/>\n<meta name=\"twitter:label1\" content=\"Szerz\u0151:\" \/>\n\t<meta name=\"twitter:data1\" content=\"desarrollo\" \/>\n\t<meta name=\"twitter:label2\" content=\"Becs\u00fclt olvas\u00e1si id\u0151\" \/>\n\t<meta name=\"twitter:data2\" content=\"1 perc\" \/>\n<script type=\"application\/ld+json\" class=\"yoast-schema-graph\">{\"@context\":\"https:\\\/\\\/schema.org\",\"@graph\":[{\"@type\":\"Article\",\"@id\":\"https:\\\/\\\/www.fsegura.com\\\/hu\\\/verseghy-gimnazium-szolnok\\\/#article\",\"isPartOf\":{\"@id\":\"https:\\\/\\\/www.fsegura.com\\\/hu\\\/verseghy-gimnazium-szolnok\\\/\"},\"author\":{\"name\":\"desarrollo\",\"@id\":\"https:\\\/\\\/www.fsegura.com\\\/hu\\\/#\\\/schema\\\/person\\\/cf9d1abe35e7e038ac092685669e6ae5\"},\"headline\":\"Verseghy Gimn\u00e1zium.Szolnok\",\"datePublished\":\"2018-07-12T09:17:49+00:00\",\"mainEntityOfPage\":{\"@id\":\"https:\\\/\\\/www.fsegura.com\\\/hu\\\/verseghy-gimnazium-szolnok\\\/\"},\"wordCount\":153,\"commentCount\":0,\"publisher\":{\"@id\":\"https:\\\/\\\/www.fsegura.com\\\/hu\\\/#organization\"},\"image\":{\"@id\":\"https:\\\/\\\/www.fsegura.com\\\/hu\\\/verseghy-gimnazium-szolnok\\\/#primaryimage\"},\"thumbnailUrl\":\"https:\\\/\\\/www.fsegura.com\\\/wp-content\\\/uploads\\\/2025\\\/11\\\/Sala-con-alumnos-scaled.jpg\",\"articleSection\":[\"Sin categorizar\"],\"inLanguage\":\"hu\",\"potentialAction\":[{\"@type\":\"CommentAction\",\"name\":\"Comment\",\"target\":[\"https:\\\/\\\/www.fsegura.com\\\/hu\\\/verseghy-gimnazium-szolnok\\\/#respond\"]}]},{\"@type\":\"WebPage\",\"@id\":\"https:\\\/\\\/www.fsegura.com\\\/hu\\\/verseghy-gimnazium-szolnok\\\/\",\"url\":\"https:\\\/\\\/www.fsegura.com\\\/hu\\\/verseghy-gimnazium-szolnok\\\/\",\"name\":\"Verseghy Gimn\u00e1zium.Szolnok - Grupo Segura\",\"isPartOf\":{\"@id\":\"https:\\\/\\\/www.fsegura.com\\\/hu\\\/#website\"},\"primaryImageOfPage\":{\"@id\":\"https:\\\/\\\/www.fsegura.com\\\/hu\\\/verseghy-gimnazium-szolnok\\\/#primaryimage\"},\"image\":{\"@id\":\"https:\\\/\\\/www.fsegura.com\\\/hu\\\/verseghy-gimnazium-szolnok\\\/#primaryimage\"},\"thumbnailUrl\":\"https:\\\/\\\/www.fsegura.com\\\/wp-content\\\/uploads\\\/2025\\\/11\\\/Sala-con-alumnos-scaled.jpg\",\"datePublished\":\"2018-07-12T09:17:49+00:00\",\"breadcrumb\":{\"@id\":\"https:\\\/\\\/www.fsegura.com\\\/hu\\\/verseghy-gimnazium-szolnok\\\/#breadcrumb\"},\"inLanguage\":\"hu\",\"potentialAction\":[{\"@type\":\"ReadAction\",\"target\":[\"https:\\\/\\\/www.fsegura.com\\\/hu\\\/verseghy-gimnazium-szolnok\\\/\"]}]},{\"@type\":\"ImageObject\",\"inLanguage\":\"hu\",\"@id\":\"https:\\\/\\\/www.fsegura.com\\\/hu\\\/verseghy-gimnazium-szolnok\\\/#primaryimage\",\"url\":\"https:\\\/\\\/www.fsegura.com\\\/wp-content\\\/uploads\\\/2025\\\/11\\\/Sala-con-alumnos-scaled.jpg\",\"contentUrl\":\"https:\\\/\\\/www.fsegura.com\\\/wp-content\\\/uploads\\\/2025\\\/11\\\/Sala-con-alumnos-scaled.jpg\",\"width\":2560,\"height\":1920,\"caption\":\"Sala-con-alumnos\"},{\"@type\":\"BreadcrumbList\",\"@id\":\"https:\\\/\\\/www.fsegura.com\\\/hu\\\/verseghy-gimnazium-szolnok\\\/#breadcrumb\",\"itemListElement\":[{\"@type\":\"ListItem\",\"position\":1,\"name\":\"Portada\",\"item\":\"https:\\\/\\\/www.fsegura.com\\\/hu\\\/\"},{\"@type\":\"ListItem\",\"position\":2,\"name\":\"Verseghy Gimn\u00e1zium.Szolnok\"}]},{\"@type\":\"WebSite\",\"@id\":\"https:\\\/\\\/www.fsegura.com\\\/hu\\\/#website\",\"url\":\"https:\\\/\\\/www.fsegura.com\\\/hu\\\/\",\"name\":\"Grupo Segura\",\"description\":\"Partner global para componentes de la automoci\u00f3n\",\"publisher\":{\"@id\":\"https:\\\/\\\/www.fsegura.com\\\/hu\\\/#organization\"},\"potentialAction\":[{\"@type\":\"SearchAction\",\"target\":{\"@type\":\"EntryPoint\",\"urlTemplate\":\"https:\\\/\\\/www.fsegura.com\\\/hu\\\/?s={search_term_string}\"},\"query-input\":{\"@type\":\"PropertyValueSpecification\",\"valueRequired\":true,\"valueName\":\"search_term_string\"}}],\"inLanguage\":\"hu\"},{\"@type\":\"Organization\",\"@id\":\"https:\\\/\\\/www.fsegura.com\\\/hu\\\/#organization\",\"name\":\"Grupo Segura\",\"url\":\"https:\\\/\\\/www.fsegura.com\\\/hu\\\/\",\"logo\":{\"@type\":\"ImageObject\",\"inLanguage\":\"hu\",\"@id\":\"https:\\\/\\\/www.fsegura.com\\\/hu\\\/#\\\/schema\\\/logo\\\/image\\\/\",\"url\":\"https:\\\/\\\/www.fsegura.com\\\/wp-content\\\/uploads\\\/2025\\\/09\\\/grupo-segura.jpg\",\"contentUrl\":\"https:\\\/\\\/www.fsegura.com\\\/wp-content\\\/uploads\\\/2025\\\/09\\\/grupo-segura.jpg\",\"width\":458,\"height\":136,\"caption\":\"Grupo Segura\"},\"image\":{\"@id\":\"https:\\\/\\\/www.fsegura.com\\\/hu\\\/#\\\/schema\\\/logo\\\/image\\\/\"}},{\"@type\":\"Person\",\"@id\":\"https:\\\/\\\/www.fsegura.com\\\/hu\\\/#\\\/schema\\\/person\\\/cf9d1abe35e7e038ac092685669e6ae5\",\"name\":\"desarrollo\",\"image\":{\"@type\":\"ImageObject\",\"inLanguage\":\"hu\",\"@id\":\"https:\\\/\\\/secure.gravatar.com\\\/avatar\\\/3b02f34f0ea5a10bc44d1813e23e909e4ef6fd1c0c78c7eed6d094a646af2836?s=96&d=mm&r=g\",\"url\":\"https:\\\/\\\/secure.gravatar.com\\\/avatar\\\/3b02f34f0ea5a10bc44d1813e23e909e4ef6fd1c0c78c7eed6d094a646af2836?s=96&d=mm&r=g\",\"contentUrl\":\"https:\\\/\\\/secure.gravatar.com\\\/avatar\\\/3b02f34f0ea5a10bc44d1813e23e909e4ef6fd1c0c78c7eed6d094a646af2836?s=96&d=mm&r=g\",\"caption\":\"desarrollo\"},\"sameAs\":[\"https:\\\/\\\/www.fsegura.com\"],\"url\":\"https:\\\/\\\/www.fsegura.com\\\/hu\\\/author\\\/desarrollo\\\/\"}]}<\/script>\n<!-- \/ Yoast SEO plugin. -->","yoast_head_json":{"title":"Verseghy Gimn\u00e1zium.Szolnok - Grupo Segura","robots":{"index":"index","follow":"follow","max-snippet":"max-snippet:-1","max-image-preview":"max-image-preview:large","max-video-preview":"max-video-preview:-1"},"canonical":"https:\/\/www.fsegura.com\/hu\/verseghy-gimnazium-szolnok\/","og_locale":"hu_HU","og_type":"article","og_title":"Verseghy Gimn\u00e1zium.Szolnok - Grupo Segura","og_description":"A m\u00falt h\u00e9t folyam\u00e1n \u00f6r\u00f6mmel fogadtuk Valenci\u00e1ban a szolnoki Verseghy Gimn\u00e1zium els\u0151 spanyol \u00e9vfolyam spanyol verseny\u00e9nek gy\u0151ztes\u00e9t, Ber\u00e9nyi Fannit, aki spanyol tan\u00e1rn\u0151je, Valyon Eszter k\u00eds\u00e9ret\u00e9ben utazott el hozz\u00e1nk. Valenciai tart\u00f3zkod\u00e1suk ideje alatt lehet\u0151s\u00e9g\u00fck ny\u00edlt megismerkedni c\u00e9g\u00fcnk tev\u00e9kenys\u00e9g\u00e9vel, ahol megl\u00e1togatt\u00e1k burjassoti \u00e9s almussafesi gy\u00e1rainkat, valamint paternai Technol\u00f3giai Parkban elhelyezked\u0151 sz\u00e9khely\u00fcnket. Term\u00e9szetesen \u00e9lvezhett\u00e9k fantasztikus gasztron\u00f3mi\u00e1nkat is, \u00e9s [&hellip;]","og_url":"https:\/\/www.fsegura.com\/hu\/verseghy-gimnazium-szolnok\/","og_site_name":"Grupo Segura","article_published_time":"2018-07-12T09:17:49+00:00","og_image":[{"width":2560,"height":1920,"url":"https:\/\/www.fsegura.com\/wp-content\/uploads\/2025\/11\/Sala-con-alumnos-scaled.jpg","type":"image\/jpeg"}],"author":"desarrollo","twitter_card":"summary_large_image","twitter_misc":{"Szerz\u0151:":"desarrollo","Becs\u00fclt olvas\u00e1si id\u0151":"1 perc"},"schema":{"@context":"https:\/\/schema.org","@graph":[{"@type":"Article","@id":"https:\/\/www.fsegura.com\/hu\/verseghy-gimnazium-szolnok\/#article","isPartOf":{"@id":"https:\/\/www.fsegura.com\/hu\/verseghy-gimnazium-szolnok\/"},"author":{"name":"desarrollo","@id":"https:\/\/www.fsegura.com\/hu\/#\/schema\/person\/cf9d1abe35e7e038ac092685669e6ae5"},"headline":"Verseghy Gimn\u00e1zium.Szolnok","datePublished":"2018-07-12T09:17:49+00:00","mainEntityOfPage":{"@id":"https:\/\/www.fsegura.com\/hu\/verseghy-gimnazium-szolnok\/"},"wordCount":153,"commentCount":0,"publisher":{"@id":"https:\/\/www.fsegura.com\/hu\/#organization"},"image":{"@id":"https:\/\/www.fsegura.com\/hu\/verseghy-gimnazium-szolnok\/#primaryimage"},"thumbnailUrl":"https:\/\/www.fsegura.com\/wp-content\/uploads\/2025\/11\/Sala-con-alumnos-scaled.jpg","articleSection":["Sin categorizar"],"inLanguage":"hu","potentialAction":[{"@type":"CommentAction","name":"Comment","target":["https:\/\/www.fsegura.com\/hu\/verseghy-gimnazium-szolnok\/#respond"]}]},{"@type":"WebPage","@id":"https:\/\/www.fsegura.com\/hu\/verseghy-gimnazium-szolnok\/","url":"https:\/\/www.fsegura.com\/hu\/verseghy-gimnazium-szolnok\/","name":"Verseghy Gimn\u00e1zium.Szolnok - Grupo Segura","isPartOf":{"@id":"https:\/\/www.fsegura.com\/hu\/#website"},"primaryImageOfPage":{"@id":"https:\/\/www.fsegura.com\/hu\/verseghy-gimnazium-szolnok\/#primaryimage"},"image":{"@id":"https:\/\/www.fsegura.com\/hu\/verseghy-gimnazium-szolnok\/#primaryimage"},"thumbnailUrl":"https:\/\/www.fsegura.com\/wp-content\/uploads\/2025\/11\/Sala-con-alumnos-scaled.jpg","datePublished":"2018-07-12T09:17:49+00:00","breadcrumb":{"@id":"https:\/\/www.fsegura.com\/hu\/verseghy-gimnazium-szolnok\/#breadcrumb"},"inLanguage":"hu","potentialAction":[{"@type":"ReadAction","target":["https:\/\/www.fsegura.com\/hu\/verseghy-gimnazium-szolnok\/"]}]},{"@type":"ImageObject","inLanguage":"hu","@id":"https:\/\/www.fsegura.com\/hu\/verseghy-gimnazium-szolnok\/#primaryimage","url":"https:\/\/www.fsegura.com\/wp-content\/uploads\/2025\/11\/Sala-con-alumnos-scaled.jpg","contentUrl":"https:\/\/www.fsegura.com\/wp-content\/uploads\/2025\/11\/Sala-con-alumnos-scaled.jpg","width":2560,"height":1920,"caption":"Sala-con-alumnos"},{"@type":"BreadcrumbList","@id":"https:\/\/www.fsegura.com\/hu\/verseghy-gimnazium-szolnok\/#breadcrumb","itemListElement":[{"@type":"ListItem","position":1,"name":"Portada","item":"https:\/\/www.fsegura.com\/hu\/"},{"@type":"ListItem","position":2,"name":"Verseghy Gimn\u00e1zium.Szolnok"}]},{"@type":"WebSite","@id":"https:\/\/www.fsegura.com\/hu\/#website","url":"https:\/\/www.fsegura.com\/hu\/","name":"Grupo Segura","description":"Partner global para componentes de la automoci\u00f3n","publisher":{"@id":"https:\/\/www.fsegura.com\/hu\/#organization"},"potentialAction":[{"@type":"SearchAction","target":{"@type":"EntryPoint","urlTemplate":"https:\/\/www.fsegura.com\/hu\/?s={search_term_string}"},"query-input":{"@type":"PropertyValueSpecification","valueRequired":true,"valueName":"search_term_string"}}],"inLanguage":"hu"},{"@type":"Organization","@id":"https:\/\/www.fsegura.com\/hu\/#organization","name":"Grupo Segura","url":"https:\/\/www.fsegura.com\/hu\/","logo":{"@type":"ImageObject","inLanguage":"hu","@id":"https:\/\/www.fsegura.com\/hu\/#\/schema\/logo\/image\/","url":"https:\/\/www.fsegura.com\/wp-content\/uploads\/2025\/09\/grupo-segura.jpg","contentUrl":"https:\/\/www.fsegura.com\/wp-content\/uploads\/2025\/09\/grupo-segura.jpg","width":458,"height":136,"caption":"Grupo Segura"},"image":{"@id":"https:\/\/www.fsegura.com\/hu\/#\/schema\/logo\/image\/"}},{"@type":"Person","@id":"https:\/\/www.fsegura.com\/hu\/#\/schema\/person\/cf9d1abe35e7e038ac092685669e6ae5","name":"desarrollo","image":{"@type":"ImageObject","inLanguage":"hu","@id":"https:\/\/secure.gravatar.com\/avatar\/3b02f34f0ea5a10bc44d1813e23e909e4ef6fd1c0c78c7eed6d094a646af2836?s=96&d=mm&r=g","url":"https:\/\/secure.gravatar.com\/avatar\/3b02f34f0ea5a10bc44d1813e23e909e4ef6fd1c0c78c7eed6d094a646af2836?s=96&d=mm&r=g","contentUrl":"https:\/\/secure.gravatar.com\/avatar\/3b02f34f0ea5a10bc44d1813e23e909e4ef6fd1c0c78c7eed6d094a646af2836?s=96&d=mm&r=g","caption":"desarrollo"},"sameAs":["https:\/\/www.fsegura.com"],"url":"https:\/\/www.fsegura.com\/hu\/author\/desarrollo\/"}]}},"_links":{"self":[{"href":"https:\/\/www.fsegura.com\/hu\/wp-json\/wp\/v2\/posts\/5582","targetHints":{"allow":["GET"]}}],"collection":[{"href":"https:\/\/www.fsegura.com\/hu\/wp-json\/wp\/v2\/posts"}],"about":[{"href":"https:\/\/www.fsegura.com\/hu\/wp-json\/wp\/v2\/types\/post"}],"author":[{"embeddable":true,"href":"https:\/\/www.fsegura.com\/hu\/wp-json\/wp\/v2\/users\/1"}],"replies":[{"embeddable":true,"href":"https:\/\/www.fsegura.com\/hu\/wp-json\/wp\/v2\/comments?post=5582"}],"version-history":[{"count":0,"href":"https:\/\/www.fsegura.com\/hu\/wp-json\/wp\/v2\/posts\/5582\/revisions"}],"wp:featuredmedia":[{"embeddable":true,"href":"https:\/\/www.fsegura.com\/hu\/wp-json\/wp\/v2\/media\/5413"}],"wp:attachment":[{"href":"https:\/\/www.fsegura.com\/hu\/wp-json\/wp\/v2\/media?parent=5582"}],"wp:term":[{"taxonomy":"category","embeddable":true,"href":"https:\/\/www.fsegura.com\/hu\/wp-json\/wp\/v2\/categories?post=5582"},{"taxonomy":"post_tag","embeddable":true,"href":"https:\/\/www.fsegura.com\/hu\/wp-json\/wp\/v2\/tags?post=5582"}],"curies":[{"name":"wp","href":"https:\/\/api.w.org\/{rel}","templated":true}]}}