{"id":5583,"date":"2018-07-20T14:11:58","date_gmt":"2018-07-20T14:11:58","guid":{"rendered":"https:\/\/www.fsegura.com\/2018\/07\/20\/a-magyar-erdemrend-lovagkeresztjenek-atadasa\/"},"modified":"2018-07-20T14:11:58","modified_gmt":"2018-07-20T14:11:58","slug":"a-magyar-erdemrend-lovagkeresztjenek-atadasa","status":"publish","type":"post","link":"https:\/\/www.fsegura.com\/hu\/a-magyar-erdemrend-lovagkeresztjenek-atadasa\/","title":{"rendered":"A Magyar \u00c9rdemrend Lovagkeresztj\u00e9nek \u00e1tad\u00e1sa."},"content":{"rendered":"<p>A magyar nemzeti \u00fcnnep alkalm\u00e1b\u00f3l, \u00c1der J\u00e1nos k\u00f6zt\u00e1rsas\u00e1gi eln\u00f6k megb\u00edz\u00e1s\u00e1b\u00f3l Gy\u0151ri Enik\u0151 nagyk\u00f6vet a Magyar \u00c9rdemrend Lovagkeresztj\u00e9t adta \u00e1t Manuel Montalb\u00e1nnak, a Grupo Segura Eln\u00f6k-helyettes\u00e9nek m\u00e1rcius 19-\u00e9n.<\/p>\n<p>Manuel Montalb\u00e1n a Grupo Segura-ban elt\u00f6lt\u00f6tt szakmai karriertev\u00e9kenys\u00e9ge sor\u00e1n kulcsszerepet j\u00e1tszott a csoport nemzetk\u00f6ziv\u00e9 v\u00e1l\u00e1s\u00e1ban \u00e9s a szolnoki gy\u00e1r \u00fczembe helyez\u00e9s\u00e9ben.<\/p>\n<p>A magyarorsz\u00e1gi kezdem\u00e9nyez\u00e9st Francisco Segura Segura csoport alap\u00edt\u00f3ja ir\u00e1ny\u00edt\u00e1s\u00e1val k\u00f6z\u00f6sen v\u00e9gezt\u00e9k, aki a Grupo Segura le\u00e1nyv\u00e1llalat\u00e1nak Eur\u00f3pa k\u00f6zpontj\u00e1ban t\u00f6rt\u00e9n\u0151 l\u00e9trehoz\u00e1sa mellett v\u00e9gig ki\u00e1llt.<\/p>\n<p>Magyarorsz\u00e1g mindenkor megfelelt n\u00f6veked\u00e9si ig\u00e9nyeinknek \u00e9s strat\u00e9giai kezdem\u00e9nyez\u00e9seinknek, \u00e9s folyamatos t\u00e1mogat\u00e1st ny\u00fajt a piaci er\u0151s poz\u00edci\u00f3ba ker\u00fcl\u00e9s\u00fcnk \u00e9rdek\u00e9ben, mindezt a leginnovat\u00edvabb \u00e9s \u00e9lvonalbeli technol\u00f3gi\u00e1k \u00e9s folyamatok alkalmaz\u00e1sa r\u00e9v\u00e9n.<\/p>\n<p>Ezen t\u00falmen\u0151en &#8211; \u00e9s a k\u00e9t kult\u00fara k\u00f6z\u00f6tti hidak \u00e9p\u00edt\u00e9s\u00e9re ir\u00e1nyul\u00f3 int\u00e9zked\u00e9seink keretein bel\u00fcl &#8211; Manuel Montalb\u00e1n a magyar kult\u00fara k\u00f6zel\u00edt\u00e9s\u00e9vel kapcsolatos sz\u00e1mos el\u0151mozd\u00edt\u00f3 tev\u00e9kenys\u00e9get folytatott, k\u00fcl\u00f6nb\u00f6z\u0151 gazdas\u00e1gi \u00e9s \u00fczleti f\u00f3rumokon vett akt\u00edvan r\u00e9szt, amellyel kiv\u00e1ltotta mind a spanyolorsz\u00e1gi magyar nagyk\u00f6vet, mind a k\u00fcl\u00f6nb\u00f6z\u0151 magyar hivatalos szervek m\u00e9ly tisztelet\u00e9t \u00e9s h\u00e1l\u00e1j\u00e1t.<\/p>\n<p>B\u00fcszk\u00e9k vagyunk arra, hogy csapatunkban sz\u00e1m\u00edthatunk r\u00e1.<\/p>\n<p><a href=\"https:\/\/www.fsegura.com\/wp-content\/uploads\/2018\/07\/mANUEL.jpg\"><img fetchpriority=\"high\" decoding=\"async\" class=\"alignnone wp-image-7233 size-medium\" src=\"https:\/\/www.fsegura.com\/wp-content\/uploads\/2018\/07\/mANUEL-225x300.jpg\" alt=\"\" width=\"225\" height=\"300\" \/><\/a><\/p>\n","protected":false},"excerpt":{"rendered":"<p>A magyar nemzeti \u00fcnnep alkalm\u00e1b\u00f3l, \u00c1der J\u00e1nos k\u00f6zt\u00e1rsas\u00e1gi eln\u00f6k megb\u00edz\u00e1s\u00e1b\u00f3l Gy\u0151ri Enik\u0151 nagyk\u00f6vet a Magyar \u00c9rdemrend Lovagkeresztj\u00e9t adta \u00e1t Manuel Montalb\u00e1nnak, a Grupo Segura Eln\u00f6k-helyettes\u00e9nek m\u00e1rcius 19-\u00e9n. Manuel Montalb\u00e1n a Grupo Segura-ban elt\u00f6lt\u00f6tt szakmai karriertev\u00e9kenys\u00e9ge sor\u00e1n kulcsszerepet j\u00e1tszott a csoport nemzetk\u00f6ziv\u00e9 v\u00e1l\u00e1s\u00e1ban \u00e9s a szolnoki gy\u00e1r \u00fczembe helyez\u00e9s\u00e9ben. A magyarorsz\u00e1gi kezdem\u00e9nyez\u00e9st Francisco Segura Segura csoport [&hellip;]<\/p>\n","protected":false},"author":1,"featured_media":5531,"comment_status":"open","ping_status":"open","sticky":false,"template":"","format":"standard","meta":{"_acf_changed":false,"_eb_attr":"","footnotes":""},"categories":[1],"tags":[],"class_list":["post-5583","post","type-post","status-publish","format-standard","has-post-thumbnail","hentry","category-sin-categorizar"],"acf":[],"yoast_head":"<!-- This site is optimized with the Yoast SEO plugin v27.4 - https:\/\/yoast.com\/product\/yoast-seo-wordpress\/ -->\n<title>A Magyar \u00c9rdemrend Lovagkeresztj\u00e9nek \u00e1tad\u00e1sa. - Grupo Segura<\/title>\n<meta name=\"robots\" content=\"index, follow, max-snippet:-1, max-image-preview:large, max-video-preview:-1\" \/>\n<link rel=\"canonical\" href=\"https:\/\/www.fsegura.com\/hu\/a-magyar-erdemrend-lovagkeresztjenek-atadasa\/\" \/>\n<meta property=\"og:locale\" content=\"hu_HU\" \/>\n<meta property=\"og:type\" content=\"article\" \/>\n<meta property=\"og:title\" content=\"A Magyar \u00c9rdemrend Lovagkeresztj\u00e9nek \u00e1tad\u00e1sa. - Grupo Segura\" \/>\n<meta property=\"og:description\" content=\"A magyar nemzeti \u00fcnnep alkalm\u00e1b\u00f3l, \u00c1der J\u00e1nos k\u00f6zt\u00e1rsas\u00e1gi eln\u00f6k megb\u00edz\u00e1s\u00e1b\u00f3l Gy\u0151ri Enik\u0151 nagyk\u00f6vet a Magyar \u00c9rdemrend Lovagkeresztj\u00e9t adta \u00e1t Manuel Montalb\u00e1nnak, a Grupo Segura Eln\u00f6k-helyettes\u00e9nek m\u00e1rcius 19-\u00e9n. Manuel Montalb\u00e1n a Grupo Segura-ban elt\u00f6lt\u00f6tt szakmai karriertev\u00e9kenys\u00e9ge sor\u00e1n kulcsszerepet j\u00e1tszott a csoport nemzetk\u00f6ziv\u00e9 v\u00e1l\u00e1s\u00e1ban \u00e9s a szolnoki gy\u00e1r \u00fczembe helyez\u00e9s\u00e9ben. A magyarorsz\u00e1gi kezdem\u00e9nyez\u00e9st Francisco Segura Segura csoport [&hellip;]\" \/>\n<meta property=\"og:url\" content=\"https:\/\/www.fsegura.com\/hu\/a-magyar-erdemrend-lovagkeresztjenek-atadasa\/\" \/>\n<meta property=\"og:site_name\" content=\"Grupo Segura\" \/>\n<meta property=\"article:published_time\" content=\"2018-07-20T14:11:58+00:00\" \/>\n<meta property=\"og:image\" content=\"https:\/\/www.fsegura.com\/wp-content\/uploads\/2025\/11\/MM2-2.jpg\" \/>\n\t<meta property=\"og:image:width\" content=\"1285\" \/>\n\t<meta property=\"og:image:height\" content=\"396\" \/>\n\t<meta property=\"og:image:type\" content=\"image\/jpeg\" \/>\n<meta name=\"author\" content=\"desarrollo\" \/>\n<meta name=\"twitter:card\" content=\"summary_large_image\" \/>\n<meta name=\"twitter:label1\" content=\"Szerz\u0151:\" \/>\n\t<meta name=\"twitter:data1\" content=\"desarrollo\" \/>\n\t<meta name=\"twitter:label2\" content=\"Becs\u00fclt olvas\u00e1si id\u0151\" \/>\n\t<meta name=\"twitter:data2\" content=\"1 perc\" \/>\n<script type=\"application\/ld+json\" class=\"yoast-schema-graph\">{\"@context\":\"https:\\\/\\\/schema.org\",\"@graph\":[{\"@type\":\"Article\",\"@id\":\"https:\\\/\\\/www.fsegura.com\\\/hu\\\/a-magyar-erdemrend-lovagkeresztjenek-atadasa\\\/#article\",\"isPartOf\":{\"@id\":\"https:\\\/\\\/www.fsegura.com\\\/hu\\\/a-magyar-erdemrend-lovagkeresztjenek-atadasa\\\/\"},\"author\":{\"name\":\"desarrollo\",\"@id\":\"https:\\\/\\\/www.fsegura.com\\\/hu\\\/#\\\/schema\\\/person\\\/cf9d1abe35e7e038ac092685669e6ae5\"},\"headline\":\"A Magyar \u00c9rdemrend Lovagkeresztj\u00e9nek \u00e1tad\u00e1sa.\",\"datePublished\":\"2018-07-20T14:11:58+00:00\",\"mainEntityOfPage\":{\"@id\":\"https:\\\/\\\/www.fsegura.com\\\/hu\\\/a-magyar-erdemrend-lovagkeresztjenek-atadasa\\\/\"},\"wordCount\":291,\"commentCount\":0,\"publisher\":{\"@id\":\"https:\\\/\\\/www.fsegura.com\\\/hu\\\/#organization\"},\"image\":{\"@id\":\"https:\\\/\\\/www.fsegura.com\\\/hu\\\/a-magyar-erdemrend-lovagkeresztjenek-atadasa\\\/#primaryimage\"},\"thumbnailUrl\":\"https:\\\/\\\/www.fsegura.com\\\/wp-content\\\/uploads\\\/2025\\\/11\\\/MM2-2.jpg\",\"articleSection\":[\"Sin categorizar\"],\"inLanguage\":\"hu\",\"potentialAction\":[{\"@type\":\"CommentAction\",\"name\":\"Comment\",\"target\":[\"https:\\\/\\\/www.fsegura.com\\\/hu\\\/a-magyar-erdemrend-lovagkeresztjenek-atadasa\\\/#respond\"]}]},{\"@type\":\"WebPage\",\"@id\":\"https:\\\/\\\/www.fsegura.com\\\/hu\\\/a-magyar-erdemrend-lovagkeresztjenek-atadasa\\\/\",\"url\":\"https:\\\/\\\/www.fsegura.com\\\/hu\\\/a-magyar-erdemrend-lovagkeresztjenek-atadasa\\\/\",\"name\":\"A Magyar \u00c9rdemrend Lovagkeresztj\u00e9nek \u00e1tad\u00e1sa. - Grupo Segura\",\"isPartOf\":{\"@id\":\"https:\\\/\\\/www.fsegura.com\\\/hu\\\/#website\"},\"primaryImageOfPage\":{\"@id\":\"https:\\\/\\\/www.fsegura.com\\\/hu\\\/a-magyar-erdemrend-lovagkeresztjenek-atadasa\\\/#primaryimage\"},\"image\":{\"@id\":\"https:\\\/\\\/www.fsegura.com\\\/hu\\\/a-magyar-erdemrend-lovagkeresztjenek-atadasa\\\/#primaryimage\"},\"thumbnailUrl\":\"https:\\\/\\\/www.fsegura.com\\\/wp-content\\\/uploads\\\/2025\\\/11\\\/MM2-2.jpg\",\"datePublished\":\"2018-07-20T14:11:58+00:00\",\"breadcrumb\":{\"@id\":\"https:\\\/\\\/www.fsegura.com\\\/hu\\\/a-magyar-erdemrend-lovagkeresztjenek-atadasa\\\/#breadcrumb\"},\"inLanguage\":\"hu\",\"potentialAction\":[{\"@type\":\"ReadAction\",\"target\":[\"https:\\\/\\\/www.fsegura.com\\\/hu\\\/a-magyar-erdemrend-lovagkeresztjenek-atadasa\\\/\"]}]},{\"@type\":\"ImageObject\",\"inLanguage\":\"hu\",\"@id\":\"https:\\\/\\\/www.fsegura.com\\\/hu\\\/a-magyar-erdemrend-lovagkeresztjenek-atadasa\\\/#primaryimage\",\"url\":\"https:\\\/\\\/www.fsegura.com\\\/wp-content\\\/uploads\\\/2025\\\/11\\\/MM2-2.jpg\",\"contentUrl\":\"https:\\\/\\\/www.fsegura.com\\\/wp-content\\\/uploads\\\/2025\\\/11\\\/MM2-2.jpg\",\"width\":1285,\"height\":396,\"caption\":\"MM2-2\"},{\"@type\":\"BreadcrumbList\",\"@id\":\"https:\\\/\\\/www.fsegura.com\\\/hu\\\/a-magyar-erdemrend-lovagkeresztjenek-atadasa\\\/#breadcrumb\",\"itemListElement\":[{\"@type\":\"ListItem\",\"position\":1,\"name\":\"Portada\",\"item\":\"https:\\\/\\\/www.fsegura.com\\\/hu\\\/\"},{\"@type\":\"ListItem\",\"position\":2,\"name\":\"A Magyar \u00c9rdemrend Lovagkeresztj\u00e9nek \u00e1tad\u00e1sa.\"}]},{\"@type\":\"WebSite\",\"@id\":\"https:\\\/\\\/www.fsegura.com\\\/hu\\\/#website\",\"url\":\"https:\\\/\\\/www.fsegura.com\\\/hu\\\/\",\"name\":\"Grupo Segura\",\"description\":\"Partner global para componentes de la automoci\u00f3n\",\"publisher\":{\"@id\":\"https:\\\/\\\/www.fsegura.com\\\/hu\\\/#organization\"},\"potentialAction\":[{\"@type\":\"SearchAction\",\"target\":{\"@type\":\"EntryPoint\",\"urlTemplate\":\"https:\\\/\\\/www.fsegura.com\\\/hu\\\/?s={search_term_string}\"},\"query-input\":{\"@type\":\"PropertyValueSpecification\",\"valueRequired\":true,\"valueName\":\"search_term_string\"}}],\"inLanguage\":\"hu\"},{\"@type\":\"Organization\",\"@id\":\"https:\\\/\\\/www.fsegura.com\\\/hu\\\/#organization\",\"name\":\"Grupo Segura\",\"url\":\"https:\\\/\\\/www.fsegura.com\\\/hu\\\/\",\"logo\":{\"@type\":\"ImageObject\",\"inLanguage\":\"hu\",\"@id\":\"https:\\\/\\\/www.fsegura.com\\\/hu\\\/#\\\/schema\\\/logo\\\/image\\\/\",\"url\":\"https:\\\/\\\/www.fsegura.com\\\/wp-content\\\/uploads\\\/2025\\\/09\\\/grupo-segura.jpg\",\"contentUrl\":\"https:\\\/\\\/www.fsegura.com\\\/wp-content\\\/uploads\\\/2025\\\/09\\\/grupo-segura.jpg\",\"width\":458,\"height\":136,\"caption\":\"Grupo Segura\"},\"image\":{\"@id\":\"https:\\\/\\\/www.fsegura.com\\\/hu\\\/#\\\/schema\\\/logo\\\/image\\\/\"}},{\"@type\":\"Person\",\"@id\":\"https:\\\/\\\/www.fsegura.com\\\/hu\\\/#\\\/schema\\\/person\\\/cf9d1abe35e7e038ac092685669e6ae5\",\"name\":\"desarrollo\",\"image\":{\"@type\":\"ImageObject\",\"inLanguage\":\"hu\",\"@id\":\"https:\\\/\\\/secure.gravatar.com\\\/avatar\\\/3b02f34f0ea5a10bc44d1813e23e909e4ef6fd1c0c78c7eed6d094a646af2836?s=96&d=mm&r=g\",\"url\":\"https:\\\/\\\/secure.gravatar.com\\\/avatar\\\/3b02f34f0ea5a10bc44d1813e23e909e4ef6fd1c0c78c7eed6d094a646af2836?s=96&d=mm&r=g\",\"contentUrl\":\"https:\\\/\\\/secure.gravatar.com\\\/avatar\\\/3b02f34f0ea5a10bc44d1813e23e909e4ef6fd1c0c78c7eed6d094a646af2836?s=96&d=mm&r=g\",\"caption\":\"desarrollo\"},\"sameAs\":[\"https:\\\/\\\/www.fsegura.com\"],\"url\":\"https:\\\/\\\/www.fsegura.com\\\/hu\\\/author\\\/desarrollo\\\/\"}]}<\/script>\n<!-- \/ Yoast SEO plugin. -->","yoast_head_json":{"title":"A Magyar \u00c9rdemrend Lovagkeresztj\u00e9nek \u00e1tad\u00e1sa. - Grupo Segura","robots":{"index":"index","follow":"follow","max-snippet":"max-snippet:-1","max-image-preview":"max-image-preview:large","max-video-preview":"max-video-preview:-1"},"canonical":"https:\/\/www.fsegura.com\/hu\/a-magyar-erdemrend-lovagkeresztjenek-atadasa\/","og_locale":"hu_HU","og_type":"article","og_title":"A Magyar \u00c9rdemrend Lovagkeresztj\u00e9nek \u00e1tad\u00e1sa. - Grupo Segura","og_description":"A magyar nemzeti \u00fcnnep alkalm\u00e1b\u00f3l, \u00c1der J\u00e1nos k\u00f6zt\u00e1rsas\u00e1gi eln\u00f6k megb\u00edz\u00e1s\u00e1b\u00f3l Gy\u0151ri Enik\u0151 nagyk\u00f6vet a Magyar \u00c9rdemrend Lovagkeresztj\u00e9t adta \u00e1t Manuel Montalb\u00e1nnak, a Grupo Segura Eln\u00f6k-helyettes\u00e9nek m\u00e1rcius 19-\u00e9n. Manuel Montalb\u00e1n a Grupo Segura-ban elt\u00f6lt\u00f6tt szakmai karriertev\u00e9kenys\u00e9ge sor\u00e1n kulcsszerepet j\u00e1tszott a csoport nemzetk\u00f6ziv\u00e9 v\u00e1l\u00e1s\u00e1ban \u00e9s a szolnoki gy\u00e1r \u00fczembe helyez\u00e9s\u00e9ben. A magyarorsz\u00e1gi kezdem\u00e9nyez\u00e9st Francisco Segura Segura csoport [&hellip;]","og_url":"https:\/\/www.fsegura.com\/hu\/a-magyar-erdemrend-lovagkeresztjenek-atadasa\/","og_site_name":"Grupo Segura","article_published_time":"2018-07-20T14:11:58+00:00","og_image":[{"width":1285,"height":396,"url":"https:\/\/www.fsegura.com\/wp-content\/uploads\/2025\/11\/MM2-2.jpg","type":"image\/jpeg"}],"author":"desarrollo","twitter_card":"summary_large_image","twitter_misc":{"Szerz\u0151:":"desarrollo","Becs\u00fclt olvas\u00e1si id\u0151":"1 perc"},"schema":{"@context":"https:\/\/schema.org","@graph":[{"@type":"Article","@id":"https:\/\/www.fsegura.com\/hu\/a-magyar-erdemrend-lovagkeresztjenek-atadasa\/#article","isPartOf":{"@id":"https:\/\/www.fsegura.com\/hu\/a-magyar-erdemrend-lovagkeresztjenek-atadasa\/"},"author":{"name":"desarrollo","@id":"https:\/\/www.fsegura.com\/hu\/#\/schema\/person\/cf9d1abe35e7e038ac092685669e6ae5"},"headline":"A Magyar \u00c9rdemrend Lovagkeresztj\u00e9nek \u00e1tad\u00e1sa.","datePublished":"2018-07-20T14:11:58+00:00","mainEntityOfPage":{"@id":"https:\/\/www.fsegura.com\/hu\/a-magyar-erdemrend-lovagkeresztjenek-atadasa\/"},"wordCount":291,"commentCount":0,"publisher":{"@id":"https:\/\/www.fsegura.com\/hu\/#organization"},"image":{"@id":"https:\/\/www.fsegura.com\/hu\/a-magyar-erdemrend-lovagkeresztjenek-atadasa\/#primaryimage"},"thumbnailUrl":"https:\/\/www.fsegura.com\/wp-content\/uploads\/2025\/11\/MM2-2.jpg","articleSection":["Sin categorizar"],"inLanguage":"hu","potentialAction":[{"@type":"CommentAction","name":"Comment","target":["https:\/\/www.fsegura.com\/hu\/a-magyar-erdemrend-lovagkeresztjenek-atadasa\/#respond"]}]},{"@type":"WebPage","@id":"https:\/\/www.fsegura.com\/hu\/a-magyar-erdemrend-lovagkeresztjenek-atadasa\/","url":"https:\/\/www.fsegura.com\/hu\/a-magyar-erdemrend-lovagkeresztjenek-atadasa\/","name":"A Magyar \u00c9rdemrend Lovagkeresztj\u00e9nek \u00e1tad\u00e1sa. - Grupo Segura","isPartOf":{"@id":"https:\/\/www.fsegura.com\/hu\/#website"},"primaryImageOfPage":{"@id":"https:\/\/www.fsegura.com\/hu\/a-magyar-erdemrend-lovagkeresztjenek-atadasa\/#primaryimage"},"image":{"@id":"https:\/\/www.fsegura.com\/hu\/a-magyar-erdemrend-lovagkeresztjenek-atadasa\/#primaryimage"},"thumbnailUrl":"https:\/\/www.fsegura.com\/wp-content\/uploads\/2025\/11\/MM2-2.jpg","datePublished":"2018-07-20T14:11:58+00:00","breadcrumb":{"@id":"https:\/\/www.fsegura.com\/hu\/a-magyar-erdemrend-lovagkeresztjenek-atadasa\/#breadcrumb"},"inLanguage":"hu","potentialAction":[{"@type":"ReadAction","target":["https:\/\/www.fsegura.com\/hu\/a-magyar-erdemrend-lovagkeresztjenek-atadasa\/"]}]},{"@type":"ImageObject","inLanguage":"hu","@id":"https:\/\/www.fsegura.com\/hu\/a-magyar-erdemrend-lovagkeresztjenek-atadasa\/#primaryimage","url":"https:\/\/www.fsegura.com\/wp-content\/uploads\/2025\/11\/MM2-2.jpg","contentUrl":"https:\/\/www.fsegura.com\/wp-content\/uploads\/2025\/11\/MM2-2.jpg","width":1285,"height":396,"caption":"MM2-2"},{"@type":"BreadcrumbList","@id":"https:\/\/www.fsegura.com\/hu\/a-magyar-erdemrend-lovagkeresztjenek-atadasa\/#breadcrumb","itemListElement":[{"@type":"ListItem","position":1,"name":"Portada","item":"https:\/\/www.fsegura.com\/hu\/"},{"@type":"ListItem","position":2,"name":"A Magyar \u00c9rdemrend Lovagkeresztj\u00e9nek \u00e1tad\u00e1sa."}]},{"@type":"WebSite","@id":"https:\/\/www.fsegura.com\/hu\/#website","url":"https:\/\/www.fsegura.com\/hu\/","name":"Grupo Segura","description":"Partner global para componentes de la automoci\u00f3n","publisher":{"@id":"https:\/\/www.fsegura.com\/hu\/#organization"},"potentialAction":[{"@type":"SearchAction","target":{"@type":"EntryPoint","urlTemplate":"https:\/\/www.fsegura.com\/hu\/?s={search_term_string}"},"query-input":{"@type":"PropertyValueSpecification","valueRequired":true,"valueName":"search_term_string"}}],"inLanguage":"hu"},{"@type":"Organization","@id":"https:\/\/www.fsegura.com\/hu\/#organization","name":"Grupo Segura","url":"https:\/\/www.fsegura.com\/hu\/","logo":{"@type":"ImageObject","inLanguage":"hu","@id":"https:\/\/www.fsegura.com\/hu\/#\/schema\/logo\/image\/","url":"https:\/\/www.fsegura.com\/wp-content\/uploads\/2025\/09\/grupo-segura.jpg","contentUrl":"https:\/\/www.fsegura.com\/wp-content\/uploads\/2025\/09\/grupo-segura.jpg","width":458,"height":136,"caption":"Grupo Segura"},"image":{"@id":"https:\/\/www.fsegura.com\/hu\/#\/schema\/logo\/image\/"}},{"@type":"Person","@id":"https:\/\/www.fsegura.com\/hu\/#\/schema\/person\/cf9d1abe35e7e038ac092685669e6ae5","name":"desarrollo","image":{"@type":"ImageObject","inLanguage":"hu","@id":"https:\/\/secure.gravatar.com\/avatar\/3b02f34f0ea5a10bc44d1813e23e909e4ef6fd1c0c78c7eed6d094a646af2836?s=96&d=mm&r=g","url":"https:\/\/secure.gravatar.com\/avatar\/3b02f34f0ea5a10bc44d1813e23e909e4ef6fd1c0c78c7eed6d094a646af2836?s=96&d=mm&r=g","contentUrl":"https:\/\/secure.gravatar.com\/avatar\/3b02f34f0ea5a10bc44d1813e23e909e4ef6fd1c0c78c7eed6d094a646af2836?s=96&d=mm&r=g","caption":"desarrollo"},"sameAs":["https:\/\/www.fsegura.com"],"url":"https:\/\/www.fsegura.com\/hu\/author\/desarrollo\/"}]}},"_links":{"self":[{"href":"https:\/\/www.fsegura.com\/hu\/wp-json\/wp\/v2\/posts\/5583","targetHints":{"allow":["GET"]}}],"collection":[{"href":"https:\/\/www.fsegura.com\/hu\/wp-json\/wp\/v2\/posts"}],"about":[{"href":"https:\/\/www.fsegura.com\/hu\/wp-json\/wp\/v2\/types\/post"}],"author":[{"embeddable":true,"href":"https:\/\/www.fsegura.com\/hu\/wp-json\/wp\/v2\/users\/1"}],"replies":[{"embeddable":true,"href":"https:\/\/www.fsegura.com\/hu\/wp-json\/wp\/v2\/comments?post=5583"}],"version-history":[{"count":0,"href":"https:\/\/www.fsegura.com\/hu\/wp-json\/wp\/v2\/posts\/5583\/revisions"}],"wp:featuredmedia":[{"embeddable":true,"href":"https:\/\/www.fsegura.com\/hu\/wp-json\/wp\/v2\/media\/5531"}],"wp:attachment":[{"href":"https:\/\/www.fsegura.com\/hu\/wp-json\/wp\/v2\/media?parent=5583"}],"wp:term":[{"taxonomy":"category","embeddable":true,"href":"https:\/\/www.fsegura.com\/hu\/wp-json\/wp\/v2\/categories?post=5583"},{"taxonomy":"post_tag","embeddable":true,"href":"https:\/\/www.fsegura.com\/hu\/wp-json\/wp\/v2\/tags?post=5583"}],"curies":[{"name":"wp","href":"https:\/\/api.w.org\/{rel}","templated":true}]}}